{"id":81290,"date":"2022-12-12T20:01:45","date_gmt":"2022-12-12T20:01:45","guid":{"rendered":"http:\/\/www.noticiasradioreflejos.com.ar\/2021\/?p=81290"},"modified":"2022-12-12T20:01:45","modified_gmt":"2022-12-12T20:01:45","slug":"mauricio-macri-se-enojo-porque-lo-tildan-de-mufa-y-dijo-que-croacia-es-el-mejor-equipo-del-mundial","status":"publish","type":"post","link":"https:\/\/www.noticiasradioreflejos.com.ar\/2021\/mauricio-macri-se-enojo-porque-lo-tildan-de-mufa-y-dijo-que-croacia-es-el-mejor-equipo-del-mundial\/","title":{"rendered":"Mauricio Macri se enoj\u00f3 porque lo tildan de mufa y dijo que Croacia es el mejor equipo del Mundial"},"content":{"rendered":"<p>El exmandatario dijo que le \u00abresbala\u00bb que lo asocien a la mala suerte y se esforz\u00f3 en aclarar que el gobierno \u00abno tiene nada que ver\u00bb con el rendimiento de la selecci\u00f3n de Scaloni. Casi como un pron\u00f3stico del partido de ma\u00f1ana, dijo que Croacia es la selecci\u00f3n m\u00e1s poderosa de Qatar y que ser\u00e1 un partido muy duro.<br \/>\n<!--more--><br \/>\nEl ex presidente Mauricio Macri, en otro de sus viajes por el mundo -esta vez se encuentra disfrutando del Mundial de Qatar-, se manifest\u00f3 <b>enojado por ser tildado de mufa y<\/b>\u00a0<b>asegur\u00f3 adem\u00e1s que, Croacia, el pr\u00f3ximo rival de la selecci\u00f3n argentina \u00abes el mejor equipo del Mundial\u00bb.<\/b><\/p>\n<p>&nbsp;<\/p>\n<p>El exmandatario dijo que quienes dicen que atrae a la mala suerte\u00a0<b>est\u00e1n \u00abdirectamente mal de la cabeza\u00bb\u00a0<\/b>y\u00a0<b>asegur\u00f3 que le \u00abresbala\u00bb que lo \u00abtilden de mufa\u00bb.<\/b>\u00a0Agreg\u00f3 que desde 2003 viene \u00abaguantando la agresi\u00f3n del kirchnerismo\u00bb, movimiento pol\u00edtico que \u00abhace eso con todo el que piensa distinto\u00bb.<\/p>\n<p>\u00abQue me digan mufa lo tomo como que est\u00e1n definitivamente mal de la cabeza y a m\u00ed me resbala porque ganamos 17 campeonatos con Boca y muchos no jugamos bien, tuvimos suerte\u00bb, se\u00f1al\u00f3 en una entrevista radial.<\/p>\n<div class=\"iframely-embed medium-embedded-content\" data-html=\"Jmx0O2RpdiZndDsmbHQ7ZGl2IHN0eWxlPSJsZWZ0OiAwOyB3aWR0aDogMTAwJTsgaGVpZ2h0OiAwOyBwb3NpdGlvbjogcmVsYXRpdmU7IHBhZGRpbmctYm90dG9tOiA1Ni4yNSU7IiZndDsmbHQ7aWZyYW1lIHNyYz0iLy9pZi1jZG4uY29tLzdHVU52RzM\/Y29uc2VudD0wIiBzdHlsZT0idG9wOiAwOyBsZWZ0OiAwOyB3aWR0aDogMTAwJTsgaGVpZ2h0OiAxMDAlOyBwb3NpdGlvbjogYWJzb2x1dGU7IGJvcmRlcjogMDsiIGFsbG93ZnVsbHNjcmVlbiBhbGxvdz0iZW5jcnlwdGVkLW1lZGlhICo7IiZndDsmbHQ7L2lmcmFtZSZndDsmbHQ7L2RpdiZndDsmbHQ7L2RpdiZndDsmbHQ7ZGl2IGNsYXNzPSJtZWRpdW0taW5zZXJ0LWVtYmVkcy1tZXRhIiZndDsmbHQ7c2NyaXB0IHR5cGU9InRleHQvanNvbiImZ3Q7eyJpZCI6IjdHVU52RzMiLCJ1cmwiOiJodHRwczovL2NvbnRlbnQuandwbGF0Zm9ybS5jb20vcHJldmlld3MvcE5FSlNDQ1UtYnVRZ2lMVkMiLCJ0eXBlIjoidmlkZW8iLCJ2ZXJzaW9uIjoiMS4wIiwidGl0bGUiOiJNYXVyaWNpbyBNYWNyaSBRdWUgTWUgRGlnYW4gTXVmYSBMbyBUb21vIENvbW8gUXVlIEVzdMOhbiBEZWZpbml0aXZhbWVudGUgTWFsIERlIExhIENhYmV6YSBZIEEgTcOtIE1lIFJlc2JhbGEgVmlkZW8iLCJ0aHVtYm5haWxfdXJsIjoiaHR0cHM6Ly9hc3NldHMtanBjdXN0Lmp3cHNydi5jb20vdGh1bWJzL3BORUpTQ0NVLTcyMC5qcGciLCJ0aHVtYm5haWxfd2lkdGgiOjcyMCwidGh1bWJuYWlsX2hlaWdodCI6NDA2LCJjYWNoZV9hZ2UiOjg2NDAwfSZsdDsvc2NyaXB0Jmd0OyZsdDsvZGl2Jmd0Ow==\">\n<div class=\"iframely-embed\">\n<div class=\"iframely-responsive\"><iframe src=\"https:\/\/iframely.pagina12.com.ar\/api\/iframe?url=https%3A%2F%2Fcontent.jwplatform.com%2Fpreviews%2FpNEJSCCU-buQgiLVC&amp;v=1&amp;app=1&amp;key=68ad19d170f26a7756ad0a90caf18fc1&amp;playerjs=1\" allowfullscreen=\"allowfullscreen\" data-mce-fragment=\"1\"><\/iframe><\/div>\n<\/div>\n<\/div>\n<p>Adem\u00e1s, el ex mandatario que se encuentra en Qatar como presidente ejecutivo de la Fundaci\u00f3n FIFA, a\u00f1adi\u00f3: \u00abNos hemos enamorado de ideas muy destructivas que nos llevaron a los niveles de pobreza que tenemos ahora\u00bb, manifest\u00f3 Macri, quien luego aclar\u00f3 que\u00a0<b>\u00abel Gobierno no tiene nada que ver\u00bb con los m\u00e9ritos de la Selecci\u00f3n argentina.<\/b><\/p>\n<div class=\"iframely-embed medium-embedded-content\" data-html=\"Jmx0O2RpdiZndDsmbHQ7ZGl2IHN0eWxlPSJsZWZ0OiAwOyB3aWR0aDogMTAwJTsgaGVpZ2h0OiAwOyBwb3NpdGlvbjogcmVsYXRpdmU7IHBhZGRpbmctYm90dG9tOiA1Ni4yNSU7IiZndDsmbHQ7aWZyYW1lIHNyYz0iLy9pZi1jZG4uY29tLzdHVU52RzM\/Y29uc2VudD0wIiBzdHlsZT0idG9wOiAwOyBsZWZ0OiAwOyB3aWR0aDogMTAwJTsgaGVpZ2h0OiAxMDAlOyBwb3NpdGlvbjogYWJzb2x1dGU7IGJvcmRlcjogMDsiIGFsbG93ZnVsbHNjcmVlbiBhbGxvdz0iZW5jcnlwdGVkLW1lZGlhICo7IiZndDsmbHQ7L2lmcmFtZSZndDsmbHQ7L2RpdiZndDsmbHQ7L2RpdiZndDsmbHQ7ZGl2IGNsYXNzPSJtZWRpdW0taW5zZXJ0LWVtYmVkcy1tZXRhIiZndDsmbHQ7c2NyaXB0IHR5cGU9InRleHQvanNvbiImZ3Q7eyJpZCI6IjdHVU52RzMiLCJ1cmwiOiJodHRwczovL2NvbnRlbnQuandwbGF0Zm9ybS5jb20vcHJldmlld3MvcE5FSlNDQ1UtYnVRZ2lMVkMiLCJ0eXBlIjoidmlkZW8iLCJ2ZXJzaW9uIjoiMS4wIiwidGl0bGUiOiJNYXVyaWNpbyBNYWNyaSBRdWUgTWUgRGlnYW4gTXVmYSBMbyBUb21vIENvbW8gUXVlIEVzdMOhbiBEZWZpbml0aXZhbWVudGUgTWFsIERlIExhIENhYmV6YSBZIEEgTcOtIE1lIFJlc2JhbGEgVmlkZW8iLCJ0aHVtYm5haWxfdXJsIjoiaHR0cHM6Ly9hc3NldHMtanBjdXN0Lmp3cHNydi5jb20vdGh1bWJzL3BORUpTQ0NVLTcyMC5qcGciLCJ0aHVtYm5haWxfd2lkdGgiOjcyMCwidGh1bWJuYWlsX2hlaWdodCI6NDA2LCJjYWNoZV9hZ2UiOjg2NDAwfSZsdDsvc2NyaXB0Jmd0OyZsdDsvZGl2Jmd0Ow==\"><\/div>\n<p>&nbsp;<\/p>\n<p>\u00abLo que pasa con la Selecci\u00f3n es exclusivo m\u00e9rito del cuerpo t\u00e9cnico y los jugadores.\u00a0<b>El Gobierno no tiene nada que ver, es exclusivo del cuerpo t\u00e9cnico.<\/b>\u00a0La mala pol\u00edtica intenta apropiarse de todo lo que es bueno, pero los ciudadanos no somos tontos, los jugadores y el cuerpo t\u00e9cnico est\u00e1n haciendo gala de una gran personalidad. Disfrutemos, esto es algo \u00fanico\u00bb, asever\u00f3 en di\u00e1logo con Radio Rivadavia.<\/p>\n<div class=\"iframely-embed\">\n<div class=\"iframely-responsive\"><iframe src=\"https:\/\/iframely.pagina12.com.ar\/api\/iframe?url=https%3A%2F%2Fcontent.jwplatform.com%2Fpreviews%2Fg0lkQAaG-buQgiLVC&amp;v=1&amp;app=1&amp;key=68ad19d170f26a7756ad0a90caf18fc1&amp;playerjs=1\" allowfullscreen=\"allowfullscreen\"><\/iframe><\/div>\n<\/div>\n<p>En tanto, coment\u00f3 que\u00a0<b>\u00abCroacia es el mejor equipo del Mundial\u00bb<\/b>, aunque resalt\u00f3 que \u00abno tienen a Messi o a (Kylian) Mbapp\u00e9, pero todos juegan\u00bb y sostuvo que va a ser un partido muy duro.<\/p>\n<p>Tambi\u00e9n, se\u00f1al\u00f3: \u00abTenemos muchas chances de hacer el Mundial 2030. Empezando por el hecho hist\u00f3rico de cumplir 100 a\u00f1os del primer Mundial en Uruguay\u00bb.<\/p>\n","protected":false},"excerpt":{"rendered":"<p>El exmandatario dijo que le \u00abresbala\u00bb que lo asocien a la mala suerte y se esforz\u00f3 en aclarar que el gobierno \u00abno tiene nada que ver\u00bb con el rendimiento de la selecci\u00f3n de Scaloni. Casi como un pron\u00f3stico del partido de ma\u00f1ana, dijo que Croacia es la selecci\u00f3n m\u00e1s poderosa de Qatar y que ser\u00e1 [&hellip;]<\/p>\n","protected":false},"author":3,"featured_media":0,"comment_status":"closed","ping_status":"closed","sticky":false,"template":"","format":"standard","meta":{"footnotes":""},"categories":[24],"tags":[],"class_list":["post-81290","post","type-post","status-publish","format-standard","hentry","category-politica"],"yoast_head":"<!-- This site is optimized with the Yoast SEO plugin v25.9 - https:\/\/yoast.com\/wordpress\/plugins\/seo\/ -->\n<title>Mauricio Macri se enoj\u00f3 porque lo tildan de mufa y dijo que Croacia es el mejor equipo del Mundial - Noticias Radio Reflejos<\/title>\n<meta name=\"robots\" content=\"index, follow, max-snippet:-1, max-image-preview:large, max-video-preview:-1\" \/>\n<link rel=\"canonical\" href=\"https:\/\/www.noticiasradioreflejos.com.ar\/2021\/mauricio-macri-se-enojo-porque-lo-tildan-de-mufa-y-dijo-que-croacia-es-el-mejor-equipo-del-mundial\/\" \/>\n<meta property=\"og:locale\" content=\"es_ES\" \/>\n<meta property=\"og:type\" content=\"article\" \/>\n<meta property=\"og:title\" content=\"Mauricio Macri se enoj\u00f3 porque lo tildan de mufa y dijo que Croacia es el mejor equipo del Mundial - Noticias Radio Reflejos\" \/>\n<meta property=\"og:description\" content=\"El exmandatario dijo que le \u00abresbala\u00bb que lo asocien a la mala suerte y se esforz\u00f3 en aclarar que el gobierno \u00abno tiene nada que ver\u00bb con el rendimiento de la selecci\u00f3n de Scaloni. Casi como un pron\u00f3stico del partido de ma\u00f1ana, dijo que Croacia es la selecci\u00f3n m\u00e1s poderosa de Qatar y que ser\u00e1 [&hellip;]\" \/>\n<meta property=\"og:url\" content=\"https:\/\/www.noticiasradioreflejos.com.ar\/2021\/mauricio-macri-se-enojo-porque-lo-tildan-de-mufa-y-dijo-que-croacia-es-el-mejor-equipo-del-mundial\/\" \/>\n<meta property=\"og:site_name\" content=\"Noticias Radio Reflejos\" \/>\n<meta property=\"article:published_time\" content=\"2022-12-12T20:01:45+00:00\" \/>\n<meta property=\"og:image\" content=\"https:\/\/www.noticiasradioreflejos.com.ar\/2021\/wp-content\/uploads\/2021\/07\/logosol300x200.png\" \/>\n\t<meta property=\"og:image:width\" content=\"300\" \/>\n\t<meta property=\"og:image:height\" content=\"200\" \/>\n\t<meta property=\"og:image:type\" content=\"image\/png\" \/>\n<meta name=\"author\" content=\"Arnaldo Botto\" \/>\n<meta name=\"twitter:card\" content=\"summary_large_image\" \/>\n<script type=\"application\/ld+json\" class=\"yoast-schema-graph\">{\"@context\":\"https:\/\/schema.org\",\"@graph\":[{\"@type\":\"WebPage\",\"@id\":\"https:\/\/www.noticiasradioreflejos.com.ar\/2021\/mauricio-macri-se-enojo-porque-lo-tildan-de-mufa-y-dijo-que-croacia-es-el-mejor-equipo-del-mundial\/\",\"url\":\"https:\/\/www.noticiasradioreflejos.com.ar\/2021\/mauricio-macri-se-enojo-porque-lo-tildan-de-mufa-y-dijo-que-croacia-es-el-mejor-equipo-del-mundial\/\",\"name\":\"Mauricio Macri se enoj\u00f3 porque lo tildan de mufa y dijo que Croacia es el mejor equipo del Mundial - Noticias Radio Reflejos\",\"isPartOf\":{\"@id\":\"https:\/\/www.noticiasradioreflejos.com.ar\/2021\/#website\"},\"datePublished\":\"2022-12-12T20:01:45+00:00\",\"author\":{\"@id\":\"https:\/\/www.noticiasradioreflejos.com.ar\/2021\/#\/schema\/person\/ad82545263dcc5ec0996818884fd5fb1\"},\"breadcrumb\":{\"@id\":\"https:\/\/www.noticiasradioreflejos.com.ar\/2021\/mauricio-macri-se-enojo-porque-lo-tildan-de-mufa-y-dijo-que-croacia-es-el-mejor-equipo-del-mundial\/#breadcrumb\"},\"inLanguage\":\"es\",\"potentialAction\":[{\"@type\":\"ReadAction\",\"target\":[\"https:\/\/www.noticiasradioreflejos.com.ar\/2021\/mauricio-macri-se-enojo-porque-lo-tildan-de-mufa-y-dijo-que-croacia-es-el-mejor-equipo-del-mundial\/\"]}]},{\"@type\":\"BreadcrumbList\",\"@id\":\"https:\/\/www.noticiasradioreflejos.com.ar\/2021\/mauricio-macri-se-enojo-porque-lo-tildan-de-mufa-y-dijo-que-croacia-es-el-mejor-equipo-del-mundial\/#breadcrumb\",\"itemListElement\":[{\"@type\":\"ListItem\",\"position\":1,\"name\":\"Portada\",\"item\":\"https:\/\/www.noticiasradioreflejos.com.ar\/2021\/\"},{\"@type\":\"ListItem\",\"position\":2,\"name\":\"Mauricio Macri se enoj\u00f3 porque lo tildan de mufa y dijo que Croacia es el mejor equipo del Mundial\"}]},{\"@type\":\"WebSite\",\"@id\":\"https:\/\/www.noticiasradioreflejos.com.ar\/2021\/#website\",\"url\":\"https:\/\/www.noticiasradioreflejos.com.ar\/2021\/\",\"name\":\"Noticias Radio Reflejos\",\"description\":\"Las noticias de mi comarca\",\"potentialAction\":[{\"@type\":\"SearchAction\",\"target\":{\"@type\":\"EntryPoint\",\"urlTemplate\":\"https:\/\/www.noticiasradioreflejos.com.ar\/2021\/?s={search_term_string}\"},\"query-input\":{\"@type\":\"PropertyValueSpecification\",\"valueRequired\":true,\"valueName\":\"search_term_string\"}}],\"inLanguage\":\"es\"},{\"@type\":\"Person\",\"@id\":\"https:\/\/www.noticiasradioreflejos.com.ar\/2021\/#\/schema\/person\/ad82545263dcc5ec0996818884fd5fb1\",\"name\":\"Arnaldo Botto\",\"image\":{\"@type\":\"ImageObject\",\"inLanguage\":\"es\",\"@id\":\"https:\/\/www.noticiasradioreflejos.com.ar\/2021\/#\/schema\/person\/image\/\",\"url\":\"https:\/\/secure.gravatar.com\/avatar\/55cb5e37c1efa326397366e6974cb338056df65cb50e7d64d1cf314e87504837?s=96&d=mm&r=g\",\"contentUrl\":\"https:\/\/secure.gravatar.com\/avatar\/55cb5e37c1efa326397366e6974cb338056df65cb50e7d64d1cf314e87504837?s=96&d=mm&r=g\",\"caption\":\"Arnaldo Botto\"},\"url\":\"https:\/\/www.noticiasradioreflejos.com.ar\/2021\/author\/arnaldo\/\"}]}<\/script>\n<!-- \/ Yoast SEO plugin. -->","yoast_head_json":{"title":"Mauricio Macri se enoj\u00f3 porque lo tildan de mufa y dijo que Croacia es el mejor equipo del Mundial - Noticias Radio Reflejos","robots":{"index":"index","follow":"follow","max-snippet":"max-snippet:-1","max-image-preview":"max-image-preview:large","max-video-preview":"max-video-preview:-1"},"canonical":"https:\/\/www.noticiasradioreflejos.com.ar\/2021\/mauricio-macri-se-enojo-porque-lo-tildan-de-mufa-y-dijo-que-croacia-es-el-mejor-equipo-del-mundial\/","og_locale":"es_ES","og_type":"article","og_title":"Mauricio Macri se enoj\u00f3 porque lo tildan de mufa y dijo que Croacia es el mejor equipo del Mundial - Noticias Radio Reflejos","og_description":"El exmandatario dijo que le \u00abresbala\u00bb que lo asocien a la mala suerte y se esforz\u00f3 en aclarar que el gobierno \u00abno tiene nada que ver\u00bb con el rendimiento de la selecci\u00f3n de Scaloni. Casi como un pron\u00f3stico del partido de ma\u00f1ana, dijo que Croacia es la selecci\u00f3n m\u00e1s poderosa de Qatar y que ser\u00e1 [&hellip;]","og_url":"https:\/\/www.noticiasradioreflejos.com.ar\/2021\/mauricio-macri-se-enojo-porque-lo-tildan-de-mufa-y-dijo-que-croacia-es-el-mejor-equipo-del-mundial\/","og_site_name":"Noticias Radio Reflejos","article_published_time":"2022-12-12T20:01:45+00:00","og_image":[{"width":300,"height":200,"url":"https:\/\/www.noticiasradioreflejos.com.ar\/2021\/wp-content\/uploads\/2021\/07\/logosol300x200.png","type":"image\/png"}],"author":"Arnaldo Botto","twitter_card":"summary_large_image","schema":{"@context":"https:\/\/schema.org","@graph":[{"@type":"WebPage","@id":"https:\/\/www.noticiasradioreflejos.com.ar\/2021\/mauricio-macri-se-enojo-porque-lo-tildan-de-mufa-y-dijo-que-croacia-es-el-mejor-equipo-del-mundial\/","url":"https:\/\/www.noticiasradioreflejos.com.ar\/2021\/mauricio-macri-se-enojo-porque-lo-tildan-de-mufa-y-dijo-que-croacia-es-el-mejor-equipo-del-mundial\/","name":"Mauricio Macri se enoj\u00f3 porque lo tildan de mufa y dijo que Croacia es el mejor equipo del Mundial - Noticias Radio Reflejos","isPartOf":{"@id":"https:\/\/www.noticiasradioreflejos.com.ar\/2021\/#website"},"datePublished":"2022-12-12T20:01:45+00:00","author":{"@id":"https:\/\/www.noticiasradioreflejos.com.ar\/2021\/#\/schema\/person\/ad82545263dcc5ec0996818884fd5fb1"},"breadcrumb":{"@id":"https:\/\/www.noticiasradioreflejos.com.ar\/2021\/mauricio-macri-se-enojo-porque-lo-tildan-de-mufa-y-dijo-que-croacia-es-el-mejor-equipo-del-mundial\/#breadcrumb"},"inLanguage":"es","potentialAction":[{"@type":"ReadAction","target":["https:\/\/www.noticiasradioreflejos.com.ar\/2021\/mauricio-macri-se-enojo-porque-lo-tildan-de-mufa-y-dijo-que-croacia-es-el-mejor-equipo-del-mundial\/"]}]},{"@type":"BreadcrumbList","@id":"https:\/\/www.noticiasradioreflejos.com.ar\/2021\/mauricio-macri-se-enojo-porque-lo-tildan-de-mufa-y-dijo-que-croacia-es-el-mejor-equipo-del-mundial\/#breadcrumb","itemListElement":[{"@type":"ListItem","position":1,"name":"Portada","item":"https:\/\/www.noticiasradioreflejos.com.ar\/2021\/"},{"@type":"ListItem","position":2,"name":"Mauricio Macri se enoj\u00f3 porque lo tildan de mufa y dijo que Croacia es el mejor equipo del Mundial"}]},{"@type":"WebSite","@id":"https:\/\/www.noticiasradioreflejos.com.ar\/2021\/#website","url":"https:\/\/www.noticiasradioreflejos.com.ar\/2021\/","name":"Noticias Radio Reflejos","description":"Las noticias de mi comarca","potentialAction":[{"@type":"SearchAction","target":{"@type":"EntryPoint","urlTemplate":"https:\/\/www.noticiasradioreflejos.com.ar\/2021\/?s={search_term_string}"},"query-input":{"@type":"PropertyValueSpecification","valueRequired":true,"valueName":"search_term_string"}}],"inLanguage":"es"},{"@type":"Person","@id":"https:\/\/www.noticiasradioreflejos.com.ar\/2021\/#\/schema\/person\/ad82545263dcc5ec0996818884fd5fb1","name":"Arnaldo Botto","image":{"@type":"ImageObject","inLanguage":"es","@id":"https:\/\/www.noticiasradioreflejos.com.ar\/2021\/#\/schema\/person\/image\/","url":"https:\/\/secure.gravatar.com\/avatar\/55cb5e37c1efa326397366e6974cb338056df65cb50e7d64d1cf314e87504837?s=96&d=mm&r=g","contentUrl":"https:\/\/secure.gravatar.com\/avatar\/55cb5e37c1efa326397366e6974cb338056df65cb50e7d64d1cf314e87504837?s=96&d=mm&r=g","caption":"Arnaldo Botto"},"url":"https:\/\/www.noticiasradioreflejos.com.ar\/2021\/author\/arnaldo\/"}]}},"_links":{"self":[{"href":"https:\/\/www.noticiasradioreflejos.com.ar\/2021\/wp-json\/wp\/v2\/posts\/81290","targetHints":{"allow":["GET"]}}],"collection":[{"href":"https:\/\/www.noticiasradioreflejos.com.ar\/2021\/wp-json\/wp\/v2\/posts"}],"about":[{"href":"https:\/\/www.noticiasradioreflejos.com.ar\/2021\/wp-json\/wp\/v2\/types\/post"}],"author":[{"embeddable":true,"href":"https:\/\/www.noticiasradioreflejos.com.ar\/2021\/wp-json\/wp\/v2\/users\/3"}],"replies":[{"embeddable":true,"href":"https:\/\/www.noticiasradioreflejos.com.ar\/2021\/wp-json\/wp\/v2\/comments?post=81290"}],"version-history":[{"count":2,"href":"https:\/\/www.noticiasradioreflejos.com.ar\/2021\/wp-json\/wp\/v2\/posts\/81290\/revisions"}],"predecessor-version":[{"id":81293,"href":"https:\/\/www.noticiasradioreflejos.com.ar\/2021\/wp-json\/wp\/v2\/posts\/81290\/revisions\/81293"}],"wp:attachment":[{"href":"https:\/\/www.noticiasradioreflejos.com.ar\/2021\/wp-json\/wp\/v2\/media?parent=81290"}],"wp:term":[{"taxonomy":"category","embeddable":true,"href":"https:\/\/www.noticiasradioreflejos.com.ar\/2021\/wp-json\/wp\/v2\/categories?post=81290"},{"taxonomy":"post_tag","embeddable":true,"href":"https:\/\/www.noticiasradioreflejos.com.ar\/2021\/wp-json\/wp\/v2\/tags?post=81290"}],"curies":[{"name":"wp","href":"https:\/\/api.w.org\/{rel}","templated":true}]}}