{"id":81285,"date":"2022-12-12T19:47:47","date_gmt":"2022-12-12T19:47:47","guid":{"rendered":"http:\/\/www.noticiasradioreflejos.com.ar\/2021\/?p=81285"},"modified":"2022-12-12T19:47:47","modified_gmt":"2022-12-12T19:47:47","slug":"ypf-buscara-definir-el-presupuesto-2023-con-la-inversion-mas-alta-de-su-historia","status":"publish","type":"post","link":"https:\/\/www.noticiasradioreflejos.com.ar\/2021\/ypf-buscara-definir-el-presupuesto-2023-con-la-inversion-mas-alta-de-su-historia\/","title":{"rendered":"YPF buscar\u00e1 definir el presupuesto 2023 con la inversi\u00f3n m\u00e1s alta de su historia"},"content":{"rendered":"<p>El proyecto super\u00f3 con m\u00e1s de un 25% adicional a lo que cerrar\u00e1 2021, por unos US$ 4.100 millones. Adem\u00e1s, la petrolera podr\u00eda salir al mercado internacional para colocar deuda con la que financiar parte del plan de inversiones.<!--more--><\/p>\n<figure class=\"mb-3\"><img decoding=\"async\" src=\"https:\/\/www.telam.com.ar\/thumbs\/bluesteel\/advf\/imagenes\/2022\/07\/62e2bf3e4e883_1200.jpg\" alt=\"YPF buscar aprobar el presupuesto que la petrolera ejecutar en 2023 con un plan de inversiones que superar los US 5000 millones\" width=\"100%\" height=\"100%\" \/><\/p>\n<div class=\"media-icons\"><\/div><figcaption>YPF buscar\u00e1 aprobar el presupuesto que la petrolera ejecutar\u00e1 en 2023 con un plan de inversiones que superar\u00e1 los US$ 5.000 millones.<\/figcaption><\/figure>\n<p>El directorio de YPF buscar\u00e1 aprobar esta semana el presupuesto que la petrolera ejecutar\u00e1 en 2023<strong>\u00a0con un plan de inversiones que superar\u00e1 los US$ 5.000 millones<\/strong>, en un a\u00f1o en el que no se descarta vuelva a buscar\u00a0<strong>financiamiento en el mercado internacional\u00a0<\/strong>para encarar sus nuevos proyectos.<\/p>\n<p>Fuentes de la empresa precisaron que la cita del directorio de la compa\u00f1\u00eda est\u00e1 prevista para el pr\u00f3ximo jueves,\u00a0<strong>con la expectativa de que se apruebe un plan de inversiones que podr\u00eda alcanzar hasta los US$ 5.500 millones, es decir m\u00e1s de un 25% adicional a lo que cerrar\u00e1 2021<\/strong>\u00a0por unos US$ 4.100 millones.<\/p>\n<p>De cumplirse,\u00a0<strong>YPF estar\u00e1 en condiciones de proyectar uno de los dos presupuestos m\u00e1s altos de su historia<\/strong>, muy similar al que llev\u00f3 adelante en 2015,\u00a0<strong>lo que ser\u00e1 continuidad de un proceso de incremento de producci\u00f3n, y de reducci\u00f3n de compromisos financieros con los que cerrar\u00e1 el presente a\u00f1o.<\/strong><\/p>\n<p>Esta definici\u00f3n deber\u00e1 contemplar las necesidades de financiamiento que tendr\u00e1 el incremento de la producci\u00f3n de gas y petr\u00f3leo no convencional de Vaca Muerta, el de sus operaciones convencionales, el aporte espec\u00edfico a las necesidades del Plan Gas IV con la\u00a0<a href=\"https:\/\/www.telam.com.ar\/notas\/202209\/605866-gasoducto-nestor-kirchner-plan-2023.html\" target=\"_blank\" rel=\"noopener\">puesta en marcha del gasoducto N\u00e9stor Kirchner<\/a>\u00a0o la continuidad de la modernizaci\u00f3n de las refiner\u00edas de La Plata, Luj\u00e1n de Cuyo y Plaza Huincul.<\/p>\n<p><strong>La proyecci\u00f3n del incremento de producci\u00f3n que se estima cerrar\u00e1 2022 con un alza de 9% interanual\u00a0<\/strong>permitir\u00e1 a la petrolera alcanzar el autoabastecimiento de sus refiner\u00edas hacia abril o mayo pr\u00f3ximos, a partir de lo cual YPF se embarcar\u00e1 en el desaf\u00edo de posicionarse como un\u00a0<strong>nuevo exportador de crudo hacia el segundo semestre.<\/strong><\/p>\n<p>Pero la conducci\u00f3n de la compa\u00f1\u00eda tambi\u00e9n tiene inter\u00e9s en avanzar en 2023 en un plan exploratorio de la formaci\u00f3n D-129, en la Cuenca del Golfo San Jorge, en la provincia de Chubut, donde hay grandes expectativas de recursos no convencionales, los m\u00e1s importantes luego de la Cuenca Neuquina.<\/p>\n<p>Tambi\u00e9n hay expectativa de que la empresa pueda anunciar en breve su plan de exploraci\u00f3n para Santa Cruz, tanto en yacimientos convencionales como no convencionales, en particular luego de que la compa\u00f1\u00eda reconoci\u00f3 a la provincia una deuda por US$ 341 millones por inversiones incumplidas entre 2016 y 2019.<\/p>\n<figure class=\"mb-3\"><img decoding=\"async\" src=\"https:\/\/www.telam.com.ar\/thumbs\/bluesteel\/advf\/imagenes\/2022\/07\/62e2bf3e36beb_1200.jpg\" alt=\"La proyeccin del incremento de produccin que se estima cerrar 2022 con un alza de 9 interanual\" width=\"100%\" height=\"100%\" \/><\/p>\n<div class=\"media-icons\"><\/div><figcaption>La proyecci\u00f3n del incremento de producci\u00f3n que se estima cerrar\u00e1 2022 con un alza de 9% interanual.<\/figcaption><\/figure>\n<h2 class=\"\">Proyectos para el pr\u00f3ximo a\u00f1o<\/h2>\n<p><strong>YPF desea avanzar con dos grandes proyectos<\/strong>, como lo son la planta de producci\u00f3n de Gas Natural Licuado (GNL) en la zona portuaria de Bah\u00eda Blanca, y el lanzamiento del denominado oleoducto Vaca Muerta Sur, un plan netamente exportador desde las costas de R\u00edo Negro.<\/p>\n<p><strong>En el caso de la planta licuefactora que define con su socia la petrolera estatal malaya Petronas<\/strong>, se espera para el primer trimestre lograr las condiciones de inversi\u00f3n necesarias para abrir el proyecto a nuevos actores para acelerar las inversiones iniciales estimadas en unos US$ 10.000 millones.<\/p>\n<p>El proyecto que requiere el tendido de un gasoducto desde Vaca Muerta hasta la costa bonaerense,\u00a0<strong>prev\u00e9 la construcci\u00f3n de cinco trenes de licuefacci\u00f3n<\/strong>, pero mientras tanto se anticipa que apenas habilitado el sistema de midstream se podr\u00e1 operar con dos barcos para producir el GNL de manera offshore.<\/p>\n<p><strong>En el caso del Oleoducto Sur<\/strong>\u00a0-que toma como referencia geogr\u00e1fica la red de Oleoductos del Valle que se encuentran en ampliaci\u00f3n- la idea de YPF es lanzar el proyecto en el primer trimestre del a\u00f1o, con Chevron como reciente socio anunciado y a posibilidad de sumar otros inversores.<\/p>\n<p><strong>Este proyecto prev\u00e9 el tendido de un oleoducto de 700 kil\u00f3metros desde Vaca Muerta<\/strong>, la construcci\u00f3n de un sistema de tanques en las costas de Punta Colorada en R\u00edo Negro y de una terminal portuaria que, con una capacidad de 360.000 barriles diarios, se podr\u00e1 convertir en la m\u00e1s grande del pa\u00eds.<\/p>\n<h2 class=\"\">El impacto de la inversi\u00f3n en la deuda<\/h2>\n<p>Como consecuencia del desarrollo del presupuesto 2023,\u00a0<strong>la petrolera podr\u00eda salir al mercado internacional para colocar deuda con la que financiar parte del plan de inversiones<\/strong>, tras dos a\u00f1os desde su reestructuraci\u00f3n de bonos, destacaron siempre las mismas altas fuentes.<\/p>\n<p>La eventual emisi\u00f3n de deuda,<strong>\u00a0ser\u00eda la primera desde que en 2021 reestructur\u00f3 unos US$ 2.100 millones.<\/strong><\/p>\n<p>Aquel reperfilamiento de compromisos en d\u00f3lares le permiti\u00f3 extender los horizontes de vencimientos a lo largo de la d\u00e9cada y\u00a0<strong>reducir el pasivo en unos US$ 1.700 millones, lo que le permiti\u00f3 en las \u00faltimas semanas mejorar la calificaci\u00f3n de deuda y tener expectativa de un financiamiento a buenas tasas.<\/strong><\/p>\n<p>En materia financiera, el flujo de caja libre del tercer trimestre fue positivo por d\u00e9cimo per\u00edodo consecutivo en US$ 262 millones, acumulando en los primeros nueve meses del a\u00f1o un flujo neto positivo de casi US$ 1.000 millones.<\/p>\n<p>Esto\u00a0<strong>permiti\u00f3 disminuir una vez m\u00e1s la deuda neta de la compa\u00f1\u00eda<\/strong>\u00a0<strong>a un nivel de US$ 5.655 millones y ubicar su ratio de endeudamiento en relaci\u00f3n con el Ebitda ajustado<\/strong>, en el nivel m\u00e1s bajo de los \u00faltimos siete a\u00f1os.<\/p>\n<p>Ese reordenamiento financiero contribuy\u00f3 al incremento de sus resultados en el terreno, y as\u00ed, la compa\u00f1\u00eda se apresta a cerrar este a\u00f1o con el salto de producci\u00f3n m\u00e1s alto de los \u00faltimos 25 tras haber registrado en el \u00faltimo trimestre un crecimiento del 78% en la producci\u00f3n de gas y del 50% la de petr\u00f3leo no convencionales.<\/p>\n","protected":false},"excerpt":{"rendered":"<p>El proyecto super\u00f3 con m\u00e1s de un 25% adicional a lo que cerrar\u00e1 2021, por unos US$ 4.100 millones. Adem\u00e1s, la petrolera podr\u00eda salir al mercado internacional para colocar deuda con la que financiar parte del plan de inversiones.<\/p>\n","protected":false},"author":3,"featured_media":0,"comment_status":"closed","ping_status":"closed","sticky":false,"template":"","format":"standard","meta":{"footnotes":""},"categories":[36,58],"tags":[],"class_list":["post-81285","post","type-post","status-publish","format-standard","hentry","category-economia","category-gobierno"],"yoast_head":"<!-- This site is optimized with the Yoast SEO plugin v25.9 - https:\/\/yoast.com\/wordpress\/plugins\/seo\/ -->\n<title>YPF buscar\u00e1 definir el presupuesto 2023 con la inversi\u00f3n m\u00e1s alta de su historia - Noticias Radio Reflejos<\/title>\n<meta name=\"robots\" content=\"index, follow, max-snippet:-1, max-image-preview:large, max-video-preview:-1\" \/>\n<link rel=\"canonical\" href=\"https:\/\/www.noticiasradioreflejos.com.ar\/2021\/ypf-buscara-definir-el-presupuesto-2023-con-la-inversion-mas-alta-de-su-historia\/\" \/>\n<meta property=\"og:locale\" content=\"es_ES\" \/>\n<meta property=\"og:type\" content=\"article\" \/>\n<meta property=\"og:title\" content=\"YPF buscar\u00e1 definir el presupuesto 2023 con la inversi\u00f3n m\u00e1s alta de su historia - Noticias Radio Reflejos\" \/>\n<meta property=\"og:description\" content=\"El proyecto super\u00f3 con m\u00e1s de un 25% adicional a lo que cerrar\u00e1 2021, por unos US$ 4.100 millones. Adem\u00e1s, la petrolera podr\u00eda salir al mercado internacional para colocar deuda con la que financiar parte del plan de inversiones.\" \/>\n<meta property=\"og:url\" content=\"https:\/\/www.noticiasradioreflejos.com.ar\/2021\/ypf-buscara-definir-el-presupuesto-2023-con-la-inversion-mas-alta-de-su-historia\/\" \/>\n<meta property=\"og:site_name\" content=\"Noticias Radio Reflejos\" \/>\n<meta property=\"article:published_time\" content=\"2022-12-12T19:47:47+00:00\" \/>\n<meta property=\"og:image\" content=\"https:\/\/www.telam.com.ar\/thumbs\/bluesteel\/advf\/imagenes\/2022\/07\/62e2bf3e4e883_1200.jpg\" \/>\n<meta name=\"author\" content=\"Arnaldo Botto\" \/>\n<meta name=\"twitter:card\" content=\"summary_large_image\" \/>\n<script type=\"application\/ld+json\" class=\"yoast-schema-graph\">{\"@context\":\"https:\/\/schema.org\",\"@graph\":[{\"@type\":\"WebPage\",\"@id\":\"https:\/\/www.noticiasradioreflejos.com.ar\/2021\/ypf-buscara-definir-el-presupuesto-2023-con-la-inversion-mas-alta-de-su-historia\/\",\"url\":\"https:\/\/www.noticiasradioreflejos.com.ar\/2021\/ypf-buscara-definir-el-presupuesto-2023-con-la-inversion-mas-alta-de-su-historia\/\",\"name\":\"YPF buscar\u00e1 definir el presupuesto 2023 con la inversi\u00f3n m\u00e1s alta de su historia - Noticias Radio Reflejos\",\"isPartOf\":{\"@id\":\"https:\/\/www.noticiasradioreflejos.com.ar\/2021\/#website\"},\"primaryImageOfPage\":{\"@id\":\"https:\/\/www.noticiasradioreflejos.com.ar\/2021\/ypf-buscara-definir-el-presupuesto-2023-con-la-inversion-mas-alta-de-su-historia\/#primaryimage\"},\"image\":{\"@id\":\"https:\/\/www.noticiasradioreflejos.com.ar\/2021\/ypf-buscara-definir-el-presupuesto-2023-con-la-inversion-mas-alta-de-su-historia\/#primaryimage\"},\"thumbnailUrl\":\"https:\/\/www.telam.com.ar\/thumbs\/bluesteel\/advf\/imagenes\/2022\/07\/62e2bf3e4e883_1200.jpg\",\"datePublished\":\"2022-12-12T19:47:47+00:00\",\"author\":{\"@id\":\"https:\/\/www.noticiasradioreflejos.com.ar\/2021\/#\/schema\/person\/ad82545263dcc5ec0996818884fd5fb1\"},\"breadcrumb\":{\"@id\":\"https:\/\/www.noticiasradioreflejos.com.ar\/2021\/ypf-buscara-definir-el-presupuesto-2023-con-la-inversion-mas-alta-de-su-historia\/#breadcrumb\"},\"inLanguage\":\"es\",\"potentialAction\":[{\"@type\":\"ReadAction\",\"target\":[\"https:\/\/www.noticiasradioreflejos.com.ar\/2021\/ypf-buscara-definir-el-presupuesto-2023-con-la-inversion-mas-alta-de-su-historia\/\"]}]},{\"@type\":\"ImageObject\",\"inLanguage\":\"es\",\"@id\":\"https:\/\/www.noticiasradioreflejos.com.ar\/2021\/ypf-buscara-definir-el-presupuesto-2023-con-la-inversion-mas-alta-de-su-historia\/#primaryimage\",\"url\":\"https:\/\/www.telam.com.ar\/thumbs\/bluesteel\/advf\/imagenes\/2022\/07\/62e2bf3e4e883_1200.jpg\",\"contentUrl\":\"https:\/\/www.telam.com.ar\/thumbs\/bluesteel\/advf\/imagenes\/2022\/07\/62e2bf3e4e883_1200.jpg\"},{\"@type\":\"BreadcrumbList\",\"@id\":\"https:\/\/www.noticiasradioreflejos.com.ar\/2021\/ypf-buscara-definir-el-presupuesto-2023-con-la-inversion-mas-alta-de-su-historia\/#breadcrumb\",\"itemListElement\":[{\"@type\":\"ListItem\",\"position\":1,\"name\":\"Portada\",\"item\":\"https:\/\/www.noticiasradioreflejos.com.ar\/2021\/\"},{\"@type\":\"ListItem\",\"position\":2,\"name\":\"YPF buscar\u00e1 definir el presupuesto 2023 con la inversi\u00f3n m\u00e1s alta de su historia\"}]},{\"@type\":\"WebSite\",\"@id\":\"https:\/\/www.noticiasradioreflejos.com.ar\/2021\/#website\",\"url\":\"https:\/\/www.noticiasradioreflejos.com.ar\/2021\/\",\"name\":\"Noticias Radio Reflejos\",\"description\":\"Las noticias de mi comarca\",\"potentialAction\":[{\"@type\":\"SearchAction\",\"target\":{\"@type\":\"EntryPoint\",\"urlTemplate\":\"https:\/\/www.noticiasradioreflejos.com.ar\/2021\/?s={search_term_string}\"},\"query-input\":{\"@type\":\"PropertyValueSpecification\",\"valueRequired\":true,\"valueName\":\"search_term_string\"}}],\"inLanguage\":\"es\"},{\"@type\":\"Person\",\"@id\":\"https:\/\/www.noticiasradioreflejos.com.ar\/2021\/#\/schema\/person\/ad82545263dcc5ec0996818884fd5fb1\",\"name\":\"Arnaldo Botto\",\"image\":{\"@type\":\"ImageObject\",\"inLanguage\":\"es\",\"@id\":\"https:\/\/www.noticiasradioreflejos.com.ar\/2021\/#\/schema\/person\/image\/\",\"url\":\"https:\/\/secure.gravatar.com\/avatar\/55cb5e37c1efa326397366e6974cb338056df65cb50e7d64d1cf314e87504837?s=96&d=mm&r=g\",\"contentUrl\":\"https:\/\/secure.gravatar.com\/avatar\/55cb5e37c1efa326397366e6974cb338056df65cb50e7d64d1cf314e87504837?s=96&d=mm&r=g\",\"caption\":\"Arnaldo Botto\"},\"url\":\"https:\/\/www.noticiasradioreflejos.com.ar\/2021\/author\/arnaldo\/\"}]}<\/script>\n<!-- \/ Yoast SEO plugin. -->","yoast_head_json":{"title":"YPF buscar\u00e1 definir el presupuesto 2023 con la inversi\u00f3n m\u00e1s alta de su historia - Noticias Radio Reflejos","robots":{"index":"index","follow":"follow","max-snippet":"max-snippet:-1","max-image-preview":"max-image-preview:large","max-video-preview":"max-video-preview:-1"},"canonical":"https:\/\/www.noticiasradioreflejos.com.ar\/2021\/ypf-buscara-definir-el-presupuesto-2023-con-la-inversion-mas-alta-de-su-historia\/","og_locale":"es_ES","og_type":"article","og_title":"YPF buscar\u00e1 definir el presupuesto 2023 con la inversi\u00f3n m\u00e1s alta de su historia - Noticias Radio Reflejos","og_description":"El proyecto super\u00f3 con m\u00e1s de un 25% adicional a lo que cerrar\u00e1 2021, por unos US$ 4.100 millones. Adem\u00e1s, la petrolera podr\u00eda salir al mercado internacional para colocar deuda con la que financiar parte del plan de inversiones.","og_url":"https:\/\/www.noticiasradioreflejos.com.ar\/2021\/ypf-buscara-definir-el-presupuesto-2023-con-la-inversion-mas-alta-de-su-historia\/","og_site_name":"Noticias Radio Reflejos","article_published_time":"2022-12-12T19:47:47+00:00","og_image":[{"url":"https:\/\/www.telam.com.ar\/thumbs\/bluesteel\/advf\/imagenes\/2022\/07\/62e2bf3e4e883_1200.jpg","type":"","width":"","height":""}],"author":"Arnaldo Botto","twitter_card":"summary_large_image","schema":{"@context":"https:\/\/schema.org","@graph":[{"@type":"WebPage","@id":"https:\/\/www.noticiasradioreflejos.com.ar\/2021\/ypf-buscara-definir-el-presupuesto-2023-con-la-inversion-mas-alta-de-su-historia\/","url":"https:\/\/www.noticiasradioreflejos.com.ar\/2021\/ypf-buscara-definir-el-presupuesto-2023-con-la-inversion-mas-alta-de-su-historia\/","name":"YPF buscar\u00e1 definir el presupuesto 2023 con la inversi\u00f3n m\u00e1s alta de su historia - Noticias Radio Reflejos","isPartOf":{"@id":"https:\/\/www.noticiasradioreflejos.com.ar\/2021\/#website"},"primaryImageOfPage":{"@id":"https:\/\/www.noticiasradioreflejos.com.ar\/2021\/ypf-buscara-definir-el-presupuesto-2023-con-la-inversion-mas-alta-de-su-historia\/#primaryimage"},"image":{"@id":"https:\/\/www.noticiasradioreflejos.com.ar\/2021\/ypf-buscara-definir-el-presupuesto-2023-con-la-inversion-mas-alta-de-su-historia\/#primaryimage"},"thumbnailUrl":"https:\/\/www.telam.com.ar\/thumbs\/bluesteel\/advf\/imagenes\/2022\/07\/62e2bf3e4e883_1200.jpg","datePublished":"2022-12-12T19:47:47+00:00","author":{"@id":"https:\/\/www.noticiasradioreflejos.com.ar\/2021\/#\/schema\/person\/ad82545263dcc5ec0996818884fd5fb1"},"breadcrumb":{"@id":"https:\/\/www.noticiasradioreflejos.com.ar\/2021\/ypf-buscara-definir-el-presupuesto-2023-con-la-inversion-mas-alta-de-su-historia\/#breadcrumb"},"inLanguage":"es","potentialAction":[{"@type":"ReadAction","target":["https:\/\/www.noticiasradioreflejos.com.ar\/2021\/ypf-buscara-definir-el-presupuesto-2023-con-la-inversion-mas-alta-de-su-historia\/"]}]},{"@type":"ImageObject","inLanguage":"es","@id":"https:\/\/www.noticiasradioreflejos.com.ar\/2021\/ypf-buscara-definir-el-presupuesto-2023-con-la-inversion-mas-alta-de-su-historia\/#primaryimage","url":"https:\/\/www.telam.com.ar\/thumbs\/bluesteel\/advf\/imagenes\/2022\/07\/62e2bf3e4e883_1200.jpg","contentUrl":"https:\/\/www.telam.com.ar\/thumbs\/bluesteel\/advf\/imagenes\/2022\/07\/62e2bf3e4e883_1200.jpg"},{"@type":"BreadcrumbList","@id":"https:\/\/www.noticiasradioreflejos.com.ar\/2021\/ypf-buscara-definir-el-presupuesto-2023-con-la-inversion-mas-alta-de-su-historia\/#breadcrumb","itemListElement":[{"@type":"ListItem","position":1,"name":"Portada","item":"https:\/\/www.noticiasradioreflejos.com.ar\/2021\/"},{"@type":"ListItem","position":2,"name":"YPF buscar\u00e1 definir el presupuesto 2023 con la inversi\u00f3n m\u00e1s alta de su historia"}]},{"@type":"WebSite","@id":"https:\/\/www.noticiasradioreflejos.com.ar\/2021\/#website","url":"https:\/\/www.noticiasradioreflejos.com.ar\/2021\/","name":"Noticias Radio Reflejos","description":"Las noticias de mi comarca","potentialAction":[{"@type":"SearchAction","target":{"@type":"EntryPoint","urlTemplate":"https:\/\/www.noticiasradioreflejos.com.ar\/2021\/?s={search_term_string}"},"query-input":{"@type":"PropertyValueSpecification","valueRequired":true,"valueName":"search_term_string"}}],"inLanguage":"es"},{"@type":"Person","@id":"https:\/\/www.noticiasradioreflejos.com.ar\/2021\/#\/schema\/person\/ad82545263dcc5ec0996818884fd5fb1","name":"Arnaldo Botto","image":{"@type":"ImageObject","inLanguage":"es","@id":"https:\/\/www.noticiasradioreflejos.com.ar\/2021\/#\/schema\/person\/image\/","url":"https:\/\/secure.gravatar.com\/avatar\/55cb5e37c1efa326397366e6974cb338056df65cb50e7d64d1cf314e87504837?s=96&d=mm&r=g","contentUrl":"https:\/\/secure.gravatar.com\/avatar\/55cb5e37c1efa326397366e6974cb338056df65cb50e7d64d1cf314e87504837?s=96&d=mm&r=g","caption":"Arnaldo Botto"},"url":"https:\/\/www.noticiasradioreflejos.com.ar\/2021\/author\/arnaldo\/"}]}},"_links":{"self":[{"href":"https:\/\/www.noticiasradioreflejos.com.ar\/2021\/wp-json\/wp\/v2\/posts\/81285","targetHints":{"allow":["GET"]}}],"collection":[{"href":"https:\/\/www.noticiasradioreflejos.com.ar\/2021\/wp-json\/wp\/v2\/posts"}],"about":[{"href":"https:\/\/www.noticiasradioreflejos.com.ar\/2021\/wp-json\/wp\/v2\/types\/post"}],"author":[{"embeddable":true,"href":"https:\/\/www.noticiasradioreflejos.com.ar\/2021\/wp-json\/wp\/v2\/users\/3"}],"replies":[{"embeddable":true,"href":"https:\/\/www.noticiasradioreflejos.com.ar\/2021\/wp-json\/wp\/v2\/comments?post=81285"}],"version-history":[{"count":1,"href":"https:\/\/www.noticiasradioreflejos.com.ar\/2021\/wp-json\/wp\/v2\/posts\/81285\/revisions"}],"predecessor-version":[{"id":81287,"href":"https:\/\/www.noticiasradioreflejos.com.ar\/2021\/wp-json\/wp\/v2\/posts\/81285\/revisions\/81287"}],"wp:attachment":[{"href":"https:\/\/www.noticiasradioreflejos.com.ar\/2021\/wp-json\/wp\/v2\/media?parent=81285"}],"wp:term":[{"taxonomy":"category","embeddable":true,"href":"https:\/\/www.noticiasradioreflejos.com.ar\/2021\/wp-json\/wp\/v2\/categories?post=81285"},{"taxonomy":"post_tag","embeddable":true,"href":"https:\/\/www.noticiasradioreflejos.com.ar\/2021\/wp-json\/wp\/v2\/tags?post=81285"}],"curies":[{"name":"wp","href":"https:\/\/api.w.org\/{rel}","templated":true}]}}