{"id":81283,"date":"2022-12-12T19:45:22","date_gmt":"2022-12-12T19:45:22","guid":{"rendered":"http:\/\/www.noticiasradioreflejos.com.ar\/2021\/?p=81283"},"modified":"2022-12-12T19:45:22","modified_gmt":"2022-12-12T19:45:22","slug":"ponen-en-marcha-el-plan-ahora-10-para-la-compra-de-celulares","status":"publish","type":"post","link":"https:\/\/www.noticiasradioreflejos.com.ar\/2021\/ponen-en-marcha-el-plan-ahora-10-para-la-compra-de-celulares\/","title":{"rendered":"Ponen en marcha el Plan Ahora 10 para la compra de celulares"},"content":{"rendered":"<p>El acuerdo firmado por el ministro Sergio Massa con las empresas del sector impulsa la venta de 70 modelos de tel\u00e9fonos hasta el 15 de marzo con una tasa preferencial del 48%.<!--more--><\/p>\n<figure class=\"mb-3\"><img decoding=\"async\" src=\"https:\/\/www.telam.com.ar\/thumbs\/bluesteel\/advf\/imagenes\/2022\/03\/6220a48864c6d_1200.jpg\" alt=\"Massa present un plan de financiamiento para la compra de celulares \" width=\"100%\" height=\"100%\" \/><\/p>\n<div class=\"media-icons\"><\/div><figcaption>Massa present\u00f3 un plan de financiamiento para la compra de celulares.<\/figcaption><\/figure>\n<p>El ministro de Econom\u00eda, Sergio Massa, anunci\u00f3 este lunes la puesta en marcha del Plan Ahora 10, a tasa preferencial del 48%, para la adquisici\u00f3n de celulares, en un acuerdo con el sector que congela los precios por 90 d\u00edas.<\/p>\n<p>\u00abEs muy importante lograr el objetivo de lograr vender un mill\u00f3n de celulares por mes\u00bb, agreg\u00f3 Massa, quien sostuvo que \u00abes muy importante que establecer un criterio de precios m\u00e1ximos hasta el primero de marzo\u00bb.<\/p>\n<p>Massa apunt\u00f3 tambi\u00e9n a la \u00abdisminuci\u00f3n de la expectativa inflacionaria\u00bb al lanzar el programa Ahora 10 que espera que \u00abredunde en que la gente<strong>\u00a0pueda acceder f\u00e1cil, barato y en cuotas\u00bb a 70 modelos de celulares hasta el pr\u00f3ximo 15 de marzo.<\/strong><\/p>\n<p>\u00abLa disminuci\u00f3n de la expectativa inflacionaria se construye sobra la base de poder ir dando no solamente medidas desde el punto de vista macroecon\u00f3mico que sumen a ese objetivo, sino desde el punto de vista de la generaci\u00f3n de expectativas, decisiones de todos los actores que nos ayuden a llevar adelante este objetivo\u00bb, sostuvo al firmar el nuevo acuerdo.<\/p>\n<div class=\"twitter-tweet twitter-tweet-rendered\"><\/div>\n<blockquote class=\"twitter-tweet\" data-width=\"500\" data-dnt=\"true\">\n<p lang=\"es\" dir=\"ltr\">EN VIVO | El ministro <a href=\"https:\/\/twitter.com\/SergioMassa?ref_src=twsrc%5Etfw\">@SergioMassa<\/a> y el secretario de Comercio <a href=\"https:\/\/twitter.com\/matiastombolini?ref_src=twsrc%5Etfw\">@matiastombolini<\/a> anuncian un acuerdo de precios m\u00e1ximos para celulares por 90 d\u00edas con financiamiento en cuotas fijas.<a href=\"https:\/\/t.co\/HNQ8bQoA7h\">https:\/\/t.co\/HNQ8bQoA7h<\/a><\/p>\n<p>&mdash; Secretar\u00eda de Comercio (@ComercioArg) <a href=\"https:\/\/twitter.com\/ComercioArg\/status\/1602356182596853766?ref_src=twsrc%5Etfw\">December 12, 2022<\/a><\/p><\/blockquote>\n<p><script async src=\"https:\/\/platform.twitter.com\/widgets.js\" charset=\"utf-8\"><\/script><\/p>\n","protected":false},"excerpt":{"rendered":"<p>El acuerdo firmado por el ministro Sergio Massa con las empresas del sector impulsa la venta de 70 modelos de tel\u00e9fonos hasta el 15 de marzo con una tasa preferencial del 48%.<\/p>\n","protected":false},"author":3,"featured_media":80370,"comment_status":"closed","ping_status":"closed","sticky":false,"template":"","format":"standard","meta":{"footnotes":""},"categories":[36,58],"tags":[],"class_list":["post-81283","post","type-post","status-publish","format-standard","has-post-thumbnail","hentry","category-economia","category-gobierno"],"yoast_head":"<!-- This site is optimized with the Yoast SEO plugin v25.9 - https:\/\/yoast.com\/wordpress\/plugins\/seo\/ -->\n<title>Ponen en marcha el Plan Ahora 10 para la compra de celulares - Noticias Radio Reflejos<\/title>\n<meta name=\"robots\" content=\"index, follow, max-snippet:-1, max-image-preview:large, max-video-preview:-1\" \/>\n<link rel=\"canonical\" href=\"https:\/\/www.noticiasradioreflejos.com.ar\/2021\/ponen-en-marcha-el-plan-ahora-10-para-la-compra-de-celulares\/\" \/>\n<meta property=\"og:locale\" content=\"es_ES\" \/>\n<meta property=\"og:type\" content=\"article\" \/>\n<meta property=\"og:title\" content=\"Ponen en marcha el Plan Ahora 10 para la compra de celulares - Noticias Radio Reflejos\" \/>\n<meta property=\"og:description\" content=\"El acuerdo firmado por el ministro Sergio Massa con las empresas del sector impulsa la venta de 70 modelos de tel\u00e9fonos hasta el 15 de marzo con una tasa preferencial del 48%.\" \/>\n<meta property=\"og:url\" content=\"https:\/\/www.noticiasradioreflejos.com.ar\/2021\/ponen-en-marcha-el-plan-ahora-10-para-la-compra-de-celulares\/\" \/>\n<meta property=\"og:site_name\" content=\"Noticias Radio Reflejos\" \/>\n<meta property=\"article:published_time\" content=\"2022-12-12T19:45:22+00:00\" \/>\n<meta property=\"og:image\" content=\"https:\/\/www.noticiasradioreflejos.com.ar\/2021\/wp-content\/uploads\/2022\/11\/celular.jpg\" \/>\n\t<meta property=\"og:image:width\" content=\"1200\" \/>\n\t<meta property=\"og:image:height\" content=\"675\" \/>\n\t<meta property=\"og:image:type\" content=\"image\/jpeg\" \/>\n<meta name=\"author\" content=\"Arnaldo Botto\" \/>\n<meta name=\"twitter:card\" content=\"summary_large_image\" \/>\n<script type=\"application\/ld+json\" class=\"yoast-schema-graph\">{\"@context\":\"https:\/\/schema.org\",\"@graph\":[{\"@type\":\"WebPage\",\"@id\":\"https:\/\/www.noticiasradioreflejos.com.ar\/2021\/ponen-en-marcha-el-plan-ahora-10-para-la-compra-de-celulares\/\",\"url\":\"https:\/\/www.noticiasradioreflejos.com.ar\/2021\/ponen-en-marcha-el-plan-ahora-10-para-la-compra-de-celulares\/\",\"name\":\"Ponen en marcha el Plan Ahora 10 para la compra de celulares - Noticias Radio Reflejos\",\"isPartOf\":{\"@id\":\"https:\/\/www.noticiasradioreflejos.com.ar\/2021\/#website\"},\"primaryImageOfPage\":{\"@id\":\"https:\/\/www.noticiasradioreflejos.com.ar\/2021\/ponen-en-marcha-el-plan-ahora-10-para-la-compra-de-celulares\/#primaryimage\"},\"image\":{\"@id\":\"https:\/\/www.noticiasradioreflejos.com.ar\/2021\/ponen-en-marcha-el-plan-ahora-10-para-la-compra-de-celulares\/#primaryimage\"},\"thumbnailUrl\":\"https:\/\/www.noticiasradioreflejos.com.ar\/2021\/wp-content\/uploads\/2022\/11\/celular.jpg\",\"datePublished\":\"2022-12-12T19:45:22+00:00\",\"author\":{\"@id\":\"https:\/\/www.noticiasradioreflejos.com.ar\/2021\/#\/schema\/person\/ad82545263dcc5ec0996818884fd5fb1\"},\"breadcrumb\":{\"@id\":\"https:\/\/www.noticiasradioreflejos.com.ar\/2021\/ponen-en-marcha-el-plan-ahora-10-para-la-compra-de-celulares\/#breadcrumb\"},\"inLanguage\":\"es\",\"potentialAction\":[{\"@type\":\"ReadAction\",\"target\":[\"https:\/\/www.noticiasradioreflejos.com.ar\/2021\/ponen-en-marcha-el-plan-ahora-10-para-la-compra-de-celulares\/\"]}]},{\"@type\":\"ImageObject\",\"inLanguage\":\"es\",\"@id\":\"https:\/\/www.noticiasradioreflejos.com.ar\/2021\/ponen-en-marcha-el-plan-ahora-10-para-la-compra-de-celulares\/#primaryimage\",\"url\":\"https:\/\/www.noticiasradioreflejos.com.ar\/2021\/wp-content\/uploads\/2022\/11\/celular.jpg\",\"contentUrl\":\"https:\/\/www.noticiasradioreflejos.com.ar\/2021\/wp-content\/uploads\/2022\/11\/celular.jpg\",\"width\":1200,\"height\":675},{\"@type\":\"BreadcrumbList\",\"@id\":\"https:\/\/www.noticiasradioreflejos.com.ar\/2021\/ponen-en-marcha-el-plan-ahora-10-para-la-compra-de-celulares\/#breadcrumb\",\"itemListElement\":[{\"@type\":\"ListItem\",\"position\":1,\"name\":\"Portada\",\"item\":\"https:\/\/www.noticiasradioreflejos.com.ar\/2021\/\"},{\"@type\":\"ListItem\",\"position\":2,\"name\":\"Ponen en marcha el Plan Ahora 10 para la compra de celulares\"}]},{\"@type\":\"WebSite\",\"@id\":\"https:\/\/www.noticiasradioreflejos.com.ar\/2021\/#website\",\"url\":\"https:\/\/www.noticiasradioreflejos.com.ar\/2021\/\",\"name\":\"Noticias Radio Reflejos\",\"description\":\"Las noticias de mi comarca\",\"potentialAction\":[{\"@type\":\"SearchAction\",\"target\":{\"@type\":\"EntryPoint\",\"urlTemplate\":\"https:\/\/www.noticiasradioreflejos.com.ar\/2021\/?s={search_term_string}\"},\"query-input\":{\"@type\":\"PropertyValueSpecification\",\"valueRequired\":true,\"valueName\":\"search_term_string\"}}],\"inLanguage\":\"es\"},{\"@type\":\"Person\",\"@id\":\"https:\/\/www.noticiasradioreflejos.com.ar\/2021\/#\/schema\/person\/ad82545263dcc5ec0996818884fd5fb1\",\"name\":\"Arnaldo Botto\",\"image\":{\"@type\":\"ImageObject\",\"inLanguage\":\"es\",\"@id\":\"https:\/\/www.noticiasradioreflejos.com.ar\/2021\/#\/schema\/person\/image\/\",\"url\":\"https:\/\/secure.gravatar.com\/avatar\/55cb5e37c1efa326397366e6974cb338056df65cb50e7d64d1cf314e87504837?s=96&d=mm&r=g\",\"contentUrl\":\"https:\/\/secure.gravatar.com\/avatar\/55cb5e37c1efa326397366e6974cb338056df65cb50e7d64d1cf314e87504837?s=96&d=mm&r=g\",\"caption\":\"Arnaldo Botto\"},\"url\":\"https:\/\/www.noticiasradioreflejos.com.ar\/2021\/author\/arnaldo\/\"}]}<\/script>\n<!-- \/ Yoast SEO plugin. -->","yoast_head_json":{"title":"Ponen en marcha el Plan Ahora 10 para la compra de celulares - Noticias Radio Reflejos","robots":{"index":"index","follow":"follow","max-snippet":"max-snippet:-1","max-image-preview":"max-image-preview:large","max-video-preview":"max-video-preview:-1"},"canonical":"https:\/\/www.noticiasradioreflejos.com.ar\/2021\/ponen-en-marcha-el-plan-ahora-10-para-la-compra-de-celulares\/","og_locale":"es_ES","og_type":"article","og_title":"Ponen en marcha el Plan Ahora 10 para la compra de celulares - Noticias Radio Reflejos","og_description":"El acuerdo firmado por el ministro Sergio Massa con las empresas del sector impulsa la venta de 70 modelos de tel\u00e9fonos hasta el 15 de marzo con una tasa preferencial del 48%.","og_url":"https:\/\/www.noticiasradioreflejos.com.ar\/2021\/ponen-en-marcha-el-plan-ahora-10-para-la-compra-de-celulares\/","og_site_name":"Noticias Radio Reflejos","article_published_time":"2022-12-12T19:45:22+00:00","og_image":[{"width":1200,"height":675,"url":"https:\/\/www.noticiasradioreflejos.com.ar\/2021\/wp-content\/uploads\/2022\/11\/celular.jpg","type":"image\/jpeg"}],"author":"Arnaldo Botto","twitter_card":"summary_large_image","schema":{"@context":"https:\/\/schema.org","@graph":[{"@type":"WebPage","@id":"https:\/\/www.noticiasradioreflejos.com.ar\/2021\/ponen-en-marcha-el-plan-ahora-10-para-la-compra-de-celulares\/","url":"https:\/\/www.noticiasradioreflejos.com.ar\/2021\/ponen-en-marcha-el-plan-ahora-10-para-la-compra-de-celulares\/","name":"Ponen en marcha el Plan Ahora 10 para la compra de celulares - Noticias Radio Reflejos","isPartOf":{"@id":"https:\/\/www.noticiasradioreflejos.com.ar\/2021\/#website"},"primaryImageOfPage":{"@id":"https:\/\/www.noticiasradioreflejos.com.ar\/2021\/ponen-en-marcha-el-plan-ahora-10-para-la-compra-de-celulares\/#primaryimage"},"image":{"@id":"https:\/\/www.noticiasradioreflejos.com.ar\/2021\/ponen-en-marcha-el-plan-ahora-10-para-la-compra-de-celulares\/#primaryimage"},"thumbnailUrl":"https:\/\/www.noticiasradioreflejos.com.ar\/2021\/wp-content\/uploads\/2022\/11\/celular.jpg","datePublished":"2022-12-12T19:45:22+00:00","author":{"@id":"https:\/\/www.noticiasradioreflejos.com.ar\/2021\/#\/schema\/person\/ad82545263dcc5ec0996818884fd5fb1"},"breadcrumb":{"@id":"https:\/\/www.noticiasradioreflejos.com.ar\/2021\/ponen-en-marcha-el-plan-ahora-10-para-la-compra-de-celulares\/#breadcrumb"},"inLanguage":"es","potentialAction":[{"@type":"ReadAction","target":["https:\/\/www.noticiasradioreflejos.com.ar\/2021\/ponen-en-marcha-el-plan-ahora-10-para-la-compra-de-celulares\/"]}]},{"@type":"ImageObject","inLanguage":"es","@id":"https:\/\/www.noticiasradioreflejos.com.ar\/2021\/ponen-en-marcha-el-plan-ahora-10-para-la-compra-de-celulares\/#primaryimage","url":"https:\/\/www.noticiasradioreflejos.com.ar\/2021\/wp-content\/uploads\/2022\/11\/celular.jpg","contentUrl":"https:\/\/www.noticiasradioreflejos.com.ar\/2021\/wp-content\/uploads\/2022\/11\/celular.jpg","width":1200,"height":675},{"@type":"BreadcrumbList","@id":"https:\/\/www.noticiasradioreflejos.com.ar\/2021\/ponen-en-marcha-el-plan-ahora-10-para-la-compra-de-celulares\/#breadcrumb","itemListElement":[{"@type":"ListItem","position":1,"name":"Portada","item":"https:\/\/www.noticiasradioreflejos.com.ar\/2021\/"},{"@type":"ListItem","position":2,"name":"Ponen en marcha el Plan Ahora 10 para la compra de celulares"}]},{"@type":"WebSite","@id":"https:\/\/www.noticiasradioreflejos.com.ar\/2021\/#website","url":"https:\/\/www.noticiasradioreflejos.com.ar\/2021\/","name":"Noticias Radio Reflejos","description":"Las noticias de mi comarca","potentialAction":[{"@type":"SearchAction","target":{"@type":"EntryPoint","urlTemplate":"https:\/\/www.noticiasradioreflejos.com.ar\/2021\/?s={search_term_string}"},"query-input":{"@type":"PropertyValueSpecification","valueRequired":true,"valueName":"search_term_string"}}],"inLanguage":"es"},{"@type":"Person","@id":"https:\/\/www.noticiasradioreflejos.com.ar\/2021\/#\/schema\/person\/ad82545263dcc5ec0996818884fd5fb1","name":"Arnaldo Botto","image":{"@type":"ImageObject","inLanguage":"es","@id":"https:\/\/www.noticiasradioreflejos.com.ar\/2021\/#\/schema\/person\/image\/","url":"https:\/\/secure.gravatar.com\/avatar\/55cb5e37c1efa326397366e6974cb338056df65cb50e7d64d1cf314e87504837?s=96&d=mm&r=g","contentUrl":"https:\/\/secure.gravatar.com\/avatar\/55cb5e37c1efa326397366e6974cb338056df65cb50e7d64d1cf314e87504837?s=96&d=mm&r=g","caption":"Arnaldo Botto"},"url":"https:\/\/www.noticiasradioreflejos.com.ar\/2021\/author\/arnaldo\/"}]}},"_links":{"self":[{"href":"https:\/\/www.noticiasradioreflejos.com.ar\/2021\/wp-json\/wp\/v2\/posts\/81283","targetHints":{"allow":["GET"]}}],"collection":[{"href":"https:\/\/www.noticiasradioreflejos.com.ar\/2021\/wp-json\/wp\/v2\/posts"}],"about":[{"href":"https:\/\/www.noticiasradioreflejos.com.ar\/2021\/wp-json\/wp\/v2\/types\/post"}],"author":[{"embeddable":true,"href":"https:\/\/www.noticiasradioreflejos.com.ar\/2021\/wp-json\/wp\/v2\/users\/3"}],"replies":[{"embeddable":true,"href":"https:\/\/www.noticiasradioreflejos.com.ar\/2021\/wp-json\/wp\/v2\/comments?post=81283"}],"version-history":[{"count":1,"href":"https:\/\/www.noticiasradioreflejos.com.ar\/2021\/wp-json\/wp\/v2\/posts\/81283\/revisions"}],"predecessor-version":[{"id":81284,"href":"https:\/\/www.noticiasradioreflejos.com.ar\/2021\/wp-json\/wp\/v2\/posts\/81283\/revisions\/81284"}],"wp:featuredmedia":[{"embeddable":true,"href":"https:\/\/www.noticiasradioreflejos.com.ar\/2021\/wp-json\/wp\/v2\/media\/80370"}],"wp:attachment":[{"href":"https:\/\/www.noticiasradioreflejos.com.ar\/2021\/wp-json\/wp\/v2\/media?parent=81283"}],"wp:term":[{"taxonomy":"category","embeddable":true,"href":"https:\/\/www.noticiasradioreflejos.com.ar\/2021\/wp-json\/wp\/v2\/categories?post=81283"},{"taxonomy":"post_tag","embeddable":true,"href":"https:\/\/www.noticiasradioreflejos.com.ar\/2021\/wp-json\/wp\/v2\/tags?post=81283"}],"curies":[{"name":"wp","href":"https:\/\/api.w.org\/{rel}","templated":true}]}}