{"id":81281,"date":"2022-12-12T19:54:43","date_gmt":"2022-12-12T19:54:43","guid":{"rendered":"http:\/\/www.noticiasradioreflejos.com.ar\/2021\/?p=81281"},"modified":"2022-12-12T19:54:43","modified_gmt":"2022-12-12T19:54:43","slug":"portal-de-acceso-a-sierra-no-se-si-estara-listo-para-el-aniversario-del-pueblo","status":"publish","type":"post","link":"https:\/\/www.noticiasradioreflejos.com.ar\/2021\/portal-de-acceso-a-sierra-no-se-si-estara-listo-para-el-aniversario-del-pueblo\/","title":{"rendered":"Portal de acceso a Sierra: \u201cno s\u00e9 si estar\u00e1 listo para el aniversario del pueblo\u201d"},"content":{"rendered":"<p><strong>Hugo Polvara, Delegado municipal de Sierra de la Ventana<\/strong>, brind\u00f3 detalles sobre las dos estructuras que se emplazar\u00e1n y dar\u00e1n la bienvenida a la localidad de la comarca. \u201cHay mucha gente que nos est\u00e1 ayudando\u201d afirm\u00f3.<!--more--><\/p>\n<p><a title=\"portal de Sierra (3)\" href=\"https:\/\/www.flickr.com\/photos\/182279889@N02\/52559957815\/in\/dateposted-public\/\" data-flickr-embed=\"true\"><img loading=\"lazy\" decoding=\"async\" src=\"https:\/\/live.staticflickr.com\/65535\/52559957815_e32bd5c196_c.jpg\" alt=\"portal de Sierra (3)\" width=\"800\" height=\"450\" \/><\/a><\/p>\n<p>&nbsp;<\/p>\n<p>Por estos d\u00edas se han iniciado las obras para que Sierra de la Ventana tenga su cartel de bienvenida en los dos accesos a la localidad.<\/p>\n<p>Al respecto el delegado municipal, Hugo Polvara, asegur\u00f3 que \u201cvivo en Sierra hace 37 a\u00f1os y nunca se hab\u00eda hecho un cartel de acceso, si bien tenemos el de los 12km, en ninguna de las entradas ten\u00edamos carteler\u00eda\u201d.<\/p>\n<p>De all\u00ed fue que \u201cen el 2016 me siento con Jano Tesan, y \u00e9l me pasa a computadora el dibujo que yo ten\u00eda. En un primer momento el cartel iba con una estructura de hierro atr\u00e1s como tiene Saldungaray, simulando las sierras\u201d.<\/p>\n<p>Continuando con su relato, explic\u00f3 que \u201ccuando hace un mes fuimos al lugar donde ir\u00e1 colocado, el intendente prefiri\u00f3 dejar el paisaje natural de fondo. Llevar\u00e1 dos o tres m\u00e1stiles. Iluminado, con arboleda, con riego por goteo en cada planta\u2026 la idea viene de hace tiempo. En el 2017 se present\u00f3 en el presupuesto participativo. En esa ocasi\u00f3n sali\u00f3 segundo detr\u00e1s del anfiteatro\u201d.<\/p>\n<p>En otro pasaje de la charla y refiri\u00e9ndose a detalles t\u00e9cnicos, Polvara sostuvo que \u201clas letras tienen un metro diez de altura, por un metro de ancho. Tiene diez de espesor, en hormig\u00f3n. Lo copi\u00e9 del de Coronel Su\u00e1rez\u201d.<\/p>\n<p>\u201cLo hacemos todo con gente del corral\u00f3n. En un primer momento la idea que nos prestaran los moldes desde Su\u00e1rez, pero faltaban muchas letras y estaban hechas en mdf. Por cada letra hab\u00eda que hacer un molde nuevo. Habl\u00e9 con el intendente, me autoriz\u00f3 a comprar flejes de chapa y en mi taller hice las letras. Ya est\u00e1n todas\u201d asegur\u00f3.<\/p>\n<p>Sobre la colocaci\u00f3n de estos se\u00f1aladores, confirm\u00f3 que \u201carrancamos por la ruta 72 y despu\u00e9s haremos uno sobre el acceso de Saldungaray a Sierra. Se ver\u00e1 en qu\u00e9 lugar se har\u00e1. Hay que ver d\u00f3nde nos autoriza Vialidad. Es todo un protocolo que hay que seguir. Me hubiese gustado que est\u00e9 listo para el aniversario del pueblo pero no s\u00e9 si vamos a llegar\u201d.<\/p>\n<p>Sobre el avance de obra, sostuvo que \u201cnosotros ahora hicimos los cimientos. Ahora va un caj\u00f3n de 60 cent\u00edmetros de alto por 30 de ancho, por el largo de la palabra \u201cSierra\u201d. Despu\u00e9s tenemos que plantar letra por letra, nivelarlas y despu\u00e9s rellenar con hormig\u00f3n. Hay mucha gente que nos est\u00e1 ayudando. Hay gente que don\u00f3 hierro, otros la colocaci\u00f3n de la piedra. Otros colaborar\u00e1n con la luminaria\u201d.<\/p>\n<p>En tanto que refiri\u00e9ndose al asombro de algunos por desconocer lo que se estaba haciendo, el delegado mencion\u00f3 que \u201cla gente deber\u00eda acercarse un poquito a la delegaci\u00f3n. Ac\u00e1 les explicamos todo. No se ha hecho p\u00fablico a\u00fan porque es el comienzo. Las puertas est\u00e1n abiertas para que puedan ver el proyecto. El dibujo original est\u00e1. Ahora se modific\u00f3 y ese dibujo final estar\u00e1 disponible esta semana\u201d.<\/p>\n<p><iframe loading=\"lazy\" src=\"https:\/\/w.soundcloud.com\/player\/?url=https%3A\/\/api.soundcloud.com\/tracks\/1401115822&amp;color=%23ff5500&amp;auto_play=false&amp;hide_related=false&amp;show_comments=true&amp;show_user=true&amp;show_reposts=false&amp;show_teaser=true\" width=\"100%\" height=\"166\" frameborder=\"no\" scrolling=\"no\"><\/iframe><\/p>\n<div style=\"font-size: 10px; color: #cccccc; line-break: anywhere; word-break: normal; overflow: hidden; white-space: nowrap; text-overflow: ellipsis; font-family: Interstate,Lucida Grande,Lucida Sans Unicode,Lucida Sans,Garuda,Verdana,Tahoma,sans-serif; font-weight: 100;\"><a style=\"color: #cccccc; text-decoration: none;\" title=\"fmreflejos 103.7\" href=\"https:\/\/soundcloud.com\/fmreflejos-103-7\" target=\"_blank\" rel=\"noopener\">fmreflejos 103.7<\/a> \u00b7 <a style=\"color: #cccccc; text-decoration: none;\" title=\"Hugo Polvara\" href=\"https:\/\/soundcloud.com\/fmreflejos-103-7\/hugo-polvara-4\" target=\"_blank\" rel=\"noopener\">Hugo Polvara<\/a><\/p>\n<\/div>\n<p><a data-flickr-embed=\"true\" href=\"https:\/\/www.flickr.com\/photos\/182279889@N02\/52560033053\/in\/dateposted-public\/\" title=\"portal de Sierra (2)\"><img loading=\"lazy\" decoding=\"async\" src=\"https:\/\/live.staticflickr.com\/65535\/52560033053_fc6b6153f1_c.jpg\" width=\"800\" height=\"450\" alt=\"portal de Sierra (2)\"><\/a><script async src=\"\/\/embedr.flickr.com\/assets\/client-code.js\" charset=\"utf-8\"><\/script><\/p>\n","protected":false},"excerpt":{"rendered":"<p>Hugo Polvara, Delegado municipal de Sierra de la Ventana, brind\u00f3 detalles sobre las dos estructuras que se emplazar\u00e1n y dar\u00e1n la bienvenida a la localidad de la comarca. \u201cHay mucha gente que nos est\u00e1 ayudando\u201d afirm\u00f3.<\/p>\n","protected":false},"author":3,"featured_media":0,"comment_status":"closed","ping_status":"closed","sticky":false,"template":"","format":"standard","meta":{"footnotes":""},"categories":[28,26],"tags":[48],"class_list":["post-81281","post","type-post","status-publish","format-standard","hentry","category-municipales","category-sociedad","tag-destacada"],"yoast_head":"<!-- This site is optimized with the Yoast SEO plugin v25.9 - https:\/\/yoast.com\/wordpress\/plugins\/seo\/ -->\n<title>Portal de acceso a Sierra: \u201cno s\u00e9 si estar\u00e1 listo para el aniversario del pueblo\u201d - Noticias Radio Reflejos<\/title>\n<meta name=\"robots\" content=\"index, follow, max-snippet:-1, max-image-preview:large, max-video-preview:-1\" \/>\n<link rel=\"canonical\" href=\"https:\/\/www.noticiasradioreflejos.com.ar\/2021\/portal-de-acceso-a-sierra-no-se-si-estara-listo-para-el-aniversario-del-pueblo\/\" \/>\n<meta property=\"og:locale\" content=\"es_ES\" \/>\n<meta property=\"og:type\" content=\"article\" \/>\n<meta property=\"og:title\" content=\"Portal de acceso a Sierra: \u201cno s\u00e9 si estar\u00e1 listo para el aniversario del pueblo\u201d - Noticias Radio Reflejos\" \/>\n<meta property=\"og:description\" content=\"Hugo Polvara, Delegado municipal de Sierra de la Ventana, brind\u00f3 detalles sobre las dos estructuras que se emplazar\u00e1n y dar\u00e1n la bienvenida a la localidad de la comarca. \u201cHay mucha gente que nos est\u00e1 ayudando\u201d afirm\u00f3.\" \/>\n<meta property=\"og:url\" content=\"https:\/\/www.noticiasradioreflejos.com.ar\/2021\/portal-de-acceso-a-sierra-no-se-si-estara-listo-para-el-aniversario-del-pueblo\/\" \/>\n<meta property=\"og:site_name\" content=\"Noticias Radio Reflejos\" \/>\n<meta property=\"article:published_time\" content=\"2022-12-12T19:54:43+00:00\" \/>\n<meta property=\"og:image\" content=\"https:\/\/live.staticflickr.com\/65535\/52559957815_e32bd5c196_c.jpg\" \/>\n<meta name=\"author\" content=\"Arnaldo Botto\" \/>\n<meta name=\"twitter:card\" content=\"summary_large_image\" \/>\n<script type=\"application\/ld+json\" class=\"yoast-schema-graph\">{\"@context\":\"https:\/\/schema.org\",\"@graph\":[{\"@type\":\"WebPage\",\"@id\":\"https:\/\/www.noticiasradioreflejos.com.ar\/2021\/portal-de-acceso-a-sierra-no-se-si-estara-listo-para-el-aniversario-del-pueblo\/\",\"url\":\"https:\/\/www.noticiasradioreflejos.com.ar\/2021\/portal-de-acceso-a-sierra-no-se-si-estara-listo-para-el-aniversario-del-pueblo\/\",\"name\":\"Portal de acceso a Sierra: \u201cno s\u00e9 si estar\u00e1 listo para el aniversario del pueblo\u201d - Noticias Radio Reflejos\",\"isPartOf\":{\"@id\":\"https:\/\/www.noticiasradioreflejos.com.ar\/2021\/#website\"},\"primaryImageOfPage\":{\"@id\":\"https:\/\/www.noticiasradioreflejos.com.ar\/2021\/portal-de-acceso-a-sierra-no-se-si-estara-listo-para-el-aniversario-del-pueblo\/#primaryimage\"},\"image\":{\"@id\":\"https:\/\/www.noticiasradioreflejos.com.ar\/2021\/portal-de-acceso-a-sierra-no-se-si-estara-listo-para-el-aniversario-del-pueblo\/#primaryimage\"},\"thumbnailUrl\":\"https:\/\/live.staticflickr.com\/65535\/52559957815_e32bd5c196_c.jpg\",\"datePublished\":\"2022-12-12T19:54:43+00:00\",\"author\":{\"@id\":\"https:\/\/www.noticiasradioreflejos.com.ar\/2021\/#\/schema\/person\/ad82545263dcc5ec0996818884fd5fb1\"},\"breadcrumb\":{\"@id\":\"https:\/\/www.noticiasradioreflejos.com.ar\/2021\/portal-de-acceso-a-sierra-no-se-si-estara-listo-para-el-aniversario-del-pueblo\/#breadcrumb\"},\"inLanguage\":\"es\",\"potentialAction\":[{\"@type\":\"ReadAction\",\"target\":[\"https:\/\/www.noticiasradioreflejos.com.ar\/2021\/portal-de-acceso-a-sierra-no-se-si-estara-listo-para-el-aniversario-del-pueblo\/\"]}]},{\"@type\":\"ImageObject\",\"inLanguage\":\"es\",\"@id\":\"https:\/\/www.noticiasradioreflejos.com.ar\/2021\/portal-de-acceso-a-sierra-no-se-si-estara-listo-para-el-aniversario-del-pueblo\/#primaryimage\",\"url\":\"https:\/\/live.staticflickr.com\/65535\/52559957815_e32bd5c196_c.jpg\",\"contentUrl\":\"https:\/\/live.staticflickr.com\/65535\/52559957815_e32bd5c196_c.jpg\"},{\"@type\":\"BreadcrumbList\",\"@id\":\"https:\/\/www.noticiasradioreflejos.com.ar\/2021\/portal-de-acceso-a-sierra-no-se-si-estara-listo-para-el-aniversario-del-pueblo\/#breadcrumb\",\"itemListElement\":[{\"@type\":\"ListItem\",\"position\":1,\"name\":\"Portada\",\"item\":\"https:\/\/www.noticiasradioreflejos.com.ar\/2021\/\"},{\"@type\":\"ListItem\",\"position\":2,\"name\":\"Portal de acceso a Sierra: \u201cno s\u00e9 si estar\u00e1 listo para el aniversario del pueblo\u201d\"}]},{\"@type\":\"WebSite\",\"@id\":\"https:\/\/www.noticiasradioreflejos.com.ar\/2021\/#website\",\"url\":\"https:\/\/www.noticiasradioreflejos.com.ar\/2021\/\",\"name\":\"Noticias Radio Reflejos\",\"description\":\"Las noticias de mi comarca\",\"potentialAction\":[{\"@type\":\"SearchAction\",\"target\":{\"@type\":\"EntryPoint\",\"urlTemplate\":\"https:\/\/www.noticiasradioreflejos.com.ar\/2021\/?s={search_term_string}\"},\"query-input\":{\"@type\":\"PropertyValueSpecification\",\"valueRequired\":true,\"valueName\":\"search_term_string\"}}],\"inLanguage\":\"es\"},{\"@type\":\"Person\",\"@id\":\"https:\/\/www.noticiasradioreflejos.com.ar\/2021\/#\/schema\/person\/ad82545263dcc5ec0996818884fd5fb1\",\"name\":\"Arnaldo Botto\",\"image\":{\"@type\":\"ImageObject\",\"inLanguage\":\"es\",\"@id\":\"https:\/\/www.noticiasradioreflejos.com.ar\/2021\/#\/schema\/person\/image\/\",\"url\":\"https:\/\/secure.gravatar.com\/avatar\/55cb5e37c1efa326397366e6974cb338056df65cb50e7d64d1cf314e87504837?s=96&d=mm&r=g\",\"contentUrl\":\"https:\/\/secure.gravatar.com\/avatar\/55cb5e37c1efa326397366e6974cb338056df65cb50e7d64d1cf314e87504837?s=96&d=mm&r=g\",\"caption\":\"Arnaldo Botto\"},\"url\":\"https:\/\/www.noticiasradioreflejos.com.ar\/2021\/author\/arnaldo\/\"}]}<\/script>\n<!-- \/ Yoast SEO plugin. -->","yoast_head_json":{"title":"Portal de acceso a Sierra: \u201cno s\u00e9 si estar\u00e1 listo para el aniversario del pueblo\u201d - Noticias Radio Reflejos","robots":{"index":"index","follow":"follow","max-snippet":"max-snippet:-1","max-image-preview":"max-image-preview:large","max-video-preview":"max-video-preview:-1"},"canonical":"https:\/\/www.noticiasradioreflejos.com.ar\/2021\/portal-de-acceso-a-sierra-no-se-si-estara-listo-para-el-aniversario-del-pueblo\/","og_locale":"es_ES","og_type":"article","og_title":"Portal de acceso a Sierra: \u201cno s\u00e9 si estar\u00e1 listo para el aniversario del pueblo\u201d - Noticias Radio Reflejos","og_description":"Hugo Polvara, Delegado municipal de Sierra de la Ventana, brind\u00f3 detalles sobre las dos estructuras que se emplazar\u00e1n y dar\u00e1n la bienvenida a la localidad de la comarca. \u201cHay mucha gente que nos est\u00e1 ayudando\u201d afirm\u00f3.","og_url":"https:\/\/www.noticiasradioreflejos.com.ar\/2021\/portal-de-acceso-a-sierra-no-se-si-estara-listo-para-el-aniversario-del-pueblo\/","og_site_name":"Noticias Radio Reflejos","article_published_time":"2022-12-12T19:54:43+00:00","og_image":[{"url":"https:\/\/live.staticflickr.com\/65535\/52559957815_e32bd5c196_c.jpg","type":"","width":"","height":""}],"author":"Arnaldo Botto","twitter_card":"summary_large_image","schema":{"@context":"https:\/\/schema.org","@graph":[{"@type":"WebPage","@id":"https:\/\/www.noticiasradioreflejos.com.ar\/2021\/portal-de-acceso-a-sierra-no-se-si-estara-listo-para-el-aniversario-del-pueblo\/","url":"https:\/\/www.noticiasradioreflejos.com.ar\/2021\/portal-de-acceso-a-sierra-no-se-si-estara-listo-para-el-aniversario-del-pueblo\/","name":"Portal de acceso a Sierra: \u201cno s\u00e9 si estar\u00e1 listo para el aniversario del pueblo\u201d - Noticias Radio Reflejos","isPartOf":{"@id":"https:\/\/www.noticiasradioreflejos.com.ar\/2021\/#website"},"primaryImageOfPage":{"@id":"https:\/\/www.noticiasradioreflejos.com.ar\/2021\/portal-de-acceso-a-sierra-no-se-si-estara-listo-para-el-aniversario-del-pueblo\/#primaryimage"},"image":{"@id":"https:\/\/www.noticiasradioreflejos.com.ar\/2021\/portal-de-acceso-a-sierra-no-se-si-estara-listo-para-el-aniversario-del-pueblo\/#primaryimage"},"thumbnailUrl":"https:\/\/live.staticflickr.com\/65535\/52559957815_e32bd5c196_c.jpg","datePublished":"2022-12-12T19:54:43+00:00","author":{"@id":"https:\/\/www.noticiasradioreflejos.com.ar\/2021\/#\/schema\/person\/ad82545263dcc5ec0996818884fd5fb1"},"breadcrumb":{"@id":"https:\/\/www.noticiasradioreflejos.com.ar\/2021\/portal-de-acceso-a-sierra-no-se-si-estara-listo-para-el-aniversario-del-pueblo\/#breadcrumb"},"inLanguage":"es","potentialAction":[{"@type":"ReadAction","target":["https:\/\/www.noticiasradioreflejos.com.ar\/2021\/portal-de-acceso-a-sierra-no-se-si-estara-listo-para-el-aniversario-del-pueblo\/"]}]},{"@type":"ImageObject","inLanguage":"es","@id":"https:\/\/www.noticiasradioreflejos.com.ar\/2021\/portal-de-acceso-a-sierra-no-se-si-estara-listo-para-el-aniversario-del-pueblo\/#primaryimage","url":"https:\/\/live.staticflickr.com\/65535\/52559957815_e32bd5c196_c.jpg","contentUrl":"https:\/\/live.staticflickr.com\/65535\/52559957815_e32bd5c196_c.jpg"},{"@type":"BreadcrumbList","@id":"https:\/\/www.noticiasradioreflejos.com.ar\/2021\/portal-de-acceso-a-sierra-no-se-si-estara-listo-para-el-aniversario-del-pueblo\/#breadcrumb","itemListElement":[{"@type":"ListItem","position":1,"name":"Portada","item":"https:\/\/www.noticiasradioreflejos.com.ar\/2021\/"},{"@type":"ListItem","position":2,"name":"Portal de acceso a Sierra: \u201cno s\u00e9 si estar\u00e1 listo para el aniversario del pueblo\u201d"}]},{"@type":"WebSite","@id":"https:\/\/www.noticiasradioreflejos.com.ar\/2021\/#website","url":"https:\/\/www.noticiasradioreflejos.com.ar\/2021\/","name":"Noticias Radio Reflejos","description":"Las noticias de mi comarca","potentialAction":[{"@type":"SearchAction","target":{"@type":"EntryPoint","urlTemplate":"https:\/\/www.noticiasradioreflejos.com.ar\/2021\/?s={search_term_string}"},"query-input":{"@type":"PropertyValueSpecification","valueRequired":true,"valueName":"search_term_string"}}],"inLanguage":"es"},{"@type":"Person","@id":"https:\/\/www.noticiasradioreflejos.com.ar\/2021\/#\/schema\/person\/ad82545263dcc5ec0996818884fd5fb1","name":"Arnaldo Botto","image":{"@type":"ImageObject","inLanguage":"es","@id":"https:\/\/www.noticiasradioreflejos.com.ar\/2021\/#\/schema\/person\/image\/","url":"https:\/\/secure.gravatar.com\/avatar\/55cb5e37c1efa326397366e6974cb338056df65cb50e7d64d1cf314e87504837?s=96&d=mm&r=g","contentUrl":"https:\/\/secure.gravatar.com\/avatar\/55cb5e37c1efa326397366e6974cb338056df65cb50e7d64d1cf314e87504837?s=96&d=mm&r=g","caption":"Arnaldo Botto"},"url":"https:\/\/www.noticiasradioreflejos.com.ar\/2021\/author\/arnaldo\/"}]}},"_links":{"self":[{"href":"https:\/\/www.noticiasradioreflejos.com.ar\/2021\/wp-json\/wp\/v2\/posts\/81281","targetHints":{"allow":["GET"]}}],"collection":[{"href":"https:\/\/www.noticiasradioreflejos.com.ar\/2021\/wp-json\/wp\/v2\/posts"}],"about":[{"href":"https:\/\/www.noticiasradioreflejos.com.ar\/2021\/wp-json\/wp\/v2\/types\/post"}],"author":[{"embeddable":true,"href":"https:\/\/www.noticiasradioreflejos.com.ar\/2021\/wp-json\/wp\/v2\/users\/3"}],"replies":[{"embeddable":true,"href":"https:\/\/www.noticiasradioreflejos.com.ar\/2021\/wp-json\/wp\/v2\/comments?post=81281"}],"version-history":[{"count":2,"href":"https:\/\/www.noticiasradioreflejos.com.ar\/2021\/wp-json\/wp\/v2\/posts\/81281\/revisions"}],"predecessor-version":[{"id":81289,"href":"https:\/\/www.noticiasradioreflejos.com.ar\/2021\/wp-json\/wp\/v2\/posts\/81281\/revisions\/81289"}],"wp:attachment":[{"href":"https:\/\/www.noticiasradioreflejos.com.ar\/2021\/wp-json\/wp\/v2\/media?parent=81281"}],"wp:term":[{"taxonomy":"category","embeddable":true,"href":"https:\/\/www.noticiasradioreflejos.com.ar\/2021\/wp-json\/wp\/v2\/categories?post=81281"},{"taxonomy":"post_tag","embeddable":true,"href":"https:\/\/www.noticiasradioreflejos.com.ar\/2021\/wp-json\/wp\/v2\/tags?post=81281"}],"curies":[{"name":"wp","href":"https:\/\/api.w.org\/{rel}","templated":true}]}}