{"id":8128,"date":"2017-03-17T09:43:52","date_gmt":"2017-03-17T12:43:52","guid":{"rendered":"http:\/\/noticiasradioreflejos.com.ar\/noticias\/?p=8128"},"modified":"2017-03-17T09:43:52","modified_gmt":"2017-03-17T12:43:52","slug":"los-docentes-no-nos-sometemos-a-la-extorsion","status":"publish","type":"post","link":"https:\/\/www.noticiasradioreflejos.com.ar\/2021\/los-docentes-no-nos-sometemos-a-la-extorsion\/","title":{"rendered":"&quot;Los Docentes no nos sometemos a la extorsi\u00f3n&quot;"},"content":{"rendered":"<p>Comunicado de SADOP:<br \/>\nANTE LAS DECLARACIONES DE LA GOBERNADORA VIDAL<br \/>\nEL SADOP MANIFIESTA:<br \/>\nSu rechazo y repudio al \u201cPREMIO\u201d QUE BAJO EL CONCEPTO DE PRESENTISMO ofrece la gobernadora, con el \u00fanico objetivo de romper la solidaridad entre los trabajadores ante el leg\u00edtimo reclamo que expresa la huelga docente. Es la expresi\u00f3n cabal de la flexibilizaci\u00f3n laboral que el gobierno pretende llevar adelante con el conjunto de los trabajadores imponiendo una l\u00f3gica empresaria y de mercado, incompatible con las funciones esenciales de un estado de derecho.<!--more--><br \/>\nQue el di\u00e1logo que plantea el gobierno provincial es un mon\u00f3logo. Solo hay imposici\u00f3n de una propuesta inaceptable. La misma consiste en un 19% de aumento en tres tramos que termina de cobrarse en el a\u00f1o 2018 y que no considera la p\u00e9rdida de poder adquisitivo del a\u00f1o 2016 que oscila entre el 11 y el 14 %.<br \/>\nSu denuncia del ajuste en el sector educativo, dado que el presupuesto del sector revela una clara disminuci\u00f3n en relaci\u00f3n al presupuesto general de la Provincia. En el a\u00f1o 2015 era del 27,81 %, en el 2016 se redujo al 27 % y en el 2017 se profundiza la reducci\u00f3n, bajando al 24%. Es el presupuesto educativo, proporcionalmente, m\u00e1s bajo de los \u00faltimos 23 a\u00f1os. Hay una clara decisi\u00f3n de desinvertir en la educaci\u00f3n con su consecuente efecto en el salario de los trabajadores.<br \/>\nLOS DOCENTES NO NOS SOMETEMOS A LA EXTORSI\u00d3N.<br \/>\nEN DEFENSA DE NUESTROS DERECHOS LABORALES Y POR CONDICIONES DIGNAS DE TRABAJO<br \/>\nLa Plata, 16 de marzo de 2017<br \/>\nJuan Carlos Cuy\u00e1s<br \/>\nSecretario General<\/p>\n","protected":false},"excerpt":{"rendered":"<p>Comunicado de SADOP: ANTE LAS DECLARACIONES DE LA GOBERNADORA VIDAL EL SADOP MANIFIESTA: Su rechazo y repudio al \u201cPREMIO\u201d QUE BAJO EL CONCEPTO DE PRESENTISMO ofrece la gobernadora, con el \u00fanico objetivo de romper la solidaridad entre los trabajadores ante el leg\u00edtimo reclamo que expresa la huelga docente. Es la expresi\u00f3n cabal de la flexibilizaci\u00f3n [&hellip;]<\/p>\n","protected":false},"author":3,"featured_media":0,"comment_status":"closed","ping_status":"open","sticky":false,"template":"","format":"standard","meta":{"footnotes":""},"categories":[34],"tags":[],"class_list":["post-8128","post","type-post","status-publish","format-standard","hentry","category-educacion"],"yoast_head":"<!-- This site is optimized with the Yoast SEO plugin v25.9 - https:\/\/yoast.com\/wordpress\/plugins\/seo\/ -->\n<title>&quot;Los Docentes no nos sometemos a la extorsi\u00f3n&quot; - Noticias Radio Reflejos<\/title>\n<meta name=\"robots\" content=\"index, follow, max-snippet:-1, max-image-preview:large, max-video-preview:-1\" \/>\n<link rel=\"canonical\" href=\"https:\/\/www.noticiasradioreflejos.com.ar\/2021\/los-docentes-no-nos-sometemos-a-la-extorsion\/\" \/>\n<meta property=\"og:locale\" content=\"es_ES\" \/>\n<meta property=\"og:type\" content=\"article\" \/>\n<meta property=\"og:title\" content=\"&quot;Los Docentes no nos sometemos a la extorsi\u00f3n&quot; - Noticias Radio Reflejos\" \/>\n<meta property=\"og:description\" content=\"Comunicado de SADOP: ANTE LAS DECLARACIONES DE LA GOBERNADORA VIDAL EL SADOP MANIFIESTA: Su rechazo y repudio al \u201cPREMIO\u201d QUE BAJO EL CONCEPTO DE PRESENTISMO ofrece la gobernadora, con el \u00fanico objetivo de romper la solidaridad entre los trabajadores ante el leg\u00edtimo reclamo que expresa la huelga docente. Es la expresi\u00f3n cabal de la flexibilizaci\u00f3n [&hellip;]\" \/>\n<meta property=\"og:url\" content=\"https:\/\/www.noticiasradioreflejos.com.ar\/2021\/los-docentes-no-nos-sometemos-a-la-extorsion\/\" \/>\n<meta property=\"og:site_name\" content=\"Noticias Radio Reflejos\" \/>\n<meta property=\"article:published_time\" content=\"2017-03-17T12:43:52+00:00\" \/>\n<meta property=\"og:image\" content=\"https:\/\/www.noticiasradioreflejos.com.ar\/2021\/wp-content\/uploads\/2021\/07\/logosol300x200.png\" \/>\n\t<meta property=\"og:image:width\" content=\"300\" \/>\n\t<meta property=\"og:image:height\" content=\"200\" \/>\n\t<meta property=\"og:image:type\" content=\"image\/png\" \/>\n<meta name=\"author\" content=\"Arnaldo Botto\" \/>\n<meta name=\"twitter:card\" content=\"summary_large_image\" \/>\n<script type=\"application\/ld+json\" class=\"yoast-schema-graph\">{\"@context\":\"https:\/\/schema.org\",\"@graph\":[{\"@type\":\"WebPage\",\"@id\":\"https:\/\/www.noticiasradioreflejos.com.ar\/2021\/los-docentes-no-nos-sometemos-a-la-extorsion\/\",\"url\":\"https:\/\/www.noticiasradioreflejos.com.ar\/2021\/los-docentes-no-nos-sometemos-a-la-extorsion\/\",\"name\":\"&quot;Los Docentes no nos sometemos a la extorsi\u00f3n&quot; - Noticias Radio Reflejos\",\"isPartOf\":{\"@id\":\"https:\/\/www.noticiasradioreflejos.com.ar\/2021\/#website\"},\"datePublished\":\"2017-03-17T12:43:52+00:00\",\"author\":{\"@id\":\"https:\/\/www.noticiasradioreflejos.com.ar\/2021\/#\/schema\/person\/ad82545263dcc5ec0996818884fd5fb1\"},\"breadcrumb\":{\"@id\":\"https:\/\/www.noticiasradioreflejos.com.ar\/2021\/los-docentes-no-nos-sometemos-a-la-extorsion\/#breadcrumb\"},\"inLanguage\":\"es\",\"potentialAction\":[{\"@type\":\"ReadAction\",\"target\":[\"https:\/\/www.noticiasradioreflejos.com.ar\/2021\/los-docentes-no-nos-sometemos-a-la-extorsion\/\"]}]},{\"@type\":\"BreadcrumbList\",\"@id\":\"https:\/\/www.noticiasradioreflejos.com.ar\/2021\/los-docentes-no-nos-sometemos-a-la-extorsion\/#breadcrumb\",\"itemListElement\":[{\"@type\":\"ListItem\",\"position\":1,\"name\":\"Portada\",\"item\":\"https:\/\/www.noticiasradioreflejos.com.ar\/2021\/\"},{\"@type\":\"ListItem\",\"position\":2,\"name\":\"&quot;Los Docentes no nos sometemos a la extorsi\u00f3n&quot;\"}]},{\"@type\":\"WebSite\",\"@id\":\"https:\/\/www.noticiasradioreflejos.com.ar\/2021\/#website\",\"url\":\"https:\/\/www.noticiasradioreflejos.com.ar\/2021\/\",\"name\":\"Noticias Radio Reflejos\",\"description\":\"Las noticias de mi comarca\",\"potentialAction\":[{\"@type\":\"SearchAction\",\"target\":{\"@type\":\"EntryPoint\",\"urlTemplate\":\"https:\/\/www.noticiasradioreflejos.com.ar\/2021\/?s={search_term_string}\"},\"query-input\":{\"@type\":\"PropertyValueSpecification\",\"valueRequired\":true,\"valueName\":\"search_term_string\"}}],\"inLanguage\":\"es\"},{\"@type\":\"Person\",\"@id\":\"https:\/\/www.noticiasradioreflejos.com.ar\/2021\/#\/schema\/person\/ad82545263dcc5ec0996818884fd5fb1\",\"name\":\"Arnaldo Botto\",\"image\":{\"@type\":\"ImageObject\",\"inLanguage\":\"es\",\"@id\":\"https:\/\/www.noticiasradioreflejos.com.ar\/2021\/#\/schema\/person\/image\/\",\"url\":\"https:\/\/secure.gravatar.com\/avatar\/55cb5e37c1efa326397366e6974cb338056df65cb50e7d64d1cf314e87504837?s=96&d=mm&r=g\",\"contentUrl\":\"https:\/\/secure.gravatar.com\/avatar\/55cb5e37c1efa326397366e6974cb338056df65cb50e7d64d1cf314e87504837?s=96&d=mm&r=g\",\"caption\":\"Arnaldo Botto\"},\"url\":\"https:\/\/www.noticiasradioreflejos.com.ar\/2021\/author\/arnaldo\/\"}]}<\/script>\n<!-- \/ Yoast SEO plugin. -->","yoast_head_json":{"title":"&quot;Los Docentes no nos sometemos a la extorsi\u00f3n&quot; - Noticias Radio Reflejos","robots":{"index":"index","follow":"follow","max-snippet":"max-snippet:-1","max-image-preview":"max-image-preview:large","max-video-preview":"max-video-preview:-1"},"canonical":"https:\/\/www.noticiasradioreflejos.com.ar\/2021\/los-docentes-no-nos-sometemos-a-la-extorsion\/","og_locale":"es_ES","og_type":"article","og_title":"&quot;Los Docentes no nos sometemos a la extorsi\u00f3n&quot; - Noticias Radio Reflejos","og_description":"Comunicado de SADOP: ANTE LAS DECLARACIONES DE LA GOBERNADORA VIDAL EL SADOP MANIFIESTA: Su rechazo y repudio al \u201cPREMIO\u201d QUE BAJO EL CONCEPTO DE PRESENTISMO ofrece la gobernadora, con el \u00fanico objetivo de romper la solidaridad entre los trabajadores ante el leg\u00edtimo reclamo que expresa la huelga docente. Es la expresi\u00f3n cabal de la flexibilizaci\u00f3n [&hellip;]","og_url":"https:\/\/www.noticiasradioreflejos.com.ar\/2021\/los-docentes-no-nos-sometemos-a-la-extorsion\/","og_site_name":"Noticias Radio Reflejos","article_published_time":"2017-03-17T12:43:52+00:00","og_image":[{"width":300,"height":200,"url":"https:\/\/www.noticiasradioreflejos.com.ar\/2021\/wp-content\/uploads\/2021\/07\/logosol300x200.png","type":"image\/png"}],"author":"Arnaldo Botto","twitter_card":"summary_large_image","schema":{"@context":"https:\/\/schema.org","@graph":[{"@type":"WebPage","@id":"https:\/\/www.noticiasradioreflejos.com.ar\/2021\/los-docentes-no-nos-sometemos-a-la-extorsion\/","url":"https:\/\/www.noticiasradioreflejos.com.ar\/2021\/los-docentes-no-nos-sometemos-a-la-extorsion\/","name":"&quot;Los Docentes no nos sometemos a la extorsi\u00f3n&quot; - Noticias Radio Reflejos","isPartOf":{"@id":"https:\/\/www.noticiasradioreflejos.com.ar\/2021\/#website"},"datePublished":"2017-03-17T12:43:52+00:00","author":{"@id":"https:\/\/www.noticiasradioreflejos.com.ar\/2021\/#\/schema\/person\/ad82545263dcc5ec0996818884fd5fb1"},"breadcrumb":{"@id":"https:\/\/www.noticiasradioreflejos.com.ar\/2021\/los-docentes-no-nos-sometemos-a-la-extorsion\/#breadcrumb"},"inLanguage":"es","potentialAction":[{"@type":"ReadAction","target":["https:\/\/www.noticiasradioreflejos.com.ar\/2021\/los-docentes-no-nos-sometemos-a-la-extorsion\/"]}]},{"@type":"BreadcrumbList","@id":"https:\/\/www.noticiasradioreflejos.com.ar\/2021\/los-docentes-no-nos-sometemos-a-la-extorsion\/#breadcrumb","itemListElement":[{"@type":"ListItem","position":1,"name":"Portada","item":"https:\/\/www.noticiasradioreflejos.com.ar\/2021\/"},{"@type":"ListItem","position":2,"name":"&quot;Los Docentes no nos sometemos a la extorsi\u00f3n&quot;"}]},{"@type":"WebSite","@id":"https:\/\/www.noticiasradioreflejos.com.ar\/2021\/#website","url":"https:\/\/www.noticiasradioreflejos.com.ar\/2021\/","name":"Noticias Radio Reflejos","description":"Las noticias de mi comarca","potentialAction":[{"@type":"SearchAction","target":{"@type":"EntryPoint","urlTemplate":"https:\/\/www.noticiasradioreflejos.com.ar\/2021\/?s={search_term_string}"},"query-input":{"@type":"PropertyValueSpecification","valueRequired":true,"valueName":"search_term_string"}}],"inLanguage":"es"},{"@type":"Person","@id":"https:\/\/www.noticiasradioreflejos.com.ar\/2021\/#\/schema\/person\/ad82545263dcc5ec0996818884fd5fb1","name":"Arnaldo Botto","image":{"@type":"ImageObject","inLanguage":"es","@id":"https:\/\/www.noticiasradioreflejos.com.ar\/2021\/#\/schema\/person\/image\/","url":"https:\/\/secure.gravatar.com\/avatar\/55cb5e37c1efa326397366e6974cb338056df65cb50e7d64d1cf314e87504837?s=96&d=mm&r=g","contentUrl":"https:\/\/secure.gravatar.com\/avatar\/55cb5e37c1efa326397366e6974cb338056df65cb50e7d64d1cf314e87504837?s=96&d=mm&r=g","caption":"Arnaldo Botto"},"url":"https:\/\/www.noticiasradioreflejos.com.ar\/2021\/author\/arnaldo\/"}]}},"_links":{"self":[{"href":"https:\/\/www.noticiasradioreflejos.com.ar\/2021\/wp-json\/wp\/v2\/posts\/8128","targetHints":{"allow":["GET"]}}],"collection":[{"href":"https:\/\/www.noticiasradioreflejos.com.ar\/2021\/wp-json\/wp\/v2\/posts"}],"about":[{"href":"https:\/\/www.noticiasradioreflejos.com.ar\/2021\/wp-json\/wp\/v2\/types\/post"}],"author":[{"embeddable":true,"href":"https:\/\/www.noticiasradioreflejos.com.ar\/2021\/wp-json\/wp\/v2\/users\/3"}],"replies":[{"embeddable":true,"href":"https:\/\/www.noticiasradioreflejos.com.ar\/2021\/wp-json\/wp\/v2\/comments?post=8128"}],"version-history":[{"count":0,"href":"https:\/\/www.noticiasradioreflejos.com.ar\/2021\/wp-json\/wp\/v2\/posts\/8128\/revisions"}],"wp:attachment":[{"href":"https:\/\/www.noticiasradioreflejos.com.ar\/2021\/wp-json\/wp\/v2\/media?parent=8128"}],"wp:term":[{"taxonomy":"category","embeddable":true,"href":"https:\/\/www.noticiasradioreflejos.com.ar\/2021\/wp-json\/wp\/v2\/categories?post=8128"},{"taxonomy":"post_tag","embeddable":true,"href":"https:\/\/www.noticiasradioreflejos.com.ar\/2021\/wp-json\/wp\/v2\/tags?post=8128"}],"curies":[{"name":"wp","href":"https:\/\/api.w.org\/{rel}","templated":true}]}}