{"id":81245,"date":"2022-12-12T10:19:45","date_gmt":"2022-12-12T10:19:45","guid":{"rendered":"http:\/\/www.noticiasradioreflejos.com.ar\/2021\/?p=81245"},"modified":"2022-12-12T10:19:45","modified_gmt":"2022-12-12T10:19:45","slug":"cierran-el-principal-aeropuerto-de-guatemala-por-la-erupcion-del-volcan-de-fuego","status":"publish","type":"post","link":"https:\/\/www.noticiasradioreflejos.com.ar\/2021\/cierran-el-principal-aeropuerto-de-guatemala-por-la-erupcion-del-volcan-de-fuego\/","title":{"rendered":"Cierran el principal aeropuerto de Guatemala por la erupci\u00f3n del volc\u00e1n de Fuego"},"content":{"rendered":"<p>El descenso de material por las laderas del volc\u00e1n y la ca\u00edda de cenizas tambi\u00e9n hab\u00edan llevado a cerrar por \u00abprevenci\u00f3n\u00bb dos tramos de la ruta RN-14 cercanos a la ciudad de Antigua, la capital colonial de Guatemala y principal centro tur\u00edstico del pa\u00eds.<!--more--><\/p>\n<figure class=\"mb-3\"><img decoding=\"async\" src=\"https:\/\/www.telam.com.ar\/thumbs\/bluesteel\/advf\/imagenes\/2022\/12\/6395bba6a0889_1200.jpg\" alt=\"Volcn en erupcin Guatemala Foto AFP\" width=\"100%\" height=\"100%\" \/><\/p>\n<div class=\"media-icons\"><\/div><figcaption>Volc\u00e1n en erupci\u00f3n, Guatemala. \/Foto: AFP<\/figcaption><\/figure>\n<p>El principal aeropuerto de\u00a0<strong>Guatemala<\/strong>\u00a0fue c<strong>errado temporalmente\u00a0<\/strong>este domingo por la ma\u00f1ana, tras la entrada en erupci\u00f3n del\u00a0<strong>volc\u00e1n de Fuego<\/strong>, el m\u00e1s activo de Centroam\u00e9rica, que en 2018 provoc\u00f3 una avalancha que dej\u00f3 215 muertos en ese pa\u00eds.<\/p>\n<p>Por la tarde del domingo, el volc\u00e1n de 3.763 metros de altura, ubicado\u00a0<strong>a unos 35 kil\u00f3metros de Ciudad de Guatemala<\/strong>, finaliz\u00f3 la fase eruptiva que hab\u00eda iniciado el s\u00e1bado en la noche.<\/p>\n<p>\u00abTras varias horas de relativa calma se puede dar por finalizada esta actividad eruptiva\u00bb, indic\u00f3 Roberto M\u00e9rida, t\u00e9cnico del instituto vulcanol\u00f3gico guatemalteco, inform\u00f3 la agencia AFP.<\/p>\n<p><strong>\u00abSe not\u00f3 el retorno a los niveles normales de actividad\u00bb\u00a0<\/strong>del volc\u00e1n, agreg\u00f3 M\u00e9rida, despu\u00e9s de que acabara la emisi\u00f3n de lava y las columnas de humo cargadas de cenizas que hab\u00edan llevado a cerrar el aeropuerto internacional La Aurora y la ruta RN-14.<\/p>\n<p>El aeropuerto de la capital guatemalteca fue cerrado este domingo a la ma\u00f1ana debido \u00aba la\u00a0<strong>presencia de cenizas\u00bb cerca de la pista<\/strong>, pero reabierto unas tres horas despu\u00e9s cuando el viento las alej\u00f3, dijo el director de Aeron\u00e1utica Civil, Francis Argueta.<\/p>\n<div class=\"twitter-tweet twitter-tweet-rendered\"><iframe id=\"twitter-widget-0\" class=\"\" title=\"Twitter Tweet\" src=\"https:\/\/platform.twitter.com\/embed\/Tweet.html?creatorScreenName=agenciatelam&amp;dnt=false&amp;embedId=twitter-widget-0&amp;features=eyJ0ZndfdGltZWxpbmVfbGlzdCI6eyJidWNrZXQiOlsibGlua3RyLmVlIiwidHIuZWUiLCJ0ZXJyYS5jb20uYnIiLCJ3d3cubGlua3RyLmVlIiwid3d3LnRyLmVlIiwid3d3LnRlcnJhLmNvbS5iciJdLCJ2ZXJzaW9uIjpudWxsfSwidGZ3X2hvcml6b25fdGltZWxpbmVfMTIwMzQiOnsiYnVja2V0IjoidHJlYXRtZW50IiwidmVyc2lvbiI6bnVsbH0sInRmd190d2VldF9lZGl0X2JhY2tlbmQiOnsiYnVja2V0Ijoib24iLCJ2ZXJzaW9uIjpudWxsfSwidGZ3X3JlZnNyY19zZXNzaW9uIjp7ImJ1Y2tldCI6Im9uIiwidmVyc2lvbiI6bnVsbH0sInRmd19zaG93X2J1c2luZXNzX3ZlcmlmaWVkX2JhZGdlIjp7ImJ1Y2tldCI6Im9mZiIsInZlcnNpb24iOm51bGx9LCJ0ZndfY2hpbl9waWxsc18xNDc0MSI6eyJidWNrZXQiOiJjb2xvcl9pY29ucyIsInZlcnNpb24iOm51bGx9LCJ0ZndfdHdlZXRfcmVzdWx0X21pZ3JhdGlvbl8xMzk3OSI6eyJidWNrZXQiOiJ0d2VldF9yZXN1bHQiLCJ2ZXJzaW9uIjpudWxsfSwidGZ3X3NlbnNpdGl2ZV9tZWRpYV9pbnRlcnN0aXRpYWxfMTM5NjMiOnsiYnVja2V0IjoiaW50ZXJzdGl0aWFsIiwidmVyc2lvbiI6bnVsbH0sInRmd19leHBlcmltZW50c19jb29raWVfZXhwaXJhdGlvbiI6eyJidWNrZXQiOjEyMDk2MDAsInZlcnNpb24iOm51bGx9LCJ0ZndfZHVwbGljYXRlX3NjcmliZXNfdG9fc2V0dGluZ3MiOnsiYnVja2V0Ijoib24iLCJ2ZXJzaW9uIjpudWxsfSwidGZ3X3ZpZGVvX2hsc19keW5hbWljX21hbmlmZXN0c18xNTA4MiI6eyJidWNrZXQiOiJ0cnVlX2JpdHJhdGUiLCJ2ZXJzaW9uIjpudWxsfSwidGZ3X3Nob3dfYmx1ZV92ZXJpZmllZF9iYWRnZSI6eyJidWNrZXQiOiJvbiIsInZlcnNpb24iOm51bGx9LCJ0ZndfdHdlZXRfZWRpdF9mcm9udGVuZCI6eyJidWNrZXQiOiJvbiIsInZlcnNpb24iOm51bGx9fQ%3D%3D&amp;frame=false&amp;hideCard=false&amp;hideThread=false&amp;id=1601738830922780673&amp;lang=es&amp;origin=https%3A%2F%2Fwww.telam.com.ar%2Fnotas%2F202212%2F613825-alerta-guatemala-erupcion-volcan.html&amp;sessionId=b1848eb5f5f9ed16950412ec5c30e8779ff00189&amp;siteScreenName=agenciatelam&amp;theme=light&amp;widgetsVersion=a3525f077c700%3A1667415560940&amp;width=550px\" frameborder=\"0\" scrolling=\"no\" allowfullscreen=\"allowfullscreen\" data-tweet-id=\"1601738830922780673\" data-mce-fragment=\"1\"><\/iframe><\/div>\n<p>El cierre oblig\u00f3 a desviar a dos vuelos que deb\u00edan aterrizar en La Aurora, uno desde Miami y otro desde Santo Domingo, y a retrasar el despegue de otros aviones, seg\u00fan fuentes aeron\u00e1uticas.<\/p>\n<p>La fase eruptiva de este volc\u00e1n estuvo marcada por fuertes explosiones, expulsi\u00f3n de ceniza, flujos de lava y material ardiente (flujo pirocl\u00e1stico), se\u00f1al\u00f3 el instituto de vulcanolog\u00eda.<\/p>\n<p>El ente alert\u00f3 adem\u00e1s sobre el posible descenso de m\u00e1s avalanchas de material ardiente por las laderas y barrancos.<\/p>\n<p><strong>El volc\u00e1n de Fuego tiene la fama de ser el m\u00e1s activo de Centroam\u00e9rica.<\/strong><\/p>\n<p>Esta regi\u00f3n de siete pa\u00edses cuenta con m\u00e1s de un centenar de volcanes, muchos de los cuales son populares destinos tur\u00edsticos, aunque ocasionalmente causan muertes y destrucci\u00f3n.<\/p>\n<p>El 3 de junio de 2018 el volc\u00e1n de Fuego provoc\u00f3 una avalancha de material ardiente que arras\u00f3 con el pueblo de San Miguel Los Lotes y cubri\u00f3 parte de la carretera que estuvo cerrada este domingo, dejando 215 muertos y una cifra similar de desaparecidos.<\/p>\n<p>\u00abCon lo que pas\u00f3 en 2018 ahora las autoridades ya est\u00e1n m\u00e1s alertas y m\u00e1s activas\u00bb, dijo Jos\u00e9 Sul, otro vecino de Alotenango.<\/p>\n<p>El volc\u00e1n de Fuego colinda con el inactivo volc\u00e1n Acatenango (3.500 metros de altura). Adem\u00e1s, en Guatemala tambi\u00e9n est\u00e1n activos los volcanes Santiaguito (oeste) y Pacaya (sur).<\/p>\n<p>A diferencia de los volcanes andinos de Sudam\u00e9rica, los volcanes de Guatemala no tienen nieve en sus cimas debido al clima templado de Centroam\u00e9rica.<\/p>\n","protected":false},"excerpt":{"rendered":"<p>El descenso de material por las laderas del volc\u00e1n y la ca\u00edda de cenizas tambi\u00e9n hab\u00edan llevado a cerrar por \u00abprevenci\u00f3n\u00bb dos tramos de la ruta RN-14 cercanos a la ciudad de Antigua, la capital colonial de Guatemala y principal centro tur\u00edstico del pa\u00eds.<\/p>\n","protected":false},"author":3,"featured_media":0,"comment_status":"closed","ping_status":"closed","sticky":false,"template":"","format":"standard","meta":{"footnotes":""},"categories":[46,26],"tags":[],"class_list":["post-81245","post","type-post","status-publish","format-standard","hentry","category-ciencia-y-tecnologia","category-sociedad"],"yoast_head":"<!-- This site is optimized with the Yoast SEO plugin v25.9 - https:\/\/yoast.com\/wordpress\/plugins\/seo\/ -->\n<title>Cierran el principal aeropuerto de Guatemala por la erupci\u00f3n del volc\u00e1n de Fuego - Noticias Radio Reflejos<\/title>\n<meta name=\"robots\" content=\"index, follow, max-snippet:-1, max-image-preview:large, max-video-preview:-1\" \/>\n<link rel=\"canonical\" href=\"https:\/\/www.noticiasradioreflejos.com.ar\/2021\/cierran-el-principal-aeropuerto-de-guatemala-por-la-erupcion-del-volcan-de-fuego\/\" \/>\n<meta property=\"og:locale\" content=\"es_ES\" \/>\n<meta property=\"og:type\" content=\"article\" \/>\n<meta property=\"og:title\" content=\"Cierran el principal aeropuerto de Guatemala por la erupci\u00f3n del volc\u00e1n de Fuego - Noticias Radio Reflejos\" \/>\n<meta property=\"og:description\" content=\"El descenso de material por las laderas del volc\u00e1n y la ca\u00edda de cenizas tambi\u00e9n hab\u00edan llevado a cerrar por \u00abprevenci\u00f3n\u00bb dos tramos de la ruta RN-14 cercanos a la ciudad de Antigua, la capital colonial de Guatemala y principal centro tur\u00edstico del pa\u00eds.\" \/>\n<meta property=\"og:url\" content=\"https:\/\/www.noticiasradioreflejos.com.ar\/2021\/cierran-el-principal-aeropuerto-de-guatemala-por-la-erupcion-del-volcan-de-fuego\/\" \/>\n<meta property=\"og:site_name\" content=\"Noticias Radio Reflejos\" \/>\n<meta property=\"article:published_time\" content=\"2022-12-12T10:19:45+00:00\" \/>\n<meta property=\"og:image\" content=\"https:\/\/www.telam.com.ar\/thumbs\/bluesteel\/advf\/imagenes\/2022\/12\/6395bba6a0889_1200.jpg\" \/>\n<meta name=\"author\" content=\"Arnaldo Botto\" \/>\n<meta name=\"twitter:card\" content=\"summary_large_image\" \/>\n<script type=\"application\/ld+json\" class=\"yoast-schema-graph\">{\"@context\":\"https:\/\/schema.org\",\"@graph\":[{\"@type\":\"WebPage\",\"@id\":\"https:\/\/www.noticiasradioreflejos.com.ar\/2021\/cierran-el-principal-aeropuerto-de-guatemala-por-la-erupcion-del-volcan-de-fuego\/\",\"url\":\"https:\/\/www.noticiasradioreflejos.com.ar\/2021\/cierran-el-principal-aeropuerto-de-guatemala-por-la-erupcion-del-volcan-de-fuego\/\",\"name\":\"Cierran el principal aeropuerto de Guatemala por la erupci\u00f3n del volc\u00e1n de Fuego - Noticias Radio Reflejos\",\"isPartOf\":{\"@id\":\"https:\/\/www.noticiasradioreflejos.com.ar\/2021\/#website\"},\"primaryImageOfPage\":{\"@id\":\"https:\/\/www.noticiasradioreflejos.com.ar\/2021\/cierran-el-principal-aeropuerto-de-guatemala-por-la-erupcion-del-volcan-de-fuego\/#primaryimage\"},\"image\":{\"@id\":\"https:\/\/www.noticiasradioreflejos.com.ar\/2021\/cierran-el-principal-aeropuerto-de-guatemala-por-la-erupcion-del-volcan-de-fuego\/#primaryimage\"},\"thumbnailUrl\":\"https:\/\/www.telam.com.ar\/thumbs\/bluesteel\/advf\/imagenes\/2022\/12\/6395bba6a0889_1200.jpg\",\"datePublished\":\"2022-12-12T10:19:45+00:00\",\"author\":{\"@id\":\"https:\/\/www.noticiasradioreflejos.com.ar\/2021\/#\/schema\/person\/ad82545263dcc5ec0996818884fd5fb1\"},\"breadcrumb\":{\"@id\":\"https:\/\/www.noticiasradioreflejos.com.ar\/2021\/cierran-el-principal-aeropuerto-de-guatemala-por-la-erupcion-del-volcan-de-fuego\/#breadcrumb\"},\"inLanguage\":\"es\",\"potentialAction\":[{\"@type\":\"ReadAction\",\"target\":[\"https:\/\/www.noticiasradioreflejos.com.ar\/2021\/cierran-el-principal-aeropuerto-de-guatemala-por-la-erupcion-del-volcan-de-fuego\/\"]}]},{\"@type\":\"ImageObject\",\"inLanguage\":\"es\",\"@id\":\"https:\/\/www.noticiasradioreflejos.com.ar\/2021\/cierran-el-principal-aeropuerto-de-guatemala-por-la-erupcion-del-volcan-de-fuego\/#primaryimage\",\"url\":\"https:\/\/www.telam.com.ar\/thumbs\/bluesteel\/advf\/imagenes\/2022\/12\/6395bba6a0889_1200.jpg\",\"contentUrl\":\"https:\/\/www.telam.com.ar\/thumbs\/bluesteel\/advf\/imagenes\/2022\/12\/6395bba6a0889_1200.jpg\"},{\"@type\":\"BreadcrumbList\",\"@id\":\"https:\/\/www.noticiasradioreflejos.com.ar\/2021\/cierran-el-principal-aeropuerto-de-guatemala-por-la-erupcion-del-volcan-de-fuego\/#breadcrumb\",\"itemListElement\":[{\"@type\":\"ListItem\",\"position\":1,\"name\":\"Portada\",\"item\":\"https:\/\/www.noticiasradioreflejos.com.ar\/2021\/\"},{\"@type\":\"ListItem\",\"position\":2,\"name\":\"Cierran el principal aeropuerto de Guatemala por la erupci\u00f3n del volc\u00e1n de Fuego\"}]},{\"@type\":\"WebSite\",\"@id\":\"https:\/\/www.noticiasradioreflejos.com.ar\/2021\/#website\",\"url\":\"https:\/\/www.noticiasradioreflejos.com.ar\/2021\/\",\"name\":\"Noticias Radio Reflejos\",\"description\":\"Las noticias de mi comarca\",\"potentialAction\":[{\"@type\":\"SearchAction\",\"target\":{\"@type\":\"EntryPoint\",\"urlTemplate\":\"https:\/\/www.noticiasradioreflejos.com.ar\/2021\/?s={search_term_string}\"},\"query-input\":{\"@type\":\"PropertyValueSpecification\",\"valueRequired\":true,\"valueName\":\"search_term_string\"}}],\"inLanguage\":\"es\"},{\"@type\":\"Person\",\"@id\":\"https:\/\/www.noticiasradioreflejos.com.ar\/2021\/#\/schema\/person\/ad82545263dcc5ec0996818884fd5fb1\",\"name\":\"Arnaldo Botto\",\"image\":{\"@type\":\"ImageObject\",\"inLanguage\":\"es\",\"@id\":\"https:\/\/www.noticiasradioreflejos.com.ar\/2021\/#\/schema\/person\/image\/\",\"url\":\"https:\/\/secure.gravatar.com\/avatar\/55cb5e37c1efa326397366e6974cb338056df65cb50e7d64d1cf314e87504837?s=96&d=mm&r=g\",\"contentUrl\":\"https:\/\/secure.gravatar.com\/avatar\/55cb5e37c1efa326397366e6974cb338056df65cb50e7d64d1cf314e87504837?s=96&d=mm&r=g\",\"caption\":\"Arnaldo Botto\"},\"url\":\"https:\/\/www.noticiasradioreflejos.com.ar\/2021\/author\/arnaldo\/\"}]}<\/script>\n<!-- \/ Yoast SEO plugin. -->","yoast_head_json":{"title":"Cierran el principal aeropuerto de Guatemala por la erupci\u00f3n del volc\u00e1n de Fuego - Noticias Radio Reflejos","robots":{"index":"index","follow":"follow","max-snippet":"max-snippet:-1","max-image-preview":"max-image-preview:large","max-video-preview":"max-video-preview:-1"},"canonical":"https:\/\/www.noticiasradioreflejos.com.ar\/2021\/cierran-el-principal-aeropuerto-de-guatemala-por-la-erupcion-del-volcan-de-fuego\/","og_locale":"es_ES","og_type":"article","og_title":"Cierran el principal aeropuerto de Guatemala por la erupci\u00f3n del volc\u00e1n de Fuego - Noticias Radio Reflejos","og_description":"El descenso de material por las laderas del volc\u00e1n y la ca\u00edda de cenizas tambi\u00e9n hab\u00edan llevado a cerrar por \u00abprevenci\u00f3n\u00bb dos tramos de la ruta RN-14 cercanos a la ciudad de Antigua, la capital colonial de Guatemala y principal centro tur\u00edstico del pa\u00eds.","og_url":"https:\/\/www.noticiasradioreflejos.com.ar\/2021\/cierran-el-principal-aeropuerto-de-guatemala-por-la-erupcion-del-volcan-de-fuego\/","og_site_name":"Noticias Radio Reflejos","article_published_time":"2022-12-12T10:19:45+00:00","og_image":[{"url":"https:\/\/www.telam.com.ar\/thumbs\/bluesteel\/advf\/imagenes\/2022\/12\/6395bba6a0889_1200.jpg","type":"","width":"","height":""}],"author":"Arnaldo Botto","twitter_card":"summary_large_image","schema":{"@context":"https:\/\/schema.org","@graph":[{"@type":"WebPage","@id":"https:\/\/www.noticiasradioreflejos.com.ar\/2021\/cierran-el-principal-aeropuerto-de-guatemala-por-la-erupcion-del-volcan-de-fuego\/","url":"https:\/\/www.noticiasradioreflejos.com.ar\/2021\/cierran-el-principal-aeropuerto-de-guatemala-por-la-erupcion-del-volcan-de-fuego\/","name":"Cierran el principal aeropuerto de Guatemala por la erupci\u00f3n del volc\u00e1n de Fuego - Noticias Radio Reflejos","isPartOf":{"@id":"https:\/\/www.noticiasradioreflejos.com.ar\/2021\/#website"},"primaryImageOfPage":{"@id":"https:\/\/www.noticiasradioreflejos.com.ar\/2021\/cierran-el-principal-aeropuerto-de-guatemala-por-la-erupcion-del-volcan-de-fuego\/#primaryimage"},"image":{"@id":"https:\/\/www.noticiasradioreflejos.com.ar\/2021\/cierran-el-principal-aeropuerto-de-guatemala-por-la-erupcion-del-volcan-de-fuego\/#primaryimage"},"thumbnailUrl":"https:\/\/www.telam.com.ar\/thumbs\/bluesteel\/advf\/imagenes\/2022\/12\/6395bba6a0889_1200.jpg","datePublished":"2022-12-12T10:19:45+00:00","author":{"@id":"https:\/\/www.noticiasradioreflejos.com.ar\/2021\/#\/schema\/person\/ad82545263dcc5ec0996818884fd5fb1"},"breadcrumb":{"@id":"https:\/\/www.noticiasradioreflejos.com.ar\/2021\/cierran-el-principal-aeropuerto-de-guatemala-por-la-erupcion-del-volcan-de-fuego\/#breadcrumb"},"inLanguage":"es","potentialAction":[{"@type":"ReadAction","target":["https:\/\/www.noticiasradioreflejos.com.ar\/2021\/cierran-el-principal-aeropuerto-de-guatemala-por-la-erupcion-del-volcan-de-fuego\/"]}]},{"@type":"ImageObject","inLanguage":"es","@id":"https:\/\/www.noticiasradioreflejos.com.ar\/2021\/cierran-el-principal-aeropuerto-de-guatemala-por-la-erupcion-del-volcan-de-fuego\/#primaryimage","url":"https:\/\/www.telam.com.ar\/thumbs\/bluesteel\/advf\/imagenes\/2022\/12\/6395bba6a0889_1200.jpg","contentUrl":"https:\/\/www.telam.com.ar\/thumbs\/bluesteel\/advf\/imagenes\/2022\/12\/6395bba6a0889_1200.jpg"},{"@type":"BreadcrumbList","@id":"https:\/\/www.noticiasradioreflejos.com.ar\/2021\/cierran-el-principal-aeropuerto-de-guatemala-por-la-erupcion-del-volcan-de-fuego\/#breadcrumb","itemListElement":[{"@type":"ListItem","position":1,"name":"Portada","item":"https:\/\/www.noticiasradioreflejos.com.ar\/2021\/"},{"@type":"ListItem","position":2,"name":"Cierran el principal aeropuerto de Guatemala por la erupci\u00f3n del volc\u00e1n de Fuego"}]},{"@type":"WebSite","@id":"https:\/\/www.noticiasradioreflejos.com.ar\/2021\/#website","url":"https:\/\/www.noticiasradioreflejos.com.ar\/2021\/","name":"Noticias Radio Reflejos","description":"Las noticias de mi comarca","potentialAction":[{"@type":"SearchAction","target":{"@type":"EntryPoint","urlTemplate":"https:\/\/www.noticiasradioreflejos.com.ar\/2021\/?s={search_term_string}"},"query-input":{"@type":"PropertyValueSpecification","valueRequired":true,"valueName":"search_term_string"}}],"inLanguage":"es"},{"@type":"Person","@id":"https:\/\/www.noticiasradioreflejos.com.ar\/2021\/#\/schema\/person\/ad82545263dcc5ec0996818884fd5fb1","name":"Arnaldo Botto","image":{"@type":"ImageObject","inLanguage":"es","@id":"https:\/\/www.noticiasradioreflejos.com.ar\/2021\/#\/schema\/person\/image\/","url":"https:\/\/secure.gravatar.com\/avatar\/55cb5e37c1efa326397366e6974cb338056df65cb50e7d64d1cf314e87504837?s=96&d=mm&r=g","contentUrl":"https:\/\/secure.gravatar.com\/avatar\/55cb5e37c1efa326397366e6974cb338056df65cb50e7d64d1cf314e87504837?s=96&d=mm&r=g","caption":"Arnaldo Botto"},"url":"https:\/\/www.noticiasradioreflejos.com.ar\/2021\/author\/arnaldo\/"}]}},"_links":{"self":[{"href":"https:\/\/www.noticiasradioreflejos.com.ar\/2021\/wp-json\/wp\/v2\/posts\/81245","targetHints":{"allow":["GET"]}}],"collection":[{"href":"https:\/\/www.noticiasradioreflejos.com.ar\/2021\/wp-json\/wp\/v2\/posts"}],"about":[{"href":"https:\/\/www.noticiasradioreflejos.com.ar\/2021\/wp-json\/wp\/v2\/types\/post"}],"author":[{"embeddable":true,"href":"https:\/\/www.noticiasradioreflejos.com.ar\/2021\/wp-json\/wp\/v2\/users\/3"}],"replies":[{"embeddable":true,"href":"https:\/\/www.noticiasradioreflejos.com.ar\/2021\/wp-json\/wp\/v2\/comments?post=81245"}],"version-history":[{"count":1,"href":"https:\/\/www.noticiasradioreflejos.com.ar\/2021\/wp-json\/wp\/v2\/posts\/81245\/revisions"}],"predecessor-version":[{"id":81247,"href":"https:\/\/www.noticiasradioreflejos.com.ar\/2021\/wp-json\/wp\/v2\/posts\/81245\/revisions\/81247"}],"wp:attachment":[{"href":"https:\/\/www.noticiasradioreflejos.com.ar\/2021\/wp-json\/wp\/v2\/media?parent=81245"}],"wp:term":[{"taxonomy":"category","embeddable":true,"href":"https:\/\/www.noticiasradioreflejos.com.ar\/2021\/wp-json\/wp\/v2\/categories?post=81245"},{"taxonomy":"post_tag","embeddable":true,"href":"https:\/\/www.noticiasradioreflejos.com.ar\/2021\/wp-json\/wp\/v2\/tags?post=81245"}],"curies":[{"name":"wp","href":"https:\/\/api.w.org\/{rel}","templated":true}]}}