{"id":81242,"date":"2022-12-12T10:17:00","date_gmt":"2022-12-12T10:17:00","guid":{"rendered":"http:\/\/www.noticiasradioreflejos.com.ar\/2021\/?p=81242"},"modified":"2022-12-12T10:17:00","modified_gmt":"2022-12-12T10:17:00","slug":"el-enre-sanciono-a-edesur-y-edenor-por-los-prolongados-cortes-de-energia","status":"publish","type":"post","link":"https:\/\/www.noticiasradioreflejos.com.ar\/2021\/el-enre-sanciono-a-edesur-y-edenor-por-los-prolongados-cortes-de-energia\/","title":{"rendered":"El ENRE sancion\u00f3 a Edesur y Edenor por los prolongados cortes de energ\u00eda"},"content":{"rendered":"<p>Los tiempos de reposici\u00f3n que figuran en el contrato de concesi\u00f3n estuvieron excedidos, por lo que el ENRE intim\u00f3 a Edesur y Edenor a que en 24 horas deben reponer el servicio a la totalidad de los usuarios, y en caso de no cumplir, recibir\u00e1n nuevas sanciones.<!--more--><\/p>\n<figure class=\"mb-3\"><img decoding=\"async\" src=\"https:\/\/www.telam.com.ar\/thumbs\/bluesteel\/advf\/imagenes\/2019\/06\/5d08eaa6b80d8_1200.jpg\" alt=\"Ms de 570 mil usuarios fueron afectados por los cortes\" width=\"100%\" height=\"100%\" \/><\/p>\n<div class=\"media-icons\"><\/div><figcaption><\/figcaption><\/figure>\n<p>El interventor del ENRE (Ente Nacional Regulador de Electricidad), W\u00e1lter Martello, sancionar\u00e1 y embargar\u00e1 a las distribuidoras el\u00e9ctricas Edesur y Edenor por los cortes y las demoras en la reposici\u00f3n del servicio a\u00a0<strong>m\u00e1s de 570 mil usuarios este fin de semana.<\/strong><\/p>\n<p>Desde septiembre,<strong>\u00a0las multas ascienden a 687 millones de pesos para Edesur y 293 para Edenor.<\/strong><\/p>\n<p>Martello inici\u00f3 el proceso de aplicaci\u00f3n de sanciones por los m\u00e1s de 570 mil personas afectadas por las interrupciones del servicio, 409.000 de Edesur y 170 mil de Edenor, se inform\u00f3 en un comunicado.<\/p>\n<blockquote class=\"\"><p>Los totales por d\u00eda fueron 184.857 el jueves, 274.407 el viernes y 121.850 el s\u00e1bado, mientras que algunos cortes contin\u00faan este domingo.<\/p><\/blockquote>\n<p>Los tiempos de reposici\u00f3n que figuran en el contrato de concesi\u00f3n estuvieron excedidos, por lo que el ENRE intim\u00f3 a Edesur y Edenor a que en 24 horas deben reponer el servicio a la totalidad de los usuarios, y en caso de no cumplir, recibir\u00e1n nuevas sanciones.<\/p>\n<p>Adem\u00e1s,\u00a0<strong>el ENRE orden\u00f3 a las empresas que si la interrupci\u00f3n del servicio excedi\u00f3 las 36 horas, se deben aplicar en forma autom\u00e1tica la bonificaci\u00f3n por corte prolongado<\/strong>\u00a0y se deben informar los nombres de las personas alcanzadas por los descuentos.<\/p>\n<p>Seg\u00fan la \u00faltima actualizaci\u00f3n brindada por el ENRE sobre el servicio el\u00e9ctrico de Edesur, a las 18.30 se registraban 33.372 usuarios sin suministro.\u00a0En tanto, a la misma hora, el ENRE indic\u00f3 sobre 11.603 usuarios de Edenor en la misma condici\u00f3n.<\/p>\n","protected":false},"excerpt":{"rendered":"<p>Los tiempos de reposici\u00f3n que figuran en el contrato de concesi\u00f3n estuvieron excedidos, por lo que el ENRE intim\u00f3 a Edesur y Edenor a que en 24 horas deben reponer el servicio a la totalidad de los usuarios, y en caso de no cumplir, recibir\u00e1n nuevas sanciones.<\/p>\n","protected":false},"author":3,"featured_media":0,"comment_status":"closed","ping_status":"closed","sticky":false,"template":"","format":"standard","meta":{"footnotes":""},"categories":[58,26],"tags":[],"class_list":["post-81242","post","type-post","status-publish","format-standard","hentry","category-gobierno","category-sociedad"],"yoast_head":"<!-- This site is optimized with the Yoast SEO plugin v25.9 - https:\/\/yoast.com\/wordpress\/plugins\/seo\/ -->\n<title>El ENRE sancion\u00f3 a Edesur y Edenor por los prolongados cortes de energ\u00eda - Noticias Radio Reflejos<\/title>\n<meta name=\"robots\" content=\"index, follow, max-snippet:-1, max-image-preview:large, max-video-preview:-1\" \/>\n<link rel=\"canonical\" href=\"https:\/\/www.noticiasradioreflejos.com.ar\/2021\/el-enre-sanciono-a-edesur-y-edenor-por-los-prolongados-cortes-de-energia\/\" \/>\n<meta property=\"og:locale\" content=\"es_ES\" \/>\n<meta property=\"og:type\" content=\"article\" \/>\n<meta property=\"og:title\" content=\"El ENRE sancion\u00f3 a Edesur y Edenor por los prolongados cortes de energ\u00eda - Noticias Radio Reflejos\" \/>\n<meta property=\"og:description\" content=\"Los tiempos de reposici\u00f3n que figuran en el contrato de concesi\u00f3n estuvieron excedidos, por lo que el ENRE intim\u00f3 a Edesur y Edenor a que en 24 horas deben reponer el servicio a la totalidad de los usuarios, y en caso de no cumplir, recibir\u00e1n nuevas sanciones.\" \/>\n<meta property=\"og:url\" content=\"https:\/\/www.noticiasradioreflejos.com.ar\/2021\/el-enre-sanciono-a-edesur-y-edenor-por-los-prolongados-cortes-de-energia\/\" \/>\n<meta property=\"og:site_name\" content=\"Noticias Radio Reflejos\" \/>\n<meta property=\"article:published_time\" content=\"2022-12-12T10:17:00+00:00\" \/>\n<meta property=\"og:image\" content=\"https:\/\/www.telam.com.ar\/thumbs\/bluesteel\/advf\/imagenes\/2019\/06\/5d08eaa6b80d8_1200.jpg\" \/>\n<meta name=\"author\" content=\"Arnaldo Botto\" \/>\n<meta name=\"twitter:card\" content=\"summary_large_image\" \/>\n<script type=\"application\/ld+json\" class=\"yoast-schema-graph\">{\"@context\":\"https:\/\/schema.org\",\"@graph\":[{\"@type\":\"WebPage\",\"@id\":\"https:\/\/www.noticiasradioreflejos.com.ar\/2021\/el-enre-sanciono-a-edesur-y-edenor-por-los-prolongados-cortes-de-energia\/\",\"url\":\"https:\/\/www.noticiasradioreflejos.com.ar\/2021\/el-enre-sanciono-a-edesur-y-edenor-por-los-prolongados-cortes-de-energia\/\",\"name\":\"El ENRE sancion\u00f3 a Edesur y Edenor por los prolongados cortes de energ\u00eda - Noticias Radio Reflejos\",\"isPartOf\":{\"@id\":\"https:\/\/www.noticiasradioreflejos.com.ar\/2021\/#website\"},\"primaryImageOfPage\":{\"@id\":\"https:\/\/www.noticiasradioreflejos.com.ar\/2021\/el-enre-sanciono-a-edesur-y-edenor-por-los-prolongados-cortes-de-energia\/#primaryimage\"},\"image\":{\"@id\":\"https:\/\/www.noticiasradioreflejos.com.ar\/2021\/el-enre-sanciono-a-edesur-y-edenor-por-los-prolongados-cortes-de-energia\/#primaryimage\"},\"thumbnailUrl\":\"https:\/\/www.telam.com.ar\/thumbs\/bluesteel\/advf\/imagenes\/2019\/06\/5d08eaa6b80d8_1200.jpg\",\"datePublished\":\"2022-12-12T10:17:00+00:00\",\"author\":{\"@id\":\"https:\/\/www.noticiasradioreflejos.com.ar\/2021\/#\/schema\/person\/ad82545263dcc5ec0996818884fd5fb1\"},\"breadcrumb\":{\"@id\":\"https:\/\/www.noticiasradioreflejos.com.ar\/2021\/el-enre-sanciono-a-edesur-y-edenor-por-los-prolongados-cortes-de-energia\/#breadcrumb\"},\"inLanguage\":\"es\",\"potentialAction\":[{\"@type\":\"ReadAction\",\"target\":[\"https:\/\/www.noticiasradioreflejos.com.ar\/2021\/el-enre-sanciono-a-edesur-y-edenor-por-los-prolongados-cortes-de-energia\/\"]}]},{\"@type\":\"ImageObject\",\"inLanguage\":\"es\",\"@id\":\"https:\/\/www.noticiasradioreflejos.com.ar\/2021\/el-enre-sanciono-a-edesur-y-edenor-por-los-prolongados-cortes-de-energia\/#primaryimage\",\"url\":\"https:\/\/www.telam.com.ar\/thumbs\/bluesteel\/advf\/imagenes\/2019\/06\/5d08eaa6b80d8_1200.jpg\",\"contentUrl\":\"https:\/\/www.telam.com.ar\/thumbs\/bluesteel\/advf\/imagenes\/2019\/06\/5d08eaa6b80d8_1200.jpg\"},{\"@type\":\"BreadcrumbList\",\"@id\":\"https:\/\/www.noticiasradioreflejos.com.ar\/2021\/el-enre-sanciono-a-edesur-y-edenor-por-los-prolongados-cortes-de-energia\/#breadcrumb\",\"itemListElement\":[{\"@type\":\"ListItem\",\"position\":1,\"name\":\"Portada\",\"item\":\"https:\/\/www.noticiasradioreflejos.com.ar\/2021\/\"},{\"@type\":\"ListItem\",\"position\":2,\"name\":\"El ENRE sancion\u00f3 a Edesur y Edenor por los prolongados cortes de energ\u00eda\"}]},{\"@type\":\"WebSite\",\"@id\":\"https:\/\/www.noticiasradioreflejos.com.ar\/2021\/#website\",\"url\":\"https:\/\/www.noticiasradioreflejos.com.ar\/2021\/\",\"name\":\"Noticias Radio Reflejos\",\"description\":\"Las noticias de mi comarca\",\"potentialAction\":[{\"@type\":\"SearchAction\",\"target\":{\"@type\":\"EntryPoint\",\"urlTemplate\":\"https:\/\/www.noticiasradioreflejos.com.ar\/2021\/?s={search_term_string}\"},\"query-input\":{\"@type\":\"PropertyValueSpecification\",\"valueRequired\":true,\"valueName\":\"search_term_string\"}}],\"inLanguage\":\"es\"},{\"@type\":\"Person\",\"@id\":\"https:\/\/www.noticiasradioreflejos.com.ar\/2021\/#\/schema\/person\/ad82545263dcc5ec0996818884fd5fb1\",\"name\":\"Arnaldo Botto\",\"image\":{\"@type\":\"ImageObject\",\"inLanguage\":\"es\",\"@id\":\"https:\/\/www.noticiasradioreflejos.com.ar\/2021\/#\/schema\/person\/image\/\",\"url\":\"https:\/\/secure.gravatar.com\/avatar\/55cb5e37c1efa326397366e6974cb338056df65cb50e7d64d1cf314e87504837?s=96&d=mm&r=g\",\"contentUrl\":\"https:\/\/secure.gravatar.com\/avatar\/55cb5e37c1efa326397366e6974cb338056df65cb50e7d64d1cf314e87504837?s=96&d=mm&r=g\",\"caption\":\"Arnaldo Botto\"},\"url\":\"https:\/\/www.noticiasradioreflejos.com.ar\/2021\/author\/arnaldo\/\"}]}<\/script>\n<!-- \/ Yoast SEO plugin. -->","yoast_head_json":{"title":"El ENRE sancion\u00f3 a Edesur y Edenor por los prolongados cortes de energ\u00eda - Noticias Radio Reflejos","robots":{"index":"index","follow":"follow","max-snippet":"max-snippet:-1","max-image-preview":"max-image-preview:large","max-video-preview":"max-video-preview:-1"},"canonical":"https:\/\/www.noticiasradioreflejos.com.ar\/2021\/el-enre-sanciono-a-edesur-y-edenor-por-los-prolongados-cortes-de-energia\/","og_locale":"es_ES","og_type":"article","og_title":"El ENRE sancion\u00f3 a Edesur y Edenor por los prolongados cortes de energ\u00eda - Noticias Radio Reflejos","og_description":"Los tiempos de reposici\u00f3n que figuran en el contrato de concesi\u00f3n estuvieron excedidos, por lo que el ENRE intim\u00f3 a Edesur y Edenor a que en 24 horas deben reponer el servicio a la totalidad de los usuarios, y en caso de no cumplir, recibir\u00e1n nuevas sanciones.","og_url":"https:\/\/www.noticiasradioreflejos.com.ar\/2021\/el-enre-sanciono-a-edesur-y-edenor-por-los-prolongados-cortes-de-energia\/","og_site_name":"Noticias Radio Reflejos","article_published_time":"2022-12-12T10:17:00+00:00","og_image":[{"url":"https:\/\/www.telam.com.ar\/thumbs\/bluesteel\/advf\/imagenes\/2019\/06\/5d08eaa6b80d8_1200.jpg","type":"","width":"","height":""}],"author":"Arnaldo Botto","twitter_card":"summary_large_image","schema":{"@context":"https:\/\/schema.org","@graph":[{"@type":"WebPage","@id":"https:\/\/www.noticiasradioreflejos.com.ar\/2021\/el-enre-sanciono-a-edesur-y-edenor-por-los-prolongados-cortes-de-energia\/","url":"https:\/\/www.noticiasradioreflejos.com.ar\/2021\/el-enre-sanciono-a-edesur-y-edenor-por-los-prolongados-cortes-de-energia\/","name":"El ENRE sancion\u00f3 a Edesur y Edenor por los prolongados cortes de energ\u00eda - Noticias Radio Reflejos","isPartOf":{"@id":"https:\/\/www.noticiasradioreflejos.com.ar\/2021\/#website"},"primaryImageOfPage":{"@id":"https:\/\/www.noticiasradioreflejos.com.ar\/2021\/el-enre-sanciono-a-edesur-y-edenor-por-los-prolongados-cortes-de-energia\/#primaryimage"},"image":{"@id":"https:\/\/www.noticiasradioreflejos.com.ar\/2021\/el-enre-sanciono-a-edesur-y-edenor-por-los-prolongados-cortes-de-energia\/#primaryimage"},"thumbnailUrl":"https:\/\/www.telam.com.ar\/thumbs\/bluesteel\/advf\/imagenes\/2019\/06\/5d08eaa6b80d8_1200.jpg","datePublished":"2022-12-12T10:17:00+00:00","author":{"@id":"https:\/\/www.noticiasradioreflejos.com.ar\/2021\/#\/schema\/person\/ad82545263dcc5ec0996818884fd5fb1"},"breadcrumb":{"@id":"https:\/\/www.noticiasradioreflejos.com.ar\/2021\/el-enre-sanciono-a-edesur-y-edenor-por-los-prolongados-cortes-de-energia\/#breadcrumb"},"inLanguage":"es","potentialAction":[{"@type":"ReadAction","target":["https:\/\/www.noticiasradioreflejos.com.ar\/2021\/el-enre-sanciono-a-edesur-y-edenor-por-los-prolongados-cortes-de-energia\/"]}]},{"@type":"ImageObject","inLanguage":"es","@id":"https:\/\/www.noticiasradioreflejos.com.ar\/2021\/el-enre-sanciono-a-edesur-y-edenor-por-los-prolongados-cortes-de-energia\/#primaryimage","url":"https:\/\/www.telam.com.ar\/thumbs\/bluesteel\/advf\/imagenes\/2019\/06\/5d08eaa6b80d8_1200.jpg","contentUrl":"https:\/\/www.telam.com.ar\/thumbs\/bluesteel\/advf\/imagenes\/2019\/06\/5d08eaa6b80d8_1200.jpg"},{"@type":"BreadcrumbList","@id":"https:\/\/www.noticiasradioreflejos.com.ar\/2021\/el-enre-sanciono-a-edesur-y-edenor-por-los-prolongados-cortes-de-energia\/#breadcrumb","itemListElement":[{"@type":"ListItem","position":1,"name":"Portada","item":"https:\/\/www.noticiasradioreflejos.com.ar\/2021\/"},{"@type":"ListItem","position":2,"name":"El ENRE sancion\u00f3 a Edesur y Edenor por los prolongados cortes de energ\u00eda"}]},{"@type":"WebSite","@id":"https:\/\/www.noticiasradioreflejos.com.ar\/2021\/#website","url":"https:\/\/www.noticiasradioreflejos.com.ar\/2021\/","name":"Noticias Radio Reflejos","description":"Las noticias de mi comarca","potentialAction":[{"@type":"SearchAction","target":{"@type":"EntryPoint","urlTemplate":"https:\/\/www.noticiasradioreflejos.com.ar\/2021\/?s={search_term_string}"},"query-input":{"@type":"PropertyValueSpecification","valueRequired":true,"valueName":"search_term_string"}}],"inLanguage":"es"},{"@type":"Person","@id":"https:\/\/www.noticiasradioreflejos.com.ar\/2021\/#\/schema\/person\/ad82545263dcc5ec0996818884fd5fb1","name":"Arnaldo Botto","image":{"@type":"ImageObject","inLanguage":"es","@id":"https:\/\/www.noticiasradioreflejos.com.ar\/2021\/#\/schema\/person\/image\/","url":"https:\/\/secure.gravatar.com\/avatar\/55cb5e37c1efa326397366e6974cb338056df65cb50e7d64d1cf314e87504837?s=96&d=mm&r=g","contentUrl":"https:\/\/secure.gravatar.com\/avatar\/55cb5e37c1efa326397366e6974cb338056df65cb50e7d64d1cf314e87504837?s=96&d=mm&r=g","caption":"Arnaldo Botto"},"url":"https:\/\/www.noticiasradioreflejos.com.ar\/2021\/author\/arnaldo\/"}]}},"_links":{"self":[{"href":"https:\/\/www.noticiasradioreflejos.com.ar\/2021\/wp-json\/wp\/v2\/posts\/81242","targetHints":{"allow":["GET"]}}],"collection":[{"href":"https:\/\/www.noticiasradioreflejos.com.ar\/2021\/wp-json\/wp\/v2\/posts"}],"about":[{"href":"https:\/\/www.noticiasradioreflejos.com.ar\/2021\/wp-json\/wp\/v2\/types\/post"}],"author":[{"embeddable":true,"href":"https:\/\/www.noticiasradioreflejos.com.ar\/2021\/wp-json\/wp\/v2\/users\/3"}],"replies":[{"embeddable":true,"href":"https:\/\/www.noticiasradioreflejos.com.ar\/2021\/wp-json\/wp\/v2\/comments?post=81242"}],"version-history":[{"count":1,"href":"https:\/\/www.noticiasradioreflejos.com.ar\/2021\/wp-json\/wp\/v2\/posts\/81242\/revisions"}],"predecessor-version":[{"id":81244,"href":"https:\/\/www.noticiasradioreflejos.com.ar\/2021\/wp-json\/wp\/v2\/posts\/81242\/revisions\/81244"}],"wp:attachment":[{"href":"https:\/\/www.noticiasradioreflejos.com.ar\/2021\/wp-json\/wp\/v2\/media?parent=81242"}],"wp:term":[{"taxonomy":"category","embeddable":true,"href":"https:\/\/www.noticiasradioreflejos.com.ar\/2021\/wp-json\/wp\/v2\/categories?post=81242"},{"taxonomy":"post_tag","embeddable":true,"href":"https:\/\/www.noticiasradioreflejos.com.ar\/2021\/wp-json\/wp\/v2\/tags?post=81242"}],"curies":[{"name":"wp","href":"https:\/\/api.w.org\/{rel}","templated":true}]}}