{"id":81239,"date":"2022-12-12T00:33:04","date_gmt":"2022-12-12T00:33:04","guid":{"rendered":"http:\/\/www.noticiasradioreflejos.com.ar\/2021\/?p=81239"},"modified":"2022-12-12T00:33:23","modified_gmt":"2022-12-12T00:33:23","slug":"fin-de-semana-largo-12-millones-de-turistas-recorrieron-el-pais-anticipando-un-2023-record","status":"publish","type":"post","link":"https:\/\/www.noticiasradioreflejos.com.ar\/2021\/fin-de-semana-largo-12-millones-de-turistas-recorrieron-el-pais-anticipando-un-2023-record\/","title":{"rendered":"Fin de semana largo: 1,2 millones de turistas recorrieron el pa\u00eds anticipando un 2023 r\u00e9cord"},"content":{"rendered":"<p>\u00abEste fin de semana de diciembre cerr\u00f3 un a\u00f1o maravilloso para la industria del turismo y anticipa una temporada de verano que volver\u00e1 a tener cifras de movimiento muy elevadas\u00bb,\u00a0asegur\u00f3 el ministro de Mat\u00edas Lammens. Seg\u00fan\u00a0CAMEel gasto diario por persona es de $8.772.<!--more--><\/p>\n<figure class=\"mb-3\"><img decoding=\"async\" src=\"https:\/\/www.telam.com.ar\/thumbs\/bluesteel\/advf\/imagenes\/2022\/12\/6391ff1331e15_1200.jpg\" alt=\"A Mar del Plata el jueves 8 ingresaron ms de 1000 vehculos por hora y la ocupacin de las plazas hoteleras y balnearios superan el 80\" width=\"100%\" height=\"100%\" \/><\/p>\n<div class=\"media-icons\"><\/div><figcaption>A Mar del Plata, el jueves 8 ingresaron m\u00e1s de 1.000 veh\u00edculos por hora y la ocupaci\u00f3n de las plazas hoteleras y balnearios superan el 80%.<\/figcaption><\/figure>\n<p>Cerca de 1,2 mill\u00f3n de personas recorren el pa\u00eds en este \u00faltimo fin de semana largo y movilizaron $37.304 millones en el sector gastron\u00f3mico, hotelero y comercial, a la vez que se anticipa una temporada de verano con cifras de movimiento \u00abmuy elevadas\u00bb.<\/p>\n<p>\u00abEste fin de semana de diciembre cerr\u00f3 un a\u00f1o maravilloso para la industria del turismo y anticipa una temporada de verano que volver\u00e1 a tener cifras de movimiento muy elevadas\u00bb,\u00a0<strong>asegur\u00f3 el ministro de Turismo y Deportes de la Naci\u00f3n, Mat\u00edas Lammens.<\/strong><\/p>\n<p>Afirm\u00f3 que \u00abde la mano de PreViaje,\u00a0<strong>el turismo cre\u00f3 decenas de miles de puestos de trabajo durante 2022,<\/strong>\u00a0generando oportunidades en cada rinc\u00f3n del pa\u00eds. Con el impulso de la llegada de millones de turistas del extranjero, el 2023 va a ser un a\u00f1o r\u00e9cord para el sector\u00bb.<\/p>\n<p>De acuerdo a los relevamientos del Observatorio Argentino de Turismo (OAT), 1,2 millones de personas recorren el pa\u00eds y en los principales destinos del pa\u00eds, como Mar del Plata, el Partido de la Costa, Puerto Iguaz\u00fa, la Quebrada de Humahuaca, Villa Carlos Paz, la ciudad de Mendoza, San Carlos de Bariloche y El Calafate,\u00a0<strong>la ocupaci\u00f3n oscila entre el 80 y el 90%<\/strong>\u00a0en este fin de semana extralargo..<\/p>\n<p>Seg\u00fan los primeros informes, los destinos de la Costa Atl\u00e1ntica disfrutaron de un gran movimiento tur\u00edstico, rondando el 90% de ocupaci\u00f3n, lo que anticipa otra exitosa temporada de verano. De acuerdo a la Confederaci\u00f3n Argentina de la Mediana Empresa (CAME), se movilizaron $37.304 millones.<\/p>\n<p><strong>El presidente de la C\u00e1mara Argentina de Turismo (CAT), Gustavo Hani<\/strong>, dijo que \u00abtodo esto es el resultado del esfuerzo de una industria que sigue demostrando que es uno de los principales motores econ\u00f3micos del pa\u00eds\u00bb.<\/p>\n<p>\u00abCreemos que 2023 va a ser un a\u00f1o muy exitoso para el turismo argentino y nos estamos preparando para ese enorme desaf\u00edo, potenciando cada sector de nuestra industria, creciendo en puestos de empleo, actualiz\u00e1ndonos e innovando de acuerdo a las nuevas necesidades que nos plantean los turistas\u00bb, agreg\u00f3.<\/p>\n<blockquote class=\"\"><p>En los siete fines de semana largos que hubo este a\u00f1o, ya viajaron 12.479.534 turistas y dejaron un impacto econ\u00f3mico directo de $255.124 millones.<\/p><\/blockquote>\n<p><strong>CAME relev\u00f3 que los viajeros realizan un gasto diario por persona de $8.772,<\/strong>\u00a0un 8,3% superior al \u00faltimo fin de semana largo, en noviembre.<\/p>\n<p>El \u00faltimo feriado para esta fecha hab\u00eda sido en 2020: frente a ese a\u00f1o, que hubo poco movimiento por la pandemia,\u00a0<strong>viajaron 130% m\u00e1s de turistas<\/strong>, y el impacto econ\u00f3mico, medido a precios reales, se multiplic\u00f3 por cinco.<\/p>\n<p>\u00abLos empresarios del sector consultados evaluaron la fecha como muy buena, mejor de lo esperado, y consideran que es el anticipo de una gran temporada de verano\u00bb, indic\u00f3 CAME.<\/p>\n<p>En la provincia de Buenos Aires, con temperaturas que superaron los 30 grados,<strong>\u00a0las localidades de la costa vivieron un anticipo de lo que ser\u00e1 la temporada de verano<\/strong>, con un intenso arribo de visitantes y rutas muy transitadas.\u00a0<strong>A Mar del Plata, se estima que el jueves ingresaron m\u00e1s de 1.000 veh\u00edculos por hora<\/strong>\u00a0y la ocupaci\u00f3n de las plazas hoteleras y balnearios superaron el 80%.<\/p>\n<p><strong>C\u00f3rdoba fue otro destino destacado<\/strong>, con un gasto promedio diario que ronda los $9.500 por persona y una estad\u00eda de 3,8 d\u00edas, la ocupaci\u00f3n rond\u00f3 el 90% en la capital y hubo altos porcentajes de ocupaci\u00f3n en Villa Carlos Paz, San Marcos Sierras, Alta Gracia, Villa Dolores, Villa General Belgrano, La Cumbrecita, Miramar, Alpa Corral y R\u00edo Ceballos.<\/p>\n<p><strong>En Entre R\u00edo<\/strong>s, con las playas y balnearios ya habilitados en la mayor\u00eda de las ciudades,\u00a0<strong>la ocupaci\u00f3n se acerc\u00f3 al 93%<\/strong>\u00a0y se estima que se movilizaron 170 mil personas, con mayores niveles de alojamiento en Col\u00f3n, Gualguaych\u00fa, Villa Elisa y Federaci\u00f3n.<\/p>\n<p>Mendoza, Misiones y San Luis registraron una ocupaci\u00f3n promedio de 90%; mientras que Santa Cruz, San Juan y Santa Fe fue del orden del 80% en los hospedajes ofrecidos.<\/p>\n<p>En los siete fines de semana largos que hubo este a\u00f1o, ya viajaron 12.479.534 turistas y dejaron un impacto econ\u00f3mico directo de $255.124 millones.<\/p>\n","protected":false},"excerpt":{"rendered":"<p>\u00abEste fin de semana de diciembre cerr\u00f3 un a\u00f1o maravilloso para la industria del turismo y anticipa una temporada de verano que volver\u00e1 a tener cifras de movimiento muy elevadas\u00bb,\u00a0asegur\u00f3 el ministro de Mat\u00edas Lammens. Seg\u00fan\u00a0CAMEel gasto diario por persona es de $8.772.<\/p>\n","protected":false},"author":3,"featured_media":0,"comment_status":"closed","ping_status":"closed","sticky":false,"template":"","format":"standard","meta":{"footnotes":""},"categories":[36,33],"tags":[48],"class_list":["post-81239","post","type-post","status-publish","format-standard","hentry","category-economia","category-turismo","tag-destacada"],"yoast_head":"<!-- This site is optimized with the Yoast SEO plugin v25.9 - https:\/\/yoast.com\/wordpress\/plugins\/seo\/ -->\n<title>Fin de semana largo: 1,2 millones de turistas recorrieron el pa\u00eds anticipando un 2023 r\u00e9cord - Noticias Radio Reflejos<\/title>\n<meta name=\"robots\" content=\"index, follow, max-snippet:-1, max-image-preview:large, max-video-preview:-1\" \/>\n<link rel=\"canonical\" href=\"https:\/\/www.noticiasradioreflejos.com.ar\/2021\/fin-de-semana-largo-12-millones-de-turistas-recorrieron-el-pais-anticipando-un-2023-record\/\" \/>\n<meta property=\"og:locale\" content=\"es_ES\" \/>\n<meta property=\"og:type\" content=\"article\" \/>\n<meta property=\"og:title\" content=\"Fin de semana largo: 1,2 millones de turistas recorrieron el pa\u00eds anticipando un 2023 r\u00e9cord - Noticias Radio Reflejos\" \/>\n<meta property=\"og:description\" content=\"\u00abEste fin de semana de diciembre cerr\u00f3 un a\u00f1o maravilloso para la industria del turismo y anticipa una temporada de verano que volver\u00e1 a tener cifras de movimiento muy elevadas\u00bb,\u00a0asegur\u00f3 el ministro de Mat\u00edas Lammens. Seg\u00fan\u00a0CAMEel gasto diario por persona es de $8.772.\" \/>\n<meta property=\"og:url\" content=\"https:\/\/www.noticiasradioreflejos.com.ar\/2021\/fin-de-semana-largo-12-millones-de-turistas-recorrieron-el-pais-anticipando-un-2023-record\/\" \/>\n<meta property=\"og:site_name\" content=\"Noticias Radio Reflejos\" \/>\n<meta property=\"article:published_time\" content=\"2022-12-12T00:33:04+00:00\" \/>\n<meta property=\"article:modified_time\" content=\"2022-12-12T00:33:23+00:00\" \/>\n<meta property=\"og:image\" content=\"https:\/\/www.telam.com.ar\/thumbs\/bluesteel\/advf\/imagenes\/2022\/12\/6391ff1331e15_1200.jpg\" \/>\n<meta name=\"author\" content=\"Arnaldo Botto\" \/>\n<meta name=\"twitter:card\" content=\"summary_large_image\" \/>\n<script type=\"application\/ld+json\" class=\"yoast-schema-graph\">{\"@context\":\"https:\/\/schema.org\",\"@graph\":[{\"@type\":\"WebPage\",\"@id\":\"https:\/\/www.noticiasradioreflejos.com.ar\/2021\/fin-de-semana-largo-12-millones-de-turistas-recorrieron-el-pais-anticipando-un-2023-record\/\",\"url\":\"https:\/\/www.noticiasradioreflejos.com.ar\/2021\/fin-de-semana-largo-12-millones-de-turistas-recorrieron-el-pais-anticipando-un-2023-record\/\",\"name\":\"Fin de semana largo: 1,2 millones de turistas recorrieron el pa\u00eds anticipando un 2023 r\u00e9cord - Noticias Radio Reflejos\",\"isPartOf\":{\"@id\":\"https:\/\/www.noticiasradioreflejos.com.ar\/2021\/#website\"},\"primaryImageOfPage\":{\"@id\":\"https:\/\/www.noticiasradioreflejos.com.ar\/2021\/fin-de-semana-largo-12-millones-de-turistas-recorrieron-el-pais-anticipando-un-2023-record\/#primaryimage\"},\"image\":{\"@id\":\"https:\/\/www.noticiasradioreflejos.com.ar\/2021\/fin-de-semana-largo-12-millones-de-turistas-recorrieron-el-pais-anticipando-un-2023-record\/#primaryimage\"},\"thumbnailUrl\":\"https:\/\/www.telam.com.ar\/thumbs\/bluesteel\/advf\/imagenes\/2022\/12\/6391ff1331e15_1200.jpg\",\"datePublished\":\"2022-12-12T00:33:04+00:00\",\"dateModified\":\"2022-12-12T00:33:23+00:00\",\"author\":{\"@id\":\"https:\/\/www.noticiasradioreflejos.com.ar\/2021\/#\/schema\/person\/ad82545263dcc5ec0996818884fd5fb1\"},\"breadcrumb\":{\"@id\":\"https:\/\/www.noticiasradioreflejos.com.ar\/2021\/fin-de-semana-largo-12-millones-de-turistas-recorrieron-el-pais-anticipando-un-2023-record\/#breadcrumb\"},\"inLanguage\":\"es\",\"potentialAction\":[{\"@type\":\"ReadAction\",\"target\":[\"https:\/\/www.noticiasradioreflejos.com.ar\/2021\/fin-de-semana-largo-12-millones-de-turistas-recorrieron-el-pais-anticipando-un-2023-record\/\"]}]},{\"@type\":\"ImageObject\",\"inLanguage\":\"es\",\"@id\":\"https:\/\/www.noticiasradioreflejos.com.ar\/2021\/fin-de-semana-largo-12-millones-de-turistas-recorrieron-el-pais-anticipando-un-2023-record\/#primaryimage\",\"url\":\"https:\/\/www.telam.com.ar\/thumbs\/bluesteel\/advf\/imagenes\/2022\/12\/6391ff1331e15_1200.jpg\",\"contentUrl\":\"https:\/\/www.telam.com.ar\/thumbs\/bluesteel\/advf\/imagenes\/2022\/12\/6391ff1331e15_1200.jpg\"},{\"@type\":\"BreadcrumbList\",\"@id\":\"https:\/\/www.noticiasradioreflejos.com.ar\/2021\/fin-de-semana-largo-12-millones-de-turistas-recorrieron-el-pais-anticipando-un-2023-record\/#breadcrumb\",\"itemListElement\":[{\"@type\":\"ListItem\",\"position\":1,\"name\":\"Portada\",\"item\":\"https:\/\/www.noticiasradioreflejos.com.ar\/2021\/\"},{\"@type\":\"ListItem\",\"position\":2,\"name\":\"Fin de semana largo: 1,2 millones de turistas recorrieron el pa\u00eds anticipando un 2023 r\u00e9cord\"}]},{\"@type\":\"WebSite\",\"@id\":\"https:\/\/www.noticiasradioreflejos.com.ar\/2021\/#website\",\"url\":\"https:\/\/www.noticiasradioreflejos.com.ar\/2021\/\",\"name\":\"Noticias Radio Reflejos\",\"description\":\"Las noticias de mi comarca\",\"potentialAction\":[{\"@type\":\"SearchAction\",\"target\":{\"@type\":\"EntryPoint\",\"urlTemplate\":\"https:\/\/www.noticiasradioreflejos.com.ar\/2021\/?s={search_term_string}\"},\"query-input\":{\"@type\":\"PropertyValueSpecification\",\"valueRequired\":true,\"valueName\":\"search_term_string\"}}],\"inLanguage\":\"es\"},{\"@type\":\"Person\",\"@id\":\"https:\/\/www.noticiasradioreflejos.com.ar\/2021\/#\/schema\/person\/ad82545263dcc5ec0996818884fd5fb1\",\"name\":\"Arnaldo Botto\",\"image\":{\"@type\":\"ImageObject\",\"inLanguage\":\"es\",\"@id\":\"https:\/\/www.noticiasradioreflejos.com.ar\/2021\/#\/schema\/person\/image\/\",\"url\":\"https:\/\/secure.gravatar.com\/avatar\/55cb5e37c1efa326397366e6974cb338056df65cb50e7d64d1cf314e87504837?s=96&d=mm&r=g\",\"contentUrl\":\"https:\/\/secure.gravatar.com\/avatar\/55cb5e37c1efa326397366e6974cb338056df65cb50e7d64d1cf314e87504837?s=96&d=mm&r=g\",\"caption\":\"Arnaldo Botto\"},\"url\":\"https:\/\/www.noticiasradioreflejos.com.ar\/2021\/author\/arnaldo\/\"}]}<\/script>\n<!-- \/ Yoast SEO plugin. -->","yoast_head_json":{"title":"Fin de semana largo: 1,2 millones de turistas recorrieron el pa\u00eds anticipando un 2023 r\u00e9cord - Noticias Radio Reflejos","robots":{"index":"index","follow":"follow","max-snippet":"max-snippet:-1","max-image-preview":"max-image-preview:large","max-video-preview":"max-video-preview:-1"},"canonical":"https:\/\/www.noticiasradioreflejos.com.ar\/2021\/fin-de-semana-largo-12-millones-de-turistas-recorrieron-el-pais-anticipando-un-2023-record\/","og_locale":"es_ES","og_type":"article","og_title":"Fin de semana largo: 1,2 millones de turistas recorrieron el pa\u00eds anticipando un 2023 r\u00e9cord - Noticias Radio Reflejos","og_description":"\u00abEste fin de semana de diciembre cerr\u00f3 un a\u00f1o maravilloso para la industria del turismo y anticipa una temporada de verano que volver\u00e1 a tener cifras de movimiento muy elevadas\u00bb,\u00a0asegur\u00f3 el ministro de Mat\u00edas Lammens. Seg\u00fan\u00a0CAMEel gasto diario por persona es de $8.772.","og_url":"https:\/\/www.noticiasradioreflejos.com.ar\/2021\/fin-de-semana-largo-12-millones-de-turistas-recorrieron-el-pais-anticipando-un-2023-record\/","og_site_name":"Noticias Radio Reflejos","article_published_time":"2022-12-12T00:33:04+00:00","article_modified_time":"2022-12-12T00:33:23+00:00","og_image":[{"url":"https:\/\/www.telam.com.ar\/thumbs\/bluesteel\/advf\/imagenes\/2022\/12\/6391ff1331e15_1200.jpg","type":"","width":"","height":""}],"author":"Arnaldo Botto","twitter_card":"summary_large_image","schema":{"@context":"https:\/\/schema.org","@graph":[{"@type":"WebPage","@id":"https:\/\/www.noticiasradioreflejos.com.ar\/2021\/fin-de-semana-largo-12-millones-de-turistas-recorrieron-el-pais-anticipando-un-2023-record\/","url":"https:\/\/www.noticiasradioreflejos.com.ar\/2021\/fin-de-semana-largo-12-millones-de-turistas-recorrieron-el-pais-anticipando-un-2023-record\/","name":"Fin de semana largo: 1,2 millones de turistas recorrieron el pa\u00eds anticipando un 2023 r\u00e9cord - Noticias Radio Reflejos","isPartOf":{"@id":"https:\/\/www.noticiasradioreflejos.com.ar\/2021\/#website"},"primaryImageOfPage":{"@id":"https:\/\/www.noticiasradioreflejos.com.ar\/2021\/fin-de-semana-largo-12-millones-de-turistas-recorrieron-el-pais-anticipando-un-2023-record\/#primaryimage"},"image":{"@id":"https:\/\/www.noticiasradioreflejos.com.ar\/2021\/fin-de-semana-largo-12-millones-de-turistas-recorrieron-el-pais-anticipando-un-2023-record\/#primaryimage"},"thumbnailUrl":"https:\/\/www.telam.com.ar\/thumbs\/bluesteel\/advf\/imagenes\/2022\/12\/6391ff1331e15_1200.jpg","datePublished":"2022-12-12T00:33:04+00:00","dateModified":"2022-12-12T00:33:23+00:00","author":{"@id":"https:\/\/www.noticiasradioreflejos.com.ar\/2021\/#\/schema\/person\/ad82545263dcc5ec0996818884fd5fb1"},"breadcrumb":{"@id":"https:\/\/www.noticiasradioreflejos.com.ar\/2021\/fin-de-semana-largo-12-millones-de-turistas-recorrieron-el-pais-anticipando-un-2023-record\/#breadcrumb"},"inLanguage":"es","potentialAction":[{"@type":"ReadAction","target":["https:\/\/www.noticiasradioreflejos.com.ar\/2021\/fin-de-semana-largo-12-millones-de-turistas-recorrieron-el-pais-anticipando-un-2023-record\/"]}]},{"@type":"ImageObject","inLanguage":"es","@id":"https:\/\/www.noticiasradioreflejos.com.ar\/2021\/fin-de-semana-largo-12-millones-de-turistas-recorrieron-el-pais-anticipando-un-2023-record\/#primaryimage","url":"https:\/\/www.telam.com.ar\/thumbs\/bluesteel\/advf\/imagenes\/2022\/12\/6391ff1331e15_1200.jpg","contentUrl":"https:\/\/www.telam.com.ar\/thumbs\/bluesteel\/advf\/imagenes\/2022\/12\/6391ff1331e15_1200.jpg"},{"@type":"BreadcrumbList","@id":"https:\/\/www.noticiasradioreflejos.com.ar\/2021\/fin-de-semana-largo-12-millones-de-turistas-recorrieron-el-pais-anticipando-un-2023-record\/#breadcrumb","itemListElement":[{"@type":"ListItem","position":1,"name":"Portada","item":"https:\/\/www.noticiasradioreflejos.com.ar\/2021\/"},{"@type":"ListItem","position":2,"name":"Fin de semana largo: 1,2 millones de turistas recorrieron el pa\u00eds anticipando un 2023 r\u00e9cord"}]},{"@type":"WebSite","@id":"https:\/\/www.noticiasradioreflejos.com.ar\/2021\/#website","url":"https:\/\/www.noticiasradioreflejos.com.ar\/2021\/","name":"Noticias Radio Reflejos","description":"Las noticias de mi comarca","potentialAction":[{"@type":"SearchAction","target":{"@type":"EntryPoint","urlTemplate":"https:\/\/www.noticiasradioreflejos.com.ar\/2021\/?s={search_term_string}"},"query-input":{"@type":"PropertyValueSpecification","valueRequired":true,"valueName":"search_term_string"}}],"inLanguage":"es"},{"@type":"Person","@id":"https:\/\/www.noticiasradioreflejos.com.ar\/2021\/#\/schema\/person\/ad82545263dcc5ec0996818884fd5fb1","name":"Arnaldo Botto","image":{"@type":"ImageObject","inLanguage":"es","@id":"https:\/\/www.noticiasradioreflejos.com.ar\/2021\/#\/schema\/person\/image\/","url":"https:\/\/secure.gravatar.com\/avatar\/55cb5e37c1efa326397366e6974cb338056df65cb50e7d64d1cf314e87504837?s=96&d=mm&r=g","contentUrl":"https:\/\/secure.gravatar.com\/avatar\/55cb5e37c1efa326397366e6974cb338056df65cb50e7d64d1cf314e87504837?s=96&d=mm&r=g","caption":"Arnaldo Botto"},"url":"https:\/\/www.noticiasradioreflejos.com.ar\/2021\/author\/arnaldo\/"}]}},"_links":{"self":[{"href":"https:\/\/www.noticiasradioreflejos.com.ar\/2021\/wp-json\/wp\/v2\/posts\/81239","targetHints":{"allow":["GET"]}}],"collection":[{"href":"https:\/\/www.noticiasradioreflejos.com.ar\/2021\/wp-json\/wp\/v2\/posts"}],"about":[{"href":"https:\/\/www.noticiasradioreflejos.com.ar\/2021\/wp-json\/wp\/v2\/types\/post"}],"author":[{"embeddable":true,"href":"https:\/\/www.noticiasradioreflejos.com.ar\/2021\/wp-json\/wp\/v2\/users\/3"}],"replies":[{"embeddable":true,"href":"https:\/\/www.noticiasradioreflejos.com.ar\/2021\/wp-json\/wp\/v2\/comments?post=81239"}],"version-history":[{"count":1,"href":"https:\/\/www.noticiasradioreflejos.com.ar\/2021\/wp-json\/wp\/v2\/posts\/81239\/revisions"}],"predecessor-version":[{"id":81241,"href":"https:\/\/www.noticiasradioreflejos.com.ar\/2021\/wp-json\/wp\/v2\/posts\/81239\/revisions\/81241"}],"wp:attachment":[{"href":"https:\/\/www.noticiasradioreflejos.com.ar\/2021\/wp-json\/wp\/v2\/media?parent=81239"}],"wp:term":[{"taxonomy":"category","embeddable":true,"href":"https:\/\/www.noticiasradioreflejos.com.ar\/2021\/wp-json\/wp\/v2\/categories?post=81239"},{"taxonomy":"post_tag","embeddable":true,"href":"https:\/\/www.noticiasradioreflejos.com.ar\/2021\/wp-json\/wp\/v2\/tags?post=81239"}],"curies":[{"name":"wp","href":"https:\/\/api.w.org\/{rel}","templated":true}]}}