{"id":81234,"date":"2022-12-11T16:47:45","date_gmt":"2022-12-11T16:47:45","guid":{"rendered":"http:\/\/www.noticiasradioreflejos.com.ar\/2021\/?p=81234"},"modified":"2022-12-11T16:47:45","modified_gmt":"2022-12-11T16:47:45","slug":"las-montanas-que-albergan-el-80-de-agua-dulce-mundial-estan-en-riesgo","status":"publish","type":"post","link":"https:\/\/www.noticiasradioreflejos.com.ar\/2021\/las-montanas-que-albergan-el-80-de-agua-dulce-mundial-estan-en-riesgo\/","title":{"rendered":"Las monta\u00f1as, que albergan el 80% de agua dulce mundial, est\u00e1n en riesgo"},"content":{"rendered":"<p>Una investigadora del Conicet advirti\u00f3 que la destrucci\u00f3n de estos ecosistemas, que ocupan el 27% del planeta, se debe a los avances de la miner\u00eda, una situaci\u00f3n que pone en riesgo el h\u00e1bitat de comunidades ind\u00edgenas y condiciona el normal desarrollo del 30% de todas las \u00c1reas Clave de Biodiversidad.<!--more--><\/p>\n<div class=\"name\">POR AGUSTINA RAMOS<\/div>\n<div class=\"time\"><\/div>\n<div>\n<div class=\"wrapper-editable-content\">\n<div>\n<div class=\"container-md\">\n<div class=\"row\">\n<div class=\"col-md-12 speak\">\n<div class=\"paragraph\">\n<figure class=\"mb-3\"><img decoding=\"async\" src=\"https:\/\/www.telam.com.ar\/thumbs\/bluesteel\/advf\/imagenes\/2022\/12\/6394bd68e21cc_1200.jpg\" alt=\"Foto Prensa Conicet\" width=\"100%\" height=\"100%\" \/><\/p>\n<div class=\"media-icons\"><\/div><figcaption>Foto: Prensa Conicet.<\/figcaption><\/figure>\n<p><strong>Las monta\u00f1as, que albergan entre el 60 y el 80% del agua dulce del mundo y son el hogar del 15% de la poblaci\u00f3n, especialmente de comunidades ind\u00edgenas, est\u00e1n \u00aben riesgo\u00bb<\/strong>\u00a0por el cambio clim\u00e1tico y los avances de la miner\u00eda, advirti\u00f3 una investigadora en el marco del D\u00eda Internacional de las Monta\u00f1as que se conmemora este domingo, en el a\u00f1o que Naciones Unidas eligi\u00f3 para fomentar su desarrollo sostenible.<\/p>\n<p>\u00abLa monta\u00f1a es s\u00faper importante porque\u00a0<strong>todo lo que pasa en el valle, monta\u00f1a abajo, depende de lo que ocurre y ocurri\u00f3 meses atr\u00e1s arriba de la monta\u00f1a\u00bb<\/strong>, asegur\u00f3 a T\u00e9lam Bibiana Vil\u00e1, investigadora superior del Conicet y representante en el Comit\u00e9 para el Desarrollo Sustentable de las Regiones Monta\u00f1osas de Argentina.<\/p>\n<p>Vil\u00e1 explic\u00f3 que el agua de las lluvias y del hielo que se derrite en las monta\u00f1as \u00abencauza en r\u00edos\u00bb y destac\u00f3 que\u00a0<strong>entre el 60 y el 80% de los recursos de agua dulce del mundo<\/strong>\u00a0utilizada para el consumo dom\u00e9stico, agr\u00edcola e industrial proviene de las monta\u00f1as.<\/p>\n<p>\u00abUno tiene que quitarse la idea de que la monta\u00f1a es hostil\u00a0<strong>porque los pueblos han hecho cosas incre\u00edbles en ellas\u00bb<\/strong>, subray\u00f3 la investigadora sobre las contribuciones de estos lugares en los que \u00abse domesticaron\u00bb productos de uso com\u00fan para las poblaciones como la papa, el ma\u00edz, la quinoa y el caf\u00e9.<\/p>\n<p>La infancia de Bartolina Casimiro, una artesana de 52 a\u00f1os de la naci\u00f3n diaguita,\u00a0<strong>transcurri\u00f3 \u00abbien arriba\u00bb en la monta\u00f1a Anqcon Killaj (cerro Mu\u00f1oz),<\/strong>\u00a0desde donde luego emigr\u00f3 para vivir en la zona baja de Taf\u00ed del Valle, en la provincia de Tucum\u00e1n.<\/p>\n<p><strong>\u00abCuando \u00e9ramos chicos ten\u00edamos nuestra medicina, nuestras le\u00f1as, animales, nuestra ag\u00fcita que sale de la monta\u00f1a.\u00a0<\/strong>All\u00ed ha estado todo el sistema de vida\u00bb, cont\u00f3 a T\u00e9lam Bartolina y record\u00f3 que en ese lugar \u00abse vive libremente\u00bb porque \u00abes un territorio muy amplio\u00bb, donde \u00abno hay parcelas ni restricciones\u00bb.<\/p>\n<figure class=\"mb-3\"><img decoding=\"async\" src=\"https:\/\/www.telam.com.ar\/thumbs\/bluesteel\/advf\/imagenes\/2022\/12\/6394bd68cb69b_1200.jpg\" alt=\"Foto Prensa Conicet\" width=\"100%\" height=\"100%\" \/><\/p>\n<div class=\"media-icons\"><\/div><figcaption>Foto: Prensa Conicet.<\/figcaption><\/figure>\n<p>Tambi\u00e9n dijo que perdura en el tiempo una pr\u00e1ctica de sus ancestros,\u00a0<strong>\u00abla minga\u00bb (intercambio),<\/strong>\u00a0donde quienes viv\u00edan en la monta\u00f1a bajaban \u00abcon los burros cargados de carne, cuero, lana hilada y volv\u00edan con los burros cargados de fruta, az\u00facar, yerba\u00bb. \u00abEra una vida mucho m\u00e1s sana, m\u00e1s saludable\u00bb, evoc\u00f3.<\/p>\n<p>Para las comunidades y pueblos ind\u00edgenas,\u00a0<strong>las monta\u00f1as tienen un lugar dentro de sus cosmovisiones y espiritualidades.<\/strong><\/p>\n<p>En la comunidad de Bartolina,\u00a0<strong>las monta\u00f1as \u00abtienen una gran importancia\u00bb porque de ah\u00ed sale su cosmovisi\u00f3n.<\/strong>\u00a0\u00abTodo lo que es nuestro universo, nuestra casa\u00bb, comparti\u00f3 la artesana, quien se\u00f1al\u00f3 que sus abuelos hac\u00edan las ceremonias en lo alto ya que es donde \u00abhan vividos miles de a\u00f1os\u00bb y donde \u00abha habido vida\u00bb.<\/p>\n<figure class=\"mb-3\"><img decoding=\"async\" src=\"https:\/\/www.telam.com.ar\/thumbs\/bluesteel\/advf\/imagenes\/2022\/12\/6394d407bcb16_1200.jpg\" alt=\"Telam SE\" width=\"100%\" height=\"100%\" \/><\/p>\n<div class=\"media-icons\"><\/div><figcaption><\/figcaption><\/figure>\n<p>Las monta\u00f1as,\u00a0<strong>que ocupan el 27% de la superficie terrestre del planeta,<\/strong>\u00a0albergan aproximadamente la mitad de la reserva de diversidad biol\u00f3gica del mundo, seg\u00fan datos de la Organizaci\u00f3n de las Naciones Unidas para la Alimentaci\u00f3n y la Agricultura (FAO).<\/p>\n<p>Adem\u00e1s, estos sitios<strong>\u00a0poseen el 30% de todas las \u00c1reas Clave de Biodiversidad<\/strong>\u00a0y \u00abmuchas monta\u00f1as tienen ecosistemas con pastizales que son muy importantes para &#8216;secuestrar&#8217; carbono\u00bb, indic\u00f3 Vil\u00e1 sobre la funci\u00f3n ecol\u00f3gica de estos lugares.<\/p>\n<figure class=\"mb-3\"><img decoding=\"async\" src=\"https:\/\/www.telam.com.ar\/thumbs\/bluesteel\/advf\/imagenes\/2022\/12\/6394d407dea44_1200.jpg\" alt=\"Telam SE\" width=\"100%\" height=\"100%\" \/><\/p>\n<div class=\"media-icons\"><\/div><figcaption><\/figcaption><\/figure>\n<p>Sin embargo,\u00a0<strong>son ecosistemas vulnerables a eventos clim\u00e1ticos\u00a0<\/strong>como el descongelamiento de glaciares y los impactos antr\u00f3picos como la deforestaci\u00f3n o la miner\u00eda y, con respecto al cambio clim\u00e1tico, se prev\u00e9 que la capa de nieve, los glaciares y el permafrost en todas las zonas monta\u00f1osas contin\u00faen disminuyendo en casi todas las regiones a lo largo del siglo XXI.<\/p>\n<figure class=\"mb-3\"><img decoding=\"async\" src=\"https:\/\/www.telam.com.ar\/thumbs\/bluesteel\/advf\/imagenes\/2022\/12\/6394bd6859186_1200.jpg\" alt=\"Foto Prensa Conicet\" width=\"100%\" height=\"100%\" \/><\/p>\n<div class=\"media-icons\"><\/div><figcaption>Foto: Prensa Conicet.<\/figcaption><\/figure>\n<p>\u00abPor un lado est\u00e1 el cambio clim\u00e1tico:\u00a0<strong>los glaciares est\u00e1n disminuyendo en todo el mundo, es una realidad ineludible. Y el otro tema es la miner\u00eda a cielo abierto que rompe monta\u00f1as y utiliza much\u00edsima agua.<\/strong>\u00a0Adem\u00e1s, el agua tiene la cualidad de no estar contaminada en la monta\u00f1a y el efecto de la miner\u00eda contamin\u00e1ndola es muy grave\u00bb, precis\u00f3 la investigadora.<\/p>\n<p>A 2.200 kil\u00f3metros de distancia de la monta\u00f1a Anqcon Killaj, en la ciudad chubutense de Esquel, se encuentra Evis Mill\u00e1n, integrante del pueblo mapuche y de la lof \u00abPillan Mawiza\u00bb, que en Mapuzungun significa \u00abmonta\u00f1a sagrada\u00bb, en el sentido de\u00a0<strong>\u00abun lugar muy importante donde habitan esp\u00edritus\u00bb\u00a0<\/strong>y que se extiende por unas 150 hect\u00e1reas a diez kil\u00f3metros de la ciudad.<\/p>\n<p>Su pueblo reconoce a los \u00abngen\u00bb como esp\u00edritus que\u00a0<strong>\u00abregulan la energ\u00eda y la armon\u00eda de un lugar\u00bb<\/strong>\u00a0y son los protectores de los r\u00edos, los arroyos y las monta\u00f1as, entre otros lugares.<\/p>\n<p>\u00abVivieron miles y miles de a\u00f1os y cuidan el lugar.<strong>\u00a0Ese &#8216;ngen&#8217; de alguna forma se manifiesta para proteger el lugar.<\/strong>\u00a0Vive ah\u00ed, cohabita, sabe protegerlo\u00bb, explic\u00f3 Mill\u00e1n, que tambi\u00e9n integra el Movimiento de Mujeres y Diversidades Ind\u00edgenas por el Buen Vivir.<\/p>\n<p>Para ella es\u00a0<strong>\u00absumamente importante cuidar las monta\u00f1as como pueblo\u00bb porque entiende que \u00abah\u00ed est\u00e1 la vida\u00bb<\/strong>\u00a0y destac\u00f3 la necesidad de \u00abrecuperar saberes ancestrales\u00bb y \u00abguardar estos espacios\u00bb para protegerlos y \u00abempezar a sanar y habitar como tiene que ser\u00bb.<\/p>\n<figure class=\"mb-3\"><img decoding=\"async\" src=\"https:\/\/www.telam.com.ar\/thumbs\/bluesteel\/advf\/imagenes\/2022\/12\/6394bd6886a67_1200.jpg\" alt=\"Foto Prensa Conicet\" width=\"100%\" height=\"100%\" \/><\/p>\n<div class=\"media-icons\"><\/div><figcaption>Foto: Prensa Conicet.<\/figcaption><\/figure>\n<p>Para proteger las monta\u00f1as, Vil\u00e1 pidi\u00f3\u00a0<strong>\u00abpensar en los derechos de las comunidades a un ambiente sano y los costos ambientales de las distintas producciones\u00bb<\/strong>, mientras destac\u00f3 la necesidad de \u00abpol\u00edticas espec\u00edficas para el estilo de vida en las monta\u00f1as\u00bb que contemplen la conectividad, el trazado de caminos, un comercio con \u00abprecios justos\u00bb y el incentivo a actividades sin impacto ambiental.<\/p>\n<p>\u00abLas defendemos tanto y\u00a0<strong>no queremos que vengan empresas extractivistas a da\u00f1arlas\u00a0<\/strong>porque eso rompe con todo nuestro sistema de vida\u00bb, concluy\u00f3 Bartolina.<\/p>\n<p>Naciones Unidas asegur\u00f3 en un comunicado por el D\u00eda Internacional de las Monta\u00f1as 2022 y su tema &#8216;Las mujeres mueven monta\u00f1as&#8217;, que se trata de\u00a0<strong>\u00abuna oportunidad para promover la igualdad de g\u00e9nero y, por tanto, contribuir a mejorar la justicia social, los medios de vida y la resiliencia\u00bb.<\/strong><\/p>\n<div class=\"jumbotron pt-4 mt-3\">\n<h3 class=\"module-title\">\u00abHAY QUE RECONOCER A LAS MUJERES COMO PROTAGONISTAS EN LAS MONTA\u00d1AS\u00bb<\/h3>\n<p>Las mujeres de las comunidades que habitan las monta\u00f1as desempe\u00f1an un rol \u00abfundamental\u00bb para la protecci\u00f3n del medioambiente, los saberes y el desarrollo de su modo de vida, por lo que es \u00abnecesario\u00bb reconocerlas como \u00abprotagonistas\u00bb de estos lugares, asegur\u00f3 la investigadora Bibiana Vil\u00e1, en consonancia con el lema del D\u00eda Internacional de las Monta\u00f1as 2022: \u00abLas mujeres mueven monta\u00f1as\u00bb.<\/p>\n<p>\u00abHay que reconocer a las mujeres como protagonistas en las monta\u00f1as\u00bb, asegur\u00f3 a T\u00e9lam Vil\u00e1, que es la representante del Conicet en el Comit\u00e9 para el Desarrollo Sustentable de las Regiones Monta\u00f1osas de Argentina.<\/p>\n<p>Vil\u00e1 sostuvo que las mujeres que viven en las monta\u00f1as suelen ser las \u00abguardianas de conocimiento, especialmente del modo de vida de la monta\u00f1a\u00bb y detall\u00f3 que muchas de ellas son \u00abpastoras y agricultoras, adem\u00e1s de cuidadoras de ni\u00f1os y de ancianos\u00bb.<\/p>\n<p>\u00abPara m\u00ed es muy importante como mujer ind\u00edgena proteger estas fuerzas de las monta\u00f1as. A veces se las considera solo como recursos, pero para nosotros son como seres que tienen su fuerza y con quienes co-habitamos este territorio\u00bb, asegur\u00f3 Marilyn Ca\u00f1io, una mapuche de 30 a\u00f1os integrante de la lof Cerro Le\u00f3n, ubicada en la localidad El Mait\u00e9n, al noroeste de la provincia de Chubut.<\/p>\n<p>Para ella \u00abes importante la protecci\u00f3n de esos seres, la reciprocidad que hay con la fuerza del territorio porque ellos tambi\u00e9n nos protegen\u00bb.<\/p>\n<p>Un \u00abproblema\u00bb que existe en las monta\u00f1as es la \u00abemigraci\u00f3n\u00bb, en general de varones j\u00f3venes a ra\u00edz de las dificultades para vender los productos de la monta\u00f1a y as\u00ed asegurarse su sustento, y tambi\u00e9n por el modo de vida, indic\u00f3 Vil\u00e1, que tambi\u00e9n es profesora del Departamento de Ciencias Sociales de la Universidad de Luj\u00e1n y directora del grupo de investigaci\u00f3n Vicam (vicu\u00f1as, cam\u00e9lidos y ambiente).<\/p>\n<p>En este proceso, las monta\u00f1as \u00abse feminizan y se envejecen\u00bb, resalt\u00f3 la investigadora, para quien \u00abes muy com\u00fan tener mujeres m\u00e1s bien ancianas y madres de ni\u00f1os\u00bb en estos lugares.<\/p>\n<p>\u00abEstas mujeres est\u00e1n solas y producen artesan\u00edas, fibra de llama, son pastoras, agricultoras y de alguna manera garantizan la seguridad alimentaria. Se quedan y sostienen. Son claves para las estrategias contra el hambre, la desnutrici\u00f3n\u00bb, detall\u00f3.<\/p>\n<p>Por eso, consider\u00f3 que son \u00abnecesarias\u00bb pol\u00edticas que contemplen esta realidad y reconozcan el rol de las mujeres en las monta\u00f1as.<\/p>\n<p>En este sentido enumer\u00f3 algunos reclamos: \u00abLa propiedad igualitaria de la tierra por parte varones y mujeres, que las mujeres sean consultadas cuando hay emprendimientos y cuando existe una propuesta de desarrollo es fundamental que las mujeres tengan voz\u00bb.<\/p>\n<\/div>\n<\/div>\n<\/div>\n<\/div>\n<\/div>\n<\/div>\n<\/div>\n<\/div>\n","protected":false},"excerpt":{"rendered":"<p>Una investigadora del Conicet advirti\u00f3 que la destrucci\u00f3n de estos ecosistemas, que ocupan el 27% del planeta, se debe a los avances de la miner\u00eda, una situaci\u00f3n que pone en riesgo el h\u00e1bitat de comunidades ind\u00edgenas y condiciona el normal desarrollo del 30% de todas las \u00c1reas Clave de Biodiversidad.<\/p>\n","protected":false},"author":3,"featured_media":0,"comment_status":"closed","ping_status":"closed","sticky":false,"template":"","format":"standard","meta":{"footnotes":""},"categories":[46,26],"tags":[],"class_list":["post-81234","post","type-post","status-publish","format-standard","hentry","category-ciencia-y-tecnologia","category-sociedad"],"yoast_head":"<!-- This site is optimized with the Yoast SEO plugin v25.9 - https:\/\/yoast.com\/wordpress\/plugins\/seo\/ -->\n<title>Las monta\u00f1as, que albergan el 80% de agua dulce mundial, est\u00e1n en riesgo - Noticias Radio Reflejos<\/title>\n<meta name=\"robots\" content=\"index, follow, max-snippet:-1, max-image-preview:large, max-video-preview:-1\" \/>\n<link rel=\"canonical\" href=\"https:\/\/www.noticiasradioreflejos.com.ar\/2021\/las-montanas-que-albergan-el-80-de-agua-dulce-mundial-estan-en-riesgo\/\" \/>\n<meta property=\"og:locale\" content=\"es_ES\" \/>\n<meta property=\"og:type\" content=\"article\" \/>\n<meta property=\"og:title\" content=\"Las monta\u00f1as, que albergan el 80% de agua dulce mundial, est\u00e1n en riesgo - Noticias Radio Reflejos\" \/>\n<meta property=\"og:description\" content=\"Una investigadora del Conicet advirti\u00f3 que la destrucci\u00f3n de estos ecosistemas, que ocupan el 27% del planeta, se debe a los avances de la miner\u00eda, una situaci\u00f3n que pone en riesgo el h\u00e1bitat de comunidades ind\u00edgenas y condiciona el normal desarrollo del 30% de todas las \u00c1reas Clave de Biodiversidad.\" \/>\n<meta property=\"og:url\" content=\"https:\/\/www.noticiasradioreflejos.com.ar\/2021\/las-montanas-que-albergan-el-80-de-agua-dulce-mundial-estan-en-riesgo\/\" \/>\n<meta property=\"og:site_name\" content=\"Noticias Radio Reflejos\" \/>\n<meta property=\"article:published_time\" content=\"2022-12-11T16:47:45+00:00\" \/>\n<meta property=\"og:image\" content=\"https:\/\/www.telam.com.ar\/thumbs\/bluesteel\/advf\/imagenes\/2022\/12\/6394bd68e21cc_1200.jpg\" \/>\n<meta name=\"author\" content=\"Arnaldo Botto\" \/>\n<meta name=\"twitter:card\" content=\"summary_large_image\" \/>\n<script type=\"application\/ld+json\" class=\"yoast-schema-graph\">{\"@context\":\"https:\/\/schema.org\",\"@graph\":[{\"@type\":\"WebPage\",\"@id\":\"https:\/\/www.noticiasradioreflejos.com.ar\/2021\/las-montanas-que-albergan-el-80-de-agua-dulce-mundial-estan-en-riesgo\/\",\"url\":\"https:\/\/www.noticiasradioreflejos.com.ar\/2021\/las-montanas-que-albergan-el-80-de-agua-dulce-mundial-estan-en-riesgo\/\",\"name\":\"Las monta\u00f1as, que albergan el 80% de agua dulce mundial, est\u00e1n en riesgo - Noticias Radio Reflejos\",\"isPartOf\":{\"@id\":\"https:\/\/www.noticiasradioreflejos.com.ar\/2021\/#website\"},\"primaryImageOfPage\":{\"@id\":\"https:\/\/www.noticiasradioreflejos.com.ar\/2021\/las-montanas-que-albergan-el-80-de-agua-dulce-mundial-estan-en-riesgo\/#primaryimage\"},\"image\":{\"@id\":\"https:\/\/www.noticiasradioreflejos.com.ar\/2021\/las-montanas-que-albergan-el-80-de-agua-dulce-mundial-estan-en-riesgo\/#primaryimage\"},\"thumbnailUrl\":\"https:\/\/www.telam.com.ar\/thumbs\/bluesteel\/advf\/imagenes\/2022\/12\/6394bd68e21cc_1200.jpg\",\"datePublished\":\"2022-12-11T16:47:45+00:00\",\"author\":{\"@id\":\"https:\/\/www.noticiasradioreflejos.com.ar\/2021\/#\/schema\/person\/ad82545263dcc5ec0996818884fd5fb1\"},\"breadcrumb\":{\"@id\":\"https:\/\/www.noticiasradioreflejos.com.ar\/2021\/las-montanas-que-albergan-el-80-de-agua-dulce-mundial-estan-en-riesgo\/#breadcrumb\"},\"inLanguage\":\"es\",\"potentialAction\":[{\"@type\":\"ReadAction\",\"target\":[\"https:\/\/www.noticiasradioreflejos.com.ar\/2021\/las-montanas-que-albergan-el-80-de-agua-dulce-mundial-estan-en-riesgo\/\"]}]},{\"@type\":\"ImageObject\",\"inLanguage\":\"es\",\"@id\":\"https:\/\/www.noticiasradioreflejos.com.ar\/2021\/las-montanas-que-albergan-el-80-de-agua-dulce-mundial-estan-en-riesgo\/#primaryimage\",\"url\":\"https:\/\/www.telam.com.ar\/thumbs\/bluesteel\/advf\/imagenes\/2022\/12\/6394bd68e21cc_1200.jpg\",\"contentUrl\":\"https:\/\/www.telam.com.ar\/thumbs\/bluesteel\/advf\/imagenes\/2022\/12\/6394bd68e21cc_1200.jpg\"},{\"@type\":\"BreadcrumbList\",\"@id\":\"https:\/\/www.noticiasradioreflejos.com.ar\/2021\/las-montanas-que-albergan-el-80-de-agua-dulce-mundial-estan-en-riesgo\/#breadcrumb\",\"itemListElement\":[{\"@type\":\"ListItem\",\"position\":1,\"name\":\"Portada\",\"item\":\"https:\/\/www.noticiasradioreflejos.com.ar\/2021\/\"},{\"@type\":\"ListItem\",\"position\":2,\"name\":\"Las monta\u00f1as, que albergan el 80% de agua dulce mundial, est\u00e1n en riesgo\"}]},{\"@type\":\"WebSite\",\"@id\":\"https:\/\/www.noticiasradioreflejos.com.ar\/2021\/#website\",\"url\":\"https:\/\/www.noticiasradioreflejos.com.ar\/2021\/\",\"name\":\"Noticias Radio Reflejos\",\"description\":\"Las noticias de mi comarca\",\"potentialAction\":[{\"@type\":\"SearchAction\",\"target\":{\"@type\":\"EntryPoint\",\"urlTemplate\":\"https:\/\/www.noticiasradioreflejos.com.ar\/2021\/?s={search_term_string}\"},\"query-input\":{\"@type\":\"PropertyValueSpecification\",\"valueRequired\":true,\"valueName\":\"search_term_string\"}}],\"inLanguage\":\"es\"},{\"@type\":\"Person\",\"@id\":\"https:\/\/www.noticiasradioreflejos.com.ar\/2021\/#\/schema\/person\/ad82545263dcc5ec0996818884fd5fb1\",\"name\":\"Arnaldo Botto\",\"image\":{\"@type\":\"ImageObject\",\"inLanguage\":\"es\",\"@id\":\"https:\/\/www.noticiasradioreflejos.com.ar\/2021\/#\/schema\/person\/image\/\",\"url\":\"https:\/\/secure.gravatar.com\/avatar\/55cb5e37c1efa326397366e6974cb338056df65cb50e7d64d1cf314e87504837?s=96&d=mm&r=g\",\"contentUrl\":\"https:\/\/secure.gravatar.com\/avatar\/55cb5e37c1efa326397366e6974cb338056df65cb50e7d64d1cf314e87504837?s=96&d=mm&r=g\",\"caption\":\"Arnaldo Botto\"},\"url\":\"https:\/\/www.noticiasradioreflejos.com.ar\/2021\/author\/arnaldo\/\"}]}<\/script>\n<!-- \/ Yoast SEO plugin. -->","yoast_head_json":{"title":"Las monta\u00f1as, que albergan el 80% de agua dulce mundial, est\u00e1n en riesgo - Noticias Radio Reflejos","robots":{"index":"index","follow":"follow","max-snippet":"max-snippet:-1","max-image-preview":"max-image-preview:large","max-video-preview":"max-video-preview:-1"},"canonical":"https:\/\/www.noticiasradioreflejos.com.ar\/2021\/las-montanas-que-albergan-el-80-de-agua-dulce-mundial-estan-en-riesgo\/","og_locale":"es_ES","og_type":"article","og_title":"Las monta\u00f1as, que albergan el 80% de agua dulce mundial, est\u00e1n en riesgo - Noticias Radio Reflejos","og_description":"Una investigadora del Conicet advirti\u00f3 que la destrucci\u00f3n de estos ecosistemas, que ocupan el 27% del planeta, se debe a los avances de la miner\u00eda, una situaci\u00f3n que pone en riesgo el h\u00e1bitat de comunidades ind\u00edgenas y condiciona el normal desarrollo del 30% de todas las \u00c1reas Clave de Biodiversidad.","og_url":"https:\/\/www.noticiasradioreflejos.com.ar\/2021\/las-montanas-que-albergan-el-80-de-agua-dulce-mundial-estan-en-riesgo\/","og_site_name":"Noticias Radio Reflejos","article_published_time":"2022-12-11T16:47:45+00:00","og_image":[{"url":"https:\/\/www.telam.com.ar\/thumbs\/bluesteel\/advf\/imagenes\/2022\/12\/6394bd68e21cc_1200.jpg","type":"","width":"","height":""}],"author":"Arnaldo Botto","twitter_card":"summary_large_image","schema":{"@context":"https:\/\/schema.org","@graph":[{"@type":"WebPage","@id":"https:\/\/www.noticiasradioreflejos.com.ar\/2021\/las-montanas-que-albergan-el-80-de-agua-dulce-mundial-estan-en-riesgo\/","url":"https:\/\/www.noticiasradioreflejos.com.ar\/2021\/las-montanas-que-albergan-el-80-de-agua-dulce-mundial-estan-en-riesgo\/","name":"Las monta\u00f1as, que albergan el 80% de agua dulce mundial, est\u00e1n en riesgo - Noticias Radio Reflejos","isPartOf":{"@id":"https:\/\/www.noticiasradioreflejos.com.ar\/2021\/#website"},"primaryImageOfPage":{"@id":"https:\/\/www.noticiasradioreflejos.com.ar\/2021\/las-montanas-que-albergan-el-80-de-agua-dulce-mundial-estan-en-riesgo\/#primaryimage"},"image":{"@id":"https:\/\/www.noticiasradioreflejos.com.ar\/2021\/las-montanas-que-albergan-el-80-de-agua-dulce-mundial-estan-en-riesgo\/#primaryimage"},"thumbnailUrl":"https:\/\/www.telam.com.ar\/thumbs\/bluesteel\/advf\/imagenes\/2022\/12\/6394bd68e21cc_1200.jpg","datePublished":"2022-12-11T16:47:45+00:00","author":{"@id":"https:\/\/www.noticiasradioreflejos.com.ar\/2021\/#\/schema\/person\/ad82545263dcc5ec0996818884fd5fb1"},"breadcrumb":{"@id":"https:\/\/www.noticiasradioreflejos.com.ar\/2021\/las-montanas-que-albergan-el-80-de-agua-dulce-mundial-estan-en-riesgo\/#breadcrumb"},"inLanguage":"es","potentialAction":[{"@type":"ReadAction","target":["https:\/\/www.noticiasradioreflejos.com.ar\/2021\/las-montanas-que-albergan-el-80-de-agua-dulce-mundial-estan-en-riesgo\/"]}]},{"@type":"ImageObject","inLanguage":"es","@id":"https:\/\/www.noticiasradioreflejos.com.ar\/2021\/las-montanas-que-albergan-el-80-de-agua-dulce-mundial-estan-en-riesgo\/#primaryimage","url":"https:\/\/www.telam.com.ar\/thumbs\/bluesteel\/advf\/imagenes\/2022\/12\/6394bd68e21cc_1200.jpg","contentUrl":"https:\/\/www.telam.com.ar\/thumbs\/bluesteel\/advf\/imagenes\/2022\/12\/6394bd68e21cc_1200.jpg"},{"@type":"BreadcrumbList","@id":"https:\/\/www.noticiasradioreflejos.com.ar\/2021\/las-montanas-que-albergan-el-80-de-agua-dulce-mundial-estan-en-riesgo\/#breadcrumb","itemListElement":[{"@type":"ListItem","position":1,"name":"Portada","item":"https:\/\/www.noticiasradioreflejos.com.ar\/2021\/"},{"@type":"ListItem","position":2,"name":"Las monta\u00f1as, que albergan el 80% de agua dulce mundial, est\u00e1n en riesgo"}]},{"@type":"WebSite","@id":"https:\/\/www.noticiasradioreflejos.com.ar\/2021\/#website","url":"https:\/\/www.noticiasradioreflejos.com.ar\/2021\/","name":"Noticias Radio Reflejos","description":"Las noticias de mi comarca","potentialAction":[{"@type":"SearchAction","target":{"@type":"EntryPoint","urlTemplate":"https:\/\/www.noticiasradioreflejos.com.ar\/2021\/?s={search_term_string}"},"query-input":{"@type":"PropertyValueSpecification","valueRequired":true,"valueName":"search_term_string"}}],"inLanguage":"es"},{"@type":"Person","@id":"https:\/\/www.noticiasradioreflejos.com.ar\/2021\/#\/schema\/person\/ad82545263dcc5ec0996818884fd5fb1","name":"Arnaldo Botto","image":{"@type":"ImageObject","inLanguage":"es","@id":"https:\/\/www.noticiasradioreflejos.com.ar\/2021\/#\/schema\/person\/image\/","url":"https:\/\/secure.gravatar.com\/avatar\/55cb5e37c1efa326397366e6974cb338056df65cb50e7d64d1cf314e87504837?s=96&d=mm&r=g","contentUrl":"https:\/\/secure.gravatar.com\/avatar\/55cb5e37c1efa326397366e6974cb338056df65cb50e7d64d1cf314e87504837?s=96&d=mm&r=g","caption":"Arnaldo Botto"},"url":"https:\/\/www.noticiasradioreflejos.com.ar\/2021\/author\/arnaldo\/"}]}},"_links":{"self":[{"href":"https:\/\/www.noticiasradioreflejos.com.ar\/2021\/wp-json\/wp\/v2\/posts\/81234","targetHints":{"allow":["GET"]}}],"collection":[{"href":"https:\/\/www.noticiasradioreflejos.com.ar\/2021\/wp-json\/wp\/v2\/posts"}],"about":[{"href":"https:\/\/www.noticiasradioreflejos.com.ar\/2021\/wp-json\/wp\/v2\/types\/post"}],"author":[{"embeddable":true,"href":"https:\/\/www.noticiasradioreflejos.com.ar\/2021\/wp-json\/wp\/v2\/users\/3"}],"replies":[{"embeddable":true,"href":"https:\/\/www.noticiasradioreflejos.com.ar\/2021\/wp-json\/wp\/v2\/comments?post=81234"}],"version-history":[{"count":1,"href":"https:\/\/www.noticiasradioreflejos.com.ar\/2021\/wp-json\/wp\/v2\/posts\/81234\/revisions"}],"predecessor-version":[{"id":81236,"href":"https:\/\/www.noticiasradioreflejos.com.ar\/2021\/wp-json\/wp\/v2\/posts\/81234\/revisions\/81236"}],"wp:attachment":[{"href":"https:\/\/www.noticiasradioreflejos.com.ar\/2021\/wp-json\/wp\/v2\/media?parent=81234"}],"wp:term":[{"taxonomy":"category","embeddable":true,"href":"https:\/\/www.noticiasradioreflejos.com.ar\/2021\/wp-json\/wp\/v2\/categories?post=81234"},{"taxonomy":"post_tag","embeddable":true,"href":"https:\/\/www.noticiasradioreflejos.com.ar\/2021\/wp-json\/wp\/v2\/tags?post=81234"}],"curies":[{"name":"wp","href":"https:\/\/api.w.org\/{rel}","templated":true}]}}