{"id":81225,"date":"2022-12-10T11:15:12","date_gmt":"2022-12-10T11:15:12","guid":{"rendered":"http:\/\/www.noticiasradioreflejos.com.ar\/2021\/?p=81225"},"modified":"2022-12-10T11:17:20","modified_gmt":"2022-12-10T11:17:20","slug":"brasil-y-la-maldicion-del-gato-maltrato-adopcion-nombre-anti-mufa-y-eliminacion","status":"publish","type":"post","link":"https:\/\/www.noticiasradioreflejos.com.ar\/2021\/brasil-y-la-maldicion-del-gato-maltrato-adopcion-nombre-anti-mufa-y-eliminacion\/","title":{"rendered":"Brasil y la \u00abmaldici\u00f3n\u00bb del gato: maltrato, adopci\u00f3n, nombre \u00abanti-mufa\u00bb y eliminaci\u00f3n"},"content":{"rendered":"<p class=\"description\">Los gatos son sagrados en la religi\u00f3n del Islam y la situaci\u00f3n que vivi\u00f3 la Canarinha en Qatar 2022 le pas\u00f3 factura: intentaron revertir la \u00abmufa\u00bb al nombrarlo Hexa, pero fueron eliminados ante Croacia.<!--more--><\/p>\n<p><a title=\"gto-con-brasil-770x450\" href=\"https:\/\/www.flickr.com\/photos\/182279889@N02\/52554693998\/in\/dateposted-public\/\" data-flickr-embed=\"true\"><img loading=\"lazy\" decoding=\"async\" src=\"https:\/\/live.staticflickr.com\/65535\/52554693998_0bea7445e9_c.jpg\" alt=\"gto-con-brasil-770x450\" width=\"770\" height=\"450\" \/><\/a><script async src=\"\/\/embedr.flickr.com\/assets\/client-code.js\" charset=\"utf-8\"><\/script><\/p>\n<div class=\"article-info\"><\/div>\n<p class=\"capital\">El\u00a0<b><a href=\"https:\/\/www.tycsports.com\/mundial\/croacia-vs-brasil-en-vivo-hora-donde-ver-y-formaciones-id481235.html\" target=\"_blank\" rel=\"noopener\">Mundial de Qatar 2022<\/a><\/b><a href=\"https:\/\/www.tycsports.com\/mundial\/croacia-vs-brasil-en-vivo-hora-donde-ver-y-formaciones-id481235.html\" target=\"_blank\" rel=\"noopener\">\u00a0sum\u00f3 un nuevo batacazo con lo que fue la eliminaci\u00f3n de\u00a0<\/a><b><a href=\"https:\/\/www.tycsports.com\/mundial\/croacia-vs-brasil-en-vivo-hora-donde-ver-y-formaciones-id481235.html\" target=\"_blank\" rel=\"noopener\">Brasil<\/a><\/b><a href=\"https:\/\/www.tycsports.com\/mundial\/croacia-vs-brasil-en-vivo-hora-donde-ver-y-formaciones-id481235.html\" target=\"_blank\" rel=\"noopener\">\u00a0ante\u00a0<\/a><b><a href=\"https:\/\/www.tycsports.com\/mundial\/croacia-vs-brasil-en-vivo-hora-donde-ver-y-formaciones-id481235.html\" target=\"_blank\" rel=\"noopener\">Croacia<\/a><\/b><a href=\"https:\/\/www.tycsports.com\/mundial\/croacia-vs-brasil-en-vivo-hora-donde-ver-y-formaciones-id481235.html\" target=\"_blank\" rel=\"noopener\">\u00a0por la v\u00eda de los penales<\/a>, logrando as\u00ed el conjunto europeo el pase a las semifinales del torneo. Para algunos, sin embargo, esa derrota se gest\u00f3 hace unos d\u00edas, cuando\u00a0<b>el jefe de prensa maltrat\u00f3 a un gato -animal sagrado en la religi\u00f3n isl\u00e1mica- que luego fue adoptado y que recibi\u00f3 el curioso nombre de \u00abHexa\u00bb<\/b>. S\u00ed, la \u00abanti-mufa\u00bb no parece haber funcionado&#8230;<\/p>\n<p>El pol\u00e9mico hecho se vivi\u00f3 hace unos d\u00edas, cuando durante la conferencia de prensa de\u00a0<b>Vinicius Jr.<\/b>\u00a0el jefe de prensa de Brasil,\u00a0<b>Vinicius Rodrigues\u00a0vio que un gato estaba acostado en el escritorio, lo tom\u00f3 del lomo y lo tir\u00f3 a un costado de la mesa<\/b>. La reacci\u00f3n de los presentes fue de total sorpresa, sumada a las risas nerviosas del futbolista de la\u00a0<i>Canarinha.<\/i><\/p>\n<p>Claro, en la religi\u00f3n isl\u00e1mica\u00a0<b>el gato es un animal sagrado ya que se dice que era el preferido del Profeta Mahoma<\/b>. As\u00ed, los gatos tienen una posici\u00f3n privilegiada y las calles de Doha est\u00e1n repletas de esos animales. Cualquier maltrato hacia ellos\u00a0<b>es considerado merecedor de castigo divino por ser un pecado<\/b>.<\/p>\n<p>Quiz\u00e1s por este motivo\u00a0<b>en Brasil tomaron la decisi\u00f3n de adoptar al peque\u00f1o gato<\/b>, en una movida para revertir la mala prensa que gener\u00f3 el hecho. La decisi\u00f3n fue tomada por el plantel y parec\u00eda ser un intento de evitar alg\u00fan tipo de \u00abmaldici\u00f3n\u00bb.<\/p>\n<p>&nbsp;<\/p>\n<p><iframe loading=\"lazy\" title=\"Genera pol\u00e9mica el trato a un gato que irrumpi\u00f3 en rueda de prensa de Brasil\" src=\"https:\/\/www.youtube.com\/embed\/lpSwvZGHgxw\" width=\"853\" height=\"480\" frameborder=\"0\" allowfullscreen=\"allowfullscreen\"><\/iframe><\/p>\n<p>Sin embargo, como si casi no creyeran en la\u00a0<i>mufa<\/i>, los jugadores tomaron otra decisi\u00f3n pol\u00e9mica:\u00a0<b>nomraron al gato \u00ab<i>Hexa<\/i>\u00ab, en alusi\u00f3n al hexacampeonato que se plantearon como objetivo<\/b>.<\/p>\n<p>El resultado es conocido: el gato fue adoptado, recibi\u00f3 el nombre\u00a0<i>Hexa<\/i>\u00a0para la posteridad,\u00a0<b>pero Brasil deber\u00e1 seguir siendo pentacampe\u00f3n al menos por cuatro a\u00f1os m\u00e1s<\/b>&#8230;<\/p>\n<h2>La otra mufa de Brasil: la ins\u00f3lita encuesta que hicieron antes del partido con Croacia<\/h2>\n<p>Como si con el gato no les alcanzara, la prensa brasile\u00f1a\u00a0<b>cometi\u00f3 un pecado capital futbolero<\/b>: les preguntaron a sus lectores\u00a0<b><a href=\"https:\/\/www.tycsports.com\/mundial\/brasil-mundial-qatar-2022-sexta-estrella-ubicarse-preguntan--id481450.html\" target=\"_blank\" rel=\"noopener\">en qu\u00e9 lugar deber\u00eda ir la sexta estrella de campe\u00f3n, pr\u00e1cticamente dando por sabido que levantar\u00edan la Copa del Mundo en Qatar<\/a><\/b><a href=\"https:\/\/www.tycsports.com\/mundial\/brasil-mundial-qatar-2022-sexta-estrella-ubicarse-preguntan--id481450.html\" target=\"_blank\" rel=\"noopener\">.<\/a><\/p>\n<figure class=\"w-100\"><img decoding=\"async\" title=\"Sexta estrella Brasil \" src=\"https:\/\/media.tycsports.com\/files\/2022\/12\/08\/514191\/sexta-estrella-brasil-_w416.webp\" srcset=\"https:\/\/media.tycsports.com\/files\/2022\/12\/08\/514191\/sexta-estrella-brasil-_w416.webp 480w, https:\/\/media.tycsports.com\/files\/2022\/12\/08\/514191\/sexta-estrella-brasil-_w862.webp 1080w\" alt=\"Sexta estrella Brasil \" data-src=\"https:\/\/media.tycsports.com\/files\/2022\/12\/08\/514191\/sexta-estrella-brasil-_w416.webp\" data-srcset=\"https:\/\/media.tycsports.com\/files\/2022\/12\/08\/514191\/sexta-estrella-brasil-_w416.webp 480w, https:\/\/media.tycsports.com\/files\/2022\/12\/08\/514191\/sexta-estrella-brasil-_w862.webp 1080w\" \/><\/figure>\n<p>El sitio wee brasile\u00f1o\u00a0<i>Lance\u00a0<\/i>fue el encargado de la encuesta, que se planteaba de movida como un \u00ab<b><i>asunto serio<\/i><\/b>\u00ab. All\u00ed, les presentaron\u00a0<b>seis opciones a sus seguidores para que elijan en qu\u00e9 lugar deber\u00eda ir la sexta estrella<\/b>.<\/p>\n<p>Despu\u00e9s de la eliminaci\u00f3n ante Croacia por penales,\u00a0<b>lo bueno es que tendr\u00e1n tiempo para definirlo, ya que por al menos cuatro a\u00f1os m\u00e1s el escudo no sufrir\u00e1 modificaciones.<\/b><\/p>\n<p>&nbsp;<\/p>\n<p><strong>Fuente T y C Sports<\/strong><\/p>\n","protected":false},"excerpt":{"rendered":"<p>Los gatos son sagrados en la religi\u00f3n del Islam y la situaci\u00f3n que vivi\u00f3 la Canarinha en Qatar 2022 le pas\u00f3 factura: intentaron revertir la \u00abmufa\u00bb al nombrarlo Hexa, pero fueron eliminados ante Croacia.<\/p>\n","protected":false},"author":3,"featured_media":0,"comment_status":"closed","ping_status":"closed","sticky":false,"template":"","format":"standard","meta":{"footnotes":""},"categories":[26],"tags":[],"class_list":["post-81225","post","type-post","status-publish","format-standard","hentry","category-sociedad"],"yoast_head":"<!-- This site is optimized with the Yoast SEO plugin v25.9 - https:\/\/yoast.com\/wordpress\/plugins\/seo\/ -->\n<title>Brasil y la &quot;maldici\u00f3n&quot; del gato: maltrato, adopci\u00f3n, nombre &quot;anti-mufa&quot; y eliminaci\u00f3n - Noticias Radio Reflejos<\/title>\n<meta name=\"robots\" content=\"index, follow, max-snippet:-1, max-image-preview:large, max-video-preview:-1\" \/>\n<link rel=\"canonical\" href=\"https:\/\/www.noticiasradioreflejos.com.ar\/2021\/brasil-y-la-maldicion-del-gato-maltrato-adopcion-nombre-anti-mufa-y-eliminacion\/\" \/>\n<meta property=\"og:locale\" content=\"es_ES\" \/>\n<meta property=\"og:type\" content=\"article\" \/>\n<meta property=\"og:title\" content=\"Brasil y la &quot;maldici\u00f3n&quot; del gato: maltrato, adopci\u00f3n, nombre &quot;anti-mufa&quot; y eliminaci\u00f3n - Noticias Radio Reflejos\" \/>\n<meta property=\"og:description\" content=\"Los gatos son sagrados en la religi\u00f3n del Islam y la situaci\u00f3n que vivi\u00f3 la Canarinha en Qatar 2022 le pas\u00f3 factura: intentaron revertir la \u00abmufa\u00bb al nombrarlo Hexa, pero fueron eliminados ante Croacia.\" \/>\n<meta property=\"og:url\" content=\"https:\/\/www.noticiasradioreflejos.com.ar\/2021\/brasil-y-la-maldicion-del-gato-maltrato-adopcion-nombre-anti-mufa-y-eliminacion\/\" \/>\n<meta property=\"og:site_name\" content=\"Noticias Radio Reflejos\" \/>\n<meta property=\"article:published_time\" content=\"2022-12-10T11:15:12+00:00\" \/>\n<meta property=\"article:modified_time\" content=\"2022-12-10T11:17:20+00:00\" \/>\n<meta property=\"og:image\" content=\"https:\/\/live.staticflickr.com\/65535\/52554693998_0bea7445e9_c.jpg\" \/>\n<meta name=\"author\" content=\"Arnaldo Botto\" \/>\n<meta name=\"twitter:card\" content=\"summary_large_image\" \/>\n<script type=\"application\/ld+json\" class=\"yoast-schema-graph\">{\"@context\":\"https:\/\/schema.org\",\"@graph\":[{\"@type\":\"WebPage\",\"@id\":\"https:\/\/www.noticiasradioreflejos.com.ar\/2021\/brasil-y-la-maldicion-del-gato-maltrato-adopcion-nombre-anti-mufa-y-eliminacion\/\",\"url\":\"https:\/\/www.noticiasradioreflejos.com.ar\/2021\/brasil-y-la-maldicion-del-gato-maltrato-adopcion-nombre-anti-mufa-y-eliminacion\/\",\"name\":\"Brasil y la \\\"maldici\u00f3n\\\" del gato: maltrato, adopci\u00f3n, nombre \\\"anti-mufa\\\" y eliminaci\u00f3n - Noticias Radio Reflejos\",\"isPartOf\":{\"@id\":\"https:\/\/www.noticiasradioreflejos.com.ar\/2021\/#website\"},\"primaryImageOfPage\":{\"@id\":\"https:\/\/www.noticiasradioreflejos.com.ar\/2021\/brasil-y-la-maldicion-del-gato-maltrato-adopcion-nombre-anti-mufa-y-eliminacion\/#primaryimage\"},\"image\":{\"@id\":\"https:\/\/www.noticiasradioreflejos.com.ar\/2021\/brasil-y-la-maldicion-del-gato-maltrato-adopcion-nombre-anti-mufa-y-eliminacion\/#primaryimage\"},\"thumbnailUrl\":\"https:\/\/live.staticflickr.com\/65535\/52554693998_0bea7445e9_c.jpg\",\"datePublished\":\"2022-12-10T11:15:12+00:00\",\"dateModified\":\"2022-12-10T11:17:20+00:00\",\"author\":{\"@id\":\"https:\/\/www.noticiasradioreflejos.com.ar\/2021\/#\/schema\/person\/ad82545263dcc5ec0996818884fd5fb1\"},\"breadcrumb\":{\"@id\":\"https:\/\/www.noticiasradioreflejos.com.ar\/2021\/brasil-y-la-maldicion-del-gato-maltrato-adopcion-nombre-anti-mufa-y-eliminacion\/#breadcrumb\"},\"inLanguage\":\"es\",\"potentialAction\":[{\"@type\":\"ReadAction\",\"target\":[\"https:\/\/www.noticiasradioreflejos.com.ar\/2021\/brasil-y-la-maldicion-del-gato-maltrato-adopcion-nombre-anti-mufa-y-eliminacion\/\"]}]},{\"@type\":\"ImageObject\",\"inLanguage\":\"es\",\"@id\":\"https:\/\/www.noticiasradioreflejos.com.ar\/2021\/brasil-y-la-maldicion-del-gato-maltrato-adopcion-nombre-anti-mufa-y-eliminacion\/#primaryimage\",\"url\":\"https:\/\/live.staticflickr.com\/65535\/52554693998_0bea7445e9_c.jpg\",\"contentUrl\":\"https:\/\/live.staticflickr.com\/65535\/52554693998_0bea7445e9_c.jpg\"},{\"@type\":\"BreadcrumbList\",\"@id\":\"https:\/\/www.noticiasradioreflejos.com.ar\/2021\/brasil-y-la-maldicion-del-gato-maltrato-adopcion-nombre-anti-mufa-y-eliminacion\/#breadcrumb\",\"itemListElement\":[{\"@type\":\"ListItem\",\"position\":1,\"name\":\"Portada\",\"item\":\"https:\/\/www.noticiasradioreflejos.com.ar\/2021\/\"},{\"@type\":\"ListItem\",\"position\":2,\"name\":\"Brasil y la \u00abmaldici\u00f3n\u00bb del gato: maltrato, adopci\u00f3n, nombre \u00abanti-mufa\u00bb y eliminaci\u00f3n\"}]},{\"@type\":\"WebSite\",\"@id\":\"https:\/\/www.noticiasradioreflejos.com.ar\/2021\/#website\",\"url\":\"https:\/\/www.noticiasradioreflejos.com.ar\/2021\/\",\"name\":\"Noticias Radio Reflejos\",\"description\":\"Las noticias de mi comarca\",\"potentialAction\":[{\"@type\":\"SearchAction\",\"target\":{\"@type\":\"EntryPoint\",\"urlTemplate\":\"https:\/\/www.noticiasradioreflejos.com.ar\/2021\/?s={search_term_string}\"},\"query-input\":{\"@type\":\"PropertyValueSpecification\",\"valueRequired\":true,\"valueName\":\"search_term_string\"}}],\"inLanguage\":\"es\"},{\"@type\":\"Person\",\"@id\":\"https:\/\/www.noticiasradioreflejos.com.ar\/2021\/#\/schema\/person\/ad82545263dcc5ec0996818884fd5fb1\",\"name\":\"Arnaldo Botto\",\"image\":{\"@type\":\"ImageObject\",\"inLanguage\":\"es\",\"@id\":\"https:\/\/www.noticiasradioreflejos.com.ar\/2021\/#\/schema\/person\/image\/\",\"url\":\"https:\/\/secure.gravatar.com\/avatar\/55cb5e37c1efa326397366e6974cb338056df65cb50e7d64d1cf314e87504837?s=96&d=mm&r=g\",\"contentUrl\":\"https:\/\/secure.gravatar.com\/avatar\/55cb5e37c1efa326397366e6974cb338056df65cb50e7d64d1cf314e87504837?s=96&d=mm&r=g\",\"caption\":\"Arnaldo Botto\"},\"url\":\"https:\/\/www.noticiasradioreflejos.com.ar\/2021\/author\/arnaldo\/\"}]}<\/script>\n<!-- \/ Yoast SEO plugin. -->","yoast_head_json":{"title":"Brasil y la \"maldici\u00f3n\" del gato: maltrato, adopci\u00f3n, nombre \"anti-mufa\" y eliminaci\u00f3n - Noticias Radio Reflejos","robots":{"index":"index","follow":"follow","max-snippet":"max-snippet:-1","max-image-preview":"max-image-preview:large","max-video-preview":"max-video-preview:-1"},"canonical":"https:\/\/www.noticiasradioreflejos.com.ar\/2021\/brasil-y-la-maldicion-del-gato-maltrato-adopcion-nombre-anti-mufa-y-eliminacion\/","og_locale":"es_ES","og_type":"article","og_title":"Brasil y la \"maldici\u00f3n\" del gato: maltrato, adopci\u00f3n, nombre \"anti-mufa\" y eliminaci\u00f3n - Noticias Radio Reflejos","og_description":"Los gatos son sagrados en la religi\u00f3n del Islam y la situaci\u00f3n que vivi\u00f3 la Canarinha en Qatar 2022 le pas\u00f3 factura: intentaron revertir la \u00abmufa\u00bb al nombrarlo Hexa, pero fueron eliminados ante Croacia.","og_url":"https:\/\/www.noticiasradioreflejos.com.ar\/2021\/brasil-y-la-maldicion-del-gato-maltrato-adopcion-nombre-anti-mufa-y-eliminacion\/","og_site_name":"Noticias Radio Reflejos","article_published_time":"2022-12-10T11:15:12+00:00","article_modified_time":"2022-12-10T11:17:20+00:00","og_image":[{"url":"https:\/\/live.staticflickr.com\/65535\/52554693998_0bea7445e9_c.jpg","type":"","width":"","height":""}],"author":"Arnaldo Botto","twitter_card":"summary_large_image","schema":{"@context":"https:\/\/schema.org","@graph":[{"@type":"WebPage","@id":"https:\/\/www.noticiasradioreflejos.com.ar\/2021\/brasil-y-la-maldicion-del-gato-maltrato-adopcion-nombre-anti-mufa-y-eliminacion\/","url":"https:\/\/www.noticiasradioreflejos.com.ar\/2021\/brasil-y-la-maldicion-del-gato-maltrato-adopcion-nombre-anti-mufa-y-eliminacion\/","name":"Brasil y la \"maldici\u00f3n\" del gato: maltrato, adopci\u00f3n, nombre \"anti-mufa\" y eliminaci\u00f3n - Noticias Radio Reflejos","isPartOf":{"@id":"https:\/\/www.noticiasradioreflejos.com.ar\/2021\/#website"},"primaryImageOfPage":{"@id":"https:\/\/www.noticiasradioreflejos.com.ar\/2021\/brasil-y-la-maldicion-del-gato-maltrato-adopcion-nombre-anti-mufa-y-eliminacion\/#primaryimage"},"image":{"@id":"https:\/\/www.noticiasradioreflejos.com.ar\/2021\/brasil-y-la-maldicion-del-gato-maltrato-adopcion-nombre-anti-mufa-y-eliminacion\/#primaryimage"},"thumbnailUrl":"https:\/\/live.staticflickr.com\/65535\/52554693998_0bea7445e9_c.jpg","datePublished":"2022-12-10T11:15:12+00:00","dateModified":"2022-12-10T11:17:20+00:00","author":{"@id":"https:\/\/www.noticiasradioreflejos.com.ar\/2021\/#\/schema\/person\/ad82545263dcc5ec0996818884fd5fb1"},"breadcrumb":{"@id":"https:\/\/www.noticiasradioreflejos.com.ar\/2021\/brasil-y-la-maldicion-del-gato-maltrato-adopcion-nombre-anti-mufa-y-eliminacion\/#breadcrumb"},"inLanguage":"es","potentialAction":[{"@type":"ReadAction","target":["https:\/\/www.noticiasradioreflejos.com.ar\/2021\/brasil-y-la-maldicion-del-gato-maltrato-adopcion-nombre-anti-mufa-y-eliminacion\/"]}]},{"@type":"ImageObject","inLanguage":"es","@id":"https:\/\/www.noticiasradioreflejos.com.ar\/2021\/brasil-y-la-maldicion-del-gato-maltrato-adopcion-nombre-anti-mufa-y-eliminacion\/#primaryimage","url":"https:\/\/live.staticflickr.com\/65535\/52554693998_0bea7445e9_c.jpg","contentUrl":"https:\/\/live.staticflickr.com\/65535\/52554693998_0bea7445e9_c.jpg"},{"@type":"BreadcrumbList","@id":"https:\/\/www.noticiasradioreflejos.com.ar\/2021\/brasil-y-la-maldicion-del-gato-maltrato-adopcion-nombre-anti-mufa-y-eliminacion\/#breadcrumb","itemListElement":[{"@type":"ListItem","position":1,"name":"Portada","item":"https:\/\/www.noticiasradioreflejos.com.ar\/2021\/"},{"@type":"ListItem","position":2,"name":"Brasil y la \u00abmaldici\u00f3n\u00bb del gato: maltrato, adopci\u00f3n, nombre \u00abanti-mufa\u00bb y eliminaci\u00f3n"}]},{"@type":"WebSite","@id":"https:\/\/www.noticiasradioreflejos.com.ar\/2021\/#website","url":"https:\/\/www.noticiasradioreflejos.com.ar\/2021\/","name":"Noticias Radio Reflejos","description":"Las noticias de mi comarca","potentialAction":[{"@type":"SearchAction","target":{"@type":"EntryPoint","urlTemplate":"https:\/\/www.noticiasradioreflejos.com.ar\/2021\/?s={search_term_string}"},"query-input":{"@type":"PropertyValueSpecification","valueRequired":true,"valueName":"search_term_string"}}],"inLanguage":"es"},{"@type":"Person","@id":"https:\/\/www.noticiasradioreflejos.com.ar\/2021\/#\/schema\/person\/ad82545263dcc5ec0996818884fd5fb1","name":"Arnaldo Botto","image":{"@type":"ImageObject","inLanguage":"es","@id":"https:\/\/www.noticiasradioreflejos.com.ar\/2021\/#\/schema\/person\/image\/","url":"https:\/\/secure.gravatar.com\/avatar\/55cb5e37c1efa326397366e6974cb338056df65cb50e7d64d1cf314e87504837?s=96&d=mm&r=g","contentUrl":"https:\/\/secure.gravatar.com\/avatar\/55cb5e37c1efa326397366e6974cb338056df65cb50e7d64d1cf314e87504837?s=96&d=mm&r=g","caption":"Arnaldo Botto"},"url":"https:\/\/www.noticiasradioreflejos.com.ar\/2021\/author\/arnaldo\/"}]}},"_links":{"self":[{"href":"https:\/\/www.noticiasradioreflejos.com.ar\/2021\/wp-json\/wp\/v2\/posts\/81225","targetHints":{"allow":["GET"]}}],"collection":[{"href":"https:\/\/www.noticiasradioreflejos.com.ar\/2021\/wp-json\/wp\/v2\/posts"}],"about":[{"href":"https:\/\/www.noticiasradioreflejos.com.ar\/2021\/wp-json\/wp\/v2\/types\/post"}],"author":[{"embeddable":true,"href":"https:\/\/www.noticiasradioreflejos.com.ar\/2021\/wp-json\/wp\/v2\/users\/3"}],"replies":[{"embeddable":true,"href":"https:\/\/www.noticiasradioreflejos.com.ar\/2021\/wp-json\/wp\/v2\/comments?post=81225"}],"version-history":[{"count":3,"href":"https:\/\/www.noticiasradioreflejos.com.ar\/2021\/wp-json\/wp\/v2\/posts\/81225\/revisions"}],"predecessor-version":[{"id":81229,"href":"https:\/\/www.noticiasradioreflejos.com.ar\/2021\/wp-json\/wp\/v2\/posts\/81225\/revisions\/81229"}],"wp:attachment":[{"href":"https:\/\/www.noticiasradioreflejos.com.ar\/2021\/wp-json\/wp\/v2\/media?parent=81225"}],"wp:term":[{"taxonomy":"category","embeddable":true,"href":"https:\/\/www.noticiasradioreflejos.com.ar\/2021\/wp-json\/wp\/v2\/categories?post=81225"},{"taxonomy":"post_tag","embeddable":true,"href":"https:\/\/www.noticiasradioreflejos.com.ar\/2021\/wp-json\/wp\/v2\/tags?post=81225"}],"curies":[{"name":"wp","href":"https:\/\/api.w.org\/{rel}","templated":true}]}}