{"id":81219,"date":"2022-12-09T22:27:11","date_gmt":"2022-12-09T22:27:11","guid":{"rendered":"http:\/\/www.noticiasradioreflejos.com.ar\/2021\/?p=81219"},"modified":"2022-12-09T22:27:11","modified_gmt":"2022-12-09T22:27:11","slug":"las-llamas-en-tierra-del-fuego-abarcan-9-000-hectareas-la-justicia-investiga-su-origen","status":"publish","type":"post","link":"https:\/\/www.noticiasradioreflejos.com.ar\/2021\/las-llamas-en-tierra-del-fuego-abarcan-9-000-hectareas-la-justicia-investiga-su-origen\/","title":{"rendered":"Las llamas en Tierra del Fuego abarcan \u201c9.000 hect\u00e1reas\u201d: la justicia investiga su origen"},"content":{"rendered":"<p>Seg\u00fan datos aportados por el Juzgado, ya \u201chabr\u00edan encontrado que el incendio comenz\u00f3 en una parrilla, por un fog\u00f3n mal apagado, aunque eso es materia de an\u00e1lisis judicial\u201d. Contin\u00faa el combate contra las llamas.<!--more--><\/p>\n<figure class=\"mb-3\"><img decoding=\"async\" src=\"https:\/\/www.telam.com.ar\/thumbs\/bluesteel\/advf\/imagenes\/2022\/12\/639344be67198_1200.jpg\" alt=\"El valor escnico de la reserva es indiscutible ya que protege sectores de bosque turbales y una pequea porcin ecotono Foto Cristian Urrutia\" width=\"100%\" height=\"100%\" \/><\/p>\n<div class=\"media-icons\"><\/div><figcaption>El valor esc\u00e9nico de la reserva es indiscutible, ya que protege sectores de bosque, turbales y una peque\u00f1a porci\u00f3n ecotono \/ Foto: Cristian Urrutia.<\/figcaption><\/figure>\n<p>La ministra de Producci\u00f3n y Ambiente de Tierra del Fuego, Sonia Castiglione, afirm\u00f3 este viernes que el incendio forestal en el centro de esa provincia ya afect\u00f3 a unas \u201cnueve mil hect\u00e1reas\u201d, lo que\u00a0<strong>equivale a cuatro veces la superficie de la ciudad de Ushuaia<\/strong>, y advirti\u00f3 que la justicia investiga c\u00f3mo se inici\u00f3 el fuego.<\/p>\n<p>Castiglione tambi\u00e9n confirm\u00f3 que el Juzgado de Competencia Ampliada del municipio de Tolhuin, a cargo del juez Silvio Pellegrino, inici\u00f3 de oficio una investigaci\u00f3n para determinar las causas del inicio del fuego en la reserva natural \u201cCoraz\u00f3n de la Isla\u201d, y afirm\u00f3 a radio Nacional que en ese marco ya<strong>\u00a0\u201chabr\u00edan encontrado que el incendio comenz\u00f3 en una parrilla, por un fog\u00f3n mal apagado, aunque eso es materia de an\u00e1lisis judicial\u201d<\/strong>.<\/p>\n<p>El juez declar\u00f3 a radio FM del Pueblo de R\u00edo Grande que \u201cya est\u00e1 individualizado el lugar en donde se habr\u00eda iniciado el incendio, pero a\u00fan tienen que actuar los peritos. Pudimos recabar testimonios y estamos investigando\u201d.<\/p>\n<figure class=\"mb-3\"><img decoding=\"async\" src=\"https:\/\/www.telam.com.ar\/thumbs\/bluesteel\/advf\/imagenes\/2022\/12\/639344be51294_1200.jpg\" alt=\"La Legislatura fueguina sancion una ley que declara la emergencia ambiental por incendios forestales Foto Cristian Urrutia\" width=\"100%\" height=\"100%\" \/><\/p>\n<div class=\"media-icons\"><\/div><figcaption>La Legislatura fueguina sancion\u00f3 una ley que declara la emergencia ambiental por incendios forestales \/ Foto: Cristian Urrutia.<\/figcaption><\/figure>\n<p>La ministra tambi\u00e9n dijo que el lugar de origen de las llamas es el R\u00edo Claro, situado a pocos kil\u00f3metros de un refugio tur\u00edstico, en una zona donde habitualmente van pescadores si bien est\u00e1 prohibido el ingreso a la reserva por ese sector.<\/p>\n<p>\u201cEl incendio empez\u00f3 el mi\u00e9rcoles 30 de noviembre y a partir de all\u00ed tuvimos siete d\u00edas de viento constante e intenso, de 60 a 65 kil\u00f3metros por hora con r\u00e1fagas de hasta 100 kil\u00f3metros, que no permitieron el ataque directo del fuego y limitaron las tareas de contenci\u00f3n, porque por ejemplo los medios a\u00e9reos no pod\u00edan volar\u201d, mencion\u00f3 y resalt\u00f3 que en ese escenario \u201cse prioriz\u00f3 antes que nada la vida de los brigadistas\u201d.<\/p>\n<p>Castiglione precis\u00f3 que\u00a0<strong>la zona comprende un bosque virgen \u201cmuy antiguo\u201d con \u00e1rboles de \u201c40 metros de altura\u201d y \u201cmucho material combustible en el suelo\u201d<\/strong>, en un lugar de \u201ctopograf\u00eda compleja, de pocos accesos\u201d y \u201cen medio de una situaci\u00f3n de sequ\u00eda extrema por las pocas precipitaciones registradas durante el invierno\u201d.<\/p>\n<figure class=\"mb-3\"><img decoding=\"async\" src=\"https:\/\/www.telam.com.ar\/thumbs\/bluesteel\/advf\/imagenes\/2022\/12\/639344be7db01_1200.jpg\" alt=\"El fuego se disip en varios focos que todava permanecen activos y que se extienden por las laderas de los cerros Foto Cristian Urrutia\" width=\"100%\" height=\"100%\" \/><\/p>\n<div class=\"media-icons\"><\/div><figcaption>El fuego se disip\u00f3 en varios focos que todav\u00eda permanecen activos y que se extienden por las laderas de los cerros \/ Foto: Cristian Urrutia.<\/figcaption><\/figure>\n<p>De todos modos, cont\u00f3 que una \u201cventana clim\u00e1tica\u201d de cuatro d\u00edas permiti\u00f3 en las \u00faltimas horas \u201chacer cortafuegos\u201d e ingresar \u201cmaquinaria pesada\u201d.<\/p>\n<p>El incendio en la reserva \u201cCoraz\u00f3n de la Isla\u201d comenz\u00f3 en inmediaciones del R\u00edo Claro y del llamado Refugio Fueguino (un parador tur\u00edstico emplazado en la ex Estancia Carmen) y fue advertido por integrantes del destacamento Lago Escondido de la Secretar\u00eda de Protecci\u00f3n Civil, quienes divisaron una \u201ccolumna de humo\u201d proveniente del lugar.<\/p>\n<p><strong>El fuego se disip\u00f3 en varios focos que todav\u00eda permanecen activos<\/strong>\u00a0y que se extienden por las laderas de los cerros y las costas de los espejos de agua de la zona.<\/p>\n<h2 class=\"\">Un ecosistema \u00fanico<\/h2>\n<p>El valor esc\u00e9nico de la reserva es indiscutible, ya que protege sectores de bosque, turbales y una peque\u00f1a porci\u00f3n ecotono, adem\u00e1s de resguardar un complejo sistema de aguas comprendido por los lagos Chepelmut, Yehuin y Yakush que est\u00e1n interconectados, y por una porci\u00f3n argentina del lago Deseado.<\/p>\n<blockquote class=\"twitter-tweet\" data-width=\"500\" data-dnt=\"true\">\n<p lang=\"es\" dir=\"ltr\">\u2714\ufe0fDesde hoy, las rutas provinciales N\u00b0 9 y N\u00b0 18 se usar\u00e1n como corredores de emergencia. Solo podr\u00e1n ingresar a estos caminos  veh\u00edculos afectados a la atenci\u00f3n del incendio en el Coraz\u00f3n de la Isla y quienes vivan o trabajen en la zona. <a href=\"https:\/\/t.co\/bJoINfzdef\">pic.twitter.com\/bJoINfzdef<\/a><\/p>\n<p>&mdash; Gobierno de Tierra del Fuego AIAS (@GobiernoTDF) <a href=\"https:\/\/twitter.com\/GobiernoTDF\/status\/1601198683957391362?ref_src=twsrc%5Etfw\">December 9, 2022<\/a><\/p><\/blockquote>\n<p><script async src=\"https:\/\/platform.twitter.com\/widgets.js\" charset=\"utf-8\"><\/script><\/p>\n<p>En el lugar hay una gran reserva de guanacos y all\u00ed habita el zorro colorado fueguino, \u00fanico c\u00e1nido nativo, actualmente escaso y con riesgo de desaparecer de Tierra del Fuego, adem\u00e1s de una variada cantidad de especies de aves, mientras que entre la flora se destacan los bosques de lengas, \u00f1ires y guindos.<\/p>\n<p><strong>Cincuenta y dos brigadistas<\/strong>\u00a0del Servicio Nacional de Manejo del Fuego (SNMF) arribaron anoche a la zona del incendio y se sumaron a otros treinta combatientes arribados en d\u00edas anteriores, un avi\u00f3n hidrante y dos helic\u00f3pteros afectados tambi\u00e9n a las tareas de contenci\u00f3n del fuego, informaron fuentes oficiales del gobierno fueguino.<\/p>\n<p>Los brigadistas del SNMF que se sumaron al combate del fuego provienen del Equipo T\u00e9cnico de Acci\u00f3n ante Cat\u00e1strofes del Ministerio de Seguridad de C\u00f3rdoba y de la brigada del Plan Nacional de Manejo del Fuego de San Luis y arribaron a Tierra del Fuego a trav\u00e9s de un operativo log\u00edstico del que participaron integrantes de la Fuerza A\u00e9rea Argentina, Gendarmer\u00eda Nacional y la Polic\u00eda de Seguridad Aeroportuaria, precisaron los voceros consultados.<\/p>\n<figure class=\"mb-3\"><img decoding=\"async\" src=\"https:\/\/www.telam.com.ar\/thumbs\/bluesteel\/advf\/imagenes\/2022\/12\/638fcc28e304d_1200.jpg\" alt=\"Foto Gustavo Molfino\" width=\"100%\" height=\"100%\" \/><\/p>\n<div class=\"media-icons\"><\/div><figcaption>Foto: Gustavo Molfino.<\/figcaption><\/figure>\n<p>La ministra Castiglione dijo que el personal \u201cviene a reforzar al equipo que ya est\u00e1 trabajando desde hace d\u00edas\u201d y agradeci\u00f3 \u201cel valor individual de cada uno de ellos\u201d.<\/p>\n<p><strong>\u201cLos dos helic\u00f3pteros y el avi\u00f3n hidrante ya vienen trabajando. Tambi\u00e9n aguardamos el arribo de otros dos aviones m\u00e1s que contrat\u00f3 el gobierno de la provincia, y que vienen a reforzar los medios con los que contamos\u201d<\/strong>, indic\u00f3 Castiglione.<\/p>\n<p>A su vez, uno de los coordinadores del equipo de brigadistas provenientes de C\u00f3rdoba, N\u00e9stor Garc\u00eda, sostuvo que \u201ctenemos experiencias en combate de incendios forestales y traemos equipamiento y herramientas necesarias para sumarnos al equipo que ya viene trabajando\u201d.<\/p>\n<p>La situaci\u00f3n es seguida de cerca por las principales autoridades fueguinas, entre ellas por el gobernador Gustavo Melella, quien se reuni\u00f3 en Tolhuin con el intendente Daniel Harrington y los miembros del Comit\u00e9 Operativo de Emergencia que toma las principales decisiones relacionadas con el combate del fuego.<\/p>\n<p>\u201cHemos estado escuchando a quienes est\u00e1n al frente de este combate contra el fuego, intensamente, analizando esta situaci\u00f3n triste que nos toca vivir, pero con la esperanza que se est\u00e1 haciendo todo lo que se puede hacer, con un gran esfuerzo por parte de ellos\u201d, rescat\u00f3 Melella.<\/p>\n<p>Tambi\u00e9n les pidi\u00f3 paciencia a quienes desean que \u201cesto se termine r\u00e1pido\u201d pero \u201cno consideran factores como el clima y los episodios similares que se repiten en otras zonas del pa\u00eds\u201d.<\/p>\n<p>En tanto, la Legislatura fueguina sancion\u00f3 una ley que declara la emergencia ambiental por incendios forestales y que extiende la prohibici\u00f3n de hacer fuego en lugares p\u00fablicos hasta el a\u00f1o pr\u00f3ximo.<\/p>\n","protected":false},"excerpt":{"rendered":"<p>Seg\u00fan datos aportados por el Juzgado, ya \u201chabr\u00edan encontrado que el incendio comenz\u00f3 en una parrilla, por un fog\u00f3n mal apagado, aunque eso es materia de an\u00e1lisis judicial\u201d. Contin\u00faa el combate contra las llamas.<\/p>\n","protected":false},"author":3,"featured_media":0,"comment_status":"closed","ping_status":"closed","sticky":false,"template":"","format":"standard","meta":{"footnotes":""},"categories":[46,26],"tags":[],"class_list":["post-81219","post","type-post","status-publish","format-standard","hentry","category-ciencia-y-tecnologia","category-sociedad"],"yoast_head":"<!-- This site is optimized with the Yoast SEO plugin v25.9 - https:\/\/yoast.com\/wordpress\/plugins\/seo\/ -->\n<title>Las llamas en Tierra del Fuego abarcan \u201c9.000 hect\u00e1reas\u201d: la justicia investiga su origen - Noticias Radio Reflejos<\/title>\n<meta name=\"robots\" content=\"index, follow, max-snippet:-1, max-image-preview:large, max-video-preview:-1\" \/>\n<link rel=\"canonical\" href=\"https:\/\/www.noticiasradioreflejos.com.ar\/2021\/las-llamas-en-tierra-del-fuego-abarcan-9-000-hectareas-la-justicia-investiga-su-origen\/\" \/>\n<meta property=\"og:locale\" content=\"es_ES\" \/>\n<meta property=\"og:type\" content=\"article\" \/>\n<meta property=\"og:title\" content=\"Las llamas en Tierra del Fuego abarcan \u201c9.000 hect\u00e1reas\u201d: la justicia investiga su origen - Noticias Radio Reflejos\" \/>\n<meta property=\"og:description\" content=\"Seg\u00fan datos aportados por el Juzgado, ya \u201chabr\u00edan encontrado que el incendio comenz\u00f3 en una parrilla, por un fog\u00f3n mal apagado, aunque eso es materia de an\u00e1lisis judicial\u201d. Contin\u00faa el combate contra las llamas.\" \/>\n<meta property=\"og:url\" content=\"https:\/\/www.noticiasradioreflejos.com.ar\/2021\/las-llamas-en-tierra-del-fuego-abarcan-9-000-hectareas-la-justicia-investiga-su-origen\/\" \/>\n<meta property=\"og:site_name\" content=\"Noticias Radio Reflejos\" \/>\n<meta property=\"article:published_time\" content=\"2022-12-09T22:27:11+00:00\" \/>\n<meta property=\"og:image\" content=\"https:\/\/www.telam.com.ar\/thumbs\/bluesteel\/advf\/imagenes\/2022\/12\/639344be67198_1200.jpg\" \/>\n<meta name=\"author\" content=\"Arnaldo Botto\" \/>\n<meta name=\"twitter:card\" content=\"summary_large_image\" \/>\n<script type=\"application\/ld+json\" class=\"yoast-schema-graph\">{\"@context\":\"https:\/\/schema.org\",\"@graph\":[{\"@type\":\"WebPage\",\"@id\":\"https:\/\/www.noticiasradioreflejos.com.ar\/2021\/las-llamas-en-tierra-del-fuego-abarcan-9-000-hectareas-la-justicia-investiga-su-origen\/\",\"url\":\"https:\/\/www.noticiasradioreflejos.com.ar\/2021\/las-llamas-en-tierra-del-fuego-abarcan-9-000-hectareas-la-justicia-investiga-su-origen\/\",\"name\":\"Las llamas en Tierra del Fuego abarcan \u201c9.000 hect\u00e1reas\u201d: la justicia investiga su origen - Noticias Radio Reflejos\",\"isPartOf\":{\"@id\":\"https:\/\/www.noticiasradioreflejos.com.ar\/2021\/#website\"},\"primaryImageOfPage\":{\"@id\":\"https:\/\/www.noticiasradioreflejos.com.ar\/2021\/las-llamas-en-tierra-del-fuego-abarcan-9-000-hectareas-la-justicia-investiga-su-origen\/#primaryimage\"},\"image\":{\"@id\":\"https:\/\/www.noticiasradioreflejos.com.ar\/2021\/las-llamas-en-tierra-del-fuego-abarcan-9-000-hectareas-la-justicia-investiga-su-origen\/#primaryimage\"},\"thumbnailUrl\":\"https:\/\/www.telam.com.ar\/thumbs\/bluesteel\/advf\/imagenes\/2022\/12\/639344be67198_1200.jpg\",\"datePublished\":\"2022-12-09T22:27:11+00:00\",\"author\":{\"@id\":\"https:\/\/www.noticiasradioreflejos.com.ar\/2021\/#\/schema\/person\/ad82545263dcc5ec0996818884fd5fb1\"},\"breadcrumb\":{\"@id\":\"https:\/\/www.noticiasradioreflejos.com.ar\/2021\/las-llamas-en-tierra-del-fuego-abarcan-9-000-hectareas-la-justicia-investiga-su-origen\/#breadcrumb\"},\"inLanguage\":\"es\",\"potentialAction\":[{\"@type\":\"ReadAction\",\"target\":[\"https:\/\/www.noticiasradioreflejos.com.ar\/2021\/las-llamas-en-tierra-del-fuego-abarcan-9-000-hectareas-la-justicia-investiga-su-origen\/\"]}]},{\"@type\":\"ImageObject\",\"inLanguage\":\"es\",\"@id\":\"https:\/\/www.noticiasradioreflejos.com.ar\/2021\/las-llamas-en-tierra-del-fuego-abarcan-9-000-hectareas-la-justicia-investiga-su-origen\/#primaryimage\",\"url\":\"https:\/\/www.telam.com.ar\/thumbs\/bluesteel\/advf\/imagenes\/2022\/12\/639344be67198_1200.jpg\",\"contentUrl\":\"https:\/\/www.telam.com.ar\/thumbs\/bluesteel\/advf\/imagenes\/2022\/12\/639344be67198_1200.jpg\"},{\"@type\":\"BreadcrumbList\",\"@id\":\"https:\/\/www.noticiasradioreflejos.com.ar\/2021\/las-llamas-en-tierra-del-fuego-abarcan-9-000-hectareas-la-justicia-investiga-su-origen\/#breadcrumb\",\"itemListElement\":[{\"@type\":\"ListItem\",\"position\":1,\"name\":\"Portada\",\"item\":\"https:\/\/www.noticiasradioreflejos.com.ar\/2021\/\"},{\"@type\":\"ListItem\",\"position\":2,\"name\":\"Las llamas en Tierra del Fuego abarcan \u201c9.000 hect\u00e1reas\u201d: la justicia investiga su origen\"}]},{\"@type\":\"WebSite\",\"@id\":\"https:\/\/www.noticiasradioreflejos.com.ar\/2021\/#website\",\"url\":\"https:\/\/www.noticiasradioreflejos.com.ar\/2021\/\",\"name\":\"Noticias Radio Reflejos\",\"description\":\"Las noticias de mi comarca\",\"potentialAction\":[{\"@type\":\"SearchAction\",\"target\":{\"@type\":\"EntryPoint\",\"urlTemplate\":\"https:\/\/www.noticiasradioreflejos.com.ar\/2021\/?s={search_term_string}\"},\"query-input\":{\"@type\":\"PropertyValueSpecification\",\"valueRequired\":true,\"valueName\":\"search_term_string\"}}],\"inLanguage\":\"es\"},{\"@type\":\"Person\",\"@id\":\"https:\/\/www.noticiasradioreflejos.com.ar\/2021\/#\/schema\/person\/ad82545263dcc5ec0996818884fd5fb1\",\"name\":\"Arnaldo Botto\",\"image\":{\"@type\":\"ImageObject\",\"inLanguage\":\"es\",\"@id\":\"https:\/\/www.noticiasradioreflejos.com.ar\/2021\/#\/schema\/person\/image\/\",\"url\":\"https:\/\/secure.gravatar.com\/avatar\/55cb5e37c1efa326397366e6974cb338056df65cb50e7d64d1cf314e87504837?s=96&d=mm&r=g\",\"contentUrl\":\"https:\/\/secure.gravatar.com\/avatar\/55cb5e37c1efa326397366e6974cb338056df65cb50e7d64d1cf314e87504837?s=96&d=mm&r=g\",\"caption\":\"Arnaldo Botto\"},\"url\":\"https:\/\/www.noticiasradioreflejos.com.ar\/2021\/author\/arnaldo\/\"}]}<\/script>\n<!-- \/ Yoast SEO plugin. -->","yoast_head_json":{"title":"Las llamas en Tierra del Fuego abarcan \u201c9.000 hect\u00e1reas\u201d: la justicia investiga su origen - Noticias Radio Reflejos","robots":{"index":"index","follow":"follow","max-snippet":"max-snippet:-1","max-image-preview":"max-image-preview:large","max-video-preview":"max-video-preview:-1"},"canonical":"https:\/\/www.noticiasradioreflejos.com.ar\/2021\/las-llamas-en-tierra-del-fuego-abarcan-9-000-hectareas-la-justicia-investiga-su-origen\/","og_locale":"es_ES","og_type":"article","og_title":"Las llamas en Tierra del Fuego abarcan \u201c9.000 hect\u00e1reas\u201d: la justicia investiga su origen - Noticias Radio Reflejos","og_description":"Seg\u00fan datos aportados por el Juzgado, ya \u201chabr\u00edan encontrado que el incendio comenz\u00f3 en una parrilla, por un fog\u00f3n mal apagado, aunque eso es materia de an\u00e1lisis judicial\u201d. Contin\u00faa el combate contra las llamas.","og_url":"https:\/\/www.noticiasradioreflejos.com.ar\/2021\/las-llamas-en-tierra-del-fuego-abarcan-9-000-hectareas-la-justicia-investiga-su-origen\/","og_site_name":"Noticias Radio Reflejos","article_published_time":"2022-12-09T22:27:11+00:00","og_image":[{"url":"https:\/\/www.telam.com.ar\/thumbs\/bluesteel\/advf\/imagenes\/2022\/12\/639344be67198_1200.jpg","type":"","width":"","height":""}],"author":"Arnaldo Botto","twitter_card":"summary_large_image","schema":{"@context":"https:\/\/schema.org","@graph":[{"@type":"WebPage","@id":"https:\/\/www.noticiasradioreflejos.com.ar\/2021\/las-llamas-en-tierra-del-fuego-abarcan-9-000-hectareas-la-justicia-investiga-su-origen\/","url":"https:\/\/www.noticiasradioreflejos.com.ar\/2021\/las-llamas-en-tierra-del-fuego-abarcan-9-000-hectareas-la-justicia-investiga-su-origen\/","name":"Las llamas en Tierra del Fuego abarcan \u201c9.000 hect\u00e1reas\u201d: la justicia investiga su origen - Noticias Radio Reflejos","isPartOf":{"@id":"https:\/\/www.noticiasradioreflejos.com.ar\/2021\/#website"},"primaryImageOfPage":{"@id":"https:\/\/www.noticiasradioreflejos.com.ar\/2021\/las-llamas-en-tierra-del-fuego-abarcan-9-000-hectareas-la-justicia-investiga-su-origen\/#primaryimage"},"image":{"@id":"https:\/\/www.noticiasradioreflejos.com.ar\/2021\/las-llamas-en-tierra-del-fuego-abarcan-9-000-hectareas-la-justicia-investiga-su-origen\/#primaryimage"},"thumbnailUrl":"https:\/\/www.telam.com.ar\/thumbs\/bluesteel\/advf\/imagenes\/2022\/12\/639344be67198_1200.jpg","datePublished":"2022-12-09T22:27:11+00:00","author":{"@id":"https:\/\/www.noticiasradioreflejos.com.ar\/2021\/#\/schema\/person\/ad82545263dcc5ec0996818884fd5fb1"},"breadcrumb":{"@id":"https:\/\/www.noticiasradioreflejos.com.ar\/2021\/las-llamas-en-tierra-del-fuego-abarcan-9-000-hectareas-la-justicia-investiga-su-origen\/#breadcrumb"},"inLanguage":"es","potentialAction":[{"@type":"ReadAction","target":["https:\/\/www.noticiasradioreflejos.com.ar\/2021\/las-llamas-en-tierra-del-fuego-abarcan-9-000-hectareas-la-justicia-investiga-su-origen\/"]}]},{"@type":"ImageObject","inLanguage":"es","@id":"https:\/\/www.noticiasradioreflejos.com.ar\/2021\/las-llamas-en-tierra-del-fuego-abarcan-9-000-hectareas-la-justicia-investiga-su-origen\/#primaryimage","url":"https:\/\/www.telam.com.ar\/thumbs\/bluesteel\/advf\/imagenes\/2022\/12\/639344be67198_1200.jpg","contentUrl":"https:\/\/www.telam.com.ar\/thumbs\/bluesteel\/advf\/imagenes\/2022\/12\/639344be67198_1200.jpg"},{"@type":"BreadcrumbList","@id":"https:\/\/www.noticiasradioreflejos.com.ar\/2021\/las-llamas-en-tierra-del-fuego-abarcan-9-000-hectareas-la-justicia-investiga-su-origen\/#breadcrumb","itemListElement":[{"@type":"ListItem","position":1,"name":"Portada","item":"https:\/\/www.noticiasradioreflejos.com.ar\/2021\/"},{"@type":"ListItem","position":2,"name":"Las llamas en Tierra del Fuego abarcan \u201c9.000 hect\u00e1reas\u201d: la justicia investiga su origen"}]},{"@type":"WebSite","@id":"https:\/\/www.noticiasradioreflejos.com.ar\/2021\/#website","url":"https:\/\/www.noticiasradioreflejos.com.ar\/2021\/","name":"Noticias Radio Reflejos","description":"Las noticias de mi comarca","potentialAction":[{"@type":"SearchAction","target":{"@type":"EntryPoint","urlTemplate":"https:\/\/www.noticiasradioreflejos.com.ar\/2021\/?s={search_term_string}"},"query-input":{"@type":"PropertyValueSpecification","valueRequired":true,"valueName":"search_term_string"}}],"inLanguage":"es"},{"@type":"Person","@id":"https:\/\/www.noticiasradioreflejos.com.ar\/2021\/#\/schema\/person\/ad82545263dcc5ec0996818884fd5fb1","name":"Arnaldo Botto","image":{"@type":"ImageObject","inLanguage":"es","@id":"https:\/\/www.noticiasradioreflejos.com.ar\/2021\/#\/schema\/person\/image\/","url":"https:\/\/secure.gravatar.com\/avatar\/55cb5e37c1efa326397366e6974cb338056df65cb50e7d64d1cf314e87504837?s=96&d=mm&r=g","contentUrl":"https:\/\/secure.gravatar.com\/avatar\/55cb5e37c1efa326397366e6974cb338056df65cb50e7d64d1cf314e87504837?s=96&d=mm&r=g","caption":"Arnaldo Botto"},"url":"https:\/\/www.noticiasradioreflejos.com.ar\/2021\/author\/arnaldo\/"}]}},"_links":{"self":[{"href":"https:\/\/www.noticiasradioreflejos.com.ar\/2021\/wp-json\/wp\/v2\/posts\/81219","targetHints":{"allow":["GET"]}}],"collection":[{"href":"https:\/\/www.noticiasradioreflejos.com.ar\/2021\/wp-json\/wp\/v2\/posts"}],"about":[{"href":"https:\/\/www.noticiasradioreflejos.com.ar\/2021\/wp-json\/wp\/v2\/types\/post"}],"author":[{"embeddable":true,"href":"https:\/\/www.noticiasradioreflejos.com.ar\/2021\/wp-json\/wp\/v2\/users\/3"}],"replies":[{"embeddable":true,"href":"https:\/\/www.noticiasradioreflejos.com.ar\/2021\/wp-json\/wp\/v2\/comments?post=81219"}],"version-history":[{"count":1,"href":"https:\/\/www.noticiasradioreflejos.com.ar\/2021\/wp-json\/wp\/v2\/posts\/81219\/revisions"}],"predecessor-version":[{"id":81221,"href":"https:\/\/www.noticiasradioreflejos.com.ar\/2021\/wp-json\/wp\/v2\/posts\/81219\/revisions\/81221"}],"wp:attachment":[{"href":"https:\/\/www.noticiasradioreflejos.com.ar\/2021\/wp-json\/wp\/v2\/media?parent=81219"}],"wp:term":[{"taxonomy":"category","embeddable":true,"href":"https:\/\/www.noticiasradioreflejos.com.ar\/2021\/wp-json\/wp\/v2\/categories?post=81219"},{"taxonomy":"post_tag","embeddable":true,"href":"https:\/\/www.noticiasradioreflejos.com.ar\/2021\/wp-json\/wp\/v2\/tags?post=81219"}],"curies":[{"name":"wp","href":"https:\/\/api.w.org\/{rel}","templated":true}]}}