{"id":81205,"date":"2022-12-09T18:08:08","date_gmt":"2022-12-09T18:08:08","guid":{"rendered":"http:\/\/www.noticiasradioreflejos.com.ar\/2021\/?p=81205"},"modified":"2022-12-09T18:09:02","modified_gmt":"2022-12-09T18:09:02","slug":"croacia-vencio-a-brasil-por-penales-y-es-el-primer-semifinalista","status":"publish","type":"post","link":"https:\/\/www.noticiasradioreflejos.com.ar\/2021\/croacia-vencio-a-brasil-por-penales-y-es-el-primer-semifinalista\/","title":{"rendered":"Croacia venci\u00f3 a Brasil por penales y es el primer semifinalista"},"content":{"rendered":"<p>Livakovic, el arquero de Croacia, le ataj\u00f3 un penal a Rodrygo, mientras que Marquinhos estrell\u00f3 su remate en el palo. Esos dos tiros malogrados desde los 12 pasas fueron la clave de la victoria del conjunto europeo, que se impuso por 4 a 2.<!--more--><\/p>\n<figure class=\"mb-3\"><img decoding=\"async\" src=\"https:\/\/www.telam.com.ar\/thumbs\/bluesteel\/advf\/imagenes\/2022\/12\/639371ebd80d2_1200.jpg\" alt=\"Foto AFP\" width=\"100%\" height=\"100%\" \/><\/p>\n<div class=\"media-icons\"><\/div><figcaption>Foto: AFP.<\/figcaption><\/figure>\n<p>Croacia se convirti\u00f3 en el primer semifinalista del Mundial al vencer a Brasil por 4 a 2 en definici\u00f3n con tiros desde el punto del penal, tras igualar 1 a 1 en tiempo suplementario.<\/p>\n<p><strong>Neymar anot\u00f3 para Brasil a los 15m del primer tiempo extra y lo empat\u00f3 Bruno Petkovic a los 12m del segundo suplementario<\/strong>.<\/p>\n<p>En los penales para Croacia anotaron Vlasic, Majer, Modric y Orsic; para Brasil lo hicieron Casemiro y Pedro; Livakovic ataj\u00f3 el remate de Rodrygo y el tiro de Marquinhos dio en un palo.<\/p>\n<p>El encuentro, 0-0 al cabo de los 90 minutos, se llev\u00f3 a cabo en el estadio Education City, en la ciudad de Ray\u00e1n, a siete kil\u00f3metros del centro de Doha, con el arbitraje del ingl\u00e9s Michael Oliver.<\/p>\n<figure class=\"mb-3\"><img decoding=\"async\" src=\"https:\/\/www.telam.com.ar\/thumbs\/bluesteel\/advf\/imagenes\/2022\/12\/639376ae21e19_1200.jpg\" alt=\"Foto AFP\" width=\"100%\" height=\"100%\" \/><\/p>\n<div class=\"media-icons\"><\/div><figcaption>Foto: AFP.<\/figcaption><\/figure>\n<p>La primera etapa se caracteriz\u00f3 por la paridad, con Brasil proponiendo y los balc\u00e1nicos saliendo r\u00e1pido de contragolpe.<\/p>\n<p>La m\u00e1s clara para Brasil estuvo en los pies de Vinicius J\u00fanior tras una buena combinaci\u00f3n con Richarlison pero la situaci\u00f3n fue controlada por el arquero Dominik Livakovic.<\/p>\n<p>Los croatas, conducidos por Luka Modric (la pasa siempre limpia y al pie) tambi\u00e9n tuvieron dos aproximaciones a trav\u00e9s de Iv\u00e1n Perisic, su delantero m\u00e1s peligroso.<\/p>\n<p>En el complemento creci\u00f3 Brasil y gener\u00f3 varias chances de riesgo, al punto que convirti\u00f3 en figura a Livakovic, gran responsable del 0 a 0 que llev\u00f3 el choque al tiempo extra. All\u00ed, y en un marco de mayor paridad, apareci\u00f3 el crack Neymar en todo su esplendor para abrir el marcador para Brasil.<\/p>\n<p>Cuando parec\u00eda que la \u00abCanarinha\u00bb se quedaba con la victoria y el pase a semis, Petkovic logr\u00f3 el empate milagroso y llev\u00f3 la definici\u00f3n a los remates desde el punto del penal. All\u00ed brill\u00f3 otra vez el arquero Livakovic, Marquinhos err\u00f3 y Croacia, subcampe\u00f3n del mundo en Rusia 2018, celebr\u00f3 el pase a semis.<\/p>\n<p>En la pr\u00f3xima instancia, Croacia se medir\u00e1 con el ganador del choque de esta tarde desde las 16 entre la Argentina y Pa\u00edses Bajos.<\/p>\n<h2 class=\"\">El partido de Croacia<\/h2>\n<div class=\"info-sizer responsive\"><\/div>\n<p><a title=\"croa\" href=\"https:\/\/www.flickr.com\/photos\/182279889@N02\/52552464002\/in\/dateposted-public\/\" data-flickr-embed=\"true\"><img loading=\"lazy\" decoding=\"async\" src=\"https:\/\/live.staticflickr.com\/65535\/52552464002_e5809acc47_c.jpg\" alt=\"croa\" width=\"800\" height=\"432\" \/><\/a><script async src=\"\/\/embedr.flickr.com\/assets\/client-code.js\" charset=\"utf-8\"><\/script><\/p>\n<h2 class=\"\">El partido de Brasil<\/h2>\n<div class=\"info-sizer responsive\"><\/div>\n<p><a title=\"bras\" href=\"https:\/\/www.flickr.com\/photos\/182279889@N02\/52552464022\/in\/dateposted-public\/\" data-flickr-embed=\"true\"><img loading=\"lazy\" decoding=\"async\" src=\"https:\/\/live.staticflickr.com\/65535\/52552464022_a83c3a938d_c.jpg\" alt=\"bras\" width=\"800\" height=\"438\" \/><\/a><script async src=\"\/\/embedr.flickr.com\/assets\/client-code.js\" charset=\"utf-8\"><\/script><\/p>\n","protected":false},"excerpt":{"rendered":"<p>Livakovic, el arquero de Croacia, le ataj\u00f3 un penal a Rodrygo, mientras que Marquinhos estrell\u00f3 su remate en el palo. Esos dos tiros malogrados desde los 12 pasas fueron la clave de la victoria del conjunto europeo, que se impuso por 4 a 2.<\/p>\n","protected":false},"author":3,"featured_media":0,"comment_status":"closed","ping_status":"closed","sticky":false,"template":"","format":"standard","meta":{"footnotes":""},"categories":[27],"tags":[],"class_list":["post-81205","post","type-post","status-publish","format-standard","hentry","category-deportes"],"yoast_head":"<!-- This site is optimized with the Yoast SEO plugin v25.9 - https:\/\/yoast.com\/wordpress\/plugins\/seo\/ -->\n<title>Croacia venci\u00f3 a Brasil por penales y es el primer semifinalista - Noticias Radio Reflejos<\/title>\n<meta name=\"robots\" content=\"index, follow, max-snippet:-1, max-image-preview:large, max-video-preview:-1\" \/>\n<link rel=\"canonical\" href=\"https:\/\/www.noticiasradioreflejos.com.ar\/2021\/croacia-vencio-a-brasil-por-penales-y-es-el-primer-semifinalista\/\" \/>\n<meta property=\"og:locale\" content=\"es_ES\" \/>\n<meta property=\"og:type\" content=\"article\" \/>\n<meta property=\"og:title\" content=\"Croacia venci\u00f3 a Brasil por penales y es el primer semifinalista - Noticias Radio Reflejos\" \/>\n<meta property=\"og:description\" content=\"Livakovic, el arquero de Croacia, le ataj\u00f3 un penal a Rodrygo, mientras que Marquinhos estrell\u00f3 su remate en el palo. Esos dos tiros malogrados desde los 12 pasas fueron la clave de la victoria del conjunto europeo, que se impuso por 4 a 2.\" \/>\n<meta property=\"og:url\" content=\"https:\/\/www.noticiasradioreflejos.com.ar\/2021\/croacia-vencio-a-brasil-por-penales-y-es-el-primer-semifinalista\/\" \/>\n<meta property=\"og:site_name\" content=\"Noticias Radio Reflejos\" \/>\n<meta property=\"article:published_time\" content=\"2022-12-09T18:08:08+00:00\" \/>\n<meta property=\"article:modified_time\" content=\"2022-12-09T18:09:02+00:00\" \/>\n<meta property=\"og:image\" content=\"https:\/\/www.telam.com.ar\/thumbs\/bluesteel\/advf\/imagenes\/2022\/12\/639371ebd80d2_1200.jpg\" \/>\n<meta name=\"author\" content=\"Arnaldo Botto\" \/>\n<meta name=\"twitter:card\" content=\"summary_large_image\" \/>\n<script type=\"application\/ld+json\" class=\"yoast-schema-graph\">{\"@context\":\"https:\/\/schema.org\",\"@graph\":[{\"@type\":\"WebPage\",\"@id\":\"https:\/\/www.noticiasradioreflejos.com.ar\/2021\/croacia-vencio-a-brasil-por-penales-y-es-el-primer-semifinalista\/\",\"url\":\"https:\/\/www.noticiasradioreflejos.com.ar\/2021\/croacia-vencio-a-brasil-por-penales-y-es-el-primer-semifinalista\/\",\"name\":\"Croacia venci\u00f3 a Brasil por penales y es el primer semifinalista - Noticias Radio Reflejos\",\"isPartOf\":{\"@id\":\"https:\/\/www.noticiasradioreflejos.com.ar\/2021\/#website\"},\"primaryImageOfPage\":{\"@id\":\"https:\/\/www.noticiasradioreflejos.com.ar\/2021\/croacia-vencio-a-brasil-por-penales-y-es-el-primer-semifinalista\/#primaryimage\"},\"image\":{\"@id\":\"https:\/\/www.noticiasradioreflejos.com.ar\/2021\/croacia-vencio-a-brasil-por-penales-y-es-el-primer-semifinalista\/#primaryimage\"},\"thumbnailUrl\":\"https:\/\/www.telam.com.ar\/thumbs\/bluesteel\/advf\/imagenes\/2022\/12\/639371ebd80d2_1200.jpg\",\"datePublished\":\"2022-12-09T18:08:08+00:00\",\"dateModified\":\"2022-12-09T18:09:02+00:00\",\"author\":{\"@id\":\"https:\/\/www.noticiasradioreflejos.com.ar\/2021\/#\/schema\/person\/ad82545263dcc5ec0996818884fd5fb1\"},\"breadcrumb\":{\"@id\":\"https:\/\/www.noticiasradioreflejos.com.ar\/2021\/croacia-vencio-a-brasil-por-penales-y-es-el-primer-semifinalista\/#breadcrumb\"},\"inLanguage\":\"es\",\"potentialAction\":[{\"@type\":\"ReadAction\",\"target\":[\"https:\/\/www.noticiasradioreflejos.com.ar\/2021\/croacia-vencio-a-brasil-por-penales-y-es-el-primer-semifinalista\/\"]}]},{\"@type\":\"ImageObject\",\"inLanguage\":\"es\",\"@id\":\"https:\/\/www.noticiasradioreflejos.com.ar\/2021\/croacia-vencio-a-brasil-por-penales-y-es-el-primer-semifinalista\/#primaryimage\",\"url\":\"https:\/\/www.telam.com.ar\/thumbs\/bluesteel\/advf\/imagenes\/2022\/12\/639371ebd80d2_1200.jpg\",\"contentUrl\":\"https:\/\/www.telam.com.ar\/thumbs\/bluesteel\/advf\/imagenes\/2022\/12\/639371ebd80d2_1200.jpg\"},{\"@type\":\"BreadcrumbList\",\"@id\":\"https:\/\/www.noticiasradioreflejos.com.ar\/2021\/croacia-vencio-a-brasil-por-penales-y-es-el-primer-semifinalista\/#breadcrumb\",\"itemListElement\":[{\"@type\":\"ListItem\",\"position\":1,\"name\":\"Portada\",\"item\":\"https:\/\/www.noticiasradioreflejos.com.ar\/2021\/\"},{\"@type\":\"ListItem\",\"position\":2,\"name\":\"Croacia venci\u00f3 a Brasil por penales y es el primer semifinalista\"}]},{\"@type\":\"WebSite\",\"@id\":\"https:\/\/www.noticiasradioreflejos.com.ar\/2021\/#website\",\"url\":\"https:\/\/www.noticiasradioreflejos.com.ar\/2021\/\",\"name\":\"Noticias Radio Reflejos\",\"description\":\"Las noticias de mi comarca\",\"potentialAction\":[{\"@type\":\"SearchAction\",\"target\":{\"@type\":\"EntryPoint\",\"urlTemplate\":\"https:\/\/www.noticiasradioreflejos.com.ar\/2021\/?s={search_term_string}\"},\"query-input\":{\"@type\":\"PropertyValueSpecification\",\"valueRequired\":true,\"valueName\":\"search_term_string\"}}],\"inLanguage\":\"es\"},{\"@type\":\"Person\",\"@id\":\"https:\/\/www.noticiasradioreflejos.com.ar\/2021\/#\/schema\/person\/ad82545263dcc5ec0996818884fd5fb1\",\"name\":\"Arnaldo Botto\",\"image\":{\"@type\":\"ImageObject\",\"inLanguage\":\"es\",\"@id\":\"https:\/\/www.noticiasradioreflejos.com.ar\/2021\/#\/schema\/person\/image\/\",\"url\":\"https:\/\/secure.gravatar.com\/avatar\/55cb5e37c1efa326397366e6974cb338056df65cb50e7d64d1cf314e87504837?s=96&d=mm&r=g\",\"contentUrl\":\"https:\/\/secure.gravatar.com\/avatar\/55cb5e37c1efa326397366e6974cb338056df65cb50e7d64d1cf314e87504837?s=96&d=mm&r=g\",\"caption\":\"Arnaldo Botto\"},\"url\":\"https:\/\/www.noticiasradioreflejos.com.ar\/2021\/author\/arnaldo\/\"}]}<\/script>\n<!-- \/ Yoast SEO plugin. -->","yoast_head_json":{"title":"Croacia venci\u00f3 a Brasil por penales y es el primer semifinalista - Noticias Radio Reflejos","robots":{"index":"index","follow":"follow","max-snippet":"max-snippet:-1","max-image-preview":"max-image-preview:large","max-video-preview":"max-video-preview:-1"},"canonical":"https:\/\/www.noticiasradioreflejos.com.ar\/2021\/croacia-vencio-a-brasil-por-penales-y-es-el-primer-semifinalista\/","og_locale":"es_ES","og_type":"article","og_title":"Croacia venci\u00f3 a Brasil por penales y es el primer semifinalista - Noticias Radio Reflejos","og_description":"Livakovic, el arquero de Croacia, le ataj\u00f3 un penal a Rodrygo, mientras que Marquinhos estrell\u00f3 su remate en el palo. Esos dos tiros malogrados desde los 12 pasas fueron la clave de la victoria del conjunto europeo, que se impuso por 4 a 2.","og_url":"https:\/\/www.noticiasradioreflejos.com.ar\/2021\/croacia-vencio-a-brasil-por-penales-y-es-el-primer-semifinalista\/","og_site_name":"Noticias Radio Reflejos","article_published_time":"2022-12-09T18:08:08+00:00","article_modified_time":"2022-12-09T18:09:02+00:00","og_image":[{"url":"https:\/\/www.telam.com.ar\/thumbs\/bluesteel\/advf\/imagenes\/2022\/12\/639371ebd80d2_1200.jpg","type":"","width":"","height":""}],"author":"Arnaldo Botto","twitter_card":"summary_large_image","schema":{"@context":"https:\/\/schema.org","@graph":[{"@type":"WebPage","@id":"https:\/\/www.noticiasradioreflejos.com.ar\/2021\/croacia-vencio-a-brasil-por-penales-y-es-el-primer-semifinalista\/","url":"https:\/\/www.noticiasradioreflejos.com.ar\/2021\/croacia-vencio-a-brasil-por-penales-y-es-el-primer-semifinalista\/","name":"Croacia venci\u00f3 a Brasil por penales y es el primer semifinalista - Noticias Radio Reflejos","isPartOf":{"@id":"https:\/\/www.noticiasradioreflejos.com.ar\/2021\/#website"},"primaryImageOfPage":{"@id":"https:\/\/www.noticiasradioreflejos.com.ar\/2021\/croacia-vencio-a-brasil-por-penales-y-es-el-primer-semifinalista\/#primaryimage"},"image":{"@id":"https:\/\/www.noticiasradioreflejos.com.ar\/2021\/croacia-vencio-a-brasil-por-penales-y-es-el-primer-semifinalista\/#primaryimage"},"thumbnailUrl":"https:\/\/www.telam.com.ar\/thumbs\/bluesteel\/advf\/imagenes\/2022\/12\/639371ebd80d2_1200.jpg","datePublished":"2022-12-09T18:08:08+00:00","dateModified":"2022-12-09T18:09:02+00:00","author":{"@id":"https:\/\/www.noticiasradioreflejos.com.ar\/2021\/#\/schema\/person\/ad82545263dcc5ec0996818884fd5fb1"},"breadcrumb":{"@id":"https:\/\/www.noticiasradioreflejos.com.ar\/2021\/croacia-vencio-a-brasil-por-penales-y-es-el-primer-semifinalista\/#breadcrumb"},"inLanguage":"es","potentialAction":[{"@type":"ReadAction","target":["https:\/\/www.noticiasradioreflejos.com.ar\/2021\/croacia-vencio-a-brasil-por-penales-y-es-el-primer-semifinalista\/"]}]},{"@type":"ImageObject","inLanguage":"es","@id":"https:\/\/www.noticiasradioreflejos.com.ar\/2021\/croacia-vencio-a-brasil-por-penales-y-es-el-primer-semifinalista\/#primaryimage","url":"https:\/\/www.telam.com.ar\/thumbs\/bluesteel\/advf\/imagenes\/2022\/12\/639371ebd80d2_1200.jpg","contentUrl":"https:\/\/www.telam.com.ar\/thumbs\/bluesteel\/advf\/imagenes\/2022\/12\/639371ebd80d2_1200.jpg"},{"@type":"BreadcrumbList","@id":"https:\/\/www.noticiasradioreflejos.com.ar\/2021\/croacia-vencio-a-brasil-por-penales-y-es-el-primer-semifinalista\/#breadcrumb","itemListElement":[{"@type":"ListItem","position":1,"name":"Portada","item":"https:\/\/www.noticiasradioreflejos.com.ar\/2021\/"},{"@type":"ListItem","position":2,"name":"Croacia venci\u00f3 a Brasil por penales y es el primer semifinalista"}]},{"@type":"WebSite","@id":"https:\/\/www.noticiasradioreflejos.com.ar\/2021\/#website","url":"https:\/\/www.noticiasradioreflejos.com.ar\/2021\/","name":"Noticias Radio Reflejos","description":"Las noticias de mi comarca","potentialAction":[{"@type":"SearchAction","target":{"@type":"EntryPoint","urlTemplate":"https:\/\/www.noticiasradioreflejos.com.ar\/2021\/?s={search_term_string}"},"query-input":{"@type":"PropertyValueSpecification","valueRequired":true,"valueName":"search_term_string"}}],"inLanguage":"es"},{"@type":"Person","@id":"https:\/\/www.noticiasradioreflejos.com.ar\/2021\/#\/schema\/person\/ad82545263dcc5ec0996818884fd5fb1","name":"Arnaldo Botto","image":{"@type":"ImageObject","inLanguage":"es","@id":"https:\/\/www.noticiasradioreflejos.com.ar\/2021\/#\/schema\/person\/image\/","url":"https:\/\/secure.gravatar.com\/avatar\/55cb5e37c1efa326397366e6974cb338056df65cb50e7d64d1cf314e87504837?s=96&d=mm&r=g","contentUrl":"https:\/\/secure.gravatar.com\/avatar\/55cb5e37c1efa326397366e6974cb338056df65cb50e7d64d1cf314e87504837?s=96&d=mm&r=g","caption":"Arnaldo Botto"},"url":"https:\/\/www.noticiasradioreflejos.com.ar\/2021\/author\/arnaldo\/"}]}},"_links":{"self":[{"href":"https:\/\/www.noticiasradioreflejos.com.ar\/2021\/wp-json\/wp\/v2\/posts\/81205","targetHints":{"allow":["GET"]}}],"collection":[{"href":"https:\/\/www.noticiasradioreflejos.com.ar\/2021\/wp-json\/wp\/v2\/posts"}],"about":[{"href":"https:\/\/www.noticiasradioreflejos.com.ar\/2021\/wp-json\/wp\/v2\/types\/post"}],"author":[{"embeddable":true,"href":"https:\/\/www.noticiasradioreflejos.com.ar\/2021\/wp-json\/wp\/v2\/users\/3"}],"replies":[{"embeddable":true,"href":"https:\/\/www.noticiasradioreflejos.com.ar\/2021\/wp-json\/wp\/v2\/comments?post=81205"}],"version-history":[{"count":1,"href":"https:\/\/www.noticiasradioreflejos.com.ar\/2021\/wp-json\/wp\/v2\/posts\/81205\/revisions"}],"predecessor-version":[{"id":81206,"href":"https:\/\/www.noticiasradioreflejos.com.ar\/2021\/wp-json\/wp\/v2\/posts\/81205\/revisions\/81206"}],"wp:attachment":[{"href":"https:\/\/www.noticiasradioreflejos.com.ar\/2021\/wp-json\/wp\/v2\/media?parent=81205"}],"wp:term":[{"taxonomy":"category","embeddable":true,"href":"https:\/\/www.noticiasradioreflejos.com.ar\/2021\/wp-json\/wp\/v2\/categories?post=81205"},{"taxonomy":"post_tag","embeddable":true,"href":"https:\/\/www.noticiasradioreflejos.com.ar\/2021\/wp-json\/wp\/v2\/tags?post=81205"}],"curies":[{"name":"wp","href":"https:\/\/api.w.org\/{rel}","templated":true}]}}