{"id":81203,"date":"2022-12-09T13:41:36","date_gmt":"2022-12-09T13:41:36","guid":{"rendered":"http:\/\/www.noticiasradioreflejos.com.ar\/2021\/?p=81203"},"modified":"2022-12-09T13:41:36","modified_gmt":"2022-12-09T13:41:36","slug":"la-ola-de-calor-afecta-a-todo-el-pais-y-hay-alerta-roja-en-el-amba-y-diez-provincias","status":"publish","type":"post","link":"https:\/\/www.noticiasradioreflejos.com.ar\/2021\/la-ola-de-calor-afecta-a-todo-el-pais-y-hay-alerta-roja-en-el-amba-y-diez-provincias\/","title":{"rendered":"La ola de calor afecta a todo el pa\u00eds y hay alerta roja en el AMBA y diez provincias"},"content":{"rendered":"<p>El SMN estableci\u00f3 ese grado de alarma para La Rioja, Catamarca, San Juan, San Luis, Mendoza, Santa Fe, Entre R\u00edos, C\u00f3rdoba y Corrientes. Hay aviso de tormentas y r\u00e1fagas en la regi\u00f3n del Noroeste.<!--more--><\/p>\n<figure class=\"mb-3\"><img decoding=\"async\" src=\"https:\/\/www.telam.com.ar\/thumbs\/bluesteel\/advf\/imagenes\/2022\/12\/6390e06183793.12.2022%20foto%20luis%20cetraro_1200.jpg\" alt=\"Las altas temperaturas en varias ciudades volc a mucha gente a utilizar las fuentes de agua pblicas para refrescarse Foto Luis Cetraro \" width=\"100%\" height=\"100%\" \/><\/p>\n<div class=\"media-icons\"><\/div><figcaption>Las altas temperaturas en varias ciudades volc\u00f3 a mucha gente a utilizar las fuentes de agua p\u00fablicas para refrescarse \/ Foto: Luis Cetraro.<\/figcaption><\/figure>\n<p><strong>La ciudad de Buenos Aires y localidades de diez provincias se encuentran esta ma\u00f1ana bajo alerta roja, la m\u00e1xima establecida por el Servicio Meteorol\u00f3gico Nacional (SMN)<\/strong>\u00a0a ra\u00edz de altas temperaturas por calor, mientras los term\u00f3metros en el norte del pa\u00eds ya superan los 30 grados de sensaci\u00f3n t\u00e9rmica de acuerdo al r\u00e1nking de la hora 7 difundido por el organismo meteorol\u00f3gico.<\/p>\n<p><strong>Con m\u00e1ximas pronosticadas de 42 y 43 grados para la jornada, en la totalidad de las provincias de La Rioja y Catamarca rige la alerta roja<\/strong>\u00a0porque las temperaturas que se registrar\u00e1n durante la jornada del viernes son consideradas \u201cmuy peligrosas y pueden afectar a todas las personas, incluso a las saludables\u201d.<\/p>\n<p>La misma advertencia abarca\u00a0<strong>el noroeste de San Juan, norte de San Luis, este de Mendoza, sur de Santa Fe y de Entre R\u00edos, y gran parte de C\u00f3rdoba y Corrientes.<\/strong><\/p>\n<p><iframe loading=\"lazy\" style=\"border: none; overflow: hidden;\" src=\"https:\/\/www.facebook.com\/plugins\/post.php?href=https%3A%2F%2Fwww.facebook.com%2FTiempoenArg%2Fposts%2F486851423538257&amp;show_text=true&amp;width=500\" width=\"500\" height=\"679\" frameborder=\"0\" scrolling=\"no\" allowfullscreen=\"allowfullscreen\"><\/iframe><\/p>\n<p>La ciudad de Buenos y varios partidos del conurbano bonaerense,<strong>\u00a0donde se aguardan m\u00e1ximas de 36 grados<\/strong>, tambi\u00e9n continuaban con alerta roja para este feriado puente.<\/p>\n<p>El resto de las provincias\u00a0<strong>del norte y centro del pa\u00eds tambi\u00e9n estaban bajo alerta meteorol\u00f3gico por calor, pero con niveles amarillo y naranja.<\/strong><\/p>\n<p>Para todos los casos,<strong>\u00a0el SMN recomend\u00f3 aumentar el consumo de agua, no exponerse al sol en exceso,<\/strong>\u00a0ni en horas centrales del d\u00eda (entre las 10 y las 16), evitar comidas muy abundantes y prestar atenci\u00f3n a beb\u00e9s, ni\u00f1os y ni\u00f1as y a las personas mayores.<\/p>\n<p>De acuerdo con el r\u00e1nking de temperatura elaborado por el SMN, a la hora 7 de este viernes\u00a0<strong>las localidades m\u00e1s calurosas del pa\u00eds eran San Ram\u00f3n de La Nueva Or\u00e1n, en Salta, con 29.6\u00ba\u00a0<\/strong>y una sensaci\u00f3n t\u00e9rmica de 31.1 \u00ba; Santiago del Estero, con 29.1\u00ba y 32 \u00ba de t\u00e9rmica; La Rioja, con 28.7\u00baC y 29.9 \u00ba de t\u00e9rmica; y San Fernando del Valle de Catamarca, con 28.6\u00ba y 29.3 \u00ba de t\u00e9rmica.<\/p>\n<figure class=\"mb-3\"><img decoding=\"async\" src=\"https:\/\/www.telam.com.ar\/thumbs\/bluesteel\/advf\/imagenes\/2022\/12\/63931d9b249b6_1200.jpg\" alt=\"En Corrientes el calor fue agobiante Foto Germn Pomar\" width=\"100%\" height=\"100%\" \/><\/p>\n<div class=\"media-icons\"><\/div><figcaption>En Corrientes el calor fue agobiante. Foto Germ\u00e1n Pomar.<\/figcaption><\/figure>\n<h2 class=\"\">Alerta amarilla por lluvias<\/h2>\n<p>Por otra parte,\u00a0<strong>una alerta amarilla por tormentas fuertes, que pueden estar acompa\u00f1adas por intensas r\u00e1fagas de viento y ocasional ca\u00edda de granizo,<\/strong>\u00a0rige para diez provincias durante la jornada de este viernes, inform\u00f3 el SMN.<\/p>\n<p>En Jujuy,\u00a0<strong>la alerta rige para las zonas de puna de Humahuaca, Tilcara y Susques, entre otras;\u00a0<\/strong>mientras que en Salta abarca gran parte del centro-oeste de la provincia, donde se esperan valores de precipitaci\u00f3n acumulada entre 20 y 45 mil\u00edmetros, pudiendo ser superados localmente.<\/p>\n<p>Est\u00e1n pronosticadas<strong>\u00a0fuertes tormentas tambi\u00e9n para los Valles de Santa Mar\u00eda y de Taf\u00ed del Valle, en Tucum\u00e1n; la franja monta\u00f1osa del este de Catamarca; la zona serrana del noreste de San Luis y gran parte de las provincias de C\u00f3rdoba y Santa Fe.<\/strong><\/p>\n<p>Adem\u00e1s, la alerta incluye\u00a0<strong>los distritos bonaerenses de Arrecifes, Capit\u00e1n Sarmiento, Carmen de Areco, Chacabuco, Col\u00f3n, General Arenales, General Pinto, Jun\u00edn, Leandro N. Alem, Lincoln, Pergamino, Rojas y Salto.<\/strong><\/p>\n<p>Para los pobladores de localidades bajo alerta por tormentas,\u00a0<strong>el SMN recomend\u00f3\u00a0<\/strong>evitar actividades al aire libre, no sacar la basura, retirar objetos que impidan que el agua escurra y no refugiarse cerca de \u00e1rboles y postes de electricidad que puedan caerse.<\/p>\n","protected":false},"excerpt":{"rendered":"<p>El SMN estableci\u00f3 ese grado de alarma para La Rioja, Catamarca, San Juan, San Luis, Mendoza, Santa Fe, Entre R\u00edos, C\u00f3rdoba y Corrientes. Hay aviso de tormentas y r\u00e1fagas en la regi\u00f3n del Noroeste.<\/p>\n","protected":false},"author":3,"featured_media":68777,"comment_status":"closed","ping_status":"closed","sticky":false,"template":"","format":"standard","meta":{"footnotes":""},"categories":[46],"tags":[],"class_list":["post-81203","post","type-post","status-publish","format-standard","has-post-thumbnail","hentry","category-ciencia-y-tecnologia"],"yoast_head":"<!-- This site is optimized with the Yoast SEO plugin v25.9 - https:\/\/yoast.com\/wordpress\/plugins\/seo\/ -->\n<title>La ola de calor afecta a todo el pa\u00eds y hay alerta roja en el AMBA y diez provincias - Noticias Radio Reflejos<\/title>\n<meta name=\"robots\" content=\"index, follow, max-snippet:-1, max-image-preview:large, max-video-preview:-1\" \/>\n<link rel=\"canonical\" href=\"https:\/\/www.noticiasradioreflejos.com.ar\/2021\/la-ola-de-calor-afecta-a-todo-el-pais-y-hay-alerta-roja-en-el-amba-y-diez-provincias\/\" \/>\n<meta property=\"og:locale\" content=\"es_ES\" \/>\n<meta property=\"og:type\" content=\"article\" \/>\n<meta property=\"og:title\" content=\"La ola de calor afecta a todo el pa\u00eds y hay alerta roja en el AMBA y diez provincias - Noticias Radio Reflejos\" \/>\n<meta property=\"og:description\" content=\"El SMN estableci\u00f3 ese grado de alarma para La Rioja, Catamarca, San Juan, San Luis, Mendoza, Santa Fe, Entre R\u00edos, C\u00f3rdoba y Corrientes. Hay aviso de tormentas y r\u00e1fagas en la regi\u00f3n del Noroeste.\" \/>\n<meta property=\"og:url\" content=\"https:\/\/www.noticiasradioreflejos.com.ar\/2021\/la-ola-de-calor-afecta-a-todo-el-pais-y-hay-alerta-roja-en-el-amba-y-diez-provincias\/\" \/>\n<meta property=\"og:site_name\" content=\"Noticias Radio Reflejos\" \/>\n<meta property=\"article:published_time\" content=\"2022-12-09T13:41:36+00:00\" \/>\n<meta property=\"og:image\" content=\"https:\/\/www.noticiasradioreflejos.com.ar\/2021\/wp-content\/uploads\/2022\/02\/Los-Angelitos.jpg\" \/>\n\t<meta property=\"og:image:width\" content=\"399\" \/>\n\t<meta property=\"og:image:height\" content=\"400\" \/>\n\t<meta property=\"og:image:type\" content=\"image\/jpeg\" \/>\n<meta name=\"author\" content=\"Arnaldo Botto\" \/>\n<meta name=\"twitter:card\" content=\"summary_large_image\" \/>\n<script type=\"application\/ld+json\" class=\"yoast-schema-graph\">{\"@context\":\"https:\/\/schema.org\",\"@graph\":[{\"@type\":\"WebPage\",\"@id\":\"https:\/\/www.noticiasradioreflejos.com.ar\/2021\/la-ola-de-calor-afecta-a-todo-el-pais-y-hay-alerta-roja-en-el-amba-y-diez-provincias\/\",\"url\":\"https:\/\/www.noticiasradioreflejos.com.ar\/2021\/la-ola-de-calor-afecta-a-todo-el-pais-y-hay-alerta-roja-en-el-amba-y-diez-provincias\/\",\"name\":\"La ola de calor afecta a todo el pa\u00eds y hay alerta roja en el AMBA y diez provincias - Noticias Radio Reflejos\",\"isPartOf\":{\"@id\":\"https:\/\/www.noticiasradioreflejos.com.ar\/2021\/#website\"},\"primaryImageOfPage\":{\"@id\":\"https:\/\/www.noticiasradioreflejos.com.ar\/2021\/la-ola-de-calor-afecta-a-todo-el-pais-y-hay-alerta-roja-en-el-amba-y-diez-provincias\/#primaryimage\"},\"image\":{\"@id\":\"https:\/\/www.noticiasradioreflejos.com.ar\/2021\/la-ola-de-calor-afecta-a-todo-el-pais-y-hay-alerta-roja-en-el-amba-y-diez-provincias\/#primaryimage\"},\"thumbnailUrl\":\"https:\/\/www.noticiasradioreflejos.com.ar\/2021\/wp-content\/uploads\/2022\/02\/Los-Angelitos.jpg\",\"datePublished\":\"2022-12-09T13:41:36+00:00\",\"author\":{\"@id\":\"https:\/\/www.noticiasradioreflejos.com.ar\/2021\/#\/schema\/person\/ad82545263dcc5ec0996818884fd5fb1\"},\"breadcrumb\":{\"@id\":\"https:\/\/www.noticiasradioreflejos.com.ar\/2021\/la-ola-de-calor-afecta-a-todo-el-pais-y-hay-alerta-roja-en-el-amba-y-diez-provincias\/#breadcrumb\"},\"inLanguage\":\"es\",\"potentialAction\":[{\"@type\":\"ReadAction\",\"target\":[\"https:\/\/www.noticiasradioreflejos.com.ar\/2021\/la-ola-de-calor-afecta-a-todo-el-pais-y-hay-alerta-roja-en-el-amba-y-diez-provincias\/\"]}]},{\"@type\":\"ImageObject\",\"inLanguage\":\"es\",\"@id\":\"https:\/\/www.noticiasradioreflejos.com.ar\/2021\/la-ola-de-calor-afecta-a-todo-el-pais-y-hay-alerta-roja-en-el-amba-y-diez-provincias\/#primaryimage\",\"url\":\"https:\/\/www.noticiasradioreflejos.com.ar\/2021\/wp-content\/uploads\/2022\/02\/Los-Angelitos.jpg\",\"contentUrl\":\"https:\/\/www.noticiasradioreflejos.com.ar\/2021\/wp-content\/uploads\/2022\/02\/Los-Angelitos.jpg\",\"width\":399,\"height\":400},{\"@type\":\"BreadcrumbList\",\"@id\":\"https:\/\/www.noticiasradioreflejos.com.ar\/2021\/la-ola-de-calor-afecta-a-todo-el-pais-y-hay-alerta-roja-en-el-amba-y-diez-provincias\/#breadcrumb\",\"itemListElement\":[{\"@type\":\"ListItem\",\"position\":1,\"name\":\"Portada\",\"item\":\"https:\/\/www.noticiasradioreflejos.com.ar\/2021\/\"},{\"@type\":\"ListItem\",\"position\":2,\"name\":\"La ola de calor afecta a todo el pa\u00eds y hay alerta roja en el AMBA y diez provincias\"}]},{\"@type\":\"WebSite\",\"@id\":\"https:\/\/www.noticiasradioreflejos.com.ar\/2021\/#website\",\"url\":\"https:\/\/www.noticiasradioreflejos.com.ar\/2021\/\",\"name\":\"Noticias Radio Reflejos\",\"description\":\"Las noticias de mi comarca\",\"potentialAction\":[{\"@type\":\"SearchAction\",\"target\":{\"@type\":\"EntryPoint\",\"urlTemplate\":\"https:\/\/www.noticiasradioreflejos.com.ar\/2021\/?s={search_term_string}\"},\"query-input\":{\"@type\":\"PropertyValueSpecification\",\"valueRequired\":true,\"valueName\":\"search_term_string\"}}],\"inLanguage\":\"es\"},{\"@type\":\"Person\",\"@id\":\"https:\/\/www.noticiasradioreflejos.com.ar\/2021\/#\/schema\/person\/ad82545263dcc5ec0996818884fd5fb1\",\"name\":\"Arnaldo Botto\",\"image\":{\"@type\":\"ImageObject\",\"inLanguage\":\"es\",\"@id\":\"https:\/\/www.noticiasradioreflejos.com.ar\/2021\/#\/schema\/person\/image\/\",\"url\":\"https:\/\/secure.gravatar.com\/avatar\/55cb5e37c1efa326397366e6974cb338056df65cb50e7d64d1cf314e87504837?s=96&d=mm&r=g\",\"contentUrl\":\"https:\/\/secure.gravatar.com\/avatar\/55cb5e37c1efa326397366e6974cb338056df65cb50e7d64d1cf314e87504837?s=96&d=mm&r=g\",\"caption\":\"Arnaldo Botto\"},\"url\":\"https:\/\/www.noticiasradioreflejos.com.ar\/2021\/author\/arnaldo\/\"}]}<\/script>\n<!-- \/ Yoast SEO plugin. -->","yoast_head_json":{"title":"La ola de calor afecta a todo el pa\u00eds y hay alerta roja en el AMBA y diez provincias - Noticias Radio Reflejos","robots":{"index":"index","follow":"follow","max-snippet":"max-snippet:-1","max-image-preview":"max-image-preview:large","max-video-preview":"max-video-preview:-1"},"canonical":"https:\/\/www.noticiasradioreflejos.com.ar\/2021\/la-ola-de-calor-afecta-a-todo-el-pais-y-hay-alerta-roja-en-el-amba-y-diez-provincias\/","og_locale":"es_ES","og_type":"article","og_title":"La ola de calor afecta a todo el pa\u00eds y hay alerta roja en el AMBA y diez provincias - Noticias Radio Reflejos","og_description":"El SMN estableci\u00f3 ese grado de alarma para La Rioja, Catamarca, San Juan, San Luis, Mendoza, Santa Fe, Entre R\u00edos, C\u00f3rdoba y Corrientes. Hay aviso de tormentas y r\u00e1fagas en la regi\u00f3n del Noroeste.","og_url":"https:\/\/www.noticiasradioreflejos.com.ar\/2021\/la-ola-de-calor-afecta-a-todo-el-pais-y-hay-alerta-roja-en-el-amba-y-diez-provincias\/","og_site_name":"Noticias Radio Reflejos","article_published_time":"2022-12-09T13:41:36+00:00","og_image":[{"width":399,"height":400,"url":"https:\/\/www.noticiasradioreflejos.com.ar\/2021\/wp-content\/uploads\/2022\/02\/Los-Angelitos.jpg","type":"image\/jpeg"}],"author":"Arnaldo Botto","twitter_card":"summary_large_image","schema":{"@context":"https:\/\/schema.org","@graph":[{"@type":"WebPage","@id":"https:\/\/www.noticiasradioreflejos.com.ar\/2021\/la-ola-de-calor-afecta-a-todo-el-pais-y-hay-alerta-roja-en-el-amba-y-diez-provincias\/","url":"https:\/\/www.noticiasradioreflejos.com.ar\/2021\/la-ola-de-calor-afecta-a-todo-el-pais-y-hay-alerta-roja-en-el-amba-y-diez-provincias\/","name":"La ola de calor afecta a todo el pa\u00eds y hay alerta roja en el AMBA y diez provincias - Noticias Radio Reflejos","isPartOf":{"@id":"https:\/\/www.noticiasradioreflejos.com.ar\/2021\/#website"},"primaryImageOfPage":{"@id":"https:\/\/www.noticiasradioreflejos.com.ar\/2021\/la-ola-de-calor-afecta-a-todo-el-pais-y-hay-alerta-roja-en-el-amba-y-diez-provincias\/#primaryimage"},"image":{"@id":"https:\/\/www.noticiasradioreflejos.com.ar\/2021\/la-ola-de-calor-afecta-a-todo-el-pais-y-hay-alerta-roja-en-el-amba-y-diez-provincias\/#primaryimage"},"thumbnailUrl":"https:\/\/www.noticiasradioreflejos.com.ar\/2021\/wp-content\/uploads\/2022\/02\/Los-Angelitos.jpg","datePublished":"2022-12-09T13:41:36+00:00","author":{"@id":"https:\/\/www.noticiasradioreflejos.com.ar\/2021\/#\/schema\/person\/ad82545263dcc5ec0996818884fd5fb1"},"breadcrumb":{"@id":"https:\/\/www.noticiasradioreflejos.com.ar\/2021\/la-ola-de-calor-afecta-a-todo-el-pais-y-hay-alerta-roja-en-el-amba-y-diez-provincias\/#breadcrumb"},"inLanguage":"es","potentialAction":[{"@type":"ReadAction","target":["https:\/\/www.noticiasradioreflejos.com.ar\/2021\/la-ola-de-calor-afecta-a-todo-el-pais-y-hay-alerta-roja-en-el-amba-y-diez-provincias\/"]}]},{"@type":"ImageObject","inLanguage":"es","@id":"https:\/\/www.noticiasradioreflejos.com.ar\/2021\/la-ola-de-calor-afecta-a-todo-el-pais-y-hay-alerta-roja-en-el-amba-y-diez-provincias\/#primaryimage","url":"https:\/\/www.noticiasradioreflejos.com.ar\/2021\/wp-content\/uploads\/2022\/02\/Los-Angelitos.jpg","contentUrl":"https:\/\/www.noticiasradioreflejos.com.ar\/2021\/wp-content\/uploads\/2022\/02\/Los-Angelitos.jpg","width":399,"height":400},{"@type":"BreadcrumbList","@id":"https:\/\/www.noticiasradioreflejos.com.ar\/2021\/la-ola-de-calor-afecta-a-todo-el-pais-y-hay-alerta-roja-en-el-amba-y-diez-provincias\/#breadcrumb","itemListElement":[{"@type":"ListItem","position":1,"name":"Portada","item":"https:\/\/www.noticiasradioreflejos.com.ar\/2021\/"},{"@type":"ListItem","position":2,"name":"La ola de calor afecta a todo el pa\u00eds y hay alerta roja en el AMBA y diez provincias"}]},{"@type":"WebSite","@id":"https:\/\/www.noticiasradioreflejos.com.ar\/2021\/#website","url":"https:\/\/www.noticiasradioreflejos.com.ar\/2021\/","name":"Noticias Radio Reflejos","description":"Las noticias de mi comarca","potentialAction":[{"@type":"SearchAction","target":{"@type":"EntryPoint","urlTemplate":"https:\/\/www.noticiasradioreflejos.com.ar\/2021\/?s={search_term_string}"},"query-input":{"@type":"PropertyValueSpecification","valueRequired":true,"valueName":"search_term_string"}}],"inLanguage":"es"},{"@type":"Person","@id":"https:\/\/www.noticiasradioreflejos.com.ar\/2021\/#\/schema\/person\/ad82545263dcc5ec0996818884fd5fb1","name":"Arnaldo Botto","image":{"@type":"ImageObject","inLanguage":"es","@id":"https:\/\/www.noticiasradioreflejos.com.ar\/2021\/#\/schema\/person\/image\/","url":"https:\/\/secure.gravatar.com\/avatar\/55cb5e37c1efa326397366e6974cb338056df65cb50e7d64d1cf314e87504837?s=96&d=mm&r=g","contentUrl":"https:\/\/secure.gravatar.com\/avatar\/55cb5e37c1efa326397366e6974cb338056df65cb50e7d64d1cf314e87504837?s=96&d=mm&r=g","caption":"Arnaldo Botto"},"url":"https:\/\/www.noticiasradioreflejos.com.ar\/2021\/author\/arnaldo\/"}]}},"_links":{"self":[{"href":"https:\/\/www.noticiasradioreflejos.com.ar\/2021\/wp-json\/wp\/v2\/posts\/81203","targetHints":{"allow":["GET"]}}],"collection":[{"href":"https:\/\/www.noticiasradioreflejos.com.ar\/2021\/wp-json\/wp\/v2\/posts"}],"about":[{"href":"https:\/\/www.noticiasradioreflejos.com.ar\/2021\/wp-json\/wp\/v2\/types\/post"}],"author":[{"embeddable":true,"href":"https:\/\/www.noticiasradioreflejos.com.ar\/2021\/wp-json\/wp\/v2\/users\/3"}],"replies":[{"embeddable":true,"href":"https:\/\/www.noticiasradioreflejos.com.ar\/2021\/wp-json\/wp\/v2\/comments?post=81203"}],"version-history":[{"count":1,"href":"https:\/\/www.noticiasradioreflejos.com.ar\/2021\/wp-json\/wp\/v2\/posts\/81203\/revisions"}],"predecessor-version":[{"id":81204,"href":"https:\/\/www.noticiasradioreflejos.com.ar\/2021\/wp-json\/wp\/v2\/posts\/81203\/revisions\/81204"}],"wp:featuredmedia":[{"embeddable":true,"href":"https:\/\/www.noticiasradioreflejos.com.ar\/2021\/wp-json\/wp\/v2\/media\/68777"}],"wp:attachment":[{"href":"https:\/\/www.noticiasradioreflejos.com.ar\/2021\/wp-json\/wp\/v2\/media?parent=81203"}],"wp:term":[{"taxonomy":"category","embeddable":true,"href":"https:\/\/www.noticiasradioreflejos.com.ar\/2021\/wp-json\/wp\/v2\/categories?post=81203"},{"taxonomy":"post_tag","embeddable":true,"href":"https:\/\/www.noticiasradioreflejos.com.ar\/2021\/wp-json\/wp\/v2\/tags?post=81203"}],"curies":[{"name":"wp","href":"https:\/\/api.w.org\/{rel}","templated":true}]}}