{"id":81196,"date":"2022-12-09T11:37:24","date_gmt":"2022-12-09T11:37:24","guid":{"rendered":"http:\/\/www.noticiasradioreflejos.com.ar\/2021\/?p=81196"},"modified":"2022-12-09T22:22:12","modified_gmt":"2022-12-09T22:22:12","slug":"argentina-vs-paises-bajos-una-batalla-tactica-por-un-lugar-en-las-semifinales","status":"publish","type":"post","link":"https:\/\/www.noticiasradioreflejos.com.ar\/2021\/argentina-vs-paises-bajos-una-batalla-tactica-por-un-lugar-en-las-semifinales\/","title":{"rendered":"Argentina vs Pa\u00edses Bajos: una batalla t\u00e1ctica por un lugar en las semifinales"},"content":{"rendered":"<p>Es el sexto enfrentamiento entre ambos seleccionados y Argentina nunca pudo vencer a su rival en el tiempo reglamentario. En los bancos est\u00e1n el DT de mayor edad (Louis van Gaal, de 71 a\u00f1os) y el m\u00e1s joven (Lionel Scaloni, de 46). Televisa: TV P\u00fablica, TyC Sports y DSports.<!--more--><\/p>\n<div class=\"image\"><\/div>\n<div class=\"info\">\n<div class=\"name\">POR FERNANDO BIANCULLI, ENVIADO ESPECIAL A QATAR<\/div>\n<div class=\"time\"><\/div>\n<\/div>\n<div>\n<div class=\"wrapper-editable-content\">\n<div>\n<div class=\"container-md\">\n<div class=\"row\">\n<div class=\"col-md-12 speak\">\n<div class=\"paragraph\">\n<figure class=\"mb-3\"><img decoding=\"async\" src=\"https:\/\/www.telam.com.ar\/thumbs\/bluesteel\/advf\/imagenes\/2022\/12\/6392668b12fed_1200.jpg\" alt=\"Scaloni y Van Gaal frente a frente\" width=\"100%\" height=\"100%\" \/><\/p>\n<div class=\"media-icons\"><\/div><figcaption>Scaloni y Van Gaal, frente a frente.<\/figcaption><\/figure>\n<p>Argentina asume este viernes una batalla t\u00e1ctica ante el seleccionado de Pa\u00edses Bajos, uno de los cuatro invictos en Qatar 2022, con el objetivo de conseguir su clasificaci\u00f3n a las semifinales de la Copa Mundial de la FIFA.<\/p>\n<p>El partido se juega desde las 16.00 en\u00a0<strong>el Estadio Lusail, con capacidad para 88.966 espectadores<\/strong>, bajo arbitraje del espa\u00f1ol Antonio Mateu Lahoz, quien estar\u00e1 acompa\u00f1ado por sus compatriotas Pau Cebrian (asistente 1), Roberto D\u00edaz (asistente 2) y Alejandro Hern\u00e1ndez (VAR).<\/p>\n<p>El ganador de este cruce de cuartos de final conocer\u00e1 previamente al rival de la siguiente instancia ya que\u00a0<strong>el pentacampe\u00f3n Brasil y el subcampe\u00f3n vigente, Croacia<\/strong>, se miden desde las 12.00 en estadio Education City.<\/p>\n<figure class=\"mb-3\"><img decoding=\"async\" src=\"https:\/\/www.telam.com.ar\/thumbs\/bluesteel\/advf\/imagenes\/2022\/12\/638bbe943f317_1200.jpg\" alt=\"Messi con tres tantos es la mxima figura argentina Foto Fernando Gens\" width=\"100%\" height=\"100%\" \/><\/p>\n<div class=\"media-icons\"><\/div><figcaption>Messi, con tres tantos, es la m\u00e1xima figura argentina. (Foto: Fernando Gens)<\/figcaption><\/figure>\n<p>El encuentro de argentinos y neerlandeses, sexto en la historia de los Mundiales, se presenta como\u00a0<strong>una revancha de la semifinal de Brasil 2014\u00a0<\/strong>cuando la Selecci\u00f3n de Alejandro Sabella se impuso por penales ante el equipo dirigido, al igual que en la actualidad, por el prestigioso entrenador Louis Van Gaal.<\/p>\n<p><strong>Con 71 a\u00f1os, Van Gaal es el t\u00e9cnico de mayor edad en Qatar 2022\u00a0<\/strong>y exhibe una vigencia plasmada en las estad\u00edsticas. Su tercer ciclo en la \u00abOranje\u00bb comenz\u00f3 en septiembre de 2021 por la falta de resultados de su antecesor Frank De Boer y dio a luz a una racha imbatida de 14 triunfos y 5 empates.<\/p>\n<p><strong>El plantel actual, sin las estrellas de otros tiempos pero con futbolistas de probada jerarqu\u00eda,<\/strong>\u00a0se encolumna fielmente detr\u00e1s de un l\u00edder que quiso permanecer en el seleccionado a pesar de darle pelea a un c\u00e1ncer.<\/p>\n<figure class=\"mb-3\"><img decoding=\"async\" src=\"https:\/\/www.telam.com.ar\/thumbs\/bluesteel\/advf\/imagenes\/2022\/12\/638c9dadd1325_1200.jpg\" alt=\"En Pases Bajos pesa ms el conjunto que las individualidades Foto Fernando Gens\" width=\"100%\" height=\"100%\" \/><\/p>\n<div class=\"media-icons\"><\/div><figcaption>En Pa\u00edses Bajos pesa m\u00e1s el conjunto que las individualidades. (Foto: Fernando Gens)<\/figcaption><\/figure>\n<p><strong>Pa\u00edses Bajos, octavo mejor equipo del mundo seg\u00fan el \u00faltimo ranking FIFA<\/strong>, se adjudic\u00f3 de forma invicta el Grupo A que comparti\u00f3 con Qatar, Ecuador y Senegal y posteriormente elimin\u00f3 a Estados Unidos en octavos de final.<\/p>\n<p>Su estilo de juego se distancia de la tradicional escuela de Johan Cruyff, una caracter\u00edstica aceptada con naturalidad por el entrenador.\u00a0<strong>\u00abCambi\u00e9 mi forma de pensar el f\u00fatbol\u00bb<\/strong>, cont\u00f3 el gestor del est\u00e9tico Ajax campe\u00f3n de Europa y de la Copa Intercontinental en los a\u00f1os &#8217;90.<\/p>\n<p><strong>Van Gaal no quiso revelar las cartas para enfrentar a Argentina<\/strong>\u00a0pero dio a entender que tiene muy bien estudiado al vigente campe\u00f3n de Am\u00e9rica, que fue de menos a m\u00e1s en este Mundial tras debutar con una inesperada derrota ante Arabia Saudita.<\/p>\n<p>Su colega argentino,\u00a0<strong>Lionel Scaloni, parado en la otra punta de la pir\u00e1mide etaria, ya que es el entrenador m\u00e1s joven del Mundial con 44 a\u00f1os<\/strong>, tambi\u00e9n aliment\u00f3 ese juego de escondidas sin dar pistas sobre el dibujo t\u00e1ctico, la estrategia ni la formaci\u00f3n que emplear\u00e1 en la vuelta a Lusail, escenario de los dos primeros partidos de la \u00abAlbiceleste\u00bb.<\/p>\n<p>Las especulaciones sobre los nombres alcanzan a los laterales, al mediocampista\u00a0<strong>Rodrigo De Paul y al delantero \u00c1ngel Di Mar\u00eda.<\/strong><\/p>\n<p>\u00abNunca jugamos 4-3-3 porque no tenemos extremo izquierdo\u00bb, aclar\u00f3 este jueves Scaloni, que en la parte del entrenamiento que no observ\u00f3 la prensa tambi\u00e9n prob\u00f3 con l\u00ednea de 3\/5 en defensa, con Lisandro Mart\u00ednez ingresando como central por izquierda y no jugando de entrada Di Mar\u00eda, \u00abel \u00fanico extremo que tiene el equipo\u00bb, complet\u00f3 su descripci\u00f3n el t\u00e9cnico de Pujato.<\/p>\n<p>Y justamente<strong>\u00a0Di Mar\u00eda estuvo en boca de Van Gaal por una disputa personal que mantienen desde que coincidieron en Manchester United.<\/strong>\u00a0\u00abFideo\u00bb lleg\u00f3 a afirmar que el neerland\u00e9s\u00a0<strong>fue \u00abel peor t\u00e9cnico\u00bb de su carrera.<\/strong>\u00a0\u00abNo me gust\u00f3, pero es uno de los pocos que lo ha dicho\u00bb, minimiz\u00f3 el entrenador con pasado en otros grandes de Europa como Barcelona y Bayern M\u00fanich.<\/p>\n<p>Scaloni asumi\u00f3 en la previa la complejidad del enfrentamiento pero evit\u00f3 proyecci\u00f3n sobre c\u00f3mo puede plantearse el partido, consciente de que \u00abtodos los rivales juegan diferente\u00bb al enfrentar a su equipo.<\/p>\n<figure class=\"mb-3\"><img decoding=\"async\" src=\"https:\/\/www.telam.com.ar\/thumbs\/bluesteel\/advf\/imagenes\/2022\/12\/63924be740da5_1200.jpg\" alt=\"Telam SE\" width=\"100%\" height=\"100%\" \/><\/p>\n<div class=\"media-icons\"><\/div><figcaption><\/figcaption><\/figure>\n<p>Argentina lleg\u00f3 hasta los cuartos de final liderado por su capit\u00e1n Lionel Messi (3 goles), una figura respetada pero lejos de ser temida en el plantel naranja, que dispone como capit\u00e1n a uno de los mejores defensores del mundo, Virgil Van Dijk (Liverpool).<\/p>\n<p><strong>\u00abMessi no participa sin posesi\u00f3n\u00bb, declar\u00f3 Van Gaal,<\/strong>\u00a0acaso como un indicio de lo que pueda buscar en este sexto enfrentamiento mundialista.\u00a0En los cinco anteriores,<strong>\u00a0Argentina nunca le pudo ganar en los 90 minutos reglamentarios<\/strong>\u00a0pero festej\u00f3 los dos m\u00e1s importantes: la final del Mundial &#8217;78 (3-1 en tiempo adicionado) y las semifinales de Brasil 2014 (4-2 por penales).<\/p>\n<p>Pa\u00edses Bajos se impuso en el otro cruce de eliminaci\u00f3n directa (2-1, cuartos de final en Francia &#8217;98) y gole\u00f3 por 4-0 en la segunda ronda de Alemania &#8217;74. El \u00fanico empate (0-0) se produjo en la fase de grupos de Alemania 2006 cuando ambos ya estaban clasificados.<\/p>\n<p><strong>El partido de este viernes se definir\u00e1 con un pr\u00f3rroga de 30 minutos y eventualmente tiros desde el punto penal\u00a0<\/strong>en caso de permanecer igualado en el tiempo regular.<\/p>\n<h2 class=\"\">Probables formaciones<\/h2>\n<p><strong>Argentina:<\/strong>\u00a0Emiliano Mart\u00ednez; Gonzalo Montiel (o Nahuel Molina), Cristian Romero, Nicol\u00e1s Otamendi, Lisandro Mart\u00ednez (o \u00c1ngel Di Mar\u00eda) y Nicol\u00e1s Tagliafico (o Marcos Acu\u00f1a); Rodrigo De Paul (o Leandro Paredes), Enzo Fern\u00e1ndez y Alexis Mac Allister; Lionel Messi; \u00c1ngel Di Mar\u00eda (o Lisandro Mart\u00ednez) y Juli\u00e1n \u00c1lvarez. DT: Lionel Scaloni.<\/p>\n<p><strong>Pa\u00edses Bajos<\/strong>: Andries Noppert; Jurrien Timber, Virgil van Dijk y Nathan Ak\u00e9; Denzel Dumfries, Marten de Roon, Frenkie de Jong y Daley Blind; Davy Klaassen; Cody Gakpo y Memphis Depay. DT: Louis Van Gaal.<\/p>\n<p><strong>\u00c1rbitro:<\/strong>\u00a0Antonio Mateu Lahoz (Espa\u00f1a), acompa\u00f1ado por sus compatriotas Pau Cebrian (asistente 1), Roberto D\u00edaz (asistente 2) y Alejandro Hern\u00e1ndez (VAR).<\/p>\n<p><strong>Estadio:<\/strong>\u00a0Lusail.<\/p>\n<p><strong>Hora de inicio:\u00a0<\/strong>16:00.<\/p>\n<p><strong>Televisa:\u00a0<\/strong>TV P\u00fablica, TyC Sports y DSports.<\/p>\n<\/div>\n<\/div>\n<\/div>\n<\/div>\n<\/div>\n<\/div>\n<\/div>\n","protected":false},"excerpt":{"rendered":"<p>Es el sexto enfrentamiento entre ambos seleccionados y Argentina nunca pudo vencer a su rival en el tiempo reglamentario. En los bancos est\u00e1n el DT de mayor edad (Louis van Gaal, de 71 a\u00f1os) y el m\u00e1s joven (Lionel Scaloni, de 46). Televisa: TV P\u00fablica, TyC Sports y DSports.<\/p>\n","protected":false},"author":3,"featured_media":0,"comment_status":"closed","ping_status":"closed","sticky":false,"template":"","format":"standard","meta":{"footnotes":""},"categories":[27],"tags":[],"class_list":["post-81196","post","type-post","status-publish","format-standard","hentry","category-deportes"],"yoast_head":"<!-- This site is optimized with the Yoast SEO plugin v25.9 - https:\/\/yoast.com\/wordpress\/plugins\/seo\/ -->\n<title>Argentina vs Pa\u00edses Bajos: una batalla t\u00e1ctica por un lugar en las semifinales - Noticias Radio Reflejos<\/title>\n<meta name=\"robots\" content=\"index, follow, max-snippet:-1, max-image-preview:large, max-video-preview:-1\" \/>\n<link rel=\"canonical\" href=\"https:\/\/www.noticiasradioreflejos.com.ar\/2021\/argentina-vs-paises-bajos-una-batalla-tactica-por-un-lugar-en-las-semifinales\/\" \/>\n<meta property=\"og:locale\" content=\"es_ES\" \/>\n<meta property=\"og:type\" content=\"article\" \/>\n<meta property=\"og:title\" content=\"Argentina vs Pa\u00edses Bajos: una batalla t\u00e1ctica por un lugar en las semifinales - Noticias Radio Reflejos\" \/>\n<meta property=\"og:description\" content=\"Es el sexto enfrentamiento entre ambos seleccionados y Argentina nunca pudo vencer a su rival en el tiempo reglamentario. En los bancos est\u00e1n el DT de mayor edad (Louis van Gaal, de 71 a\u00f1os) y el m\u00e1s joven (Lionel Scaloni, de 46). Televisa: TV P\u00fablica, TyC Sports y DSports.\" \/>\n<meta property=\"og:url\" content=\"https:\/\/www.noticiasradioreflejos.com.ar\/2021\/argentina-vs-paises-bajos-una-batalla-tactica-por-un-lugar-en-las-semifinales\/\" \/>\n<meta property=\"og:site_name\" content=\"Noticias Radio Reflejos\" \/>\n<meta property=\"article:published_time\" content=\"2022-12-09T11:37:24+00:00\" \/>\n<meta property=\"article:modified_time\" content=\"2022-12-09T22:22:12+00:00\" \/>\n<meta property=\"og:image\" content=\"https:\/\/www.telam.com.ar\/thumbs\/bluesteel\/advf\/imagenes\/2022\/12\/6392668b12fed_1200.jpg\" \/>\n<meta name=\"author\" content=\"Arnaldo Botto\" \/>\n<meta name=\"twitter:card\" content=\"summary_large_image\" \/>\n<script type=\"application\/ld+json\" class=\"yoast-schema-graph\">{\"@context\":\"https:\/\/schema.org\",\"@graph\":[{\"@type\":\"WebPage\",\"@id\":\"https:\/\/www.noticiasradioreflejos.com.ar\/2021\/argentina-vs-paises-bajos-una-batalla-tactica-por-un-lugar-en-las-semifinales\/\",\"url\":\"https:\/\/www.noticiasradioreflejos.com.ar\/2021\/argentina-vs-paises-bajos-una-batalla-tactica-por-un-lugar-en-las-semifinales\/\",\"name\":\"Argentina vs Pa\u00edses Bajos: una batalla t\u00e1ctica por un lugar en las semifinales - Noticias Radio Reflejos\",\"isPartOf\":{\"@id\":\"https:\/\/www.noticiasradioreflejos.com.ar\/2021\/#website\"},\"primaryImageOfPage\":{\"@id\":\"https:\/\/www.noticiasradioreflejos.com.ar\/2021\/argentina-vs-paises-bajos-una-batalla-tactica-por-un-lugar-en-las-semifinales\/#primaryimage\"},\"image\":{\"@id\":\"https:\/\/www.noticiasradioreflejos.com.ar\/2021\/argentina-vs-paises-bajos-una-batalla-tactica-por-un-lugar-en-las-semifinales\/#primaryimage\"},\"thumbnailUrl\":\"https:\/\/www.telam.com.ar\/thumbs\/bluesteel\/advf\/imagenes\/2022\/12\/6392668b12fed_1200.jpg\",\"datePublished\":\"2022-12-09T11:37:24+00:00\",\"dateModified\":\"2022-12-09T22:22:12+00:00\",\"author\":{\"@id\":\"https:\/\/www.noticiasradioreflejos.com.ar\/2021\/#\/schema\/person\/ad82545263dcc5ec0996818884fd5fb1\"},\"breadcrumb\":{\"@id\":\"https:\/\/www.noticiasradioreflejos.com.ar\/2021\/argentina-vs-paises-bajos-una-batalla-tactica-por-un-lugar-en-las-semifinales\/#breadcrumb\"},\"inLanguage\":\"es\",\"potentialAction\":[{\"@type\":\"ReadAction\",\"target\":[\"https:\/\/www.noticiasradioreflejos.com.ar\/2021\/argentina-vs-paises-bajos-una-batalla-tactica-por-un-lugar-en-las-semifinales\/\"]}]},{\"@type\":\"ImageObject\",\"inLanguage\":\"es\",\"@id\":\"https:\/\/www.noticiasradioreflejos.com.ar\/2021\/argentina-vs-paises-bajos-una-batalla-tactica-por-un-lugar-en-las-semifinales\/#primaryimage\",\"url\":\"https:\/\/www.telam.com.ar\/thumbs\/bluesteel\/advf\/imagenes\/2022\/12\/6392668b12fed_1200.jpg\",\"contentUrl\":\"https:\/\/www.telam.com.ar\/thumbs\/bluesteel\/advf\/imagenes\/2022\/12\/6392668b12fed_1200.jpg\"},{\"@type\":\"BreadcrumbList\",\"@id\":\"https:\/\/www.noticiasradioreflejos.com.ar\/2021\/argentina-vs-paises-bajos-una-batalla-tactica-por-un-lugar-en-las-semifinales\/#breadcrumb\",\"itemListElement\":[{\"@type\":\"ListItem\",\"position\":1,\"name\":\"Portada\",\"item\":\"https:\/\/www.noticiasradioreflejos.com.ar\/2021\/\"},{\"@type\":\"ListItem\",\"position\":2,\"name\":\"Argentina vs Pa\u00edses Bajos: una batalla t\u00e1ctica por un lugar en las semifinales\"}]},{\"@type\":\"WebSite\",\"@id\":\"https:\/\/www.noticiasradioreflejos.com.ar\/2021\/#website\",\"url\":\"https:\/\/www.noticiasradioreflejos.com.ar\/2021\/\",\"name\":\"Noticias Radio Reflejos\",\"description\":\"Las noticias de mi comarca\",\"potentialAction\":[{\"@type\":\"SearchAction\",\"target\":{\"@type\":\"EntryPoint\",\"urlTemplate\":\"https:\/\/www.noticiasradioreflejos.com.ar\/2021\/?s={search_term_string}\"},\"query-input\":{\"@type\":\"PropertyValueSpecification\",\"valueRequired\":true,\"valueName\":\"search_term_string\"}}],\"inLanguage\":\"es\"},{\"@type\":\"Person\",\"@id\":\"https:\/\/www.noticiasradioreflejos.com.ar\/2021\/#\/schema\/person\/ad82545263dcc5ec0996818884fd5fb1\",\"name\":\"Arnaldo Botto\",\"image\":{\"@type\":\"ImageObject\",\"inLanguage\":\"es\",\"@id\":\"https:\/\/www.noticiasradioreflejos.com.ar\/2021\/#\/schema\/person\/image\/\",\"url\":\"https:\/\/secure.gravatar.com\/avatar\/55cb5e37c1efa326397366e6974cb338056df65cb50e7d64d1cf314e87504837?s=96&d=mm&r=g\",\"contentUrl\":\"https:\/\/secure.gravatar.com\/avatar\/55cb5e37c1efa326397366e6974cb338056df65cb50e7d64d1cf314e87504837?s=96&d=mm&r=g\",\"caption\":\"Arnaldo Botto\"},\"url\":\"https:\/\/www.noticiasradioreflejos.com.ar\/2021\/author\/arnaldo\/\"}]}<\/script>\n<!-- \/ Yoast SEO plugin. -->","yoast_head_json":{"title":"Argentina vs Pa\u00edses Bajos: una batalla t\u00e1ctica por un lugar en las semifinales - Noticias Radio Reflejos","robots":{"index":"index","follow":"follow","max-snippet":"max-snippet:-1","max-image-preview":"max-image-preview:large","max-video-preview":"max-video-preview:-1"},"canonical":"https:\/\/www.noticiasradioreflejos.com.ar\/2021\/argentina-vs-paises-bajos-una-batalla-tactica-por-un-lugar-en-las-semifinales\/","og_locale":"es_ES","og_type":"article","og_title":"Argentina vs Pa\u00edses Bajos: una batalla t\u00e1ctica por un lugar en las semifinales - Noticias Radio Reflejos","og_description":"Es el sexto enfrentamiento entre ambos seleccionados y Argentina nunca pudo vencer a su rival en el tiempo reglamentario. En los bancos est\u00e1n el DT de mayor edad (Louis van Gaal, de 71 a\u00f1os) y el m\u00e1s joven (Lionel Scaloni, de 46). Televisa: TV P\u00fablica, TyC Sports y DSports.","og_url":"https:\/\/www.noticiasradioreflejos.com.ar\/2021\/argentina-vs-paises-bajos-una-batalla-tactica-por-un-lugar-en-las-semifinales\/","og_site_name":"Noticias Radio Reflejos","article_published_time":"2022-12-09T11:37:24+00:00","article_modified_time":"2022-12-09T22:22:12+00:00","og_image":[{"url":"https:\/\/www.telam.com.ar\/thumbs\/bluesteel\/advf\/imagenes\/2022\/12\/6392668b12fed_1200.jpg","type":"","width":"","height":""}],"author":"Arnaldo Botto","twitter_card":"summary_large_image","schema":{"@context":"https:\/\/schema.org","@graph":[{"@type":"WebPage","@id":"https:\/\/www.noticiasradioreflejos.com.ar\/2021\/argentina-vs-paises-bajos-una-batalla-tactica-por-un-lugar-en-las-semifinales\/","url":"https:\/\/www.noticiasradioreflejos.com.ar\/2021\/argentina-vs-paises-bajos-una-batalla-tactica-por-un-lugar-en-las-semifinales\/","name":"Argentina vs Pa\u00edses Bajos: una batalla t\u00e1ctica por un lugar en las semifinales - Noticias Radio Reflejos","isPartOf":{"@id":"https:\/\/www.noticiasradioreflejos.com.ar\/2021\/#website"},"primaryImageOfPage":{"@id":"https:\/\/www.noticiasradioreflejos.com.ar\/2021\/argentina-vs-paises-bajos-una-batalla-tactica-por-un-lugar-en-las-semifinales\/#primaryimage"},"image":{"@id":"https:\/\/www.noticiasradioreflejos.com.ar\/2021\/argentina-vs-paises-bajos-una-batalla-tactica-por-un-lugar-en-las-semifinales\/#primaryimage"},"thumbnailUrl":"https:\/\/www.telam.com.ar\/thumbs\/bluesteel\/advf\/imagenes\/2022\/12\/6392668b12fed_1200.jpg","datePublished":"2022-12-09T11:37:24+00:00","dateModified":"2022-12-09T22:22:12+00:00","author":{"@id":"https:\/\/www.noticiasradioreflejos.com.ar\/2021\/#\/schema\/person\/ad82545263dcc5ec0996818884fd5fb1"},"breadcrumb":{"@id":"https:\/\/www.noticiasradioreflejos.com.ar\/2021\/argentina-vs-paises-bajos-una-batalla-tactica-por-un-lugar-en-las-semifinales\/#breadcrumb"},"inLanguage":"es","potentialAction":[{"@type":"ReadAction","target":["https:\/\/www.noticiasradioreflejos.com.ar\/2021\/argentina-vs-paises-bajos-una-batalla-tactica-por-un-lugar-en-las-semifinales\/"]}]},{"@type":"ImageObject","inLanguage":"es","@id":"https:\/\/www.noticiasradioreflejos.com.ar\/2021\/argentina-vs-paises-bajos-una-batalla-tactica-por-un-lugar-en-las-semifinales\/#primaryimage","url":"https:\/\/www.telam.com.ar\/thumbs\/bluesteel\/advf\/imagenes\/2022\/12\/6392668b12fed_1200.jpg","contentUrl":"https:\/\/www.telam.com.ar\/thumbs\/bluesteel\/advf\/imagenes\/2022\/12\/6392668b12fed_1200.jpg"},{"@type":"BreadcrumbList","@id":"https:\/\/www.noticiasradioreflejos.com.ar\/2021\/argentina-vs-paises-bajos-una-batalla-tactica-por-un-lugar-en-las-semifinales\/#breadcrumb","itemListElement":[{"@type":"ListItem","position":1,"name":"Portada","item":"https:\/\/www.noticiasradioreflejos.com.ar\/2021\/"},{"@type":"ListItem","position":2,"name":"Argentina vs Pa\u00edses Bajos: una batalla t\u00e1ctica por un lugar en las semifinales"}]},{"@type":"WebSite","@id":"https:\/\/www.noticiasradioreflejos.com.ar\/2021\/#website","url":"https:\/\/www.noticiasradioreflejos.com.ar\/2021\/","name":"Noticias Radio Reflejos","description":"Las noticias de mi comarca","potentialAction":[{"@type":"SearchAction","target":{"@type":"EntryPoint","urlTemplate":"https:\/\/www.noticiasradioreflejos.com.ar\/2021\/?s={search_term_string}"},"query-input":{"@type":"PropertyValueSpecification","valueRequired":true,"valueName":"search_term_string"}}],"inLanguage":"es"},{"@type":"Person","@id":"https:\/\/www.noticiasradioreflejos.com.ar\/2021\/#\/schema\/person\/ad82545263dcc5ec0996818884fd5fb1","name":"Arnaldo Botto","image":{"@type":"ImageObject","inLanguage":"es","@id":"https:\/\/www.noticiasradioreflejos.com.ar\/2021\/#\/schema\/person\/image\/","url":"https:\/\/secure.gravatar.com\/avatar\/55cb5e37c1efa326397366e6974cb338056df65cb50e7d64d1cf314e87504837?s=96&d=mm&r=g","contentUrl":"https:\/\/secure.gravatar.com\/avatar\/55cb5e37c1efa326397366e6974cb338056df65cb50e7d64d1cf314e87504837?s=96&d=mm&r=g","caption":"Arnaldo Botto"},"url":"https:\/\/www.noticiasradioreflejos.com.ar\/2021\/author\/arnaldo\/"}]}},"_links":{"self":[{"href":"https:\/\/www.noticiasradioreflejos.com.ar\/2021\/wp-json\/wp\/v2\/posts\/81196","targetHints":{"allow":["GET"]}}],"collection":[{"href":"https:\/\/www.noticiasradioreflejos.com.ar\/2021\/wp-json\/wp\/v2\/posts"}],"about":[{"href":"https:\/\/www.noticiasradioreflejos.com.ar\/2021\/wp-json\/wp\/v2\/types\/post"}],"author":[{"embeddable":true,"href":"https:\/\/www.noticiasradioreflejos.com.ar\/2021\/wp-json\/wp\/v2\/users\/3"}],"replies":[{"embeddable":true,"href":"https:\/\/www.noticiasradioreflejos.com.ar\/2021\/wp-json\/wp\/v2\/comments?post=81196"}],"version-history":[{"count":1,"href":"https:\/\/www.noticiasradioreflejos.com.ar\/2021\/wp-json\/wp\/v2\/posts\/81196\/revisions"}],"predecessor-version":[{"id":81198,"href":"https:\/\/www.noticiasradioreflejos.com.ar\/2021\/wp-json\/wp\/v2\/posts\/81196\/revisions\/81198"}],"wp:attachment":[{"href":"https:\/\/www.noticiasradioreflejos.com.ar\/2021\/wp-json\/wp\/v2\/media?parent=81196"}],"wp:term":[{"taxonomy":"category","embeddable":true,"href":"https:\/\/www.noticiasradioreflejos.com.ar\/2021\/wp-json\/wp\/v2\/categories?post=81196"},{"taxonomy":"post_tag","embeddable":true,"href":"https:\/\/www.noticiasradioreflejos.com.ar\/2021\/wp-json\/wp\/v2\/tags?post=81196"}],"curies":[{"name":"wp","href":"https:\/\/api.w.org\/{rel}","templated":true}]}}