{"id":81175,"date":"2022-12-09T01:32:20","date_gmt":"2022-12-09T01:32:20","guid":{"rendered":"http:\/\/www.noticiasradioreflejos.com.ar\/2021\/?p=81175"},"modified":"2022-12-09T01:32:20","modified_gmt":"2022-12-09T01:32:20","slug":"desplazaran-a-milman-de-la-vicepresidencia-del-bloque-de-diputados-del-pro","status":"publish","type":"post","link":"https:\/\/www.noticiasradioreflejos.com.ar\/2021\/desplazaran-a-milman-de-la-vicepresidencia-del-bloque-de-diputados-del-pro\/","title":{"rendered":"Desplazar\u00e1n a Milman de la vicepresidencia del bloque de diputados del PRO"},"content":{"rendered":"<p>La decisi\u00f3n obedece a que el legislador qued\u00f3 involucrado en la investigaci\u00f3n del intento de asesinato de la Vicepresidenta de la Naci\u00f3n. Su reemplazante ser\u00eda la diputada cordobesa Laura Rodr\u00edguez Machado.<!--more--><\/p>\n<figure class=\"mb-3\"><img decoding=\"async\" src=\"https:\/\/www.telam.com.ar\/thumbs\/bluesteel\/advf\/imagenes\/2022\/11\/63872c0bae180_1200.jpg\" alt=\"Gerardo Milman Foto Instagram\" width=\"100%\" height=\"100%\" \/><\/p>\n<div class=\"media-icons\"><\/div><figcaption>Gerardo Milman (Foto: Instagram).<\/figcaption><\/figure>\n<p>El bloque de diputados nacionales del PRO confirmar\u00eda la semana pr\u00f3xima el desplazamiento de\u00a0<a href=\"https:\/\/www.telam.com.ar\/notas\/202212\/613579-ataque-cfk-querella-secuestro-celular-milman.html\" target=\"_blank\" rel=\"noopener\">Gerardo Milman<\/a>\u00a0de la vicepresidencia de ese bloque opositor y la designaci\u00f3n, en su lugar, de la legisladora cordobesa\u00a0<strong>Laura Rodr\u00edguez Machado<\/strong>, informaron este jueves fuentes de ese espacio.<\/p>\n<p>Las fuentes admitieron a T\u00e9lam que el reemplazo de Milman, perteneciente al sector de la titular del PRO y precandidata presidencial\u00a0<strong>Patricia Bullrich<\/strong>, obedece a que qued\u00f3 involucrado en la investigaci\u00f3n del\u00a0<a href=\"https:\/\/www.telam.com.ar\/notas\/202209\/603562-persona-armada-casa-cristina-fernandez-kirchner.html\" target=\"_blank\" rel=\"noopener\">intento de asesinato de la vicepresidenta<\/a>\u00a0<strong>Cristina Fern\u00e1ndez de Kirchner<\/strong>.<\/p>\n<p>El exsecretario de Seguridad del Gobierno de\u00a0<strong>Mauricio Macri\u00a0<\/strong>cuando Bullrich era la jefa de esa cartera ya hab\u00eda sido desplazado en los \u00faltimos d\u00edas del equipo de campa\u00f1a presidencial de la exministra de cara a las elecciones del a\u00f1o pr\u00f3ximo, y en su lugar fue designado el legislador porte\u00f1o\u00a0<strong>Juan Pablo Arenaza<\/strong>.<\/p>\n<div class=\"twitter-tweet twitter-tweet-rendered\"><iframe id=\"twitter-widget-0\" class=\"\" title=\"Twitter Tweet\" src=\"https:\/\/platform.twitter.com\/embed\/Tweet.html?creatorScreenName=agenciatelam&amp;dnt=false&amp;embedId=twitter-widget-0&amp;features=eyJ0ZndfdGltZWxpbmVfbGlzdCI6eyJidWNrZXQiOlsibGlua3RyLmVlIiwidHIuZWUiLCJ0ZXJyYS5jb20uYnIiLCJ3d3cubGlua3RyLmVlIiwid3d3LnRyLmVlIiwid3d3LnRlcnJhLmNvbS5iciJdLCJ2ZXJzaW9uIjpudWxsfSwidGZ3X2hvcml6b25fdGltZWxpbmVfMTIwMzQiOnsiYnVja2V0IjoidHJlYXRtZW50IiwidmVyc2lvbiI6bnVsbH0sInRmd190d2VldF9lZGl0X2JhY2tlbmQiOnsiYnVja2V0Ijoib24iLCJ2ZXJzaW9uIjpudWxsfSwidGZ3X3JlZnNyY19zZXNzaW9uIjp7ImJ1Y2tldCI6Im9uIiwidmVyc2lvbiI6bnVsbH0sInRmd19zaG93X2J1c2luZXNzX3ZlcmlmaWVkX2JhZGdlIjp7ImJ1Y2tldCI6Im9mZiIsInZlcnNpb24iOm51bGx9LCJ0ZndfY2hpbl9waWxsc18xNDc0MSI6eyJidWNrZXQiOiJjb2xvcl9pY29ucyIsInZlcnNpb24iOm51bGx9LCJ0ZndfdHdlZXRfcmVzdWx0X21pZ3JhdGlvbl8xMzk3OSI6eyJidWNrZXQiOiJ0d2VldF9yZXN1bHQiLCJ2ZXJzaW9uIjpudWxsfSwidGZ3X3NlbnNpdGl2ZV9tZWRpYV9pbnRlcnN0aXRpYWxfMTM5NjMiOnsiYnVja2V0IjoiaW50ZXJzdGl0aWFsIiwidmVyc2lvbiI6bnVsbH0sInRmd19leHBlcmltZW50c19jb29raWVfZXhwaXJhdGlvbiI6eyJidWNrZXQiOjEyMDk2MDAsInZlcnNpb24iOm51bGx9LCJ0ZndfZHVwbGljYXRlX3NjcmliZXNfdG9fc2V0dGluZ3MiOnsiYnVja2V0Ijoib24iLCJ2ZXJzaW9uIjpudWxsfSwidGZ3X3ZpZGVvX2hsc19keW5hbWljX21hbmlmZXN0c18xNTA4MiI6eyJidWNrZXQiOiJ0cnVlX2JpdHJhdGUiLCJ2ZXJzaW9uIjpudWxsfSwidGZ3X3Nob3dfYmx1ZV92ZXJpZmllZF9iYWRnZSI6eyJidWNrZXQiOiJvbiIsInZlcnNpb24iOm51bGx9LCJ0ZndfcmVsYXRlZF92aWRlb3NfMTUxMjgiOnsiYnVja2V0IjoibWFueV92aWRzIiwidmVyc2lvbiI6Mn0sInRmd190d2VldF9lZGl0X2Zyb250ZW5kIjp7ImJ1Y2tldCI6Im9uIiwidmVyc2lvbiI6bnVsbH19&amp;frame=false&amp;hideCard=false&amp;hideThread=false&amp;id=1600862764255174656&amp;lang=es&amp;origin=https%3A%2F%2Fwww.telam.com.ar%2Fnotas%2F202212%2F613635-desplazaron-milman-vicepresidencia-diputados-pro.html&amp;sessionId=d548f95bec460d86811dd40bb07bb07139b0a707&amp;siteScreenName=agenciatelam&amp;theme=light&amp;widgetsVersion=a3525f077c700%3A1667415560940&amp;width=550px\" frameborder=\"0\" scrolling=\"no\" allowfullscreen=\"allowfullscreen\" data-tweet-id=\"1600862764255174656\" data-mce-fragment=\"1\"><\/iframe><\/div>\n<p>El bloque de diputados nacionales del PRO es conducido por\u00a0<strong>Cristian Ritondo<\/strong>, con el aval directo del expresidente Mauricio Macri y las vicepresidencias estar\u00e1n ejercidas por\u00a0<strong>\u00c1lvaro Gonz\u00e1lez<\/strong>\u00a0-quien contin\u00faa en ese cargo con el apoyo del jefe de Gobierno porte\u00f1o,\u00a0<strong>Horacio Rodr\u00edguez Larreta<\/strong>&#8211; y ahora Rodr\u00edguez Machado, ungida por Bullrich.<\/p>\n<p>La situaci\u00f3n de Milman se complic\u00f3 tras quedar involucrado en la investigaci\u00f3n del atentado contra la vicepresidenta Fern\u00e1ndez de Kirchner, luego de que un testigo dijo haberlo escuchado hablar de lo que iba a ocurrir el 1 de septiembre junto a dos empleadas suyas, en una mesa de la confiter\u00eda \u00abCasablanca\u00bb, frente al Congreso Nacional, antes del atentado que cometi\u00f3 Fernando Sabag Montiel.<\/p>\n<p>Ese testigo, un asesor de un diputado oficialista, revel\u00f3 que le escuch\u00f3 decir \u00abcuando la maten yo estoy camino a la costa\u00bb.<\/p>\n","protected":false},"excerpt":{"rendered":"<p>La decisi\u00f3n obedece a que el legislador qued\u00f3 involucrado en la investigaci\u00f3n del intento de asesinato de la Vicepresidenta de la Naci\u00f3n. Su reemplazante ser\u00eda la diputada cordobesa Laura Rodr\u00edguez Machado.<\/p>\n","protected":false},"author":3,"featured_media":0,"comment_status":"closed","ping_status":"closed","sticky":false,"template":"","format":"standard","meta":{"footnotes":""},"categories":[1],"tags":[],"class_list":["post-81175","post","type-post","status-publish","format-standard","hentry","category-sin-categoria"],"yoast_head":"<!-- This site is optimized with the Yoast SEO plugin v25.9 - https:\/\/yoast.com\/wordpress\/plugins\/seo\/ -->\n<title>Desplazar\u00e1n a Milman de la vicepresidencia del bloque de diputados del PRO - Noticias Radio Reflejos<\/title>\n<meta name=\"robots\" content=\"index, follow, max-snippet:-1, max-image-preview:large, max-video-preview:-1\" \/>\n<link rel=\"canonical\" href=\"https:\/\/www.noticiasradioreflejos.com.ar\/2021\/desplazaran-a-milman-de-la-vicepresidencia-del-bloque-de-diputados-del-pro\/\" \/>\n<meta property=\"og:locale\" content=\"es_ES\" \/>\n<meta property=\"og:type\" content=\"article\" \/>\n<meta property=\"og:title\" content=\"Desplazar\u00e1n a Milman de la vicepresidencia del bloque de diputados del PRO - Noticias Radio Reflejos\" \/>\n<meta property=\"og:description\" content=\"La decisi\u00f3n obedece a que el legislador qued\u00f3 involucrado en la investigaci\u00f3n del intento de asesinato de la Vicepresidenta de la Naci\u00f3n. Su reemplazante ser\u00eda la diputada cordobesa Laura Rodr\u00edguez Machado.\" \/>\n<meta property=\"og:url\" content=\"https:\/\/www.noticiasradioreflejos.com.ar\/2021\/desplazaran-a-milman-de-la-vicepresidencia-del-bloque-de-diputados-del-pro\/\" \/>\n<meta property=\"og:site_name\" content=\"Noticias Radio Reflejos\" \/>\n<meta property=\"article:published_time\" content=\"2022-12-09T01:32:20+00:00\" \/>\n<meta property=\"og:image\" content=\"https:\/\/www.telam.com.ar\/thumbs\/bluesteel\/advf\/imagenes\/2022\/11\/63872c0bae180_1200.jpg\" \/>\n<meta name=\"author\" content=\"Arnaldo Botto\" \/>\n<meta name=\"twitter:card\" content=\"summary_large_image\" \/>\n<script type=\"application\/ld+json\" class=\"yoast-schema-graph\">{\"@context\":\"https:\/\/schema.org\",\"@graph\":[{\"@type\":\"WebPage\",\"@id\":\"https:\/\/www.noticiasradioreflejos.com.ar\/2021\/desplazaran-a-milman-de-la-vicepresidencia-del-bloque-de-diputados-del-pro\/\",\"url\":\"https:\/\/www.noticiasradioreflejos.com.ar\/2021\/desplazaran-a-milman-de-la-vicepresidencia-del-bloque-de-diputados-del-pro\/\",\"name\":\"Desplazar\u00e1n a Milman de la vicepresidencia del bloque de diputados del PRO - Noticias Radio Reflejos\",\"isPartOf\":{\"@id\":\"https:\/\/www.noticiasradioreflejos.com.ar\/2021\/#website\"},\"primaryImageOfPage\":{\"@id\":\"https:\/\/www.noticiasradioreflejos.com.ar\/2021\/desplazaran-a-milman-de-la-vicepresidencia-del-bloque-de-diputados-del-pro\/#primaryimage\"},\"image\":{\"@id\":\"https:\/\/www.noticiasradioreflejos.com.ar\/2021\/desplazaran-a-milman-de-la-vicepresidencia-del-bloque-de-diputados-del-pro\/#primaryimage\"},\"thumbnailUrl\":\"https:\/\/www.telam.com.ar\/thumbs\/bluesteel\/advf\/imagenes\/2022\/11\/63872c0bae180_1200.jpg\",\"datePublished\":\"2022-12-09T01:32:20+00:00\",\"author\":{\"@id\":\"https:\/\/www.noticiasradioreflejos.com.ar\/2021\/#\/schema\/person\/ad82545263dcc5ec0996818884fd5fb1\"},\"breadcrumb\":{\"@id\":\"https:\/\/www.noticiasradioreflejos.com.ar\/2021\/desplazaran-a-milman-de-la-vicepresidencia-del-bloque-de-diputados-del-pro\/#breadcrumb\"},\"inLanguage\":\"es\",\"potentialAction\":[{\"@type\":\"ReadAction\",\"target\":[\"https:\/\/www.noticiasradioreflejos.com.ar\/2021\/desplazaran-a-milman-de-la-vicepresidencia-del-bloque-de-diputados-del-pro\/\"]}]},{\"@type\":\"ImageObject\",\"inLanguage\":\"es\",\"@id\":\"https:\/\/www.noticiasradioreflejos.com.ar\/2021\/desplazaran-a-milman-de-la-vicepresidencia-del-bloque-de-diputados-del-pro\/#primaryimage\",\"url\":\"https:\/\/www.telam.com.ar\/thumbs\/bluesteel\/advf\/imagenes\/2022\/11\/63872c0bae180_1200.jpg\",\"contentUrl\":\"https:\/\/www.telam.com.ar\/thumbs\/bluesteel\/advf\/imagenes\/2022\/11\/63872c0bae180_1200.jpg\"},{\"@type\":\"BreadcrumbList\",\"@id\":\"https:\/\/www.noticiasradioreflejos.com.ar\/2021\/desplazaran-a-milman-de-la-vicepresidencia-del-bloque-de-diputados-del-pro\/#breadcrumb\",\"itemListElement\":[{\"@type\":\"ListItem\",\"position\":1,\"name\":\"Portada\",\"item\":\"https:\/\/www.noticiasradioreflejos.com.ar\/2021\/\"},{\"@type\":\"ListItem\",\"position\":2,\"name\":\"Desplazar\u00e1n a Milman de la vicepresidencia del bloque de diputados del PRO\"}]},{\"@type\":\"WebSite\",\"@id\":\"https:\/\/www.noticiasradioreflejos.com.ar\/2021\/#website\",\"url\":\"https:\/\/www.noticiasradioreflejos.com.ar\/2021\/\",\"name\":\"Noticias Radio Reflejos\",\"description\":\"Las noticias de mi comarca\",\"potentialAction\":[{\"@type\":\"SearchAction\",\"target\":{\"@type\":\"EntryPoint\",\"urlTemplate\":\"https:\/\/www.noticiasradioreflejos.com.ar\/2021\/?s={search_term_string}\"},\"query-input\":{\"@type\":\"PropertyValueSpecification\",\"valueRequired\":true,\"valueName\":\"search_term_string\"}}],\"inLanguage\":\"es\"},{\"@type\":\"Person\",\"@id\":\"https:\/\/www.noticiasradioreflejos.com.ar\/2021\/#\/schema\/person\/ad82545263dcc5ec0996818884fd5fb1\",\"name\":\"Arnaldo Botto\",\"image\":{\"@type\":\"ImageObject\",\"inLanguage\":\"es\",\"@id\":\"https:\/\/www.noticiasradioreflejos.com.ar\/2021\/#\/schema\/person\/image\/\",\"url\":\"https:\/\/secure.gravatar.com\/avatar\/55cb5e37c1efa326397366e6974cb338056df65cb50e7d64d1cf314e87504837?s=96&d=mm&r=g\",\"contentUrl\":\"https:\/\/secure.gravatar.com\/avatar\/55cb5e37c1efa326397366e6974cb338056df65cb50e7d64d1cf314e87504837?s=96&d=mm&r=g\",\"caption\":\"Arnaldo Botto\"},\"url\":\"https:\/\/www.noticiasradioreflejos.com.ar\/2021\/author\/arnaldo\/\"}]}<\/script>\n<!-- \/ Yoast SEO plugin. -->","yoast_head_json":{"title":"Desplazar\u00e1n a Milman de la vicepresidencia del bloque de diputados del PRO - Noticias Radio Reflejos","robots":{"index":"index","follow":"follow","max-snippet":"max-snippet:-1","max-image-preview":"max-image-preview:large","max-video-preview":"max-video-preview:-1"},"canonical":"https:\/\/www.noticiasradioreflejos.com.ar\/2021\/desplazaran-a-milman-de-la-vicepresidencia-del-bloque-de-diputados-del-pro\/","og_locale":"es_ES","og_type":"article","og_title":"Desplazar\u00e1n a Milman de la vicepresidencia del bloque de diputados del PRO - Noticias Radio Reflejos","og_description":"La decisi\u00f3n obedece a que el legislador qued\u00f3 involucrado en la investigaci\u00f3n del intento de asesinato de la Vicepresidenta de la Naci\u00f3n. Su reemplazante ser\u00eda la diputada cordobesa Laura Rodr\u00edguez Machado.","og_url":"https:\/\/www.noticiasradioreflejos.com.ar\/2021\/desplazaran-a-milman-de-la-vicepresidencia-del-bloque-de-diputados-del-pro\/","og_site_name":"Noticias Radio Reflejos","article_published_time":"2022-12-09T01:32:20+00:00","og_image":[{"url":"https:\/\/www.telam.com.ar\/thumbs\/bluesteel\/advf\/imagenes\/2022\/11\/63872c0bae180_1200.jpg","type":"","width":"","height":""}],"author":"Arnaldo Botto","twitter_card":"summary_large_image","schema":{"@context":"https:\/\/schema.org","@graph":[{"@type":"WebPage","@id":"https:\/\/www.noticiasradioreflejos.com.ar\/2021\/desplazaran-a-milman-de-la-vicepresidencia-del-bloque-de-diputados-del-pro\/","url":"https:\/\/www.noticiasradioreflejos.com.ar\/2021\/desplazaran-a-milman-de-la-vicepresidencia-del-bloque-de-diputados-del-pro\/","name":"Desplazar\u00e1n a Milman de la vicepresidencia del bloque de diputados del PRO - Noticias Radio Reflejos","isPartOf":{"@id":"https:\/\/www.noticiasradioreflejos.com.ar\/2021\/#website"},"primaryImageOfPage":{"@id":"https:\/\/www.noticiasradioreflejos.com.ar\/2021\/desplazaran-a-milman-de-la-vicepresidencia-del-bloque-de-diputados-del-pro\/#primaryimage"},"image":{"@id":"https:\/\/www.noticiasradioreflejos.com.ar\/2021\/desplazaran-a-milman-de-la-vicepresidencia-del-bloque-de-diputados-del-pro\/#primaryimage"},"thumbnailUrl":"https:\/\/www.telam.com.ar\/thumbs\/bluesteel\/advf\/imagenes\/2022\/11\/63872c0bae180_1200.jpg","datePublished":"2022-12-09T01:32:20+00:00","author":{"@id":"https:\/\/www.noticiasradioreflejos.com.ar\/2021\/#\/schema\/person\/ad82545263dcc5ec0996818884fd5fb1"},"breadcrumb":{"@id":"https:\/\/www.noticiasradioreflejos.com.ar\/2021\/desplazaran-a-milman-de-la-vicepresidencia-del-bloque-de-diputados-del-pro\/#breadcrumb"},"inLanguage":"es","potentialAction":[{"@type":"ReadAction","target":["https:\/\/www.noticiasradioreflejos.com.ar\/2021\/desplazaran-a-milman-de-la-vicepresidencia-del-bloque-de-diputados-del-pro\/"]}]},{"@type":"ImageObject","inLanguage":"es","@id":"https:\/\/www.noticiasradioreflejos.com.ar\/2021\/desplazaran-a-milman-de-la-vicepresidencia-del-bloque-de-diputados-del-pro\/#primaryimage","url":"https:\/\/www.telam.com.ar\/thumbs\/bluesteel\/advf\/imagenes\/2022\/11\/63872c0bae180_1200.jpg","contentUrl":"https:\/\/www.telam.com.ar\/thumbs\/bluesteel\/advf\/imagenes\/2022\/11\/63872c0bae180_1200.jpg"},{"@type":"BreadcrumbList","@id":"https:\/\/www.noticiasradioreflejos.com.ar\/2021\/desplazaran-a-milman-de-la-vicepresidencia-del-bloque-de-diputados-del-pro\/#breadcrumb","itemListElement":[{"@type":"ListItem","position":1,"name":"Portada","item":"https:\/\/www.noticiasradioreflejos.com.ar\/2021\/"},{"@type":"ListItem","position":2,"name":"Desplazar\u00e1n a Milman de la vicepresidencia del bloque de diputados del PRO"}]},{"@type":"WebSite","@id":"https:\/\/www.noticiasradioreflejos.com.ar\/2021\/#website","url":"https:\/\/www.noticiasradioreflejos.com.ar\/2021\/","name":"Noticias Radio Reflejos","description":"Las noticias de mi comarca","potentialAction":[{"@type":"SearchAction","target":{"@type":"EntryPoint","urlTemplate":"https:\/\/www.noticiasradioreflejos.com.ar\/2021\/?s={search_term_string}"},"query-input":{"@type":"PropertyValueSpecification","valueRequired":true,"valueName":"search_term_string"}}],"inLanguage":"es"},{"@type":"Person","@id":"https:\/\/www.noticiasradioreflejos.com.ar\/2021\/#\/schema\/person\/ad82545263dcc5ec0996818884fd5fb1","name":"Arnaldo Botto","image":{"@type":"ImageObject","inLanguage":"es","@id":"https:\/\/www.noticiasradioreflejos.com.ar\/2021\/#\/schema\/person\/image\/","url":"https:\/\/secure.gravatar.com\/avatar\/55cb5e37c1efa326397366e6974cb338056df65cb50e7d64d1cf314e87504837?s=96&d=mm&r=g","contentUrl":"https:\/\/secure.gravatar.com\/avatar\/55cb5e37c1efa326397366e6974cb338056df65cb50e7d64d1cf314e87504837?s=96&d=mm&r=g","caption":"Arnaldo Botto"},"url":"https:\/\/www.noticiasradioreflejos.com.ar\/2021\/author\/arnaldo\/"}]}},"_links":{"self":[{"href":"https:\/\/www.noticiasradioreflejos.com.ar\/2021\/wp-json\/wp\/v2\/posts\/81175","targetHints":{"allow":["GET"]}}],"collection":[{"href":"https:\/\/www.noticiasradioreflejos.com.ar\/2021\/wp-json\/wp\/v2\/posts"}],"about":[{"href":"https:\/\/www.noticiasradioreflejos.com.ar\/2021\/wp-json\/wp\/v2\/types\/post"}],"author":[{"embeddable":true,"href":"https:\/\/www.noticiasradioreflejos.com.ar\/2021\/wp-json\/wp\/v2\/users\/3"}],"replies":[{"embeddable":true,"href":"https:\/\/www.noticiasradioreflejos.com.ar\/2021\/wp-json\/wp\/v2\/comments?post=81175"}],"version-history":[{"count":1,"href":"https:\/\/www.noticiasradioreflejos.com.ar\/2021\/wp-json\/wp\/v2\/posts\/81175\/revisions"}],"predecessor-version":[{"id":81177,"href":"https:\/\/www.noticiasradioreflejos.com.ar\/2021\/wp-json\/wp\/v2\/posts\/81175\/revisions\/81177"}],"wp:attachment":[{"href":"https:\/\/www.noticiasradioreflejos.com.ar\/2021\/wp-json\/wp\/v2\/media?parent=81175"}],"wp:term":[{"taxonomy":"category","embeddable":true,"href":"https:\/\/www.noticiasradioreflejos.com.ar\/2021\/wp-json\/wp\/v2\/categories?post=81175"},{"taxonomy":"post_tag","embeddable":true,"href":"https:\/\/www.noticiasradioreflejos.com.ar\/2021\/wp-json\/wp\/v2\/tags?post=81175"}],"curies":[{"name":"wp","href":"https:\/\/api.w.org\/{rel}","templated":true}]}}