{"id":81171,"date":"2022-12-09T01:46:30","date_gmt":"2022-12-09T01:46:30","guid":{"rendered":"http:\/\/www.noticiasradioreflejos.com.ar\/2021\/?p=81171"},"modified":"2022-12-09T01:46:30","modified_gmt":"2022-12-09T01:46:30","slug":"en-saldungaray-decorar-el-frente-de-tu-casa-o-comercio-va-a-tener-premio","status":"publish","type":"post","link":"https:\/\/www.noticiasradioreflejos.com.ar\/2021\/en-saldungaray-decorar-el-frente-de-tu-casa-o-comercio-va-a-tener-premio\/","title":{"rendered":"En Saldungaray decorar el frente de tu casa o comercio va a tener premio"},"content":{"rendered":"<p>Desde ATUCOS est\u00e1n llevando adelante una iniciativa para embellecer el pueblo, y al mismo tiempo, ganar unos lindos premios. <strong>Luciana Mainero <\/strong>cont\u00f3 todos los detalles.<!--more--><\/p>\n<p>&nbsp;<\/p>\n<p><a title=\"WhatsApp Image 2022-12-07 at 11.42.02\" href=\"https:\/\/www.flickr.com\/photos\/182279889@N02\/52552202485\/in\/dateposted-public\/\" data-flickr-embed=\"true\"><img loading=\"lazy\" decoding=\"async\" class=\"aligncenter\" src=\"https:\/\/live.staticflickr.com\/65535\/52552202485_50981a2fd0_c.jpg\" alt=\"WhatsApp Image 2022-12-07 at 11.42.02\" width=\"565\" height=\"800\" \/><\/a><\/p>\n<p>&nbsp;<\/p>\n<p>Desde la Asociaci\u00f3n de Turismo Comunitario de Saldungaray (ATUCOS) est\u00e1n llevando adelante una gran iniciativa pensando en las fiestas que ya se vienen.<\/p>\n<p>Al respecto la presidenta de dicha entidad, Luciana Mainero, explic\u00f3 que \u201ces una invitaci\u00f3n que estamos haciendo a todo el pueblo. Tanto comercios, instituciones, particulares, para que se animen a decorar sus frentes y as\u00ed darle esp\u00edritu navide\u00f1o al pueblo. Esto es en conjunto con la delegaci\u00f3n de Saldungaray y la Asociaci\u00f3n de Turismo. Tenemos que dar el ejemplo, as\u00ed que nosotros tambi\u00e9n adornaremos\u201d.<\/p>\n<p>Seg\u00fan cont\u00f3 \u201cel concurso es a votaci\u00f3n popular. Habr\u00e1 urnas en distintos comercios y tambi\u00e9n se podr\u00e1 votar en redes sociales. En las p\u00e1ginas de la Asociaci\u00f3n de Facebook e instagram tambi\u00e9n podr\u00e1n votar\u201d.<\/p>\n<p>Dando detalles, mencion\u00f3 que \u201cpor un lado estar\u00e1n comercios e instituciones y por el otro particulares. En cada categor\u00eda habr\u00e1 cuatro premios. Despu\u00e9s tambi\u00e9n habr\u00e1 un sorteo entre todos los que participen y no ganaron premio y otro entre todos los que voten, a modo de agradecimiento por participar\u201d.<\/p>\n<p>Seg\u00fan explican en sus redes sociales, los premios para los comercios ser\u00e1n un almuerzo o cena para dos personas en \u201cAtero Resto\u201d. Merienda en \u201cLavanda\u201d. Almuerzo o cena para dos personas en \u201c1936\u201d y una caja navide\u00f1a.<\/p>\n<p>En tanto que para los particulares los galardones ser\u00e1n un almuerzo o cena para dos personas en \u201cMolino de la casa azul\u201d. Merienda en \u201cObrador talles de Panes\u201d. Un almuerzo o cena para dos personas en \u201cEl Establo\u201d y una caja navide\u00f1a.<\/p>\n<p>En tanto que los sorteos ser\u00e1n un vuelo bautismo de \u201cAeroclub Saldungaray\u201d y una canasta de regionales \u201cChacinados el 8\u201d.<\/p>\n<p>Continuando con la entrevista, Mainero mencion\u00f3 que \u201ces la primera vez que lo hacemos, as\u00ed que ojal\u00e1 la gente se sume y se pueda hacer todos los a\u00f1os. La idea es que el pueblo se vista de navidad y recibir a muchos participantes\u201d.<\/p>\n<p>Sobre las reglas que ser\u00e1n tenidas en cuenta, Luciana aclar\u00f3 que se tomar\u00e1 en cuenta \u201ctoda decoraci\u00f3n que sea visible desde la calle. Que aquel que pase por la vereda pueda verlo. Lo que es luminaria, sabemos que econ\u00f3micamente no es f\u00e1cil para todos y las luces son costosas. Por eso apelamos a la creatividad. Que sea colorido. Dentro de las sugerencias pusimos que se recicle\u201d.<\/p>\n<p>Por \u00faltimo explic\u00f3 que \u201chasta el 22 de diciembre pueden participar acerc\u00e1ndonos las fotos a los n\u00fameros que publicamos en nuestras redes. Se va a poder votar desde el 26 de diciembre al 5 de diciembre. Y los ganadores los conoceremos el 7 de enero en la fiesta que haremos en el Fort\u00edn Pav\u00f3n\u201d.<\/p>\n<p><iframe loading=\"lazy\" src=\"https:\/\/w.soundcloud.com\/player\/?url=https%3A\/\/api.soundcloud.com\/tracks\/1398727402&amp;color=%23ff5500&amp;auto_play=false&amp;hide_related=false&amp;show_comments=true&amp;show_user=true&amp;show_reposts=false&amp;show_teaser=true\" width=\"100%\" height=\"166\" frameborder=\"no\" scrolling=\"no\"><\/iframe><\/p>\n<div style=\"font-size: 10px; color: #cccccc; line-break: anywhere; word-break: normal; overflow: hidden; white-space: nowrap; text-overflow: ellipsis; font-family: Interstate,Lucida Grande,Lucida Sans Unicode,Lucida Sans,Garuda,Verdana,Tahoma,sans-serif; font-weight: 100;\"><a style=\"color: #cccccc; text-decoration: none;\" title=\"fmreflejos 103.7\" href=\"https:\/\/soundcloud.com\/fmreflejos-103-7\" target=\"_blank\" rel=\"noopener\">fmreflejos 103.7<\/a> \u00b7 <a style=\"color: #cccccc; text-decoration: none;\" title=\"Luciana Mainero\" href=\"https:\/\/soundcloud.com\/fmreflejos-103-7\/luciana-mainero-1\" target=\"_blank\" rel=\"noopener\">Luciana Mainero<\/a><\/div>\n<p><a title=\"WhatsApp Image 2022-12-07 at 11.42.03\" href=\"https:\/\/www.flickr.com\/photos\/182279889@N02\/52551270817\/in\/dateposted-public\/\" data-flickr-embed=\"true\"><img loading=\"lazy\" decoding=\"async\" class=\"aligncenter\" src=\"https:\/\/live.staticflickr.com\/65535\/52551270817_bcaff60a12_c.jpg\" alt=\"WhatsApp Image 2022-12-07 at 11.42.03\" width=\"565\" height=\"800\" \/><\/a><\/p>\n","protected":false},"excerpt":{"rendered":"<p>Desde ATUCOS est\u00e1n llevando adelante una iniciativa para embellecer el pueblo, y al mismo tiempo, ganar unos lindos premios. Luciana Mainero cont\u00f3 todos los detalles.<\/p>\n","protected":false},"author":3,"featured_media":61839,"comment_status":"closed","ping_status":"closed","sticky":false,"template":"","format":"standard","meta":{"footnotes":""},"categories":[26],"tags":[48],"class_list":["post-81171","post","type-post","status-publish","format-standard","has-post-thumbnail","hentry","category-sociedad","tag-destacada"],"yoast_head":"<!-- This site is optimized with the Yoast SEO plugin v25.9 - https:\/\/yoast.com\/wordpress\/plugins\/seo\/ -->\n<title>En Saldungaray decorar el frente de tu casa o comercio va a tener premio - Noticias Radio Reflejos<\/title>\n<meta name=\"robots\" content=\"index, follow, max-snippet:-1, max-image-preview:large, max-video-preview:-1\" \/>\n<link rel=\"canonical\" href=\"https:\/\/www.noticiasradioreflejos.com.ar\/2021\/en-saldungaray-decorar-el-frente-de-tu-casa-o-comercio-va-a-tener-premio\/\" \/>\n<meta property=\"og:locale\" content=\"es_ES\" \/>\n<meta property=\"og:type\" content=\"article\" \/>\n<meta property=\"og:title\" content=\"En Saldungaray decorar el frente de tu casa o comercio va a tener premio - Noticias Radio Reflejos\" \/>\n<meta property=\"og:description\" content=\"Desde ATUCOS est\u00e1n llevando adelante una iniciativa para embellecer el pueblo, y al mismo tiempo, ganar unos lindos premios. Luciana Mainero cont\u00f3 todos los detalles.\" \/>\n<meta property=\"og:url\" content=\"https:\/\/www.noticiasradioreflejos.com.ar\/2021\/en-saldungaray-decorar-el-frente-de-tu-casa-o-comercio-va-a-tener-premio\/\" \/>\n<meta property=\"og:site_name\" content=\"Noticias Radio Reflejos\" \/>\n<meta property=\"article:published_time\" content=\"2022-12-09T01:46:30+00:00\" \/>\n<meta property=\"og:image\" content=\"https:\/\/www.noticiasradioreflejos.com.ar\/2021\/wp-content\/uploads\/2021\/08\/Saldungaray.jpg\" \/>\n\t<meta property=\"og:image:width\" content=\"915\" \/>\n\t<meta property=\"og:image:height\" content=\"633\" \/>\n\t<meta property=\"og:image:type\" content=\"image\/jpeg\" \/>\n<meta name=\"author\" content=\"Arnaldo Botto\" \/>\n<meta name=\"twitter:card\" content=\"summary_large_image\" \/>\n<script type=\"application\/ld+json\" class=\"yoast-schema-graph\">{\"@context\":\"https:\/\/schema.org\",\"@graph\":[{\"@type\":\"WebPage\",\"@id\":\"https:\/\/www.noticiasradioreflejos.com.ar\/2021\/en-saldungaray-decorar-el-frente-de-tu-casa-o-comercio-va-a-tener-premio\/\",\"url\":\"https:\/\/www.noticiasradioreflejos.com.ar\/2021\/en-saldungaray-decorar-el-frente-de-tu-casa-o-comercio-va-a-tener-premio\/\",\"name\":\"En Saldungaray decorar el frente de tu casa o comercio va a tener premio - Noticias Radio Reflejos\",\"isPartOf\":{\"@id\":\"https:\/\/www.noticiasradioreflejos.com.ar\/2021\/#website\"},\"primaryImageOfPage\":{\"@id\":\"https:\/\/www.noticiasradioreflejos.com.ar\/2021\/en-saldungaray-decorar-el-frente-de-tu-casa-o-comercio-va-a-tener-premio\/#primaryimage\"},\"image\":{\"@id\":\"https:\/\/www.noticiasradioreflejos.com.ar\/2021\/en-saldungaray-decorar-el-frente-de-tu-casa-o-comercio-va-a-tener-premio\/#primaryimage\"},\"thumbnailUrl\":\"https:\/\/www.noticiasradioreflejos.com.ar\/2021\/wp-content\/uploads\/2021\/08\/Saldungaray.jpg\",\"datePublished\":\"2022-12-09T01:46:30+00:00\",\"author\":{\"@id\":\"https:\/\/www.noticiasradioreflejos.com.ar\/2021\/#\/schema\/person\/ad82545263dcc5ec0996818884fd5fb1\"},\"breadcrumb\":{\"@id\":\"https:\/\/www.noticiasradioreflejos.com.ar\/2021\/en-saldungaray-decorar-el-frente-de-tu-casa-o-comercio-va-a-tener-premio\/#breadcrumb\"},\"inLanguage\":\"es\",\"potentialAction\":[{\"@type\":\"ReadAction\",\"target\":[\"https:\/\/www.noticiasradioreflejos.com.ar\/2021\/en-saldungaray-decorar-el-frente-de-tu-casa-o-comercio-va-a-tener-premio\/\"]}]},{\"@type\":\"ImageObject\",\"inLanguage\":\"es\",\"@id\":\"https:\/\/www.noticiasradioreflejos.com.ar\/2021\/en-saldungaray-decorar-el-frente-de-tu-casa-o-comercio-va-a-tener-premio\/#primaryimage\",\"url\":\"https:\/\/www.noticiasradioreflejos.com.ar\/2021\/wp-content\/uploads\/2021\/08\/Saldungaray.jpg\",\"contentUrl\":\"https:\/\/www.noticiasradioreflejos.com.ar\/2021\/wp-content\/uploads\/2021\/08\/Saldungaray.jpg\",\"width\":915,\"height\":633},{\"@type\":\"BreadcrumbList\",\"@id\":\"https:\/\/www.noticiasradioreflejos.com.ar\/2021\/en-saldungaray-decorar-el-frente-de-tu-casa-o-comercio-va-a-tener-premio\/#breadcrumb\",\"itemListElement\":[{\"@type\":\"ListItem\",\"position\":1,\"name\":\"Portada\",\"item\":\"https:\/\/www.noticiasradioreflejos.com.ar\/2021\/\"},{\"@type\":\"ListItem\",\"position\":2,\"name\":\"En Saldungaray decorar el frente de tu casa o comercio va a tener premio\"}]},{\"@type\":\"WebSite\",\"@id\":\"https:\/\/www.noticiasradioreflejos.com.ar\/2021\/#website\",\"url\":\"https:\/\/www.noticiasradioreflejos.com.ar\/2021\/\",\"name\":\"Noticias Radio Reflejos\",\"description\":\"Las noticias de mi comarca\",\"potentialAction\":[{\"@type\":\"SearchAction\",\"target\":{\"@type\":\"EntryPoint\",\"urlTemplate\":\"https:\/\/www.noticiasradioreflejos.com.ar\/2021\/?s={search_term_string}\"},\"query-input\":{\"@type\":\"PropertyValueSpecification\",\"valueRequired\":true,\"valueName\":\"search_term_string\"}}],\"inLanguage\":\"es\"},{\"@type\":\"Person\",\"@id\":\"https:\/\/www.noticiasradioreflejos.com.ar\/2021\/#\/schema\/person\/ad82545263dcc5ec0996818884fd5fb1\",\"name\":\"Arnaldo Botto\",\"image\":{\"@type\":\"ImageObject\",\"inLanguage\":\"es\",\"@id\":\"https:\/\/www.noticiasradioreflejos.com.ar\/2021\/#\/schema\/person\/image\/\",\"url\":\"https:\/\/secure.gravatar.com\/avatar\/55cb5e37c1efa326397366e6974cb338056df65cb50e7d64d1cf314e87504837?s=96&d=mm&r=g\",\"contentUrl\":\"https:\/\/secure.gravatar.com\/avatar\/55cb5e37c1efa326397366e6974cb338056df65cb50e7d64d1cf314e87504837?s=96&d=mm&r=g\",\"caption\":\"Arnaldo Botto\"},\"url\":\"https:\/\/www.noticiasradioreflejos.com.ar\/2021\/author\/arnaldo\/\"}]}<\/script>\n<!-- \/ Yoast SEO plugin. -->","yoast_head_json":{"title":"En Saldungaray decorar el frente de tu casa o comercio va a tener premio - Noticias Radio Reflejos","robots":{"index":"index","follow":"follow","max-snippet":"max-snippet:-1","max-image-preview":"max-image-preview:large","max-video-preview":"max-video-preview:-1"},"canonical":"https:\/\/www.noticiasradioreflejos.com.ar\/2021\/en-saldungaray-decorar-el-frente-de-tu-casa-o-comercio-va-a-tener-premio\/","og_locale":"es_ES","og_type":"article","og_title":"En Saldungaray decorar el frente de tu casa o comercio va a tener premio - Noticias Radio Reflejos","og_description":"Desde ATUCOS est\u00e1n llevando adelante una iniciativa para embellecer el pueblo, y al mismo tiempo, ganar unos lindos premios. Luciana Mainero cont\u00f3 todos los detalles.","og_url":"https:\/\/www.noticiasradioreflejos.com.ar\/2021\/en-saldungaray-decorar-el-frente-de-tu-casa-o-comercio-va-a-tener-premio\/","og_site_name":"Noticias Radio Reflejos","article_published_time":"2022-12-09T01:46:30+00:00","og_image":[{"width":915,"height":633,"url":"https:\/\/www.noticiasradioreflejos.com.ar\/2021\/wp-content\/uploads\/2021\/08\/Saldungaray.jpg","type":"image\/jpeg"}],"author":"Arnaldo Botto","twitter_card":"summary_large_image","schema":{"@context":"https:\/\/schema.org","@graph":[{"@type":"WebPage","@id":"https:\/\/www.noticiasradioreflejos.com.ar\/2021\/en-saldungaray-decorar-el-frente-de-tu-casa-o-comercio-va-a-tener-premio\/","url":"https:\/\/www.noticiasradioreflejos.com.ar\/2021\/en-saldungaray-decorar-el-frente-de-tu-casa-o-comercio-va-a-tener-premio\/","name":"En Saldungaray decorar el frente de tu casa o comercio va a tener premio - Noticias Radio Reflejos","isPartOf":{"@id":"https:\/\/www.noticiasradioreflejos.com.ar\/2021\/#website"},"primaryImageOfPage":{"@id":"https:\/\/www.noticiasradioreflejos.com.ar\/2021\/en-saldungaray-decorar-el-frente-de-tu-casa-o-comercio-va-a-tener-premio\/#primaryimage"},"image":{"@id":"https:\/\/www.noticiasradioreflejos.com.ar\/2021\/en-saldungaray-decorar-el-frente-de-tu-casa-o-comercio-va-a-tener-premio\/#primaryimage"},"thumbnailUrl":"https:\/\/www.noticiasradioreflejos.com.ar\/2021\/wp-content\/uploads\/2021\/08\/Saldungaray.jpg","datePublished":"2022-12-09T01:46:30+00:00","author":{"@id":"https:\/\/www.noticiasradioreflejos.com.ar\/2021\/#\/schema\/person\/ad82545263dcc5ec0996818884fd5fb1"},"breadcrumb":{"@id":"https:\/\/www.noticiasradioreflejos.com.ar\/2021\/en-saldungaray-decorar-el-frente-de-tu-casa-o-comercio-va-a-tener-premio\/#breadcrumb"},"inLanguage":"es","potentialAction":[{"@type":"ReadAction","target":["https:\/\/www.noticiasradioreflejos.com.ar\/2021\/en-saldungaray-decorar-el-frente-de-tu-casa-o-comercio-va-a-tener-premio\/"]}]},{"@type":"ImageObject","inLanguage":"es","@id":"https:\/\/www.noticiasradioreflejos.com.ar\/2021\/en-saldungaray-decorar-el-frente-de-tu-casa-o-comercio-va-a-tener-premio\/#primaryimage","url":"https:\/\/www.noticiasradioreflejos.com.ar\/2021\/wp-content\/uploads\/2021\/08\/Saldungaray.jpg","contentUrl":"https:\/\/www.noticiasradioreflejos.com.ar\/2021\/wp-content\/uploads\/2021\/08\/Saldungaray.jpg","width":915,"height":633},{"@type":"BreadcrumbList","@id":"https:\/\/www.noticiasradioreflejos.com.ar\/2021\/en-saldungaray-decorar-el-frente-de-tu-casa-o-comercio-va-a-tener-premio\/#breadcrumb","itemListElement":[{"@type":"ListItem","position":1,"name":"Portada","item":"https:\/\/www.noticiasradioreflejos.com.ar\/2021\/"},{"@type":"ListItem","position":2,"name":"En Saldungaray decorar el frente de tu casa o comercio va a tener premio"}]},{"@type":"WebSite","@id":"https:\/\/www.noticiasradioreflejos.com.ar\/2021\/#website","url":"https:\/\/www.noticiasradioreflejos.com.ar\/2021\/","name":"Noticias Radio Reflejos","description":"Las noticias de mi comarca","potentialAction":[{"@type":"SearchAction","target":{"@type":"EntryPoint","urlTemplate":"https:\/\/www.noticiasradioreflejos.com.ar\/2021\/?s={search_term_string}"},"query-input":{"@type":"PropertyValueSpecification","valueRequired":true,"valueName":"search_term_string"}}],"inLanguage":"es"},{"@type":"Person","@id":"https:\/\/www.noticiasradioreflejos.com.ar\/2021\/#\/schema\/person\/ad82545263dcc5ec0996818884fd5fb1","name":"Arnaldo Botto","image":{"@type":"ImageObject","inLanguage":"es","@id":"https:\/\/www.noticiasradioreflejos.com.ar\/2021\/#\/schema\/person\/image\/","url":"https:\/\/secure.gravatar.com\/avatar\/55cb5e37c1efa326397366e6974cb338056df65cb50e7d64d1cf314e87504837?s=96&d=mm&r=g","contentUrl":"https:\/\/secure.gravatar.com\/avatar\/55cb5e37c1efa326397366e6974cb338056df65cb50e7d64d1cf314e87504837?s=96&d=mm&r=g","caption":"Arnaldo Botto"},"url":"https:\/\/www.noticiasradioreflejos.com.ar\/2021\/author\/arnaldo\/"}]}},"_links":{"self":[{"href":"https:\/\/www.noticiasradioreflejos.com.ar\/2021\/wp-json\/wp\/v2\/posts\/81171","targetHints":{"allow":["GET"]}}],"collection":[{"href":"https:\/\/www.noticiasradioreflejos.com.ar\/2021\/wp-json\/wp\/v2\/posts"}],"about":[{"href":"https:\/\/www.noticiasradioreflejos.com.ar\/2021\/wp-json\/wp\/v2\/types\/post"}],"author":[{"embeddable":true,"href":"https:\/\/www.noticiasradioreflejos.com.ar\/2021\/wp-json\/wp\/v2\/users\/3"}],"replies":[{"embeddable":true,"href":"https:\/\/www.noticiasradioreflejos.com.ar\/2021\/wp-json\/wp\/v2\/comments?post=81171"}],"version-history":[{"count":2,"href":"https:\/\/www.noticiasradioreflejos.com.ar\/2021\/wp-json\/wp\/v2\/posts\/81171\/revisions"}],"predecessor-version":[{"id":81186,"href":"https:\/\/www.noticiasradioreflejos.com.ar\/2021\/wp-json\/wp\/v2\/posts\/81171\/revisions\/81186"}],"wp:featuredmedia":[{"embeddable":true,"href":"https:\/\/www.noticiasradioreflejos.com.ar\/2021\/wp-json\/wp\/v2\/media\/61839"}],"wp:attachment":[{"href":"https:\/\/www.noticiasradioreflejos.com.ar\/2021\/wp-json\/wp\/v2\/media?parent=81171"}],"wp:term":[{"taxonomy":"category","embeddable":true,"href":"https:\/\/www.noticiasradioreflejos.com.ar\/2021\/wp-json\/wp\/v2\/categories?post=81171"},{"taxonomy":"post_tag","embeddable":true,"href":"https:\/\/www.noticiasradioreflejos.com.ar\/2021\/wp-json\/wp\/v2\/tags?post=81171"}],"curies":[{"name":"wp","href":"https:\/\/api.w.org\/{rel}","templated":true}]}}