{"id":81165,"date":"2022-12-08T17:54:48","date_gmt":"2022-12-08T17:54:48","guid":{"rendered":"http:\/\/www.noticiasradioreflejos.com.ar\/2021\/?p=81165"},"modified":"2022-12-09T11:31:08","modified_gmt":"2022-12-09T11:31:08","slug":"la-asociacion-de-la-trochita-propone-una-navidad-donde-todos-colaboremos","status":"publish","type":"post","link":"https:\/\/www.noticiasradioreflejos.com.ar\/2021\/la-asociacion-de-la-trochita-propone-una-navidad-donde-todos-colaboremos\/","title":{"rendered":"La Asociaci\u00f3n de la Trochita propone una Navidad donde todos colaboremos."},"content":{"rendered":"<p>A trav\u00e9s de una campa\u00f1a que se extender\u00e1 hasta el pr\u00f3ximo 19 de diciembre, buscan recaudar alimentos no perecederos que ser\u00e1n entregados el 20 a Caritas. \u201cBuscamos generar un sociedad participativa\u201d comentaron.<!--more--><\/p>\n<p><a title=\"Dardo Fernandez y Jorge Tesan\" href=\"https:\/\/www.flickr.com\/photos\/182279889@N02\/52551585318\/in\/dateposted-public\/\" data-flickr-embed=\"true\"><img loading=\"lazy\" decoding=\"async\" src=\"https:\/\/live.staticflickr.com\/65535\/52551585318_90f9fa67e1_c.jpg\" alt=\"Dardo Fernandez y Jorge Tesan\" width=\"800\" height=\"360\" \/><\/a><\/p>\n<p>Si trabajan por la comunidad durante todo el a\u00f1o, c\u00f3mo no iban a decir presente en estas fechas tan importantes para todos.<\/p>\n<p>Formalmente conocidos como Asociaci\u00f3n de la Trochita, pero en el coraz\u00f3n de todos, como los Amigos de la Trochita, est\u00e1n llevando adelante una campa\u00f1a social que busca ayudar a los que menos tienen para estas fiestas.<\/p>\n<p>Al respecto, tanto Jorge Tes\u00e1n como Dardo Fern\u00e1ndez explicaron que \u201ccon el apoyo y la participaci\u00f3n de la gente, buscamos generar una sociedad participativa. Por tercer a\u00f1o construimos el \u00e1rbol de navidad, ahora en el Centro Cultural. En otros a\u00f1os ped\u00edamos la participaci\u00f3n de la poblaci\u00f3n, con su propaganda, simulando regalos\u201d.<\/p>\n<p>Dando paso a los detalles de esta nueva movida, contaron que \u201ceste a\u00f1o tan particular decidimos darle una vuelta de tuerca, con la generaci\u00f3n de tarjeras. Que el comercio aporte una tarjeta, con su propaganda, en un tama\u00f1o A4, en un material que no se deteriore con el tiempo, por la lluvia o el viento, y ser\u00e1 colgado en el \u00e1rbol. Pedimos a cambio un alimento no perecedero que ser\u00e1 entregado a Caritas\u201d.<\/p>\n<p>Ese \u00e1rbol es un hermoso pino que ya se encuentra decorado e iluminado, y donde todos podr\u00e1n pasar a contemplarlo y sacarse fotos.<\/p>\n<p>Seg\u00fan explicaron, \u201ctodos los alimentos los entregaremos el 20. Por eso estamos pidiendo hacer una campa\u00f1a importante. A Caritas le gust\u00f3 mucho la idea. En el museo de la trochita recibiremos todas las donaciones\u201d.<\/p>\n<p>De la mano con esto expresaron que \u201caquellos que se quieran sumar a la movida pueden escribirnos a cualquiera de estos n\u00fameros por whatsapp: 154379083 o 155078749 o 154391720\u201d.<\/p>\n<p>&nbsp;<\/p>\n<p><iframe loading=\"lazy\" src=\"https:\/\/w.soundcloud.com\/player\/?url=https%3A\/\/api.soundcloud.com\/tracks\/1398613699&amp;color=%23ff5500&amp;auto_play=false&amp;hide_related=false&amp;show_comments=true&amp;show_user=true&amp;show_reposts=false&amp;show_teaser=true\" width=\"100%\" height=\"166\" frameborder=\"no\" scrolling=\"no\"><\/iframe><\/p>\n<div style=\"font-size: 10px; color: #cccccc; line-break: anywhere; word-break: normal; overflow: hidden; white-space: nowrap; text-overflow: ellipsis; font-family: Interstate,Lucida Grande,Lucida Sans Unicode,Lucida Sans,Garuda,Verdana,Tahoma,sans-serif; font-weight: 100;\"><a style=\"color: #cccccc; text-decoration: none;\" title=\"fmreflejos 103.7\" href=\"https:\/\/soundcloud.com\/fmreflejos-103-7\" target=\"_blank\" rel=\"noopener\">fmreflejos 103.7<\/a> \u00b7 <a style=\"color: #cccccc; text-decoration: none;\" title=\"Jorge Tes\u00e1n Y Dardo Fernandez\" href=\"https:\/\/soundcloud.com\/fmreflejos-103-7\/jorge-tesan-y-dardo-fernandez\" target=\"_blank\" rel=\"noopener\">Jorge Tes\u00e1n Y Dardo Fernandez<\/a><\/div>\n","protected":false},"excerpt":{"rendered":"<p>A trav\u00e9s de una campa\u00f1a que se extender\u00e1 hasta el pr\u00f3ximo 19 de diciembre, buscan recaudar alimentos no perecederos que ser\u00e1n entregados el 20 a Caritas. \u201cBuscamos generar un sociedad participativa\u201d comentaron.<\/p>\n","protected":false},"author":3,"featured_media":0,"comment_status":"closed","ping_status":"closed","sticky":false,"template":"","format":"standard","meta":{"footnotes":""},"categories":[26],"tags":[48],"class_list":["post-81165","post","type-post","status-publish","format-standard","hentry","category-sociedad","tag-destacada"],"yoast_head":"<!-- This site is optimized with the Yoast SEO plugin v25.9 - https:\/\/yoast.com\/wordpress\/plugins\/seo\/ -->\n<title>La Asociaci\u00f3n de la Trochita propone una Navidad donde todos colaboremos. - Noticias Radio Reflejos<\/title>\n<meta name=\"robots\" content=\"index, follow, max-snippet:-1, max-image-preview:large, max-video-preview:-1\" \/>\n<link rel=\"canonical\" href=\"https:\/\/www.noticiasradioreflejos.com.ar\/2021\/la-asociacion-de-la-trochita-propone-una-navidad-donde-todos-colaboremos\/\" \/>\n<meta property=\"og:locale\" content=\"es_ES\" \/>\n<meta property=\"og:type\" content=\"article\" \/>\n<meta property=\"og:title\" content=\"La Asociaci\u00f3n de la Trochita propone una Navidad donde todos colaboremos. - Noticias Radio Reflejos\" \/>\n<meta property=\"og:description\" content=\"A trav\u00e9s de una campa\u00f1a que se extender\u00e1 hasta el pr\u00f3ximo 19 de diciembre, buscan recaudar alimentos no perecederos que ser\u00e1n entregados el 20 a Caritas. \u201cBuscamos generar un sociedad participativa\u201d comentaron.\" \/>\n<meta property=\"og:url\" content=\"https:\/\/www.noticiasradioreflejos.com.ar\/2021\/la-asociacion-de-la-trochita-propone-una-navidad-donde-todos-colaboremos\/\" \/>\n<meta property=\"og:site_name\" content=\"Noticias Radio Reflejos\" \/>\n<meta property=\"article:published_time\" content=\"2022-12-08T17:54:48+00:00\" \/>\n<meta property=\"article:modified_time\" content=\"2022-12-09T11:31:08+00:00\" \/>\n<meta property=\"og:image\" content=\"https:\/\/live.staticflickr.com\/65535\/52551585318_90f9fa67e1_c.jpg\" \/>\n<meta name=\"author\" content=\"Arnaldo Botto\" \/>\n<meta name=\"twitter:card\" content=\"summary_large_image\" \/>\n<script type=\"application\/ld+json\" class=\"yoast-schema-graph\">{\"@context\":\"https:\/\/schema.org\",\"@graph\":[{\"@type\":\"WebPage\",\"@id\":\"https:\/\/www.noticiasradioreflejos.com.ar\/2021\/la-asociacion-de-la-trochita-propone-una-navidad-donde-todos-colaboremos\/\",\"url\":\"https:\/\/www.noticiasradioreflejos.com.ar\/2021\/la-asociacion-de-la-trochita-propone-una-navidad-donde-todos-colaboremos\/\",\"name\":\"La Asociaci\u00f3n de la Trochita propone una Navidad donde todos colaboremos. - Noticias Radio Reflejos\",\"isPartOf\":{\"@id\":\"https:\/\/www.noticiasradioreflejos.com.ar\/2021\/#website\"},\"primaryImageOfPage\":{\"@id\":\"https:\/\/www.noticiasradioreflejos.com.ar\/2021\/la-asociacion-de-la-trochita-propone-una-navidad-donde-todos-colaboremos\/#primaryimage\"},\"image\":{\"@id\":\"https:\/\/www.noticiasradioreflejos.com.ar\/2021\/la-asociacion-de-la-trochita-propone-una-navidad-donde-todos-colaboremos\/#primaryimage\"},\"thumbnailUrl\":\"https:\/\/live.staticflickr.com\/65535\/52551585318_90f9fa67e1_c.jpg\",\"datePublished\":\"2022-12-08T17:54:48+00:00\",\"dateModified\":\"2022-12-09T11:31:08+00:00\",\"author\":{\"@id\":\"https:\/\/www.noticiasradioreflejos.com.ar\/2021\/#\/schema\/person\/ad82545263dcc5ec0996818884fd5fb1\"},\"breadcrumb\":{\"@id\":\"https:\/\/www.noticiasradioreflejos.com.ar\/2021\/la-asociacion-de-la-trochita-propone-una-navidad-donde-todos-colaboremos\/#breadcrumb\"},\"inLanguage\":\"es\",\"potentialAction\":[{\"@type\":\"ReadAction\",\"target\":[\"https:\/\/www.noticiasradioreflejos.com.ar\/2021\/la-asociacion-de-la-trochita-propone-una-navidad-donde-todos-colaboremos\/\"]}]},{\"@type\":\"ImageObject\",\"inLanguage\":\"es\",\"@id\":\"https:\/\/www.noticiasradioreflejos.com.ar\/2021\/la-asociacion-de-la-trochita-propone-una-navidad-donde-todos-colaboremos\/#primaryimage\",\"url\":\"https:\/\/live.staticflickr.com\/65535\/52551585318_90f9fa67e1_c.jpg\",\"contentUrl\":\"https:\/\/live.staticflickr.com\/65535\/52551585318_90f9fa67e1_c.jpg\"},{\"@type\":\"BreadcrumbList\",\"@id\":\"https:\/\/www.noticiasradioreflejos.com.ar\/2021\/la-asociacion-de-la-trochita-propone-una-navidad-donde-todos-colaboremos\/#breadcrumb\",\"itemListElement\":[{\"@type\":\"ListItem\",\"position\":1,\"name\":\"Portada\",\"item\":\"https:\/\/www.noticiasradioreflejos.com.ar\/2021\/\"},{\"@type\":\"ListItem\",\"position\":2,\"name\":\"La Asociaci\u00f3n de la Trochita propone una Navidad donde todos colaboremos.\"}]},{\"@type\":\"WebSite\",\"@id\":\"https:\/\/www.noticiasradioreflejos.com.ar\/2021\/#website\",\"url\":\"https:\/\/www.noticiasradioreflejos.com.ar\/2021\/\",\"name\":\"Noticias Radio Reflejos\",\"description\":\"Las noticias de mi comarca\",\"potentialAction\":[{\"@type\":\"SearchAction\",\"target\":{\"@type\":\"EntryPoint\",\"urlTemplate\":\"https:\/\/www.noticiasradioreflejos.com.ar\/2021\/?s={search_term_string}\"},\"query-input\":{\"@type\":\"PropertyValueSpecification\",\"valueRequired\":true,\"valueName\":\"search_term_string\"}}],\"inLanguage\":\"es\"},{\"@type\":\"Person\",\"@id\":\"https:\/\/www.noticiasradioreflejos.com.ar\/2021\/#\/schema\/person\/ad82545263dcc5ec0996818884fd5fb1\",\"name\":\"Arnaldo Botto\",\"image\":{\"@type\":\"ImageObject\",\"inLanguage\":\"es\",\"@id\":\"https:\/\/www.noticiasradioreflejos.com.ar\/2021\/#\/schema\/person\/image\/\",\"url\":\"https:\/\/secure.gravatar.com\/avatar\/55cb5e37c1efa326397366e6974cb338056df65cb50e7d64d1cf314e87504837?s=96&d=mm&r=g\",\"contentUrl\":\"https:\/\/secure.gravatar.com\/avatar\/55cb5e37c1efa326397366e6974cb338056df65cb50e7d64d1cf314e87504837?s=96&d=mm&r=g\",\"caption\":\"Arnaldo Botto\"},\"url\":\"https:\/\/www.noticiasradioreflejos.com.ar\/2021\/author\/arnaldo\/\"}]}<\/script>\n<!-- \/ Yoast SEO plugin. -->","yoast_head_json":{"title":"La Asociaci\u00f3n de la Trochita propone una Navidad donde todos colaboremos. - Noticias Radio Reflejos","robots":{"index":"index","follow":"follow","max-snippet":"max-snippet:-1","max-image-preview":"max-image-preview:large","max-video-preview":"max-video-preview:-1"},"canonical":"https:\/\/www.noticiasradioreflejos.com.ar\/2021\/la-asociacion-de-la-trochita-propone-una-navidad-donde-todos-colaboremos\/","og_locale":"es_ES","og_type":"article","og_title":"La Asociaci\u00f3n de la Trochita propone una Navidad donde todos colaboremos. - Noticias Radio Reflejos","og_description":"A trav\u00e9s de una campa\u00f1a que se extender\u00e1 hasta el pr\u00f3ximo 19 de diciembre, buscan recaudar alimentos no perecederos que ser\u00e1n entregados el 20 a Caritas. \u201cBuscamos generar un sociedad participativa\u201d comentaron.","og_url":"https:\/\/www.noticiasradioreflejos.com.ar\/2021\/la-asociacion-de-la-trochita-propone-una-navidad-donde-todos-colaboremos\/","og_site_name":"Noticias Radio Reflejos","article_published_time":"2022-12-08T17:54:48+00:00","article_modified_time":"2022-12-09T11:31:08+00:00","og_image":[{"url":"https:\/\/live.staticflickr.com\/65535\/52551585318_90f9fa67e1_c.jpg","type":"","width":"","height":""}],"author":"Arnaldo Botto","twitter_card":"summary_large_image","schema":{"@context":"https:\/\/schema.org","@graph":[{"@type":"WebPage","@id":"https:\/\/www.noticiasradioreflejos.com.ar\/2021\/la-asociacion-de-la-trochita-propone-una-navidad-donde-todos-colaboremos\/","url":"https:\/\/www.noticiasradioreflejos.com.ar\/2021\/la-asociacion-de-la-trochita-propone-una-navidad-donde-todos-colaboremos\/","name":"La Asociaci\u00f3n de la Trochita propone una Navidad donde todos colaboremos. - Noticias Radio Reflejos","isPartOf":{"@id":"https:\/\/www.noticiasradioreflejos.com.ar\/2021\/#website"},"primaryImageOfPage":{"@id":"https:\/\/www.noticiasradioreflejos.com.ar\/2021\/la-asociacion-de-la-trochita-propone-una-navidad-donde-todos-colaboremos\/#primaryimage"},"image":{"@id":"https:\/\/www.noticiasradioreflejos.com.ar\/2021\/la-asociacion-de-la-trochita-propone-una-navidad-donde-todos-colaboremos\/#primaryimage"},"thumbnailUrl":"https:\/\/live.staticflickr.com\/65535\/52551585318_90f9fa67e1_c.jpg","datePublished":"2022-12-08T17:54:48+00:00","dateModified":"2022-12-09T11:31:08+00:00","author":{"@id":"https:\/\/www.noticiasradioreflejos.com.ar\/2021\/#\/schema\/person\/ad82545263dcc5ec0996818884fd5fb1"},"breadcrumb":{"@id":"https:\/\/www.noticiasradioreflejos.com.ar\/2021\/la-asociacion-de-la-trochita-propone-una-navidad-donde-todos-colaboremos\/#breadcrumb"},"inLanguage":"es","potentialAction":[{"@type":"ReadAction","target":["https:\/\/www.noticiasradioreflejos.com.ar\/2021\/la-asociacion-de-la-trochita-propone-una-navidad-donde-todos-colaboremos\/"]}]},{"@type":"ImageObject","inLanguage":"es","@id":"https:\/\/www.noticiasradioreflejos.com.ar\/2021\/la-asociacion-de-la-trochita-propone-una-navidad-donde-todos-colaboremos\/#primaryimage","url":"https:\/\/live.staticflickr.com\/65535\/52551585318_90f9fa67e1_c.jpg","contentUrl":"https:\/\/live.staticflickr.com\/65535\/52551585318_90f9fa67e1_c.jpg"},{"@type":"BreadcrumbList","@id":"https:\/\/www.noticiasradioreflejos.com.ar\/2021\/la-asociacion-de-la-trochita-propone-una-navidad-donde-todos-colaboremos\/#breadcrumb","itemListElement":[{"@type":"ListItem","position":1,"name":"Portada","item":"https:\/\/www.noticiasradioreflejos.com.ar\/2021\/"},{"@type":"ListItem","position":2,"name":"La Asociaci\u00f3n de la Trochita propone una Navidad donde todos colaboremos."}]},{"@type":"WebSite","@id":"https:\/\/www.noticiasradioreflejos.com.ar\/2021\/#website","url":"https:\/\/www.noticiasradioreflejos.com.ar\/2021\/","name":"Noticias Radio Reflejos","description":"Las noticias de mi comarca","potentialAction":[{"@type":"SearchAction","target":{"@type":"EntryPoint","urlTemplate":"https:\/\/www.noticiasradioreflejos.com.ar\/2021\/?s={search_term_string}"},"query-input":{"@type":"PropertyValueSpecification","valueRequired":true,"valueName":"search_term_string"}}],"inLanguage":"es"},{"@type":"Person","@id":"https:\/\/www.noticiasradioreflejos.com.ar\/2021\/#\/schema\/person\/ad82545263dcc5ec0996818884fd5fb1","name":"Arnaldo Botto","image":{"@type":"ImageObject","inLanguage":"es","@id":"https:\/\/www.noticiasradioreflejos.com.ar\/2021\/#\/schema\/person\/image\/","url":"https:\/\/secure.gravatar.com\/avatar\/55cb5e37c1efa326397366e6974cb338056df65cb50e7d64d1cf314e87504837?s=96&d=mm&r=g","contentUrl":"https:\/\/secure.gravatar.com\/avatar\/55cb5e37c1efa326397366e6974cb338056df65cb50e7d64d1cf314e87504837?s=96&d=mm&r=g","caption":"Arnaldo Botto"},"url":"https:\/\/www.noticiasradioreflejos.com.ar\/2021\/author\/arnaldo\/"}]}},"_links":{"self":[{"href":"https:\/\/www.noticiasradioreflejos.com.ar\/2021\/wp-json\/wp\/v2\/posts\/81165","targetHints":{"allow":["GET"]}}],"collection":[{"href":"https:\/\/www.noticiasradioreflejos.com.ar\/2021\/wp-json\/wp\/v2\/posts"}],"about":[{"href":"https:\/\/www.noticiasradioreflejos.com.ar\/2021\/wp-json\/wp\/v2\/types\/post"}],"author":[{"embeddable":true,"href":"https:\/\/www.noticiasradioreflejos.com.ar\/2021\/wp-json\/wp\/v2\/users\/3"}],"replies":[{"embeddable":true,"href":"https:\/\/www.noticiasradioreflejos.com.ar\/2021\/wp-json\/wp\/v2\/comments?post=81165"}],"version-history":[{"count":2,"href":"https:\/\/www.noticiasradioreflejos.com.ar\/2021\/wp-json\/wp\/v2\/posts\/81165\/revisions"}],"predecessor-version":[{"id":81168,"href":"https:\/\/www.noticiasradioreflejos.com.ar\/2021\/wp-json\/wp\/v2\/posts\/81165\/revisions\/81168"}],"wp:attachment":[{"href":"https:\/\/www.noticiasradioreflejos.com.ar\/2021\/wp-json\/wp\/v2\/media?parent=81165"}],"wp:term":[{"taxonomy":"category","embeddable":true,"href":"https:\/\/www.noticiasradioreflejos.com.ar\/2021\/wp-json\/wp\/v2\/categories?post=81165"},{"taxonomy":"post_tag","embeddable":true,"href":"https:\/\/www.noticiasradioreflejos.com.ar\/2021\/wp-json\/wp\/v2\/tags?post=81165"}],"curies":[{"name":"wp","href":"https:\/\/api.w.org\/{rel}","templated":true}]}}