{"id":81162,"date":"2022-12-08T16:24:53","date_gmt":"2022-12-08T16:24:53","guid":{"rendered":"http:\/\/www.noticiasradioreflejos.com.ar\/2021\/?p=81162"},"modified":"2022-12-08T16:24:53","modified_gmt":"2022-12-08T16:24:53","slug":"un-total-de-312-874-trabajadores-dejaran-de-pagar-impuesto-a-las-ganancias","status":"publish","type":"post","link":"https:\/\/www.noticiasradioreflejos.com.ar\/2021\/un-total-de-312-874-trabajadores-dejaran-de-pagar-impuesto-a-las-ganancias\/","title":{"rendered":"Un total de 312.874 trabajadores dejar\u00e1n de pagar Impuesto a las Ganancias"},"content":{"rendered":"<p>La nueva actualizaci\u00f3n del m\u00ednimo no imponible se ubicar\u00e1 en 404.062 pesos. Adem\u00e1s, se actualizar\u00e1n las deducciones personales para generar alivio fiscal en los salarios m\u00e1s altos.<!--more--><\/p>\n<figure class=\"mb-3\"><img decoding=\"async\" src=\"https:\/\/www.telam.com.ar\/thumbs\/bluesteel\/advf\/imagenes\/2022\/08\/62f2792fd542b_1200.jpg\" alt=\"Ms de 300 mil trabajadores dejarn de tributar Impuesto a las Ganacias a partir del 1 de enero\" width=\"100%\" height=\"100%\" \/><\/p>\n<div class=\"media-icons\"><\/div><figcaption>M\u00e1s de 300 mil trabajadores dejar\u00e1n de tributar Impuesto a las Ganacias a partir del 1 de enero.<\/figcaption><\/figure>\n<p><strong>Un total de 312.864 trabajadores dejar\u00e1n de pagar Impuesto a las Ganancias,<\/strong>\u00a0con la entrada en vigencia desde el 1\u00b0 enero de la nueva actualizaci\u00f3n del m\u00ednimo no imponible, que se ubicar\u00e1 en 404.062 pesos, inform\u00f3 este jueves el Ministerio de Econom\u00eda.<\/p>\n<p>\u00abCon gran esfuerzo del Estado, pero convencidos de que el salario no es ganancia, sino remuneraci\u00f3n, el 1\u00b0 de enero se actualizar\u00e1 nuevamente el piso a partir del cual se paga el Impuesto a las Ganancias,\u00a0<strong>llevando #AlivioFiscal a m\u00e1s de 300.000 trabajadores que dejar\u00e1n de pagarlo\u00bb,<\/strong>\u00a0expres\u00f3 el ministro de Econom\u00eda, Sergio Massa.<\/p>\n<p>En una publicaci\u00f3n en la red social Twitter, dijo que \u00abcon este #AlivioFiscal en el 2023 ning\u00fan trabajador que cobre menos de 404.062 pesos lo pagar\u00e1,\u00a0<strong>sosteniendo tambi\u00e9n la progresividad en la entrada para evitar los saltos en las escalas del impuesto\u00bb.<\/strong><\/p>\n<p>\u00abAdem\u00e1s,<strong>\u00a0se actualizar\u00e1n las deducciones personales\u00a0<\/strong>y los tramos de la escala del impuesto para generar #AlivioFiscal a los asalariados de mayores ingresos\u00bb, agreg\u00f3.<\/p>\n<blockquote class=\"twitter-tweet\" data-width=\"500\" data-dnt=\"true\">\n<p lang=\"es\" dir=\"ltr\">Con gran esfuerzo del Estado, pero convencidos de que el salario no es ganancia, sino remuneraci\u00f3n, el 1\u00b0 de enero se actualizar\u00e1 nuevamente el piso a partir del cual se paga el Impuesto a las Ganancias, llevando <a href=\"https:\/\/twitter.com\/hashtag\/AlivioFiscal?src=hash&amp;ref_src=twsrc%5Etfw\">#AlivioFiscal<\/a> a m\u00e1s de 300.000 trabajadores que dejar\u00e1n de pagarlo. <a href=\"https:\/\/t.co\/jIS38uF2sg\">pic.twitter.com\/jIS38uF2sg<\/a><\/p>\n<p>&mdash; Sergio Massa (@SergioMassa) <a href=\"https:\/\/twitter.com\/SergioMassa\/status\/1600850533404721152?ref_src=twsrc%5Etfw\">December 8, 2022<\/a><\/p><\/blockquote>\n<p><script async src=\"https:\/\/platform.twitter.com\/widgets.js\" charset=\"utf-8\"><\/script><\/p>\n<p>De acuerdo con informaci\u00f3n del Ministerio de Econom\u00eda,\u00a0<strong>un empleado soltero con un salario bruto de $ 350.000 que hoy paga $ 11.159 por mes, pasar\u00e1 a pagar $ 0;<\/strong>\u00a0mientras que un empleado soltero con<strong>\u00a0un salario bruto de $ 400.000 que hoy paga $ 43.592 por mes tambi\u00e9n dejar\u00e1 de pagar el impuesto.<\/strong><\/p>\n<p>Un empleado casado, con dos hijos,\u00a0<strong>con un salario bruto de $ 500.000, que hoy paga $ 72.287 por mes, pasar\u00e1 a pagar $ 20.892,<\/strong>\u00a0lo que representa un alivio fiscal de $ 51.395 mensuales.<\/p>\n","protected":false},"excerpt":{"rendered":"<p>La nueva actualizaci\u00f3n del m\u00ednimo no imponible se ubicar\u00e1 en 404.062 pesos. Adem\u00e1s, se actualizar\u00e1n las deducciones personales para generar alivio fiscal en los salarios m\u00e1s altos.<\/p>\n","protected":false},"author":3,"featured_media":0,"comment_status":"closed","ping_status":"closed","sticky":false,"template":"","format":"standard","meta":{"footnotes":""},"categories":[36,58,24],"tags":[],"class_list":["post-81162","post","type-post","status-publish","format-standard","hentry","category-economia","category-gobierno","category-politica"],"yoast_head":"<!-- This site is optimized with the Yoast SEO plugin v25.9 - https:\/\/yoast.com\/wordpress\/plugins\/seo\/ -->\n<title>Un total de 312.874 trabajadores dejar\u00e1n de pagar Impuesto a las Ganancias - Noticias Radio Reflejos<\/title>\n<meta name=\"robots\" content=\"index, follow, max-snippet:-1, max-image-preview:large, max-video-preview:-1\" \/>\n<link rel=\"canonical\" href=\"https:\/\/www.noticiasradioreflejos.com.ar\/2021\/un-total-de-312-874-trabajadores-dejaran-de-pagar-impuesto-a-las-ganancias\/\" \/>\n<meta property=\"og:locale\" content=\"es_ES\" \/>\n<meta property=\"og:type\" content=\"article\" \/>\n<meta property=\"og:title\" content=\"Un total de 312.874 trabajadores dejar\u00e1n de pagar Impuesto a las Ganancias - Noticias Radio Reflejos\" \/>\n<meta property=\"og:description\" content=\"La nueva actualizaci\u00f3n del m\u00ednimo no imponible se ubicar\u00e1 en 404.062 pesos. Adem\u00e1s, se actualizar\u00e1n las deducciones personales para generar alivio fiscal en los salarios m\u00e1s altos.\" \/>\n<meta property=\"og:url\" content=\"https:\/\/www.noticiasradioreflejos.com.ar\/2021\/un-total-de-312-874-trabajadores-dejaran-de-pagar-impuesto-a-las-ganancias\/\" \/>\n<meta property=\"og:site_name\" content=\"Noticias Radio Reflejos\" \/>\n<meta property=\"article:published_time\" content=\"2022-12-08T16:24:53+00:00\" \/>\n<meta property=\"og:image\" content=\"https:\/\/www.telam.com.ar\/thumbs\/bluesteel\/advf\/imagenes\/2022\/08\/62f2792fd542b_1200.jpg\" \/>\n<meta name=\"author\" content=\"Arnaldo Botto\" \/>\n<meta name=\"twitter:card\" content=\"summary_large_image\" \/>\n<script type=\"application\/ld+json\" class=\"yoast-schema-graph\">{\"@context\":\"https:\/\/schema.org\",\"@graph\":[{\"@type\":\"WebPage\",\"@id\":\"https:\/\/www.noticiasradioreflejos.com.ar\/2021\/un-total-de-312-874-trabajadores-dejaran-de-pagar-impuesto-a-las-ganancias\/\",\"url\":\"https:\/\/www.noticiasradioreflejos.com.ar\/2021\/un-total-de-312-874-trabajadores-dejaran-de-pagar-impuesto-a-las-ganancias\/\",\"name\":\"Un total de 312.874 trabajadores dejar\u00e1n de pagar Impuesto a las Ganancias - Noticias Radio Reflejos\",\"isPartOf\":{\"@id\":\"https:\/\/www.noticiasradioreflejos.com.ar\/2021\/#website\"},\"primaryImageOfPage\":{\"@id\":\"https:\/\/www.noticiasradioreflejos.com.ar\/2021\/un-total-de-312-874-trabajadores-dejaran-de-pagar-impuesto-a-las-ganancias\/#primaryimage\"},\"image\":{\"@id\":\"https:\/\/www.noticiasradioreflejos.com.ar\/2021\/un-total-de-312-874-trabajadores-dejaran-de-pagar-impuesto-a-las-ganancias\/#primaryimage\"},\"thumbnailUrl\":\"https:\/\/www.telam.com.ar\/thumbs\/bluesteel\/advf\/imagenes\/2022\/08\/62f2792fd542b_1200.jpg\",\"datePublished\":\"2022-12-08T16:24:53+00:00\",\"author\":{\"@id\":\"https:\/\/www.noticiasradioreflejos.com.ar\/2021\/#\/schema\/person\/ad82545263dcc5ec0996818884fd5fb1\"},\"breadcrumb\":{\"@id\":\"https:\/\/www.noticiasradioreflejos.com.ar\/2021\/un-total-de-312-874-trabajadores-dejaran-de-pagar-impuesto-a-las-ganancias\/#breadcrumb\"},\"inLanguage\":\"es\",\"potentialAction\":[{\"@type\":\"ReadAction\",\"target\":[\"https:\/\/www.noticiasradioreflejos.com.ar\/2021\/un-total-de-312-874-trabajadores-dejaran-de-pagar-impuesto-a-las-ganancias\/\"]}]},{\"@type\":\"ImageObject\",\"inLanguage\":\"es\",\"@id\":\"https:\/\/www.noticiasradioreflejos.com.ar\/2021\/un-total-de-312-874-trabajadores-dejaran-de-pagar-impuesto-a-las-ganancias\/#primaryimage\",\"url\":\"https:\/\/www.telam.com.ar\/thumbs\/bluesteel\/advf\/imagenes\/2022\/08\/62f2792fd542b_1200.jpg\",\"contentUrl\":\"https:\/\/www.telam.com.ar\/thumbs\/bluesteel\/advf\/imagenes\/2022\/08\/62f2792fd542b_1200.jpg\"},{\"@type\":\"BreadcrumbList\",\"@id\":\"https:\/\/www.noticiasradioreflejos.com.ar\/2021\/un-total-de-312-874-trabajadores-dejaran-de-pagar-impuesto-a-las-ganancias\/#breadcrumb\",\"itemListElement\":[{\"@type\":\"ListItem\",\"position\":1,\"name\":\"Portada\",\"item\":\"https:\/\/www.noticiasradioreflejos.com.ar\/2021\/\"},{\"@type\":\"ListItem\",\"position\":2,\"name\":\"Un total de 312.874 trabajadores dejar\u00e1n de pagar Impuesto a las Ganancias\"}]},{\"@type\":\"WebSite\",\"@id\":\"https:\/\/www.noticiasradioreflejos.com.ar\/2021\/#website\",\"url\":\"https:\/\/www.noticiasradioreflejos.com.ar\/2021\/\",\"name\":\"Noticias Radio Reflejos\",\"description\":\"Las noticias de mi comarca\",\"potentialAction\":[{\"@type\":\"SearchAction\",\"target\":{\"@type\":\"EntryPoint\",\"urlTemplate\":\"https:\/\/www.noticiasradioreflejos.com.ar\/2021\/?s={search_term_string}\"},\"query-input\":{\"@type\":\"PropertyValueSpecification\",\"valueRequired\":true,\"valueName\":\"search_term_string\"}}],\"inLanguage\":\"es\"},{\"@type\":\"Person\",\"@id\":\"https:\/\/www.noticiasradioreflejos.com.ar\/2021\/#\/schema\/person\/ad82545263dcc5ec0996818884fd5fb1\",\"name\":\"Arnaldo Botto\",\"image\":{\"@type\":\"ImageObject\",\"inLanguage\":\"es\",\"@id\":\"https:\/\/www.noticiasradioreflejos.com.ar\/2021\/#\/schema\/person\/image\/\",\"url\":\"https:\/\/secure.gravatar.com\/avatar\/55cb5e37c1efa326397366e6974cb338056df65cb50e7d64d1cf314e87504837?s=96&d=mm&r=g\",\"contentUrl\":\"https:\/\/secure.gravatar.com\/avatar\/55cb5e37c1efa326397366e6974cb338056df65cb50e7d64d1cf314e87504837?s=96&d=mm&r=g\",\"caption\":\"Arnaldo Botto\"},\"url\":\"https:\/\/www.noticiasradioreflejos.com.ar\/2021\/author\/arnaldo\/\"}]}<\/script>\n<!-- \/ Yoast SEO plugin. -->","yoast_head_json":{"title":"Un total de 312.874 trabajadores dejar\u00e1n de pagar Impuesto a las Ganancias - Noticias Radio Reflejos","robots":{"index":"index","follow":"follow","max-snippet":"max-snippet:-1","max-image-preview":"max-image-preview:large","max-video-preview":"max-video-preview:-1"},"canonical":"https:\/\/www.noticiasradioreflejos.com.ar\/2021\/un-total-de-312-874-trabajadores-dejaran-de-pagar-impuesto-a-las-ganancias\/","og_locale":"es_ES","og_type":"article","og_title":"Un total de 312.874 trabajadores dejar\u00e1n de pagar Impuesto a las Ganancias - Noticias Radio Reflejos","og_description":"La nueva actualizaci\u00f3n del m\u00ednimo no imponible se ubicar\u00e1 en 404.062 pesos. Adem\u00e1s, se actualizar\u00e1n las deducciones personales para generar alivio fiscal en los salarios m\u00e1s altos.","og_url":"https:\/\/www.noticiasradioreflejos.com.ar\/2021\/un-total-de-312-874-trabajadores-dejaran-de-pagar-impuesto-a-las-ganancias\/","og_site_name":"Noticias Radio Reflejos","article_published_time":"2022-12-08T16:24:53+00:00","og_image":[{"url":"https:\/\/www.telam.com.ar\/thumbs\/bluesteel\/advf\/imagenes\/2022\/08\/62f2792fd542b_1200.jpg","type":"","width":"","height":""}],"author":"Arnaldo Botto","twitter_card":"summary_large_image","schema":{"@context":"https:\/\/schema.org","@graph":[{"@type":"WebPage","@id":"https:\/\/www.noticiasradioreflejos.com.ar\/2021\/un-total-de-312-874-trabajadores-dejaran-de-pagar-impuesto-a-las-ganancias\/","url":"https:\/\/www.noticiasradioreflejos.com.ar\/2021\/un-total-de-312-874-trabajadores-dejaran-de-pagar-impuesto-a-las-ganancias\/","name":"Un total de 312.874 trabajadores dejar\u00e1n de pagar Impuesto a las Ganancias - Noticias Radio Reflejos","isPartOf":{"@id":"https:\/\/www.noticiasradioreflejos.com.ar\/2021\/#website"},"primaryImageOfPage":{"@id":"https:\/\/www.noticiasradioreflejos.com.ar\/2021\/un-total-de-312-874-trabajadores-dejaran-de-pagar-impuesto-a-las-ganancias\/#primaryimage"},"image":{"@id":"https:\/\/www.noticiasradioreflejos.com.ar\/2021\/un-total-de-312-874-trabajadores-dejaran-de-pagar-impuesto-a-las-ganancias\/#primaryimage"},"thumbnailUrl":"https:\/\/www.telam.com.ar\/thumbs\/bluesteel\/advf\/imagenes\/2022\/08\/62f2792fd542b_1200.jpg","datePublished":"2022-12-08T16:24:53+00:00","author":{"@id":"https:\/\/www.noticiasradioreflejos.com.ar\/2021\/#\/schema\/person\/ad82545263dcc5ec0996818884fd5fb1"},"breadcrumb":{"@id":"https:\/\/www.noticiasradioreflejos.com.ar\/2021\/un-total-de-312-874-trabajadores-dejaran-de-pagar-impuesto-a-las-ganancias\/#breadcrumb"},"inLanguage":"es","potentialAction":[{"@type":"ReadAction","target":["https:\/\/www.noticiasradioreflejos.com.ar\/2021\/un-total-de-312-874-trabajadores-dejaran-de-pagar-impuesto-a-las-ganancias\/"]}]},{"@type":"ImageObject","inLanguage":"es","@id":"https:\/\/www.noticiasradioreflejos.com.ar\/2021\/un-total-de-312-874-trabajadores-dejaran-de-pagar-impuesto-a-las-ganancias\/#primaryimage","url":"https:\/\/www.telam.com.ar\/thumbs\/bluesteel\/advf\/imagenes\/2022\/08\/62f2792fd542b_1200.jpg","contentUrl":"https:\/\/www.telam.com.ar\/thumbs\/bluesteel\/advf\/imagenes\/2022\/08\/62f2792fd542b_1200.jpg"},{"@type":"BreadcrumbList","@id":"https:\/\/www.noticiasradioreflejos.com.ar\/2021\/un-total-de-312-874-trabajadores-dejaran-de-pagar-impuesto-a-las-ganancias\/#breadcrumb","itemListElement":[{"@type":"ListItem","position":1,"name":"Portada","item":"https:\/\/www.noticiasradioreflejos.com.ar\/2021\/"},{"@type":"ListItem","position":2,"name":"Un total de 312.874 trabajadores dejar\u00e1n de pagar Impuesto a las Ganancias"}]},{"@type":"WebSite","@id":"https:\/\/www.noticiasradioreflejos.com.ar\/2021\/#website","url":"https:\/\/www.noticiasradioreflejos.com.ar\/2021\/","name":"Noticias Radio Reflejos","description":"Las noticias de mi comarca","potentialAction":[{"@type":"SearchAction","target":{"@type":"EntryPoint","urlTemplate":"https:\/\/www.noticiasradioreflejos.com.ar\/2021\/?s={search_term_string}"},"query-input":{"@type":"PropertyValueSpecification","valueRequired":true,"valueName":"search_term_string"}}],"inLanguage":"es"},{"@type":"Person","@id":"https:\/\/www.noticiasradioreflejos.com.ar\/2021\/#\/schema\/person\/ad82545263dcc5ec0996818884fd5fb1","name":"Arnaldo Botto","image":{"@type":"ImageObject","inLanguage":"es","@id":"https:\/\/www.noticiasradioreflejos.com.ar\/2021\/#\/schema\/person\/image\/","url":"https:\/\/secure.gravatar.com\/avatar\/55cb5e37c1efa326397366e6974cb338056df65cb50e7d64d1cf314e87504837?s=96&d=mm&r=g","contentUrl":"https:\/\/secure.gravatar.com\/avatar\/55cb5e37c1efa326397366e6974cb338056df65cb50e7d64d1cf314e87504837?s=96&d=mm&r=g","caption":"Arnaldo Botto"},"url":"https:\/\/www.noticiasradioreflejos.com.ar\/2021\/author\/arnaldo\/"}]}},"_links":{"self":[{"href":"https:\/\/www.noticiasradioreflejos.com.ar\/2021\/wp-json\/wp\/v2\/posts\/81162","targetHints":{"allow":["GET"]}}],"collection":[{"href":"https:\/\/www.noticiasradioreflejos.com.ar\/2021\/wp-json\/wp\/v2\/posts"}],"about":[{"href":"https:\/\/www.noticiasradioreflejos.com.ar\/2021\/wp-json\/wp\/v2\/types\/post"}],"author":[{"embeddable":true,"href":"https:\/\/www.noticiasradioreflejos.com.ar\/2021\/wp-json\/wp\/v2\/users\/3"}],"replies":[{"embeddable":true,"href":"https:\/\/www.noticiasradioreflejos.com.ar\/2021\/wp-json\/wp\/v2\/comments?post=81162"}],"version-history":[{"count":1,"href":"https:\/\/www.noticiasradioreflejos.com.ar\/2021\/wp-json\/wp\/v2\/posts\/81162\/revisions"}],"predecessor-version":[{"id":81164,"href":"https:\/\/www.noticiasradioreflejos.com.ar\/2021\/wp-json\/wp\/v2\/posts\/81162\/revisions\/81164"}],"wp:attachment":[{"href":"https:\/\/www.noticiasradioreflejos.com.ar\/2021\/wp-json\/wp\/v2\/media?parent=81162"}],"wp:term":[{"taxonomy":"category","embeddable":true,"href":"https:\/\/www.noticiasradioreflejos.com.ar\/2021\/wp-json\/wp\/v2\/categories?post=81162"},{"taxonomy":"post_tag","embeddable":true,"href":"https:\/\/www.noticiasradioreflejos.com.ar\/2021\/wp-json\/wp\/v2\/tags?post=81162"}],"curies":[{"name":"wp","href":"https:\/\/api.w.org\/{rel}","templated":true}]}}