{"id":81157,"date":"2022-12-08T13:56:22","date_gmt":"2022-12-08T13:56:22","guid":{"rendered":"http:\/\/www.noticiasradioreflejos.com.ar\/2021\/?p=81157"},"modified":"2022-12-08T13:56:22","modified_gmt":"2022-12-08T13:56:22","slug":"mas-de-2-300-vehiculos-por-hora-en-peaje-hacia-las-playas-bonaerenses-por-los-feriados","status":"publish","type":"post","link":"https:\/\/www.noticiasradioreflejos.com.ar\/2021\/mas-de-2-300-vehiculos-por-hora-en-peaje-hacia-las-playas-bonaerenses-por-los-feriados\/","title":{"rendered":"M\u00e1s de 2.300 veh\u00edculos por hora en peaje hacia las playas bonaerenses por los feriados"},"content":{"rendered":"<p>Sanboromb\u00f3n y Maip\u00fa, los dos puntos m\u00e1s colapsados por el c\u00famulo de autom\u00f3viles, junto con la autopista Buenos Aires-La Plata, que presenta demoras cerca de tres kil\u00f3metros sentido a la Costa.<!--more--><\/p>\n<figure class=\"mb-3\"><img decoding=\"async\" src=\"https:\/\/www.telam.com.ar\/thumbs\/bluesteel\/advf\/imagenes\/2022\/09\/63173ce62f05c_1200.jpg\" alt=\"Ms de 2300 vehculos por hora en peaje hacia las playas bonaerenses por los feriados Foto Archivo\" width=\"100%\" height=\"100%\" \/><\/p>\n<div class=\"media-icons\"><\/div><figcaption>M\u00e1s de 2.300 veh\u00edculos por hora en peaje hacia las playas bonaerenses por los feriados. Foto: Archivo<\/figcaption><\/figure>\n<p>Las rutas hacia la costa atl\u00e1ntica bonaerense presentaban en la ma\u00f1ana de este jueves<strong>\u00a0un tr\u00e1nsito intenso debido a la gran cantidad de personas que se dirige a los diferentes balnearios<\/strong>\u00a0en el marco del\u00a0<a href=\"https:\/\/www.telam.com.ar\/notas\/202212\/613502-operativos-vial-fin-de-semana-largo-rutas-argentinas.html\" target=\"_blank\" rel=\"noopener\">fin de semana largo<\/a>\u00a0por los feriados de este jueves y el pr\u00f3ximo viernes,\u00a0<strong>con un promedio de 2.300 autom\u00f3viles por hora en el peaje de Samboromb\u00f3n.<\/strong><\/p>\n<p>Seg\u00fan inform\u00f3 la empresa concesionaria Aubasa, la circulaci\u00f3n vehicular estaba cargada en la autopista Buenos Aires-La Plata, la Autov\u00eda 2 y tambi\u00e9n la ruta 11, sentido Partido de la Costa, con demoras mayores en algunos tramos.<\/p>\n<p><strong>Uno de los puntos de mayor concentraci\u00f3n es el peaje de Samboromb\u00f3n<\/strong>, donde entre las 7 y las 8 se registr\u00f3 un promedio de 2.313 veh\u00edculos por hora.<\/p>\n<p>En tanto,\u00a0<strong>tambi\u00e9n por la Autov\u00eda 2, en el peaje de Maip\u00fa, se verificaron cerca de 878 veh\u00edculos mientras en la ruta 11<\/strong>, por La Huella, el promedio vehicular fue de 1.311 por hora de veh\u00edculos que se dirigen al partido de La Costa Atl\u00e1ntica.<\/p>\n<p><strong>La autopista Buenos Aires-La Plata<\/strong>\u00a0present\u00f3 cerca de tres kil\u00f3metros de demora cerca de las 7, pero ya logr\u00f3 reducirse a un kil\u00f3metro a partir de las 9, a la altura del ramal Guti\u00e9rrez con destino a Autov\u00eda 2, en el peaje Hudson.<\/p>\n<p>En el marco de este nuevo fin de semana largo,\u00a0<strong>el Ministerio de Transporte de Naci\u00f3n lanz\u00f3 el pasado mi\u00e9rcoles un operativo para controlar el nivel de alcoholemia en sangre<\/strong>\u00a0<strong>y la documentaci\u00f3n a viajeros en las rutas del pa\u00eds<\/strong><\/p>\n<blockquote class=\"twitter-tweet\" data-width=\"500\" data-dnt=\"true\">\n<p lang=\"es\" dir=\"ltr\">\ud83d\ude99Comienza el fin de semana largo y junto a <a href=\"https:\/\/twitter.com\/InfoSegVial?ref_src=twsrc%5Etfw\">@InfoSegVial<\/a> e <a href=\"https:\/\/twitter.com\/InfoCNRT?ref_src=twsrc%5Etfw\">@InfoCNRT<\/a> estamos realizando controles de documentaci\u00f3n y alcoholemia. <\/p>\n<p>\u26a0\ufe0fA trav\u00e9s del operativo <a href=\"https:\/\/twitter.com\/hashtag\/Viaj%C3%A1Seguro?src=hash&amp;ref_src=twsrc%5Etfw\">#Viaj\u00e1Seguro<\/a> garantizamos un espacio vial m\u00e1s seguro y cuidamos a quienes circulan por las rutas argentinas. <a href=\"https:\/\/t.co\/N1iEeOZFfa\">pic.twitter.com\/N1iEeOZFfa<\/a><\/p>\n<p>&mdash; Ministerio de Transporte (@MindeTransporte) <a href=\"https:\/\/twitter.com\/MindeTransporte\/status\/1600605461073760256?ref_src=twsrc%5Etfw\">December 7, 2022<\/a><\/p><\/blockquote>\n<p><script async src=\"https:\/\/platform.twitter.com\/widgets.js\" charset=\"utf-8\"><\/script><\/p>\n<p>Ese trabajo es desplegado junto a la Agencia Nacional de Seguridad Vial (ANSV), la Comisi\u00f3n Nacional de Regulaci\u00f3n del Transporte (CNRT) y el Ministerio de Transporte de la provincia de Buenos Aires.<\/p>\n<p><strong>El operativo abarca inspecciones vehiculares en puntos estrat\u00e9gicos y motos de la ANSV<\/strong>\u00a0que fiscalizan la circulaci\u00f3n indebida por las banquinas.<\/p>\n<p>Tambi\u00e9n se\u00a0<strong>utilizar\u00e1n drones con el objetivo de detectar y sancionar a quienes circulan de manera irresponsable poniendo en riesgo la vida de otras personas,<\/strong>\u00a0seg\u00fan se inform\u00f3.<\/p>\n","protected":false},"excerpt":{"rendered":"<p>Sanboromb\u00f3n y Maip\u00fa, los dos puntos m\u00e1s colapsados por el c\u00famulo de autom\u00f3viles, junto con la autopista Buenos Aires-La Plata, que presenta demoras cerca de tres kil\u00f3metros sentido a la Costa.<\/p>\n","protected":false},"author":3,"featured_media":0,"comment_status":"closed","ping_status":"closed","sticky":false,"template":"","format":"standard","meta":{"footnotes":""},"categories":[26,33],"tags":[],"class_list":["post-81157","post","type-post","status-publish","format-standard","hentry","category-sociedad","category-turismo"],"yoast_head":"<!-- This site is optimized with the Yoast SEO plugin v25.9 - https:\/\/yoast.com\/wordpress\/plugins\/seo\/ -->\n<title>M\u00e1s de 2.300 veh\u00edculos por hora en peaje hacia las playas bonaerenses por los feriados - Noticias Radio Reflejos<\/title>\n<meta name=\"robots\" content=\"index, follow, max-snippet:-1, max-image-preview:large, max-video-preview:-1\" \/>\n<link rel=\"canonical\" href=\"https:\/\/www.noticiasradioreflejos.com.ar\/2021\/mas-de-2-300-vehiculos-por-hora-en-peaje-hacia-las-playas-bonaerenses-por-los-feriados\/\" \/>\n<meta property=\"og:locale\" content=\"es_ES\" \/>\n<meta property=\"og:type\" content=\"article\" \/>\n<meta property=\"og:title\" content=\"M\u00e1s de 2.300 veh\u00edculos por hora en peaje hacia las playas bonaerenses por los feriados - Noticias Radio Reflejos\" \/>\n<meta property=\"og:description\" content=\"Sanboromb\u00f3n y Maip\u00fa, los dos puntos m\u00e1s colapsados por el c\u00famulo de autom\u00f3viles, junto con la autopista Buenos Aires-La Plata, que presenta demoras cerca de tres kil\u00f3metros sentido a la Costa.\" \/>\n<meta property=\"og:url\" content=\"https:\/\/www.noticiasradioreflejos.com.ar\/2021\/mas-de-2-300-vehiculos-por-hora-en-peaje-hacia-las-playas-bonaerenses-por-los-feriados\/\" \/>\n<meta property=\"og:site_name\" content=\"Noticias Radio Reflejos\" \/>\n<meta property=\"article:published_time\" content=\"2022-12-08T13:56:22+00:00\" \/>\n<meta property=\"og:image\" content=\"https:\/\/www.telam.com.ar\/thumbs\/bluesteel\/advf\/imagenes\/2022\/09\/63173ce62f05c_1200.jpg\" \/>\n<meta name=\"author\" content=\"Arnaldo Botto\" \/>\n<meta name=\"twitter:card\" content=\"summary_large_image\" \/>\n<script type=\"application\/ld+json\" class=\"yoast-schema-graph\">{\"@context\":\"https:\/\/schema.org\",\"@graph\":[{\"@type\":\"WebPage\",\"@id\":\"https:\/\/www.noticiasradioreflejos.com.ar\/2021\/mas-de-2-300-vehiculos-por-hora-en-peaje-hacia-las-playas-bonaerenses-por-los-feriados\/\",\"url\":\"https:\/\/www.noticiasradioreflejos.com.ar\/2021\/mas-de-2-300-vehiculos-por-hora-en-peaje-hacia-las-playas-bonaerenses-por-los-feriados\/\",\"name\":\"M\u00e1s de 2.300 veh\u00edculos por hora en peaje hacia las playas bonaerenses por los feriados - Noticias Radio Reflejos\",\"isPartOf\":{\"@id\":\"https:\/\/www.noticiasradioreflejos.com.ar\/2021\/#website\"},\"primaryImageOfPage\":{\"@id\":\"https:\/\/www.noticiasradioreflejos.com.ar\/2021\/mas-de-2-300-vehiculos-por-hora-en-peaje-hacia-las-playas-bonaerenses-por-los-feriados\/#primaryimage\"},\"image\":{\"@id\":\"https:\/\/www.noticiasradioreflejos.com.ar\/2021\/mas-de-2-300-vehiculos-por-hora-en-peaje-hacia-las-playas-bonaerenses-por-los-feriados\/#primaryimage\"},\"thumbnailUrl\":\"https:\/\/www.telam.com.ar\/thumbs\/bluesteel\/advf\/imagenes\/2022\/09\/63173ce62f05c_1200.jpg\",\"datePublished\":\"2022-12-08T13:56:22+00:00\",\"author\":{\"@id\":\"https:\/\/www.noticiasradioreflejos.com.ar\/2021\/#\/schema\/person\/ad82545263dcc5ec0996818884fd5fb1\"},\"breadcrumb\":{\"@id\":\"https:\/\/www.noticiasradioreflejos.com.ar\/2021\/mas-de-2-300-vehiculos-por-hora-en-peaje-hacia-las-playas-bonaerenses-por-los-feriados\/#breadcrumb\"},\"inLanguage\":\"es\",\"potentialAction\":[{\"@type\":\"ReadAction\",\"target\":[\"https:\/\/www.noticiasradioreflejos.com.ar\/2021\/mas-de-2-300-vehiculos-por-hora-en-peaje-hacia-las-playas-bonaerenses-por-los-feriados\/\"]}]},{\"@type\":\"ImageObject\",\"inLanguage\":\"es\",\"@id\":\"https:\/\/www.noticiasradioreflejos.com.ar\/2021\/mas-de-2-300-vehiculos-por-hora-en-peaje-hacia-las-playas-bonaerenses-por-los-feriados\/#primaryimage\",\"url\":\"https:\/\/www.telam.com.ar\/thumbs\/bluesteel\/advf\/imagenes\/2022\/09\/63173ce62f05c_1200.jpg\",\"contentUrl\":\"https:\/\/www.telam.com.ar\/thumbs\/bluesteel\/advf\/imagenes\/2022\/09\/63173ce62f05c_1200.jpg\"},{\"@type\":\"BreadcrumbList\",\"@id\":\"https:\/\/www.noticiasradioreflejos.com.ar\/2021\/mas-de-2-300-vehiculos-por-hora-en-peaje-hacia-las-playas-bonaerenses-por-los-feriados\/#breadcrumb\",\"itemListElement\":[{\"@type\":\"ListItem\",\"position\":1,\"name\":\"Portada\",\"item\":\"https:\/\/www.noticiasradioreflejos.com.ar\/2021\/\"},{\"@type\":\"ListItem\",\"position\":2,\"name\":\"M\u00e1s de 2.300 veh\u00edculos por hora en peaje hacia las playas bonaerenses por los feriados\"}]},{\"@type\":\"WebSite\",\"@id\":\"https:\/\/www.noticiasradioreflejos.com.ar\/2021\/#website\",\"url\":\"https:\/\/www.noticiasradioreflejos.com.ar\/2021\/\",\"name\":\"Noticias Radio Reflejos\",\"description\":\"Las noticias de mi comarca\",\"potentialAction\":[{\"@type\":\"SearchAction\",\"target\":{\"@type\":\"EntryPoint\",\"urlTemplate\":\"https:\/\/www.noticiasradioreflejos.com.ar\/2021\/?s={search_term_string}\"},\"query-input\":{\"@type\":\"PropertyValueSpecification\",\"valueRequired\":true,\"valueName\":\"search_term_string\"}}],\"inLanguage\":\"es\"},{\"@type\":\"Person\",\"@id\":\"https:\/\/www.noticiasradioreflejos.com.ar\/2021\/#\/schema\/person\/ad82545263dcc5ec0996818884fd5fb1\",\"name\":\"Arnaldo Botto\",\"image\":{\"@type\":\"ImageObject\",\"inLanguage\":\"es\",\"@id\":\"https:\/\/www.noticiasradioreflejos.com.ar\/2021\/#\/schema\/person\/image\/\",\"url\":\"https:\/\/secure.gravatar.com\/avatar\/55cb5e37c1efa326397366e6974cb338056df65cb50e7d64d1cf314e87504837?s=96&d=mm&r=g\",\"contentUrl\":\"https:\/\/secure.gravatar.com\/avatar\/55cb5e37c1efa326397366e6974cb338056df65cb50e7d64d1cf314e87504837?s=96&d=mm&r=g\",\"caption\":\"Arnaldo Botto\"},\"url\":\"https:\/\/www.noticiasradioreflejos.com.ar\/2021\/author\/arnaldo\/\"}]}<\/script>\n<!-- \/ Yoast SEO plugin. -->","yoast_head_json":{"title":"M\u00e1s de 2.300 veh\u00edculos por hora en peaje hacia las playas bonaerenses por los feriados - Noticias Radio Reflejos","robots":{"index":"index","follow":"follow","max-snippet":"max-snippet:-1","max-image-preview":"max-image-preview:large","max-video-preview":"max-video-preview:-1"},"canonical":"https:\/\/www.noticiasradioreflejos.com.ar\/2021\/mas-de-2-300-vehiculos-por-hora-en-peaje-hacia-las-playas-bonaerenses-por-los-feriados\/","og_locale":"es_ES","og_type":"article","og_title":"M\u00e1s de 2.300 veh\u00edculos por hora en peaje hacia las playas bonaerenses por los feriados - Noticias Radio Reflejos","og_description":"Sanboromb\u00f3n y Maip\u00fa, los dos puntos m\u00e1s colapsados por el c\u00famulo de autom\u00f3viles, junto con la autopista Buenos Aires-La Plata, que presenta demoras cerca de tres kil\u00f3metros sentido a la Costa.","og_url":"https:\/\/www.noticiasradioreflejos.com.ar\/2021\/mas-de-2-300-vehiculos-por-hora-en-peaje-hacia-las-playas-bonaerenses-por-los-feriados\/","og_site_name":"Noticias Radio Reflejos","article_published_time":"2022-12-08T13:56:22+00:00","og_image":[{"url":"https:\/\/www.telam.com.ar\/thumbs\/bluesteel\/advf\/imagenes\/2022\/09\/63173ce62f05c_1200.jpg","type":"","width":"","height":""}],"author":"Arnaldo Botto","twitter_card":"summary_large_image","schema":{"@context":"https:\/\/schema.org","@graph":[{"@type":"WebPage","@id":"https:\/\/www.noticiasradioreflejos.com.ar\/2021\/mas-de-2-300-vehiculos-por-hora-en-peaje-hacia-las-playas-bonaerenses-por-los-feriados\/","url":"https:\/\/www.noticiasradioreflejos.com.ar\/2021\/mas-de-2-300-vehiculos-por-hora-en-peaje-hacia-las-playas-bonaerenses-por-los-feriados\/","name":"M\u00e1s de 2.300 veh\u00edculos por hora en peaje hacia las playas bonaerenses por los feriados - Noticias Radio Reflejos","isPartOf":{"@id":"https:\/\/www.noticiasradioreflejos.com.ar\/2021\/#website"},"primaryImageOfPage":{"@id":"https:\/\/www.noticiasradioreflejos.com.ar\/2021\/mas-de-2-300-vehiculos-por-hora-en-peaje-hacia-las-playas-bonaerenses-por-los-feriados\/#primaryimage"},"image":{"@id":"https:\/\/www.noticiasradioreflejos.com.ar\/2021\/mas-de-2-300-vehiculos-por-hora-en-peaje-hacia-las-playas-bonaerenses-por-los-feriados\/#primaryimage"},"thumbnailUrl":"https:\/\/www.telam.com.ar\/thumbs\/bluesteel\/advf\/imagenes\/2022\/09\/63173ce62f05c_1200.jpg","datePublished":"2022-12-08T13:56:22+00:00","author":{"@id":"https:\/\/www.noticiasradioreflejos.com.ar\/2021\/#\/schema\/person\/ad82545263dcc5ec0996818884fd5fb1"},"breadcrumb":{"@id":"https:\/\/www.noticiasradioreflejos.com.ar\/2021\/mas-de-2-300-vehiculos-por-hora-en-peaje-hacia-las-playas-bonaerenses-por-los-feriados\/#breadcrumb"},"inLanguage":"es","potentialAction":[{"@type":"ReadAction","target":["https:\/\/www.noticiasradioreflejos.com.ar\/2021\/mas-de-2-300-vehiculos-por-hora-en-peaje-hacia-las-playas-bonaerenses-por-los-feriados\/"]}]},{"@type":"ImageObject","inLanguage":"es","@id":"https:\/\/www.noticiasradioreflejos.com.ar\/2021\/mas-de-2-300-vehiculos-por-hora-en-peaje-hacia-las-playas-bonaerenses-por-los-feriados\/#primaryimage","url":"https:\/\/www.telam.com.ar\/thumbs\/bluesteel\/advf\/imagenes\/2022\/09\/63173ce62f05c_1200.jpg","contentUrl":"https:\/\/www.telam.com.ar\/thumbs\/bluesteel\/advf\/imagenes\/2022\/09\/63173ce62f05c_1200.jpg"},{"@type":"BreadcrumbList","@id":"https:\/\/www.noticiasradioreflejos.com.ar\/2021\/mas-de-2-300-vehiculos-por-hora-en-peaje-hacia-las-playas-bonaerenses-por-los-feriados\/#breadcrumb","itemListElement":[{"@type":"ListItem","position":1,"name":"Portada","item":"https:\/\/www.noticiasradioreflejos.com.ar\/2021\/"},{"@type":"ListItem","position":2,"name":"M\u00e1s de 2.300 veh\u00edculos por hora en peaje hacia las playas bonaerenses por los feriados"}]},{"@type":"WebSite","@id":"https:\/\/www.noticiasradioreflejos.com.ar\/2021\/#website","url":"https:\/\/www.noticiasradioreflejos.com.ar\/2021\/","name":"Noticias Radio Reflejos","description":"Las noticias de mi comarca","potentialAction":[{"@type":"SearchAction","target":{"@type":"EntryPoint","urlTemplate":"https:\/\/www.noticiasradioreflejos.com.ar\/2021\/?s={search_term_string}"},"query-input":{"@type":"PropertyValueSpecification","valueRequired":true,"valueName":"search_term_string"}}],"inLanguage":"es"},{"@type":"Person","@id":"https:\/\/www.noticiasradioreflejos.com.ar\/2021\/#\/schema\/person\/ad82545263dcc5ec0996818884fd5fb1","name":"Arnaldo Botto","image":{"@type":"ImageObject","inLanguage":"es","@id":"https:\/\/www.noticiasradioreflejos.com.ar\/2021\/#\/schema\/person\/image\/","url":"https:\/\/secure.gravatar.com\/avatar\/55cb5e37c1efa326397366e6974cb338056df65cb50e7d64d1cf314e87504837?s=96&d=mm&r=g","contentUrl":"https:\/\/secure.gravatar.com\/avatar\/55cb5e37c1efa326397366e6974cb338056df65cb50e7d64d1cf314e87504837?s=96&d=mm&r=g","caption":"Arnaldo Botto"},"url":"https:\/\/www.noticiasradioreflejos.com.ar\/2021\/author\/arnaldo\/"}]}},"_links":{"self":[{"href":"https:\/\/www.noticiasradioreflejos.com.ar\/2021\/wp-json\/wp\/v2\/posts\/81157","targetHints":{"allow":["GET"]}}],"collection":[{"href":"https:\/\/www.noticiasradioreflejos.com.ar\/2021\/wp-json\/wp\/v2\/posts"}],"about":[{"href":"https:\/\/www.noticiasradioreflejos.com.ar\/2021\/wp-json\/wp\/v2\/types\/post"}],"author":[{"embeddable":true,"href":"https:\/\/www.noticiasradioreflejos.com.ar\/2021\/wp-json\/wp\/v2\/users\/3"}],"replies":[{"embeddable":true,"href":"https:\/\/www.noticiasradioreflejos.com.ar\/2021\/wp-json\/wp\/v2\/comments?post=81157"}],"version-history":[{"count":1,"href":"https:\/\/www.noticiasradioreflejos.com.ar\/2021\/wp-json\/wp\/v2\/posts\/81157\/revisions"}],"predecessor-version":[{"id":81158,"href":"https:\/\/www.noticiasradioreflejos.com.ar\/2021\/wp-json\/wp\/v2\/posts\/81157\/revisions\/81158"}],"wp:attachment":[{"href":"https:\/\/www.noticiasradioreflejos.com.ar\/2021\/wp-json\/wp\/v2\/media?parent=81157"}],"wp:term":[{"taxonomy":"category","embeddable":true,"href":"https:\/\/www.noticiasradioreflejos.com.ar\/2021\/wp-json\/wp\/v2\/categories?post=81157"},{"taxonomy":"post_tag","embeddable":true,"href":"https:\/\/www.noticiasradioreflejos.com.ar\/2021\/wp-json\/wp\/v2\/tags?post=81157"}],"curies":[{"name":"wp","href":"https:\/\/api.w.org\/{rel}","templated":true}]}}