{"id":81155,"date":"2022-12-08T13:50:49","date_gmt":"2022-12-08T13:50:49","guid":{"rendered":"http:\/\/www.noticiasradioreflejos.com.ar\/2021\/?p=81155"},"modified":"2022-12-08T13:50:49","modified_gmt":"2022-12-08T13:50:49","slug":"sigue-el-calor-sofocante-en-gran-parte-del-pais-y-ya-hay-termicas-superiores-a-30-grados","status":"publish","type":"post","link":"https:\/\/www.noticiasradioreflejos.com.ar\/2021\/sigue-el-calor-sofocante-en-gran-parte-del-pais-y-ya-hay-termicas-superiores-a-30-grados\/","title":{"rendered":"Sigue el calor sofocante en gran parte del pa\u00eds y ya hay t\u00e9rmicas superiores a 30 grados"},"content":{"rendered":"<p>En algunas localidades de Formosa y Corrientes ya se registraban sensaciones t\u00e9rmicas superiores a los 30 grados a las 7, por ello el SMN mantiene alertas de nivel amarillo, naranja y rojo en 17 provincias, de acuerdo al nivel de peligrosidad de las temperaturas para la salud de la poblaci\u00f3n.<!--more--><\/p>\n<figure class=\"mb-3\"><img decoding=\"async\" src=\"https:\/\/www.telam.com.ar\/thumbs\/bluesteel\/advf\/imagenes\/2022\/12\/6390d03f2963d.12.2022%20foto%20german%20pomar_1200.jpg\" alt=\"Foto German Pomar\" width=\"100%\" height=\"100%\" \/><\/p>\n<div class=\"media-icons\"><\/div><figcaption>Foto: German Pomar.<\/figcaption><\/figure>\n<p>El centro y norte del pa\u00eds continuaba la ma\u00f1ana de este jueves bajo alerta meteorol\u00f3gica por alta temperaturas por calor y en algunas localidades de\u00a0<strong>Formosa y Corrientes ya se registraban sensaciones t\u00e9rmicas superiores a los 30 grados a las 7<\/strong>, seg\u00fan inform\u00f3 el Servicio Meteorol\u00f3gico Nacional (SMN).<\/p>\n<p>A esa hora, los term\u00f3metros en la capital de Formosa marcaban 29.5\u00ba, con una t\u00e9rmica de 33.4\u00ba, mientras que en Las Lomitas (Formosa) se registraban 29.4\u00ba, con 32.8\u00ba de t\u00e9rmica; y en la ciudad de Corrientes, 28.9\u00ba y 32.9\u00ba, respectivamente.<\/p>\n<p>Tambi\u00e9n las temperaturas eran elevadas en Ceres (Santa Fe), con 28.3\u00ba; Reconquista (Santa Fe), con 28.2\u00ba; San Ram\u00f3n de La Nueva Or\u00e1n (Salta), con 27.8\u00ba; San Juan, con 27.7\u00ba; y Posadas (Misiones), con 27.6\u00ba.<\/p>\n<figure class=\"mb-3\"><img decoding=\"async\" src=\"https:\/\/www.telam.com.ar\/thumbs\/bluesteel\/advf\/imagenes\/2022\/12\/639104e8a4c76.12.2022%20foto%20ramiro%20gomez_1200.jpg\" alt=\"foto Ramiro Gomez\" width=\"100%\" height=\"100%\" \/><\/p>\n<div class=\"media-icons\"><\/div><figcaption>foto Ramiro Gomez.<\/figcaption><\/figure>\n<p>Asimismo, el SMN mantiene alertas de nivel amarillo, naranja y rojo en 17 provincias, de acuerdo al nivel de peligrosidad de las temperaturas para la salud de la poblaci\u00f3n.<\/p>\n<figure class=\"mb-3\"><img decoding=\"async\" src=\"https:\/\/www.telam.com.ar\/thumbs\/bluesteel\/advf\/imagenes\/2022\/12\/6390e06183793.12.2022%20foto%20luis%20cetraro_1200.jpg\" alt=\"Foto Luis Cetraro\" width=\"100%\" height=\"100%\" \/><\/p>\n<div class=\"media-icons\"><\/div><figcaption>Foto: Luis Cetraro.<\/figcaption><\/figure>\n<p>En la ciudad de Buenos Aires, el conurbano bonaerense, el norte de San Luis y sur de La Rioja se mantiene el nivel de advertencia m\u00e1s elevada, por lo que se recomienda aumentar el consumo de agua, no exponerse al sol en exceso, ni en horas centrales del d\u00eda (entre las 10 y las 16), evitar comidas muy abundantes y prestar atenci\u00f3n a los beb\u00e9s, ni\u00f1os y ni\u00f1as y a las personas mayores.<\/p>\n<figure class=\"mb-3\"><img decoding=\"async\" src=\"https:\/\/www.telam.com.ar\/thumbs\/bluesteel\/advf\/imagenes\/2022\/12\/638e360733d32_1200.jpg\" alt=\"Foto Pablo Caprarulo\" width=\"100%\" height=\"100%\" \/><\/p>\n<div class=\"media-icons\"><\/div><figcaption>Foto: Pablo Caprarulo.<\/figcaption><\/figure>\n<p>Luego de transitar este cierre de primavera con un calor sofocante, el organismo meteorol\u00f3gico anticip\u00f3 que<strong>\u00a0se prev\u00e9 un verano con temperaturas por encima de lo normal\u00a0<\/strong>en el centro del pa\u00eds -en particular en Buenos Aires y La Pampa-, al tiempo que se mantendr\u00e1n las condiciones actuales de sequ\u00eda con \u00abuna alta probabilidad\u00bb de registrar lluvias por debajo del promedio en el Litoral y norte de Buenos Aires.<\/p>\n<h2 class=\"\">AMBA<\/h2>\n<p>Este jueves se presenta en la ciudad de Buenos Aires y alrededores con tormentas aisladas y cielo parcialmente nublado por la ma\u00f1ana y despejado por la tarde, y una temperatura de\u00a0<strong>24 grados de m\u00ednima y 36 de m\u00e1xima<\/strong>, seg\u00fan previsiones del Servicio Meteorol\u00f3gico Nacional (SNM).<\/p>\n<figure class=\"mb-3\"><img decoding=\"async\" src=\"https:\/\/www.telam.com.ar\/thumbs\/bluesteel\/advf\/imagenes\/2022\/11\/63851faddb14a_1200.jpg\" alt=\"Foto Rapetti Emilio\" width=\"100%\" height=\"100%\" \/><\/p>\n<div class=\"media-icons\"><\/div><figcaption>Foto: Rapetti Emilio.<\/figcaption><\/figure>\n<p>Este viernes, en la continuaci\u00f3n del fin de semana extra largo, se prev\u00e9 precipitaciones aisladas en la ma\u00f1ana y tormentas aisladas en la tarde y noche, y un leve descenso de la temperatura, con 26 grados de m\u00ednima y 33 de m\u00e1xima.<\/p>\n<p>Mientras que para el s\u00e1bado se anuncia con cielo parcialmente nublado, una m\u00ednima de 21 grados y una m\u00e1xima de 31, en tanto que el domingo se anuncia cielo algo nublado en la madrugada, parcialmente nublado en la tarde y noche y marcas t\u00e9rmicas de entre 22 y 34 grados, seg\u00fan el SMN.<\/p><\/div>\n<\/div>\n<\/div>\n<\/div>\n<\/div>\n<\/div>\n<\/div>\n<\/div>\n","protected":false},"excerpt":{"rendered":"<p>En algunas localidades de Formosa y Corrientes ya se registraban sensaciones t\u00e9rmicas superiores a los 30 grados a las 7, por ello el SMN mantiene alertas de nivel amarillo, naranja y rojo en 17 provincias, de acuerdo al nivel de peligrosidad de las temperaturas para la salud de la poblaci\u00f3n.<\/p>\n","protected":false},"author":3,"featured_media":80536,"comment_status":"closed","ping_status":"closed","sticky":false,"template":"","format":"standard","meta":{"footnotes":""},"categories":[46],"tags":[],"class_list":["post-81155","post","type-post","status-publish","format-standard","has-post-thumbnail","hentry","category-ciencia-y-tecnologia"],"yoast_head":"<!-- This site is optimized with the Yoast SEO plugin v25.9 - https:\/\/yoast.com\/wordpress\/plugins\/seo\/ -->\n<title>Sigue el calor sofocante en gran parte del pa\u00eds y ya hay t\u00e9rmicas superiores a 30 grados - Noticias Radio Reflejos<\/title>\n<meta name=\"robots\" content=\"index, follow, max-snippet:-1, max-image-preview:large, max-video-preview:-1\" \/>\n<link rel=\"canonical\" href=\"https:\/\/www.noticiasradioreflejos.com.ar\/2021\/sigue-el-calor-sofocante-en-gran-parte-del-pais-y-ya-hay-termicas-superiores-a-30-grados\/\" \/>\n<meta property=\"og:locale\" content=\"es_ES\" \/>\n<meta property=\"og:type\" content=\"article\" \/>\n<meta property=\"og:title\" content=\"Sigue el calor sofocante en gran parte del pa\u00eds y ya hay t\u00e9rmicas superiores a 30 grados - Noticias Radio Reflejos\" \/>\n<meta property=\"og:description\" content=\"En algunas localidades de Formosa y Corrientes ya se registraban sensaciones t\u00e9rmicas superiores a los 30 grados a las 7, por ello el SMN mantiene alertas de nivel amarillo, naranja y rojo en 17 provincias, de acuerdo al nivel de peligrosidad de las temperaturas para la salud de la poblaci\u00f3n.\" \/>\n<meta property=\"og:url\" content=\"https:\/\/www.noticiasradioreflejos.com.ar\/2021\/sigue-el-calor-sofocante-en-gran-parte-del-pais-y-ya-hay-termicas-superiores-a-30-grados\/\" \/>\n<meta property=\"og:site_name\" content=\"Noticias Radio Reflejos\" \/>\n<meta property=\"article:published_time\" content=\"2022-12-08T13:50:49+00:00\" \/>\n<meta property=\"og:image\" content=\"https:\/\/www.noticiasradioreflejos.com.ar\/2021\/wp-content\/uploads\/2022\/11\/calor-700x465-1.jpg\" \/>\n\t<meta property=\"og:image:width\" content=\"700\" \/>\n\t<meta property=\"og:image:height\" content=\"465\" \/>\n\t<meta property=\"og:image:type\" content=\"image\/jpeg\" \/>\n<meta name=\"author\" content=\"Arnaldo Botto\" \/>\n<meta name=\"twitter:card\" content=\"summary_large_image\" \/>\n<script type=\"application\/ld+json\" class=\"yoast-schema-graph\">{\"@context\":\"https:\/\/schema.org\",\"@graph\":[{\"@type\":\"WebPage\",\"@id\":\"https:\/\/www.noticiasradioreflejos.com.ar\/2021\/sigue-el-calor-sofocante-en-gran-parte-del-pais-y-ya-hay-termicas-superiores-a-30-grados\/\",\"url\":\"https:\/\/www.noticiasradioreflejos.com.ar\/2021\/sigue-el-calor-sofocante-en-gran-parte-del-pais-y-ya-hay-termicas-superiores-a-30-grados\/\",\"name\":\"Sigue el calor sofocante en gran parte del pa\u00eds y ya hay t\u00e9rmicas superiores a 30 grados - Noticias Radio Reflejos\",\"isPartOf\":{\"@id\":\"https:\/\/www.noticiasradioreflejos.com.ar\/2021\/#website\"},\"primaryImageOfPage\":{\"@id\":\"https:\/\/www.noticiasradioreflejos.com.ar\/2021\/sigue-el-calor-sofocante-en-gran-parte-del-pais-y-ya-hay-termicas-superiores-a-30-grados\/#primaryimage\"},\"image\":{\"@id\":\"https:\/\/www.noticiasradioreflejos.com.ar\/2021\/sigue-el-calor-sofocante-en-gran-parte-del-pais-y-ya-hay-termicas-superiores-a-30-grados\/#primaryimage\"},\"thumbnailUrl\":\"https:\/\/www.noticiasradioreflejos.com.ar\/2021\/wp-content\/uploads\/2022\/11\/calor-700x465-1.jpg\",\"datePublished\":\"2022-12-08T13:50:49+00:00\",\"author\":{\"@id\":\"https:\/\/www.noticiasradioreflejos.com.ar\/2021\/#\/schema\/person\/ad82545263dcc5ec0996818884fd5fb1\"},\"breadcrumb\":{\"@id\":\"https:\/\/www.noticiasradioreflejos.com.ar\/2021\/sigue-el-calor-sofocante-en-gran-parte-del-pais-y-ya-hay-termicas-superiores-a-30-grados\/#breadcrumb\"},\"inLanguage\":\"es\",\"potentialAction\":[{\"@type\":\"ReadAction\",\"target\":[\"https:\/\/www.noticiasradioreflejos.com.ar\/2021\/sigue-el-calor-sofocante-en-gran-parte-del-pais-y-ya-hay-termicas-superiores-a-30-grados\/\"]}]},{\"@type\":\"ImageObject\",\"inLanguage\":\"es\",\"@id\":\"https:\/\/www.noticiasradioreflejos.com.ar\/2021\/sigue-el-calor-sofocante-en-gran-parte-del-pais-y-ya-hay-termicas-superiores-a-30-grados\/#primaryimage\",\"url\":\"https:\/\/www.noticiasradioreflejos.com.ar\/2021\/wp-content\/uploads\/2022\/11\/calor-700x465-1.jpg\",\"contentUrl\":\"https:\/\/www.noticiasradioreflejos.com.ar\/2021\/wp-content\/uploads\/2022\/11\/calor-700x465-1.jpg\",\"width\":700,\"height\":465},{\"@type\":\"BreadcrumbList\",\"@id\":\"https:\/\/www.noticiasradioreflejos.com.ar\/2021\/sigue-el-calor-sofocante-en-gran-parte-del-pais-y-ya-hay-termicas-superiores-a-30-grados\/#breadcrumb\",\"itemListElement\":[{\"@type\":\"ListItem\",\"position\":1,\"name\":\"Portada\",\"item\":\"https:\/\/www.noticiasradioreflejos.com.ar\/2021\/\"},{\"@type\":\"ListItem\",\"position\":2,\"name\":\"Sigue el calor sofocante en gran parte del pa\u00eds y ya hay t\u00e9rmicas superiores a 30 grados\"}]},{\"@type\":\"WebSite\",\"@id\":\"https:\/\/www.noticiasradioreflejos.com.ar\/2021\/#website\",\"url\":\"https:\/\/www.noticiasradioreflejos.com.ar\/2021\/\",\"name\":\"Noticias Radio Reflejos\",\"description\":\"Las noticias de mi comarca\",\"potentialAction\":[{\"@type\":\"SearchAction\",\"target\":{\"@type\":\"EntryPoint\",\"urlTemplate\":\"https:\/\/www.noticiasradioreflejos.com.ar\/2021\/?s={search_term_string}\"},\"query-input\":{\"@type\":\"PropertyValueSpecification\",\"valueRequired\":true,\"valueName\":\"search_term_string\"}}],\"inLanguage\":\"es\"},{\"@type\":\"Person\",\"@id\":\"https:\/\/www.noticiasradioreflejos.com.ar\/2021\/#\/schema\/person\/ad82545263dcc5ec0996818884fd5fb1\",\"name\":\"Arnaldo Botto\",\"image\":{\"@type\":\"ImageObject\",\"inLanguage\":\"es\",\"@id\":\"https:\/\/www.noticiasradioreflejos.com.ar\/2021\/#\/schema\/person\/image\/\",\"url\":\"https:\/\/secure.gravatar.com\/avatar\/55cb5e37c1efa326397366e6974cb338056df65cb50e7d64d1cf314e87504837?s=96&d=mm&r=g\",\"contentUrl\":\"https:\/\/secure.gravatar.com\/avatar\/55cb5e37c1efa326397366e6974cb338056df65cb50e7d64d1cf314e87504837?s=96&d=mm&r=g\",\"caption\":\"Arnaldo Botto\"},\"url\":\"https:\/\/www.noticiasradioreflejos.com.ar\/2021\/author\/arnaldo\/\"}]}<\/script>\n<!-- \/ Yoast SEO plugin. -->","yoast_head_json":{"title":"Sigue el calor sofocante en gran parte del pa\u00eds y ya hay t\u00e9rmicas superiores a 30 grados - Noticias Radio Reflejos","robots":{"index":"index","follow":"follow","max-snippet":"max-snippet:-1","max-image-preview":"max-image-preview:large","max-video-preview":"max-video-preview:-1"},"canonical":"https:\/\/www.noticiasradioreflejos.com.ar\/2021\/sigue-el-calor-sofocante-en-gran-parte-del-pais-y-ya-hay-termicas-superiores-a-30-grados\/","og_locale":"es_ES","og_type":"article","og_title":"Sigue el calor sofocante en gran parte del pa\u00eds y ya hay t\u00e9rmicas superiores a 30 grados - Noticias Radio Reflejos","og_description":"En algunas localidades de Formosa y Corrientes ya se registraban sensaciones t\u00e9rmicas superiores a los 30 grados a las 7, por ello el SMN mantiene alertas de nivel amarillo, naranja y rojo en 17 provincias, de acuerdo al nivel de peligrosidad de las temperaturas para la salud de la poblaci\u00f3n.","og_url":"https:\/\/www.noticiasradioreflejos.com.ar\/2021\/sigue-el-calor-sofocante-en-gran-parte-del-pais-y-ya-hay-termicas-superiores-a-30-grados\/","og_site_name":"Noticias Radio Reflejos","article_published_time":"2022-12-08T13:50:49+00:00","og_image":[{"width":700,"height":465,"url":"https:\/\/www.noticiasradioreflejos.com.ar\/2021\/wp-content\/uploads\/2022\/11\/calor-700x465-1.jpg","type":"image\/jpeg"}],"author":"Arnaldo Botto","twitter_card":"summary_large_image","schema":{"@context":"https:\/\/schema.org","@graph":[{"@type":"WebPage","@id":"https:\/\/www.noticiasradioreflejos.com.ar\/2021\/sigue-el-calor-sofocante-en-gran-parte-del-pais-y-ya-hay-termicas-superiores-a-30-grados\/","url":"https:\/\/www.noticiasradioreflejos.com.ar\/2021\/sigue-el-calor-sofocante-en-gran-parte-del-pais-y-ya-hay-termicas-superiores-a-30-grados\/","name":"Sigue el calor sofocante en gran parte del pa\u00eds y ya hay t\u00e9rmicas superiores a 30 grados - Noticias Radio Reflejos","isPartOf":{"@id":"https:\/\/www.noticiasradioreflejos.com.ar\/2021\/#website"},"primaryImageOfPage":{"@id":"https:\/\/www.noticiasradioreflejos.com.ar\/2021\/sigue-el-calor-sofocante-en-gran-parte-del-pais-y-ya-hay-termicas-superiores-a-30-grados\/#primaryimage"},"image":{"@id":"https:\/\/www.noticiasradioreflejos.com.ar\/2021\/sigue-el-calor-sofocante-en-gran-parte-del-pais-y-ya-hay-termicas-superiores-a-30-grados\/#primaryimage"},"thumbnailUrl":"https:\/\/www.noticiasradioreflejos.com.ar\/2021\/wp-content\/uploads\/2022\/11\/calor-700x465-1.jpg","datePublished":"2022-12-08T13:50:49+00:00","author":{"@id":"https:\/\/www.noticiasradioreflejos.com.ar\/2021\/#\/schema\/person\/ad82545263dcc5ec0996818884fd5fb1"},"breadcrumb":{"@id":"https:\/\/www.noticiasradioreflejos.com.ar\/2021\/sigue-el-calor-sofocante-en-gran-parte-del-pais-y-ya-hay-termicas-superiores-a-30-grados\/#breadcrumb"},"inLanguage":"es","potentialAction":[{"@type":"ReadAction","target":["https:\/\/www.noticiasradioreflejos.com.ar\/2021\/sigue-el-calor-sofocante-en-gran-parte-del-pais-y-ya-hay-termicas-superiores-a-30-grados\/"]}]},{"@type":"ImageObject","inLanguage":"es","@id":"https:\/\/www.noticiasradioreflejos.com.ar\/2021\/sigue-el-calor-sofocante-en-gran-parte-del-pais-y-ya-hay-termicas-superiores-a-30-grados\/#primaryimage","url":"https:\/\/www.noticiasradioreflejos.com.ar\/2021\/wp-content\/uploads\/2022\/11\/calor-700x465-1.jpg","contentUrl":"https:\/\/www.noticiasradioreflejos.com.ar\/2021\/wp-content\/uploads\/2022\/11\/calor-700x465-1.jpg","width":700,"height":465},{"@type":"BreadcrumbList","@id":"https:\/\/www.noticiasradioreflejos.com.ar\/2021\/sigue-el-calor-sofocante-en-gran-parte-del-pais-y-ya-hay-termicas-superiores-a-30-grados\/#breadcrumb","itemListElement":[{"@type":"ListItem","position":1,"name":"Portada","item":"https:\/\/www.noticiasradioreflejos.com.ar\/2021\/"},{"@type":"ListItem","position":2,"name":"Sigue el calor sofocante en gran parte del pa\u00eds y ya hay t\u00e9rmicas superiores a 30 grados"}]},{"@type":"WebSite","@id":"https:\/\/www.noticiasradioreflejos.com.ar\/2021\/#website","url":"https:\/\/www.noticiasradioreflejos.com.ar\/2021\/","name":"Noticias Radio Reflejos","description":"Las noticias de mi comarca","potentialAction":[{"@type":"SearchAction","target":{"@type":"EntryPoint","urlTemplate":"https:\/\/www.noticiasradioreflejos.com.ar\/2021\/?s={search_term_string}"},"query-input":{"@type":"PropertyValueSpecification","valueRequired":true,"valueName":"search_term_string"}}],"inLanguage":"es"},{"@type":"Person","@id":"https:\/\/www.noticiasradioreflejos.com.ar\/2021\/#\/schema\/person\/ad82545263dcc5ec0996818884fd5fb1","name":"Arnaldo Botto","image":{"@type":"ImageObject","inLanguage":"es","@id":"https:\/\/www.noticiasradioreflejos.com.ar\/2021\/#\/schema\/person\/image\/","url":"https:\/\/secure.gravatar.com\/avatar\/55cb5e37c1efa326397366e6974cb338056df65cb50e7d64d1cf314e87504837?s=96&d=mm&r=g","contentUrl":"https:\/\/secure.gravatar.com\/avatar\/55cb5e37c1efa326397366e6974cb338056df65cb50e7d64d1cf314e87504837?s=96&d=mm&r=g","caption":"Arnaldo Botto"},"url":"https:\/\/www.noticiasradioreflejos.com.ar\/2021\/author\/arnaldo\/"}]}},"_links":{"self":[{"href":"https:\/\/www.noticiasradioreflejos.com.ar\/2021\/wp-json\/wp\/v2\/posts\/81155","targetHints":{"allow":["GET"]}}],"collection":[{"href":"https:\/\/www.noticiasradioreflejos.com.ar\/2021\/wp-json\/wp\/v2\/posts"}],"about":[{"href":"https:\/\/www.noticiasradioreflejos.com.ar\/2021\/wp-json\/wp\/v2\/types\/post"}],"author":[{"embeddable":true,"href":"https:\/\/www.noticiasradioreflejos.com.ar\/2021\/wp-json\/wp\/v2\/users\/3"}],"replies":[{"embeddable":true,"href":"https:\/\/www.noticiasradioreflejos.com.ar\/2021\/wp-json\/wp\/v2\/comments?post=81155"}],"version-history":[{"count":1,"href":"https:\/\/www.noticiasradioreflejos.com.ar\/2021\/wp-json\/wp\/v2\/posts\/81155\/revisions"}],"predecessor-version":[{"id":81156,"href":"https:\/\/www.noticiasradioreflejos.com.ar\/2021\/wp-json\/wp\/v2\/posts\/81155\/revisions\/81156"}],"wp:featuredmedia":[{"embeddable":true,"href":"https:\/\/www.noticiasradioreflejos.com.ar\/2021\/wp-json\/wp\/v2\/media\/80536"}],"wp:attachment":[{"href":"https:\/\/www.noticiasradioreflejos.com.ar\/2021\/wp-json\/wp\/v2\/media?parent=81155"}],"wp:term":[{"taxonomy":"category","embeddable":true,"href":"https:\/\/www.noticiasradioreflejos.com.ar\/2021\/wp-json\/wp\/v2\/categories?post=81155"},{"taxonomy":"post_tag","embeddable":true,"href":"https:\/\/www.noticiasradioreflejos.com.ar\/2021\/wp-json\/wp\/v2\/tags?post=81155"}],"curies":[{"name":"wp","href":"https:\/\/api.w.org\/{rel}","templated":true}]}}