{"id":81145,"date":"2022-12-08T12:09:35","date_gmt":"2022-12-08T12:09:35","guid":{"rendered":"http:\/\/www.noticiasradioreflejos.com.ar\/2021\/?p=81145"},"modified":"2022-12-08T14:45:33","modified_gmt":"2022-12-08T14:45:33","slug":"tras-una-jornada-muy-calurosa-llegaron-tormentas-a-la-comarca","status":"publish","type":"post","link":"https:\/\/www.noticiasradioreflejos.com.ar\/2021\/tras-una-jornada-muy-calurosa-llegaron-tormentas-a-la-comarca\/","title":{"rendered":"Tras una jornada muy calurosa, llegaron tormentas a la comarca."},"content":{"rendered":"<p>Un mi\u00e9rcoles muy caluroso con una m\u00e1xima de 35.3\u00b0 y tormentas en el anochecer.<!--more--><\/p>\n<p>Otra jornada de calor se vivi\u00f3 en toda la zona serrana, con una t\u00e9rmica que lleg\u00f3 a los 36.5\u00b0 durante la tarde de ayer y tormentas el\u00e9ctricas llegando la noche.\u00a0 R\u00e1fagas de viento, truenos y rel\u00e1mpagos iluminaron las ultimas horas la tarde de este mi\u00e9rcoles con escasas precipitaciones . En el casco urbano de Sierra de la Ventana se registraron apenas 0.5 mm. En la ciudad cabecera estuvo cerca de los 10 mm.<\/p>\n<p><a href=\"http:\/\/www.noticiasradioreflejos.com.ar\/2021\/tras-una-jornada-muy-calurosa-llegaron-tormentas-a-la-comarca\/tormenta-atardecer\/\" rel=\"attachment wp-att-81147\"><img loading=\"lazy\" decoding=\"async\" class=\"aligncenter size-full wp-image-81147\" src=\"http:\/\/www.noticiasradioreflejos.com.ar\/2021\/wp-content\/uploads\/2022\/12\/Tormenta-atardecer-scaled.jpg\" alt=\"\" width=\"2560\" height=\"1013\" \/><\/a><\/p>\n<p>El fen\u00f3meno meteorol\u00f3gico caus\u00f3 destrozos en Bah\u00eda Blanca con marcas que llegaron hasta los 30 mm.<\/p>\n<p>La ola de calor continuar\u00e1 durante este fin de semana largo, para hoy jueves se espera 34\u00b0 de temperatura m\u00e1xima con cielo despejado y vientos fuertes del sector sudoeste.<\/p>\n<p>Ma\u00f1ana viernes, s\u00e1bado y domingo el term\u00f3metro remontara hasta los 35 \u00f3 36 grados con vientos moderados de sudoeste rotando al norte, los cielos permanecer\u00e1n mayormente despejados<\/p>\n<h2 class=\"font--primary\">Cinco situaciones cl\u00ednicas asociadas al calor extremo<\/h2>\n<p>&nbsp;<\/p>\n<ul class=\"ul__list list\">\n<li class=\"list__item\"><b>Golpe de calor:<\/b>\u00a0Entidad cl\u00ednica con riesgo de vida, donde la temperatura corporal puede subir por encima de 41 grados cent\u00edgrados. Los s\u00edntomas asociados incluyen: piel seca, pulso r\u00e1pido (taquicardia), jadeo y movimientos respiratorios acelerados (taquipnea), mareos, n\u00e1useas y v\u00f3mitos, sed extrema y cuadros confusionales.<\/li>\n<li class=\"list__item\"><b>Agotamiento por calor:<\/b>\u00a0Este cuadro puede ocurrir despu\u00e9s de varios d\u00edas expuestos a altas temperaturas y sin adecuada\u00a0<b>hidrataci\u00f3n<\/b>. Los s\u00edntomas incluyen: sudoraci\u00f3n profusa, cefalea, respiraci\u00f3n r\u00e1pida (taquipnea) y pulso r\u00e1pido y d\u00e9bil (taquicardia). \u201cSi no recibe evaluaci\u00f3n y tratamiento adecuado y oportuno, puede evolucionar a un cuadro cl\u00ednico similar al golpe de calor\u201d, precis\u00f3.<\/li>\n<li class=\"list__item\"><b>Calambres por calor:<\/b>\u00a0Dolores o espasmos musculares dolorosos que ocurren durante el ejercicio no controlado. En general, suelen aparecer en abdomen, brazos o piernas<\/li>\n<li class=\"list__item\"><b>Erupciones cut\u00e1neas por calor:<\/b>\u00a0Irritaci\u00f3n de la piel por exceso de sudoraci\u00f3n. Lesiones rojizas y dolorosas, habitualmente en tronco, cabeza y miembros siendo mucho m\u00e1s frecuentes en la poblaci\u00f3n pedi\u00e1trica.<\/li>\n<li class=\"list__item\"><b>Quemaduras por exposici\u00f3n solar:<\/b>\u00a0La exposici\u00f3n solar fuerte puede provocar da\u00f1o en la piel, como quemaduras, alergias, manchas, arrugas<b>\u00a0<\/b>e incluso puede causar enfermedades<b>\u00a0<\/b>como melanomas.<\/li>\n<\/ul>\n<p>&nbsp;<\/p>\n<p><strong>Totales de lluvias<\/strong><\/p>\n<p>0.5 mm en Sierra de la Ventana<br \/>\n2 mm en Calquin<br \/>\n5.1 mm en Villa Ventana<br \/>\n9 mm en Tornquist<br \/>\n15.6 mm en Cabildo<br \/>\n8.8 mm en Bajo Hondo<br \/>\n14 mm en Frapal<br \/>\n4.5 mm en Cnel Suarez<br \/>\n2 mm en Cura Malal<br \/>\n9.2 mm en Monte Hermoso<br \/>\n2.2 mm en Dufaur<br \/>\n5.8 mm en San Eloy<br \/>\n3.4 mm en El Pantanoso<br \/>\n8.2 mm en Pigue<br \/>\n0.7 mm en Cnel Pringles<\/p>\n<p><strong>Fotos de Franco Scialpi<\/strong><\/p>\n","protected":false},"excerpt":{"rendered":"<p>Un mi\u00e9rcoles muy caluroso con una m\u00e1xima de 35.3\u00b0 y tormentas en el anochecer.<\/p>\n","protected":false},"author":3,"featured_media":67415,"comment_status":"closed","ping_status":"closed","sticky":false,"template":"","format":"standard","meta":{"footnotes":""},"categories":[46],"tags":[],"class_list":["post-81145","post","type-post","status-publish","format-standard","has-post-thumbnail","hentry","category-ciencia-y-tecnologia"],"yoast_head":"<!-- This site is optimized with the Yoast SEO plugin v25.9 - https:\/\/yoast.com\/wordpress\/plugins\/seo\/ -->\n<title>Tras una jornada muy calurosa, llegaron tormentas a la comarca. - Noticias Radio Reflejos<\/title>\n<meta name=\"robots\" content=\"index, follow, max-snippet:-1, max-image-preview:large, max-video-preview:-1\" \/>\n<link rel=\"canonical\" href=\"https:\/\/www.noticiasradioreflejos.com.ar\/2021\/tras-una-jornada-muy-calurosa-llegaron-tormentas-a-la-comarca\/\" \/>\n<meta property=\"og:locale\" content=\"es_ES\" \/>\n<meta property=\"og:type\" content=\"article\" \/>\n<meta property=\"og:title\" content=\"Tras una jornada muy calurosa, llegaron tormentas a la comarca. - Noticias Radio Reflejos\" \/>\n<meta property=\"og:description\" content=\"Un mi\u00e9rcoles muy caluroso con una m\u00e1xima de 35.3\u00b0 y tormentas en el anochecer.\" \/>\n<meta property=\"og:url\" content=\"https:\/\/www.noticiasradioreflejos.com.ar\/2021\/tras-una-jornada-muy-calurosa-llegaron-tormentas-a-la-comarca\/\" \/>\n<meta property=\"og:site_name\" content=\"Noticias Radio Reflejos\" \/>\n<meta property=\"article:published_time\" content=\"2022-12-08T12:09:35+00:00\" \/>\n<meta property=\"article:modified_time\" content=\"2022-12-08T14:45:33+00:00\" \/>\n<meta property=\"og:image\" content=\"https:\/\/www.noticiasradioreflejos.com.ar\/2021\/wp-content\/uploads\/2022\/01\/Tormenta-de-rayos.jpg\" \/>\n\t<meta property=\"og:image:width\" content=\"1080\" \/>\n\t<meta property=\"og:image:height\" content=\"720\" \/>\n\t<meta property=\"og:image:type\" content=\"image\/jpeg\" \/>\n<meta name=\"author\" content=\"Arnaldo Botto\" \/>\n<meta name=\"twitter:card\" content=\"summary_large_image\" \/>\n<script type=\"application\/ld+json\" class=\"yoast-schema-graph\">{\"@context\":\"https:\/\/schema.org\",\"@graph\":[{\"@type\":\"WebPage\",\"@id\":\"https:\/\/www.noticiasradioreflejos.com.ar\/2021\/tras-una-jornada-muy-calurosa-llegaron-tormentas-a-la-comarca\/\",\"url\":\"https:\/\/www.noticiasradioreflejos.com.ar\/2021\/tras-una-jornada-muy-calurosa-llegaron-tormentas-a-la-comarca\/\",\"name\":\"Tras una jornada muy calurosa, llegaron tormentas a la comarca. - Noticias Radio Reflejos\",\"isPartOf\":{\"@id\":\"https:\/\/www.noticiasradioreflejos.com.ar\/2021\/#website\"},\"primaryImageOfPage\":{\"@id\":\"https:\/\/www.noticiasradioreflejos.com.ar\/2021\/tras-una-jornada-muy-calurosa-llegaron-tormentas-a-la-comarca\/#primaryimage\"},\"image\":{\"@id\":\"https:\/\/www.noticiasradioreflejos.com.ar\/2021\/tras-una-jornada-muy-calurosa-llegaron-tormentas-a-la-comarca\/#primaryimage\"},\"thumbnailUrl\":\"https:\/\/www.noticiasradioreflejos.com.ar\/2021\/wp-content\/uploads\/2022\/01\/Tormenta-de-rayos.jpg\",\"datePublished\":\"2022-12-08T12:09:35+00:00\",\"dateModified\":\"2022-12-08T14:45:33+00:00\",\"author\":{\"@id\":\"https:\/\/www.noticiasradioreflejos.com.ar\/2021\/#\/schema\/person\/ad82545263dcc5ec0996818884fd5fb1\"},\"breadcrumb\":{\"@id\":\"https:\/\/www.noticiasradioreflejos.com.ar\/2021\/tras-una-jornada-muy-calurosa-llegaron-tormentas-a-la-comarca\/#breadcrumb\"},\"inLanguage\":\"es\",\"potentialAction\":[{\"@type\":\"ReadAction\",\"target\":[\"https:\/\/www.noticiasradioreflejos.com.ar\/2021\/tras-una-jornada-muy-calurosa-llegaron-tormentas-a-la-comarca\/\"]}]},{\"@type\":\"ImageObject\",\"inLanguage\":\"es\",\"@id\":\"https:\/\/www.noticiasradioreflejos.com.ar\/2021\/tras-una-jornada-muy-calurosa-llegaron-tormentas-a-la-comarca\/#primaryimage\",\"url\":\"https:\/\/www.noticiasradioreflejos.com.ar\/2021\/wp-content\/uploads\/2022\/01\/Tormenta-de-rayos.jpg\",\"contentUrl\":\"https:\/\/www.noticiasradioreflejos.com.ar\/2021\/wp-content\/uploads\/2022\/01\/Tormenta-de-rayos.jpg\",\"width\":1080,\"height\":720},{\"@type\":\"BreadcrumbList\",\"@id\":\"https:\/\/www.noticiasradioreflejos.com.ar\/2021\/tras-una-jornada-muy-calurosa-llegaron-tormentas-a-la-comarca\/#breadcrumb\",\"itemListElement\":[{\"@type\":\"ListItem\",\"position\":1,\"name\":\"Portada\",\"item\":\"https:\/\/www.noticiasradioreflejos.com.ar\/2021\/\"},{\"@type\":\"ListItem\",\"position\":2,\"name\":\"Tras una jornada muy calurosa, llegaron tormentas a la comarca.\"}]},{\"@type\":\"WebSite\",\"@id\":\"https:\/\/www.noticiasradioreflejos.com.ar\/2021\/#website\",\"url\":\"https:\/\/www.noticiasradioreflejos.com.ar\/2021\/\",\"name\":\"Noticias Radio Reflejos\",\"description\":\"Las noticias de mi comarca\",\"potentialAction\":[{\"@type\":\"SearchAction\",\"target\":{\"@type\":\"EntryPoint\",\"urlTemplate\":\"https:\/\/www.noticiasradioreflejos.com.ar\/2021\/?s={search_term_string}\"},\"query-input\":{\"@type\":\"PropertyValueSpecification\",\"valueRequired\":true,\"valueName\":\"search_term_string\"}}],\"inLanguage\":\"es\"},{\"@type\":\"Person\",\"@id\":\"https:\/\/www.noticiasradioreflejos.com.ar\/2021\/#\/schema\/person\/ad82545263dcc5ec0996818884fd5fb1\",\"name\":\"Arnaldo Botto\",\"image\":{\"@type\":\"ImageObject\",\"inLanguage\":\"es\",\"@id\":\"https:\/\/www.noticiasradioreflejos.com.ar\/2021\/#\/schema\/person\/image\/\",\"url\":\"https:\/\/secure.gravatar.com\/avatar\/55cb5e37c1efa326397366e6974cb338056df65cb50e7d64d1cf314e87504837?s=96&d=mm&r=g\",\"contentUrl\":\"https:\/\/secure.gravatar.com\/avatar\/55cb5e37c1efa326397366e6974cb338056df65cb50e7d64d1cf314e87504837?s=96&d=mm&r=g\",\"caption\":\"Arnaldo Botto\"},\"url\":\"https:\/\/www.noticiasradioreflejos.com.ar\/2021\/author\/arnaldo\/\"}]}<\/script>\n<!-- \/ Yoast SEO plugin. -->","yoast_head_json":{"title":"Tras una jornada muy calurosa, llegaron tormentas a la comarca. - Noticias Radio Reflejos","robots":{"index":"index","follow":"follow","max-snippet":"max-snippet:-1","max-image-preview":"max-image-preview:large","max-video-preview":"max-video-preview:-1"},"canonical":"https:\/\/www.noticiasradioreflejos.com.ar\/2021\/tras-una-jornada-muy-calurosa-llegaron-tormentas-a-la-comarca\/","og_locale":"es_ES","og_type":"article","og_title":"Tras una jornada muy calurosa, llegaron tormentas a la comarca. - Noticias Radio Reflejos","og_description":"Un mi\u00e9rcoles muy caluroso con una m\u00e1xima de 35.3\u00b0 y tormentas en el anochecer.","og_url":"https:\/\/www.noticiasradioreflejos.com.ar\/2021\/tras-una-jornada-muy-calurosa-llegaron-tormentas-a-la-comarca\/","og_site_name":"Noticias Radio Reflejos","article_published_time":"2022-12-08T12:09:35+00:00","article_modified_time":"2022-12-08T14:45:33+00:00","og_image":[{"width":1080,"height":720,"url":"https:\/\/www.noticiasradioreflejos.com.ar\/2021\/wp-content\/uploads\/2022\/01\/Tormenta-de-rayos.jpg","type":"image\/jpeg"}],"author":"Arnaldo Botto","twitter_card":"summary_large_image","schema":{"@context":"https:\/\/schema.org","@graph":[{"@type":"WebPage","@id":"https:\/\/www.noticiasradioreflejos.com.ar\/2021\/tras-una-jornada-muy-calurosa-llegaron-tormentas-a-la-comarca\/","url":"https:\/\/www.noticiasradioreflejos.com.ar\/2021\/tras-una-jornada-muy-calurosa-llegaron-tormentas-a-la-comarca\/","name":"Tras una jornada muy calurosa, llegaron tormentas a la comarca. - Noticias Radio Reflejos","isPartOf":{"@id":"https:\/\/www.noticiasradioreflejos.com.ar\/2021\/#website"},"primaryImageOfPage":{"@id":"https:\/\/www.noticiasradioreflejos.com.ar\/2021\/tras-una-jornada-muy-calurosa-llegaron-tormentas-a-la-comarca\/#primaryimage"},"image":{"@id":"https:\/\/www.noticiasradioreflejos.com.ar\/2021\/tras-una-jornada-muy-calurosa-llegaron-tormentas-a-la-comarca\/#primaryimage"},"thumbnailUrl":"https:\/\/www.noticiasradioreflejos.com.ar\/2021\/wp-content\/uploads\/2022\/01\/Tormenta-de-rayos.jpg","datePublished":"2022-12-08T12:09:35+00:00","dateModified":"2022-12-08T14:45:33+00:00","author":{"@id":"https:\/\/www.noticiasradioreflejos.com.ar\/2021\/#\/schema\/person\/ad82545263dcc5ec0996818884fd5fb1"},"breadcrumb":{"@id":"https:\/\/www.noticiasradioreflejos.com.ar\/2021\/tras-una-jornada-muy-calurosa-llegaron-tormentas-a-la-comarca\/#breadcrumb"},"inLanguage":"es","potentialAction":[{"@type":"ReadAction","target":["https:\/\/www.noticiasradioreflejos.com.ar\/2021\/tras-una-jornada-muy-calurosa-llegaron-tormentas-a-la-comarca\/"]}]},{"@type":"ImageObject","inLanguage":"es","@id":"https:\/\/www.noticiasradioreflejos.com.ar\/2021\/tras-una-jornada-muy-calurosa-llegaron-tormentas-a-la-comarca\/#primaryimage","url":"https:\/\/www.noticiasradioreflejos.com.ar\/2021\/wp-content\/uploads\/2022\/01\/Tormenta-de-rayos.jpg","contentUrl":"https:\/\/www.noticiasradioreflejos.com.ar\/2021\/wp-content\/uploads\/2022\/01\/Tormenta-de-rayos.jpg","width":1080,"height":720},{"@type":"BreadcrumbList","@id":"https:\/\/www.noticiasradioreflejos.com.ar\/2021\/tras-una-jornada-muy-calurosa-llegaron-tormentas-a-la-comarca\/#breadcrumb","itemListElement":[{"@type":"ListItem","position":1,"name":"Portada","item":"https:\/\/www.noticiasradioreflejos.com.ar\/2021\/"},{"@type":"ListItem","position":2,"name":"Tras una jornada muy calurosa, llegaron tormentas a la comarca."}]},{"@type":"WebSite","@id":"https:\/\/www.noticiasradioreflejos.com.ar\/2021\/#website","url":"https:\/\/www.noticiasradioreflejos.com.ar\/2021\/","name":"Noticias Radio Reflejos","description":"Las noticias de mi comarca","potentialAction":[{"@type":"SearchAction","target":{"@type":"EntryPoint","urlTemplate":"https:\/\/www.noticiasradioreflejos.com.ar\/2021\/?s={search_term_string}"},"query-input":{"@type":"PropertyValueSpecification","valueRequired":true,"valueName":"search_term_string"}}],"inLanguage":"es"},{"@type":"Person","@id":"https:\/\/www.noticiasradioreflejos.com.ar\/2021\/#\/schema\/person\/ad82545263dcc5ec0996818884fd5fb1","name":"Arnaldo Botto","image":{"@type":"ImageObject","inLanguage":"es","@id":"https:\/\/www.noticiasradioreflejos.com.ar\/2021\/#\/schema\/person\/image\/","url":"https:\/\/secure.gravatar.com\/avatar\/55cb5e37c1efa326397366e6974cb338056df65cb50e7d64d1cf314e87504837?s=96&d=mm&r=g","contentUrl":"https:\/\/secure.gravatar.com\/avatar\/55cb5e37c1efa326397366e6974cb338056df65cb50e7d64d1cf314e87504837?s=96&d=mm&r=g","caption":"Arnaldo Botto"},"url":"https:\/\/www.noticiasradioreflejos.com.ar\/2021\/author\/arnaldo\/"}]}},"_links":{"self":[{"href":"https:\/\/www.noticiasradioreflejos.com.ar\/2021\/wp-json\/wp\/v2\/posts\/81145","targetHints":{"allow":["GET"]}}],"collection":[{"href":"https:\/\/www.noticiasradioreflejos.com.ar\/2021\/wp-json\/wp\/v2\/posts"}],"about":[{"href":"https:\/\/www.noticiasradioreflejos.com.ar\/2021\/wp-json\/wp\/v2\/types\/post"}],"author":[{"embeddable":true,"href":"https:\/\/www.noticiasradioreflejos.com.ar\/2021\/wp-json\/wp\/v2\/users\/3"}],"replies":[{"embeddable":true,"href":"https:\/\/www.noticiasradioreflejos.com.ar\/2021\/wp-json\/wp\/v2\/comments?post=81145"}],"version-history":[{"count":4,"href":"https:\/\/www.noticiasradioreflejos.com.ar\/2021\/wp-json\/wp\/v2\/posts\/81145\/revisions"}],"predecessor-version":[{"id":81161,"href":"https:\/\/www.noticiasradioreflejos.com.ar\/2021\/wp-json\/wp\/v2\/posts\/81145\/revisions\/81161"}],"wp:featuredmedia":[{"embeddable":true,"href":"https:\/\/www.noticiasradioreflejos.com.ar\/2021\/wp-json\/wp\/v2\/media\/67415"}],"wp:attachment":[{"href":"https:\/\/www.noticiasradioreflejos.com.ar\/2021\/wp-json\/wp\/v2\/media?parent=81145"}],"wp:term":[{"taxonomy":"category","embeddable":true,"href":"https:\/\/www.noticiasradioreflejos.com.ar\/2021\/wp-json\/wp\/v2\/categories?post=81145"},{"taxonomy":"post_tag","embeddable":true,"href":"https:\/\/www.noticiasradioreflejos.com.ar\/2021\/wp-json\/wp\/v2\/tags?post=81145"}],"curies":[{"name":"wp","href":"https:\/\/api.w.org\/{rel}","templated":true}]}}