{"id":81107,"date":"2022-12-07T19:09:51","date_gmt":"2022-12-07T19:09:51","guid":{"rendered":"http:\/\/www.noticiasradioreflejos.com.ar\/2021\/?p=81107"},"modified":"2022-12-07T19:09:51","modified_gmt":"2022-12-07T19:09:51","slug":"fuerte-operativo-de-control-en-las-rutas-del-pais-por-el-fin-de-semana-largo","status":"publish","type":"post","link":"https:\/\/www.noticiasradioreflejos.com.ar\/2021\/fuerte-operativo-de-control-en-las-rutas-del-pais-por-el-fin-de-semana-largo\/","title":{"rendered":"Fuerte operativo de control en las rutas del pa\u00eds por el fin de semana largo"},"content":{"rendered":"<p>Abarca inspecciones vehiculares en puntos estrat\u00e9gicos, mientras que las motos de la ANSV fiscalizar\u00e1n la circulaci\u00f3n indebida por las banquinas. \u00abEstamos todos ma<!--more--><\/p>\n<figure class=\"mb-3\"><img decoding=\"async\" src=\"https:\/\/www.telam.com.ar\/thumbs\/bluesteel\/advf\/imagenes\/2022\/12\/6390d2e33ccc0_1200.jpg\" alt=\"Amplio despliegue de controles vehiculares en las rutas Foto Ministerio de Transporte\" width=\"100%\" height=\"100%\" \/><\/p>\n<div class=\"media-icons\"><\/div><figcaption>Amplio despliegue de controles vehiculares en las rutas \/ Foto: Ministerio de Transporte<\/figcaption><\/figure>\n<p>El Ministerio de Transporte de Naci\u00f3n lanz\u00f3 un\u00a0<strong>operativo para controlar el nivel de alcoholemia en sangre y la documentaci\u00f3n a viajeros\u00a0<\/strong>en las rutas del pa\u00eds de cara a los feriados de jueves y viernes, que desplegar\u00e1 junto a la Agencia Nacional de Seguridad Vial (ANSV), la Comisi\u00f3n Nacional de Regulaci\u00f3n del Transporte (CNRT) y el Ministerio de Transporte de la provincia de Buenos Aires.<\/p>\n<p>\u00abCuando el control se hace presente, la precauci\u00f3n aumenta, la siniestralidad baja y las vidas se defienden mejor\u00bb, dijo el ministro de Transporte de Naci\u00f3n, Diego Giuliano, en el Peaje de Hudson, en la autopista Buenos Aires &#8211; La Plata, donde lanz\u00f3 el operativo junto a su par bonaerense, Jorge D\u2019Onofrio,<\/p>\n<p>El operativo abarca inspecciones vehiculares en puntos estrat\u00e9gicos y las motos de la ANSV fiscalizar\u00e1n la circulaci\u00f3n indebida por las banquinas.<\/p>\n<figure class=\"mb-3\"><img decoding=\"async\" src=\"https:\/\/www.telam.com.ar\/thumbs\/bluesteel\/advf\/imagenes\/2022\/12\/6390d2e31421a_1200.jpg\" alt=\"Giuliano destac el trabajo conjunto de todos los organismos nacionales y provinciales para lograr una mayor seguridad vial Foto Ministerio de Transporte\" width=\"100%\" height=\"100%\" \/><\/p>\n<div class=\"media-icons\"><\/div><figcaption>Giuliano destac\u00f3 el trabajo conjunto de todos los organismos nacionales y provinciales para lograr una mayor seguridad vial \/ \/Foto: Ministerio de Transporte<\/figcaption><\/figure>\n<p>Por otro parte, se utilizar\u00e1n drones con el objetivo de detectar y sancionar a quienes circulan de manera irresponsable poniendo en riesgo la vida de otras personas.<\/p>\n<p><strong>En la zona del Peaje de Hudson habr\u00e1 diez agentes de la ANSV<\/strong>, a cargo de Pablo Mart\u00ednez Carignano, y un despliegue de cuatro motos, siete patrullas, una camioneta de tr\u00e1nsito con radar, al\u00f3metros, alcohol\u00edmetros y dem\u00e1s equipamiento necesario, que se sumar\u00e1n a los seis m\u00f3viles y dos agentes provistos por la CNRT.<\/p>\n<p>En tanto, en toda\u00a0<strong>la traza a la Costa -en las rutas 2 y 11<\/strong>&#8211; se realizar\u00e1n controles concentrados en los puntos estrat\u00e9gicos para cuidar que se respeten las normas de seguridad vial.<\/p>\n<p>Giuliano destac\u00f3 el trabajo conjunto de todos los organismos nacionales y provinciales para lograr una mayor seguridad vial.<\/p>\n<p>\u00abTrabajamos en medidas concretas,<strong>\u00a0con presencia en 73 puntos del pa\u00eds<\/strong>, con colaboraci\u00f3n entre las diversas agencias del Estado, intervenci\u00f3n tecnol\u00f3gica a trav\u00e9s de los drones, alcohol\u00edmetros en todas nuestras rutas, patrullas de motocicletas, puntos fijos, puntos m\u00f3viles, y eso nos da un resultado concreto\u00bb, dijo el ministro en di\u00e1logo con T\u00e9lam.<\/p>\n<p>Y a\u00f1adi\u00f3:\u00a0<strong>\u00abCuando nos dicen que bajan las estad\u00edsticas de mortandad en la ruta nos da satisfacci\u00f3n, pero un muerto en la ruta nos duele, y tenemos una estad\u00edstica que dice que ha bajado mucho la siniestralidad en relaci\u00f3n a una secuencia de diez a\u00f1os; pero estos 11 muertos diarios nos duelen profundamente y la manera de demostrarlo es invirtiendo y dando un mensaje concreto\u00bb<\/strong>.<\/p>\n<blockquote class=\"twitter-tweet\" data-width=\"500\" data-dnt=\"true\">\n<p lang=\"es\" dir=\"ltr\">VIVO | El ministro <a href=\"https:\/\/twitter.com\/DiegoGiuliano?ref_src=twsrc%5Etfw\">@DiegoGiuliano<\/a> recorre los controles vehiculares desplegados en Hudson de cara al fin de semana largo, con presencia de <a href=\"https:\/\/twitter.com\/InfoSegVial?ref_src=twsrc%5Etfw\">@InfoSegVial<\/a>, <a href=\"https:\/\/twitter.com\/InfoCNRT?ref_src=twsrc%5Etfw\">@InfoCNRT<\/a> y <a href=\"https:\/\/twitter.com\/TransportePBA?ref_src=twsrc%5Etfw\">@TransportePBA<\/a>.<\/p>\n<p>Seguilo en vivo ac\u00e1 \ud83d\udc49 <a href=\"https:\/\/t.co\/DXm35ZFVwX\">https:\/\/t.co\/DXm35ZFVwX<\/a><\/p>\n<p>&mdash; Ministerio de Transporte (@MindeTransporte) <a href=\"https:\/\/twitter.com\/MindeTransporte\/status\/1600479038757253122?ref_src=twsrc%5Etfw\">December 7, 2022<\/a><\/p><\/blockquote>\n<p><script async src=\"https:\/\/platform.twitter.com\/widgets.js\" charset=\"utf-8\"><\/script><br \/>\n\u00abAqu\u00ed estamos todos mancomunados en el objetivo com\u00fan de cuidarnos la vida. Hemos tenido un desarrollo que ha bajado el \u00edndice de mortandad en la Argentina. Tenemos que trabajar fuerte en la utilizaci\u00f3n de todos los mecanismos para prevenir siniestros\u00bb, complet\u00f3.<\/p>\n<p>En ese sentido, record\u00f3 que se implementaron medidas como la obligatoriedad de uso de cintur\u00f3n de seguridad en los micros para reducir la gravedad de un siniestro.<\/p>\n<p>El titular de la CNRT, Jos\u00e9 Arteaga, asegur\u00f3 que los controles \u00abno son espasm\u00f3dicos\u00bb y destac\u00f3 que se trata de \u00abuna planificaci\u00f3n del ministerio de Transporte de la Naci\u00f3n conjuntamente con la Agencia Nacional de Seguridad Vial controlando la seguridad\u00bb.<\/p>\n<p>\u00abQue todos los transportistas tengan el control de alcoholemia, la libreta de trabajo, que todos los usuarios del transporte usen el cintur\u00f3n de seguridad porque no est\u00e1 de adorno, salva vidas. Por eso los fiscalizadores se suben a cada unidad y exigen el uso del cintur\u00f3n y obviamente toda la cuesti\u00f3n del respaldo de seguros, licencias, verificaci\u00f3n t\u00e9cnica en todas las unidades\u00bb, agreg\u00f3.<\/p>\n<figure class=\"mb-3\"><img decoding=\"async\" src=\"https:\/\/www.telam.com.ar\/thumbs\/bluesteel\/advf\/imagenes\/2022\/12\/6390d2e30113d_1200.jpg\" alt=\"se implementaron medidas como la obligatoriedad de uso de cinturn de seguridad en los micros para reducir la gravedad de un siniestro Foto Ministerio de Transporte\" width=\"100%\" height=\"100%\" \/><\/p>\n<div class=\"media-icons\"><\/div><figcaption>se implementaron medidas como la obligatoriedad de uso de cintur\u00f3n de seguridad en los micros para reducir la gravedad de un siniestro \/ Foto: Ministerio de Transporte<\/figcaption><\/figure>\n<p>Adem\u00e1s, pidi\u00f3 a los conductores de transportes de larga distancia \u00abtener mucha paciencia\u00bb porque las rutas estar\u00e1n cargadas por el fin de semana largo, e insisti\u00f3 en el uso de cintur\u00f3n y en no beber alcohol antes de manejar, adem\u00e1s de contar con todos los papeles para el transporte de pasajeros de carga y particular\u00bb.<\/p>\n<p>\u00abHabr\u00e1 mucha transitabilidad y cuando hay tr\u00e1nsito hay consumo y esto dinamiza las econom\u00edas regionales\u00bb, explic\u00f3.<\/p>\n<p>Finalmente, el ministro de Transporte bonaerense Jorge D\u00b4Onofrio expres\u00f3 que los controles son \u00abfundamentalmente de prevenci\u00f3n\u00bb.<\/p>\n<p>\u00abHemos encontrado el acompa\u00f1amiento y la complementariedad para llevar esto con eficacia, lo que nos dio tiempo para avanzar en la ley de alcohol cero que apunta a salvar vidas. Los n\u00fameros que vamos a estar publicando prontamente nos van a reflejar el trabajo que hicimos en el a\u00f1o\u00bb, concluy\u00f3.<\/p>\n<figure class=\"mb-3\"><img decoding=\"async\" src=\"https:\/\/www.telam.com.ar\/thumbs\/bluesteel\/advf\/imagenes\/2022\/12\/6390d2e2e1816_1200.jpg\" alt=\"Se realizarn controles de alcoholemia en los conductores Foto Ministerio de Transporte\" width=\"100%\" height=\"100%\" \/><\/p>\n<div class=\"media-icons\"><\/div><figcaption>Se realizar\u00e1n controles de alcoholemia en los conductores \/ Foto: Ministerio de Transporte<\/figcaption><\/figure>\n","protected":false},"excerpt":{"rendered":"<p>Abarca inspecciones vehiculares en puntos estrat\u00e9gicos, mientras que las motos de la ANSV fiscalizar\u00e1n la circulaci\u00f3n indebida por las banquinas. \u00abEstamos todos ma<\/p>\n","protected":false},"author":3,"featured_media":0,"comment_status":"closed","ping_status":"closed","sticky":false,"template":"","format":"standard","meta":{"footnotes":""},"categories":[58,33],"tags":[],"class_list":["post-81107","post","type-post","status-publish","format-standard","hentry","category-gobierno","category-turismo"],"yoast_head":"<!-- This site is optimized with the Yoast SEO plugin v25.9 - https:\/\/yoast.com\/wordpress\/plugins\/seo\/ -->\n<title>Fuerte operativo de control en las rutas del pa\u00eds por el fin de semana largo - Noticias Radio Reflejos<\/title>\n<meta name=\"robots\" content=\"index, follow, max-snippet:-1, max-image-preview:large, max-video-preview:-1\" \/>\n<link rel=\"canonical\" href=\"https:\/\/www.noticiasradioreflejos.com.ar\/2021\/fuerte-operativo-de-control-en-las-rutas-del-pais-por-el-fin-de-semana-largo\/\" \/>\n<meta property=\"og:locale\" content=\"es_ES\" \/>\n<meta property=\"og:type\" content=\"article\" \/>\n<meta property=\"og:title\" content=\"Fuerte operativo de control en las rutas del pa\u00eds por el fin de semana largo - Noticias Radio Reflejos\" \/>\n<meta property=\"og:description\" content=\"Abarca inspecciones vehiculares en puntos estrat\u00e9gicos, mientras que las motos de la ANSV fiscalizar\u00e1n la circulaci\u00f3n indebida por las banquinas. \u00abEstamos todos ma\" \/>\n<meta property=\"og:url\" content=\"https:\/\/www.noticiasradioreflejos.com.ar\/2021\/fuerte-operativo-de-control-en-las-rutas-del-pais-por-el-fin-de-semana-largo\/\" \/>\n<meta property=\"og:site_name\" content=\"Noticias Radio Reflejos\" \/>\n<meta property=\"article:published_time\" content=\"2022-12-07T19:09:51+00:00\" \/>\n<meta property=\"og:image\" content=\"https:\/\/www.telam.com.ar\/thumbs\/bluesteel\/advf\/imagenes\/2022\/12\/6390d2e33ccc0_1200.jpg\" \/>\n<meta name=\"author\" content=\"Arnaldo Botto\" \/>\n<meta name=\"twitter:card\" content=\"summary_large_image\" \/>\n<script type=\"application\/ld+json\" class=\"yoast-schema-graph\">{\"@context\":\"https:\/\/schema.org\",\"@graph\":[{\"@type\":\"WebPage\",\"@id\":\"https:\/\/www.noticiasradioreflejos.com.ar\/2021\/fuerte-operativo-de-control-en-las-rutas-del-pais-por-el-fin-de-semana-largo\/\",\"url\":\"https:\/\/www.noticiasradioreflejos.com.ar\/2021\/fuerte-operativo-de-control-en-las-rutas-del-pais-por-el-fin-de-semana-largo\/\",\"name\":\"Fuerte operativo de control en las rutas del pa\u00eds por el fin de semana largo - Noticias Radio Reflejos\",\"isPartOf\":{\"@id\":\"https:\/\/www.noticiasradioreflejos.com.ar\/2021\/#website\"},\"primaryImageOfPage\":{\"@id\":\"https:\/\/www.noticiasradioreflejos.com.ar\/2021\/fuerte-operativo-de-control-en-las-rutas-del-pais-por-el-fin-de-semana-largo\/#primaryimage\"},\"image\":{\"@id\":\"https:\/\/www.noticiasradioreflejos.com.ar\/2021\/fuerte-operativo-de-control-en-las-rutas-del-pais-por-el-fin-de-semana-largo\/#primaryimage\"},\"thumbnailUrl\":\"https:\/\/www.telam.com.ar\/thumbs\/bluesteel\/advf\/imagenes\/2022\/12\/6390d2e33ccc0_1200.jpg\",\"datePublished\":\"2022-12-07T19:09:51+00:00\",\"author\":{\"@id\":\"https:\/\/www.noticiasradioreflejos.com.ar\/2021\/#\/schema\/person\/ad82545263dcc5ec0996818884fd5fb1\"},\"breadcrumb\":{\"@id\":\"https:\/\/www.noticiasradioreflejos.com.ar\/2021\/fuerte-operativo-de-control-en-las-rutas-del-pais-por-el-fin-de-semana-largo\/#breadcrumb\"},\"inLanguage\":\"es\",\"potentialAction\":[{\"@type\":\"ReadAction\",\"target\":[\"https:\/\/www.noticiasradioreflejos.com.ar\/2021\/fuerte-operativo-de-control-en-las-rutas-del-pais-por-el-fin-de-semana-largo\/\"]}]},{\"@type\":\"ImageObject\",\"inLanguage\":\"es\",\"@id\":\"https:\/\/www.noticiasradioreflejos.com.ar\/2021\/fuerte-operativo-de-control-en-las-rutas-del-pais-por-el-fin-de-semana-largo\/#primaryimage\",\"url\":\"https:\/\/www.telam.com.ar\/thumbs\/bluesteel\/advf\/imagenes\/2022\/12\/6390d2e33ccc0_1200.jpg\",\"contentUrl\":\"https:\/\/www.telam.com.ar\/thumbs\/bluesteel\/advf\/imagenes\/2022\/12\/6390d2e33ccc0_1200.jpg\"},{\"@type\":\"BreadcrumbList\",\"@id\":\"https:\/\/www.noticiasradioreflejos.com.ar\/2021\/fuerte-operativo-de-control-en-las-rutas-del-pais-por-el-fin-de-semana-largo\/#breadcrumb\",\"itemListElement\":[{\"@type\":\"ListItem\",\"position\":1,\"name\":\"Portada\",\"item\":\"https:\/\/www.noticiasradioreflejos.com.ar\/2021\/\"},{\"@type\":\"ListItem\",\"position\":2,\"name\":\"Fuerte operativo de control en las rutas del pa\u00eds por el fin de semana largo\"}]},{\"@type\":\"WebSite\",\"@id\":\"https:\/\/www.noticiasradioreflejos.com.ar\/2021\/#website\",\"url\":\"https:\/\/www.noticiasradioreflejos.com.ar\/2021\/\",\"name\":\"Noticias Radio Reflejos\",\"description\":\"Las noticias de mi comarca\",\"potentialAction\":[{\"@type\":\"SearchAction\",\"target\":{\"@type\":\"EntryPoint\",\"urlTemplate\":\"https:\/\/www.noticiasradioreflejos.com.ar\/2021\/?s={search_term_string}\"},\"query-input\":{\"@type\":\"PropertyValueSpecification\",\"valueRequired\":true,\"valueName\":\"search_term_string\"}}],\"inLanguage\":\"es\"},{\"@type\":\"Person\",\"@id\":\"https:\/\/www.noticiasradioreflejos.com.ar\/2021\/#\/schema\/person\/ad82545263dcc5ec0996818884fd5fb1\",\"name\":\"Arnaldo Botto\",\"image\":{\"@type\":\"ImageObject\",\"inLanguage\":\"es\",\"@id\":\"https:\/\/www.noticiasradioreflejos.com.ar\/2021\/#\/schema\/person\/image\/\",\"url\":\"https:\/\/secure.gravatar.com\/avatar\/55cb5e37c1efa326397366e6974cb338056df65cb50e7d64d1cf314e87504837?s=96&d=mm&r=g\",\"contentUrl\":\"https:\/\/secure.gravatar.com\/avatar\/55cb5e37c1efa326397366e6974cb338056df65cb50e7d64d1cf314e87504837?s=96&d=mm&r=g\",\"caption\":\"Arnaldo Botto\"},\"url\":\"https:\/\/www.noticiasradioreflejos.com.ar\/2021\/author\/arnaldo\/\"}]}<\/script>\n<!-- \/ Yoast SEO plugin. -->","yoast_head_json":{"title":"Fuerte operativo de control en las rutas del pa\u00eds por el fin de semana largo - Noticias Radio Reflejos","robots":{"index":"index","follow":"follow","max-snippet":"max-snippet:-1","max-image-preview":"max-image-preview:large","max-video-preview":"max-video-preview:-1"},"canonical":"https:\/\/www.noticiasradioreflejos.com.ar\/2021\/fuerte-operativo-de-control-en-las-rutas-del-pais-por-el-fin-de-semana-largo\/","og_locale":"es_ES","og_type":"article","og_title":"Fuerte operativo de control en las rutas del pa\u00eds por el fin de semana largo - Noticias Radio Reflejos","og_description":"Abarca inspecciones vehiculares en puntos estrat\u00e9gicos, mientras que las motos de la ANSV fiscalizar\u00e1n la circulaci\u00f3n indebida por las banquinas. \u00abEstamos todos ma","og_url":"https:\/\/www.noticiasradioreflejos.com.ar\/2021\/fuerte-operativo-de-control-en-las-rutas-del-pais-por-el-fin-de-semana-largo\/","og_site_name":"Noticias Radio Reflejos","article_published_time":"2022-12-07T19:09:51+00:00","og_image":[{"url":"https:\/\/www.telam.com.ar\/thumbs\/bluesteel\/advf\/imagenes\/2022\/12\/6390d2e33ccc0_1200.jpg","type":"","width":"","height":""}],"author":"Arnaldo Botto","twitter_card":"summary_large_image","schema":{"@context":"https:\/\/schema.org","@graph":[{"@type":"WebPage","@id":"https:\/\/www.noticiasradioreflejos.com.ar\/2021\/fuerte-operativo-de-control-en-las-rutas-del-pais-por-el-fin-de-semana-largo\/","url":"https:\/\/www.noticiasradioreflejos.com.ar\/2021\/fuerte-operativo-de-control-en-las-rutas-del-pais-por-el-fin-de-semana-largo\/","name":"Fuerte operativo de control en las rutas del pa\u00eds por el fin de semana largo - Noticias Radio Reflejos","isPartOf":{"@id":"https:\/\/www.noticiasradioreflejos.com.ar\/2021\/#website"},"primaryImageOfPage":{"@id":"https:\/\/www.noticiasradioreflejos.com.ar\/2021\/fuerte-operativo-de-control-en-las-rutas-del-pais-por-el-fin-de-semana-largo\/#primaryimage"},"image":{"@id":"https:\/\/www.noticiasradioreflejos.com.ar\/2021\/fuerte-operativo-de-control-en-las-rutas-del-pais-por-el-fin-de-semana-largo\/#primaryimage"},"thumbnailUrl":"https:\/\/www.telam.com.ar\/thumbs\/bluesteel\/advf\/imagenes\/2022\/12\/6390d2e33ccc0_1200.jpg","datePublished":"2022-12-07T19:09:51+00:00","author":{"@id":"https:\/\/www.noticiasradioreflejos.com.ar\/2021\/#\/schema\/person\/ad82545263dcc5ec0996818884fd5fb1"},"breadcrumb":{"@id":"https:\/\/www.noticiasradioreflejos.com.ar\/2021\/fuerte-operativo-de-control-en-las-rutas-del-pais-por-el-fin-de-semana-largo\/#breadcrumb"},"inLanguage":"es","potentialAction":[{"@type":"ReadAction","target":["https:\/\/www.noticiasradioreflejos.com.ar\/2021\/fuerte-operativo-de-control-en-las-rutas-del-pais-por-el-fin-de-semana-largo\/"]}]},{"@type":"ImageObject","inLanguage":"es","@id":"https:\/\/www.noticiasradioreflejos.com.ar\/2021\/fuerte-operativo-de-control-en-las-rutas-del-pais-por-el-fin-de-semana-largo\/#primaryimage","url":"https:\/\/www.telam.com.ar\/thumbs\/bluesteel\/advf\/imagenes\/2022\/12\/6390d2e33ccc0_1200.jpg","contentUrl":"https:\/\/www.telam.com.ar\/thumbs\/bluesteel\/advf\/imagenes\/2022\/12\/6390d2e33ccc0_1200.jpg"},{"@type":"BreadcrumbList","@id":"https:\/\/www.noticiasradioreflejos.com.ar\/2021\/fuerte-operativo-de-control-en-las-rutas-del-pais-por-el-fin-de-semana-largo\/#breadcrumb","itemListElement":[{"@type":"ListItem","position":1,"name":"Portada","item":"https:\/\/www.noticiasradioreflejos.com.ar\/2021\/"},{"@type":"ListItem","position":2,"name":"Fuerte operativo de control en las rutas del pa\u00eds por el fin de semana largo"}]},{"@type":"WebSite","@id":"https:\/\/www.noticiasradioreflejos.com.ar\/2021\/#website","url":"https:\/\/www.noticiasradioreflejos.com.ar\/2021\/","name":"Noticias Radio Reflejos","description":"Las noticias de mi comarca","potentialAction":[{"@type":"SearchAction","target":{"@type":"EntryPoint","urlTemplate":"https:\/\/www.noticiasradioreflejos.com.ar\/2021\/?s={search_term_string}"},"query-input":{"@type":"PropertyValueSpecification","valueRequired":true,"valueName":"search_term_string"}}],"inLanguage":"es"},{"@type":"Person","@id":"https:\/\/www.noticiasradioreflejos.com.ar\/2021\/#\/schema\/person\/ad82545263dcc5ec0996818884fd5fb1","name":"Arnaldo Botto","image":{"@type":"ImageObject","inLanguage":"es","@id":"https:\/\/www.noticiasradioreflejos.com.ar\/2021\/#\/schema\/person\/image\/","url":"https:\/\/secure.gravatar.com\/avatar\/55cb5e37c1efa326397366e6974cb338056df65cb50e7d64d1cf314e87504837?s=96&d=mm&r=g","contentUrl":"https:\/\/secure.gravatar.com\/avatar\/55cb5e37c1efa326397366e6974cb338056df65cb50e7d64d1cf314e87504837?s=96&d=mm&r=g","caption":"Arnaldo Botto"},"url":"https:\/\/www.noticiasradioreflejos.com.ar\/2021\/author\/arnaldo\/"}]}},"_links":{"self":[{"href":"https:\/\/www.noticiasradioreflejos.com.ar\/2021\/wp-json\/wp\/v2\/posts\/81107","targetHints":{"allow":["GET"]}}],"collection":[{"href":"https:\/\/www.noticiasradioreflejos.com.ar\/2021\/wp-json\/wp\/v2\/posts"}],"about":[{"href":"https:\/\/www.noticiasradioreflejos.com.ar\/2021\/wp-json\/wp\/v2\/types\/post"}],"author":[{"embeddable":true,"href":"https:\/\/www.noticiasradioreflejos.com.ar\/2021\/wp-json\/wp\/v2\/users\/3"}],"replies":[{"embeddable":true,"href":"https:\/\/www.noticiasradioreflejos.com.ar\/2021\/wp-json\/wp\/v2\/comments?post=81107"}],"version-history":[{"count":1,"href":"https:\/\/www.noticiasradioreflejos.com.ar\/2021\/wp-json\/wp\/v2\/posts\/81107\/revisions"}],"predecessor-version":[{"id":81109,"href":"https:\/\/www.noticiasradioreflejos.com.ar\/2021\/wp-json\/wp\/v2\/posts\/81107\/revisions\/81109"}],"wp:attachment":[{"href":"https:\/\/www.noticiasradioreflejos.com.ar\/2021\/wp-json\/wp\/v2\/media?parent=81107"}],"wp:term":[{"taxonomy":"category","embeddable":true,"href":"https:\/\/www.noticiasradioreflejos.com.ar\/2021\/wp-json\/wp\/v2\/categories?post=81107"},{"taxonomy":"post_tag","embeddable":true,"href":"https:\/\/www.noticiasradioreflejos.com.ar\/2021\/wp-json\/wp\/v2\/tags?post=81107"}],"curies":[{"name":"wp","href":"https:\/\/api.w.org\/{rel}","templated":true}]}}