{"id":81104,"date":"2022-12-07T19:06:29","date_gmt":"2022-12-07T19:06:29","guid":{"rendered":"http:\/\/www.noticiasradioreflejos.com.ar\/2021\/?p=81104"},"modified":"2022-12-07T19:06:29","modified_gmt":"2022-12-07T19:06:29","slug":"alerta-por-cianobacterias-en-balnearios-bonaerenses-piden-que-la-gente-no-se-meta-al-agua","status":"publish","type":"post","link":"https:\/\/www.noticiasradioreflejos.com.ar\/2021\/alerta-por-cianobacterias-en-balnearios-bonaerenses-piden-que-la-gente-no-se-meta-al-agua\/","title":{"rendered":"Alerta por cianobacterias en balnearios bonaerenses: piden que la gente no se meta al agua"},"content":{"rendered":"<header class=\"news-headline\">\n<p class=\"news-headline__article-summary\">La Subsecretar\u00eda de Recursos H\u00eddricos provincial lanz\u00f3 una advertencia que abarca balnearios del R\u00edo de la Plata, el r\u00edo Salado y la laguna de Chascom\u00fas.<\/p>\n<\/header>\n<p><!--more--><\/p>\n<article class=\"article-body article-body--first-paragraph\">La provincia de Buenos Aires, emiti\u00f3 una\u00a0<strong>alerta por presencia de cianobacterias en balnearios del R\u00edo de la Plata<\/strong>\u00a0y diversos puntos provincial, que pueden ser nocivas para la salud. Como consecuencia, la\u00a0<strong>Subsecretar\u00eda de Recursos H\u00eddricos provincial recomend\u00f3 extremar los cuidados para no exponerse a estos microorganismos<\/strong>.<\/p>\n<\/article>\n<article class=\"article-body article-body--first-paragraph\">\n<h2>Qu\u00e9 son las cianobacterias<\/h2>\n<p><strong>Son organismos microsc\u00f3picos que pueden realizar fotos\u00edntesis y son reconocibles por su coloraci\u00f3n azul verdosa.\u00a0<\/strong>Se nutren de la materia org\u00e1nica del agua, por lo que son un indicador de dicho tipo de contaminaci\u00f3n.<\/p>\n<p>Dado que liberan toxinas al medio en el que se encuentran, pueden convertirse en una problem\u00e1tica significativa para la salud humana y ambiental, seg\u00fan se inform\u00f3 oficialmente.<\/p>\n<p>Entre los efectos que producen a la salud se encuentran\u00a0<strong>irritaci\u00f3n de mucosas, n\u00e1useas, v\u00f3mitos, diarrea, as\u00ed como hemorragias hep\u00e1ticas, insuficiencia renal e insuficiencia respiratoria, en los casos m\u00e1s graves<\/strong>.<\/p>\n<h2>Qu\u00e9 balnearios bonaerenses afecta<\/h2>\n<p>Seg\u00fan indic\u00f3 la Subsecretar\u00eda de Recursos H\u00eddricos provincial, se advierte la presencia de floraci\u00f3n de este tipo de algas en el balneario La Balandra y el Parador Municipal, en la localidad de Berisso; y en las lagunas Rocha (Chacabuco), San Bartolo (Alem) y Las Mulitas (25 de Mayo).<\/p>\n<p>La advertencia tambi\u00e9n abarca al r\u00edo Salado (Roque P\u00e9rez) y a los sectores del muelle, Punta Norte, San Jos\u00e9 y Puerto Aventura de la laguna de Chascom\u00fas.<\/p>\n<\/article>\n","protected":false},"excerpt":{"rendered":"<p>La Subsecretar\u00eda de Recursos H\u00eddricos provincial lanz\u00f3 una advertencia que abarca balnearios del R\u00edo de la Plata, el r\u00edo Salado y la laguna de Chascom\u00fas.<\/p>\n","protected":false},"author":3,"featured_media":0,"comment_status":"closed","ping_status":"closed","sticky":false,"template":"","format":"standard","meta":{"footnotes":""},"categories":[46],"tags":[],"class_list":["post-81104","post","type-post","status-publish","format-standard","hentry","category-ciencia-y-tecnologia"],"yoast_head":"<!-- This site is optimized with the Yoast SEO plugin v25.9 - https:\/\/yoast.com\/wordpress\/plugins\/seo\/ -->\n<title>Alerta por cianobacterias en balnearios bonaerenses: piden que la gente no se meta al agua - Noticias Radio Reflejos<\/title>\n<meta name=\"robots\" content=\"index, follow, max-snippet:-1, max-image-preview:large, max-video-preview:-1\" \/>\n<link rel=\"canonical\" href=\"https:\/\/www.noticiasradioreflejos.com.ar\/2021\/alerta-por-cianobacterias-en-balnearios-bonaerenses-piden-que-la-gente-no-se-meta-al-agua\/\" \/>\n<meta property=\"og:locale\" content=\"es_ES\" \/>\n<meta property=\"og:type\" content=\"article\" \/>\n<meta property=\"og:title\" content=\"Alerta por cianobacterias en balnearios bonaerenses: piden que la gente no se meta al agua - Noticias Radio Reflejos\" \/>\n<meta property=\"og:description\" content=\"La Subsecretar\u00eda de Recursos H\u00eddricos provincial lanz\u00f3 una advertencia que abarca balnearios del R\u00edo de la Plata, el r\u00edo Salado y la laguna de Chascom\u00fas.\" \/>\n<meta property=\"og:url\" content=\"https:\/\/www.noticiasradioreflejos.com.ar\/2021\/alerta-por-cianobacterias-en-balnearios-bonaerenses-piden-que-la-gente-no-se-meta-al-agua\/\" \/>\n<meta property=\"og:site_name\" content=\"Noticias Radio Reflejos\" \/>\n<meta property=\"article:published_time\" content=\"2022-12-07T19:06:29+00:00\" \/>\n<meta property=\"og:image\" content=\"https:\/\/www.noticiasradioreflejos.com.ar\/2021\/wp-content\/uploads\/2021\/07\/logosol300x200.png\" \/>\n\t<meta property=\"og:image:width\" content=\"300\" \/>\n\t<meta property=\"og:image:height\" content=\"200\" \/>\n\t<meta property=\"og:image:type\" content=\"image\/png\" \/>\n<meta name=\"author\" content=\"Arnaldo Botto\" \/>\n<meta name=\"twitter:card\" content=\"summary_large_image\" \/>\n<script type=\"application\/ld+json\" class=\"yoast-schema-graph\">{\"@context\":\"https:\/\/schema.org\",\"@graph\":[{\"@type\":\"WebPage\",\"@id\":\"https:\/\/www.noticiasradioreflejos.com.ar\/2021\/alerta-por-cianobacterias-en-balnearios-bonaerenses-piden-que-la-gente-no-se-meta-al-agua\/\",\"url\":\"https:\/\/www.noticiasradioreflejos.com.ar\/2021\/alerta-por-cianobacterias-en-balnearios-bonaerenses-piden-que-la-gente-no-se-meta-al-agua\/\",\"name\":\"Alerta por cianobacterias en balnearios bonaerenses: piden que la gente no se meta al agua - Noticias Radio Reflejos\",\"isPartOf\":{\"@id\":\"https:\/\/www.noticiasradioreflejos.com.ar\/2021\/#website\"},\"datePublished\":\"2022-12-07T19:06:29+00:00\",\"author\":{\"@id\":\"https:\/\/www.noticiasradioreflejos.com.ar\/2021\/#\/schema\/person\/ad82545263dcc5ec0996818884fd5fb1\"},\"breadcrumb\":{\"@id\":\"https:\/\/www.noticiasradioreflejos.com.ar\/2021\/alerta-por-cianobacterias-en-balnearios-bonaerenses-piden-que-la-gente-no-se-meta-al-agua\/#breadcrumb\"},\"inLanguage\":\"es\",\"potentialAction\":[{\"@type\":\"ReadAction\",\"target\":[\"https:\/\/www.noticiasradioreflejos.com.ar\/2021\/alerta-por-cianobacterias-en-balnearios-bonaerenses-piden-que-la-gente-no-se-meta-al-agua\/\"]}]},{\"@type\":\"BreadcrumbList\",\"@id\":\"https:\/\/www.noticiasradioreflejos.com.ar\/2021\/alerta-por-cianobacterias-en-balnearios-bonaerenses-piden-que-la-gente-no-se-meta-al-agua\/#breadcrumb\",\"itemListElement\":[{\"@type\":\"ListItem\",\"position\":1,\"name\":\"Portada\",\"item\":\"https:\/\/www.noticiasradioreflejos.com.ar\/2021\/\"},{\"@type\":\"ListItem\",\"position\":2,\"name\":\"Alerta por cianobacterias en balnearios bonaerenses: piden que la gente no se meta al agua\"}]},{\"@type\":\"WebSite\",\"@id\":\"https:\/\/www.noticiasradioreflejos.com.ar\/2021\/#website\",\"url\":\"https:\/\/www.noticiasradioreflejos.com.ar\/2021\/\",\"name\":\"Noticias Radio Reflejos\",\"description\":\"Las noticias de mi comarca\",\"potentialAction\":[{\"@type\":\"SearchAction\",\"target\":{\"@type\":\"EntryPoint\",\"urlTemplate\":\"https:\/\/www.noticiasradioreflejos.com.ar\/2021\/?s={search_term_string}\"},\"query-input\":{\"@type\":\"PropertyValueSpecification\",\"valueRequired\":true,\"valueName\":\"search_term_string\"}}],\"inLanguage\":\"es\"},{\"@type\":\"Person\",\"@id\":\"https:\/\/www.noticiasradioreflejos.com.ar\/2021\/#\/schema\/person\/ad82545263dcc5ec0996818884fd5fb1\",\"name\":\"Arnaldo Botto\",\"image\":{\"@type\":\"ImageObject\",\"inLanguage\":\"es\",\"@id\":\"https:\/\/www.noticiasradioreflejos.com.ar\/2021\/#\/schema\/person\/image\/\",\"url\":\"https:\/\/secure.gravatar.com\/avatar\/55cb5e37c1efa326397366e6974cb338056df65cb50e7d64d1cf314e87504837?s=96&d=mm&r=g\",\"contentUrl\":\"https:\/\/secure.gravatar.com\/avatar\/55cb5e37c1efa326397366e6974cb338056df65cb50e7d64d1cf314e87504837?s=96&d=mm&r=g\",\"caption\":\"Arnaldo Botto\"},\"url\":\"https:\/\/www.noticiasradioreflejos.com.ar\/2021\/author\/arnaldo\/\"}]}<\/script>\n<!-- \/ Yoast SEO plugin. -->","yoast_head_json":{"title":"Alerta por cianobacterias en balnearios bonaerenses: piden que la gente no se meta al agua - Noticias Radio Reflejos","robots":{"index":"index","follow":"follow","max-snippet":"max-snippet:-1","max-image-preview":"max-image-preview:large","max-video-preview":"max-video-preview:-1"},"canonical":"https:\/\/www.noticiasradioreflejos.com.ar\/2021\/alerta-por-cianobacterias-en-balnearios-bonaerenses-piden-que-la-gente-no-se-meta-al-agua\/","og_locale":"es_ES","og_type":"article","og_title":"Alerta por cianobacterias en balnearios bonaerenses: piden que la gente no se meta al agua - Noticias Radio Reflejos","og_description":"La Subsecretar\u00eda de Recursos H\u00eddricos provincial lanz\u00f3 una advertencia que abarca balnearios del R\u00edo de la Plata, el r\u00edo Salado y la laguna de Chascom\u00fas.","og_url":"https:\/\/www.noticiasradioreflejos.com.ar\/2021\/alerta-por-cianobacterias-en-balnearios-bonaerenses-piden-que-la-gente-no-se-meta-al-agua\/","og_site_name":"Noticias Radio Reflejos","article_published_time":"2022-12-07T19:06:29+00:00","og_image":[{"width":300,"height":200,"url":"https:\/\/www.noticiasradioreflejos.com.ar\/2021\/wp-content\/uploads\/2021\/07\/logosol300x200.png","type":"image\/png"}],"author":"Arnaldo Botto","twitter_card":"summary_large_image","schema":{"@context":"https:\/\/schema.org","@graph":[{"@type":"WebPage","@id":"https:\/\/www.noticiasradioreflejos.com.ar\/2021\/alerta-por-cianobacterias-en-balnearios-bonaerenses-piden-que-la-gente-no-se-meta-al-agua\/","url":"https:\/\/www.noticiasradioreflejos.com.ar\/2021\/alerta-por-cianobacterias-en-balnearios-bonaerenses-piden-que-la-gente-no-se-meta-al-agua\/","name":"Alerta por cianobacterias en balnearios bonaerenses: piden que la gente no se meta al agua - Noticias Radio Reflejos","isPartOf":{"@id":"https:\/\/www.noticiasradioreflejos.com.ar\/2021\/#website"},"datePublished":"2022-12-07T19:06:29+00:00","author":{"@id":"https:\/\/www.noticiasradioreflejos.com.ar\/2021\/#\/schema\/person\/ad82545263dcc5ec0996818884fd5fb1"},"breadcrumb":{"@id":"https:\/\/www.noticiasradioreflejos.com.ar\/2021\/alerta-por-cianobacterias-en-balnearios-bonaerenses-piden-que-la-gente-no-se-meta-al-agua\/#breadcrumb"},"inLanguage":"es","potentialAction":[{"@type":"ReadAction","target":["https:\/\/www.noticiasradioreflejos.com.ar\/2021\/alerta-por-cianobacterias-en-balnearios-bonaerenses-piden-que-la-gente-no-se-meta-al-agua\/"]}]},{"@type":"BreadcrumbList","@id":"https:\/\/www.noticiasradioreflejos.com.ar\/2021\/alerta-por-cianobacterias-en-balnearios-bonaerenses-piden-que-la-gente-no-se-meta-al-agua\/#breadcrumb","itemListElement":[{"@type":"ListItem","position":1,"name":"Portada","item":"https:\/\/www.noticiasradioreflejos.com.ar\/2021\/"},{"@type":"ListItem","position":2,"name":"Alerta por cianobacterias en balnearios bonaerenses: piden que la gente no se meta al agua"}]},{"@type":"WebSite","@id":"https:\/\/www.noticiasradioreflejos.com.ar\/2021\/#website","url":"https:\/\/www.noticiasradioreflejos.com.ar\/2021\/","name":"Noticias Radio Reflejos","description":"Las noticias de mi comarca","potentialAction":[{"@type":"SearchAction","target":{"@type":"EntryPoint","urlTemplate":"https:\/\/www.noticiasradioreflejos.com.ar\/2021\/?s={search_term_string}"},"query-input":{"@type":"PropertyValueSpecification","valueRequired":true,"valueName":"search_term_string"}}],"inLanguage":"es"},{"@type":"Person","@id":"https:\/\/www.noticiasradioreflejos.com.ar\/2021\/#\/schema\/person\/ad82545263dcc5ec0996818884fd5fb1","name":"Arnaldo Botto","image":{"@type":"ImageObject","inLanguage":"es","@id":"https:\/\/www.noticiasradioreflejos.com.ar\/2021\/#\/schema\/person\/image\/","url":"https:\/\/secure.gravatar.com\/avatar\/55cb5e37c1efa326397366e6974cb338056df65cb50e7d64d1cf314e87504837?s=96&d=mm&r=g","contentUrl":"https:\/\/secure.gravatar.com\/avatar\/55cb5e37c1efa326397366e6974cb338056df65cb50e7d64d1cf314e87504837?s=96&d=mm&r=g","caption":"Arnaldo Botto"},"url":"https:\/\/www.noticiasradioreflejos.com.ar\/2021\/author\/arnaldo\/"}]}},"_links":{"self":[{"href":"https:\/\/www.noticiasradioreflejos.com.ar\/2021\/wp-json\/wp\/v2\/posts\/81104","targetHints":{"allow":["GET"]}}],"collection":[{"href":"https:\/\/www.noticiasradioreflejos.com.ar\/2021\/wp-json\/wp\/v2\/posts"}],"about":[{"href":"https:\/\/www.noticiasradioreflejos.com.ar\/2021\/wp-json\/wp\/v2\/types\/post"}],"author":[{"embeddable":true,"href":"https:\/\/www.noticiasradioreflejos.com.ar\/2021\/wp-json\/wp\/v2\/users\/3"}],"replies":[{"embeddable":true,"href":"https:\/\/www.noticiasradioreflejos.com.ar\/2021\/wp-json\/wp\/v2\/comments?post=81104"}],"version-history":[{"count":1,"href":"https:\/\/www.noticiasradioreflejos.com.ar\/2021\/wp-json\/wp\/v2\/posts\/81104\/revisions"}],"predecessor-version":[{"id":81106,"href":"https:\/\/www.noticiasradioreflejos.com.ar\/2021\/wp-json\/wp\/v2\/posts\/81104\/revisions\/81106"}],"wp:attachment":[{"href":"https:\/\/www.noticiasradioreflejos.com.ar\/2021\/wp-json\/wp\/v2\/media?parent=81104"}],"wp:term":[{"taxonomy":"category","embeddable":true,"href":"https:\/\/www.noticiasradioreflejos.com.ar\/2021\/wp-json\/wp\/v2\/categories?post=81104"},{"taxonomy":"post_tag","embeddable":true,"href":"https:\/\/www.noticiasradioreflejos.com.ar\/2021\/wp-json\/wp\/v2\/tags?post=81104"}],"curies":[{"name":"wp","href":"https:\/\/api.w.org\/{rel}","templated":true}]}}