{"id":81100,"date":"2022-12-07T19:00:58","date_gmt":"2022-12-07T19:00:58","guid":{"rendered":"http:\/\/www.noticiasradioreflejos.com.ar\/2021\/?p=81100"},"modified":"2022-12-07T19:00:58","modified_gmt":"2022-12-07T19:00:58","slug":"escuelas-secundarias-del-distrito-y-el-cef-n-9-recibieron-materiales-deportivos","status":"publish","type":"post","link":"https:\/\/www.noticiasradioreflejos.com.ar\/2021\/escuelas-secundarias-del-distrito-y-el-cef-n-9-recibieron-materiales-deportivos\/","title":{"rendered":"Escuelas secundarias del distrito y el CEF N\u00b0 9 recibieron materiales deportivos"},"content":{"rendered":"<p>Este martes se efectu\u00f3 en el distrito de Tornquist, la entrega de materiales deportivos, en el marco del Plan de inversi\u00f3n para el equipamiento de educaci\u00f3n f\u00edsica impulsado por la Direcci\u00f3n General de Cultura y Educaci\u00f3n de la Provincia de Buenos Aires.<!--more--><\/p>\n<p><a data-flickr-embed=\"true\" href=\"https:\/\/www.flickr.com\/photos\/182279889@N02\/52548693202\/in\/dateposted-public\/\" title=\"Entrega materiales deportivos (1)\"><img loading=\"lazy\" decoding=\"async\" src=\"https:\/\/live.staticflickr.com\/65535\/52548693202_72e6aa7682_c.jpg\" width=\"800\" height=\"600\" alt=\"Entrega materiales deportivos (1)\"><\/a><script async src=\"\/\/embedr.flickr.com\/assets\/client-code.js\" charset=\"utf-8\"><\/script><\/p>\n<p>A trav\u00e9s del programa, todas las escuelas secundarias del distrito y el Centro de Educaci\u00f3n F\u00edsica N\u00b0 9 recibieron diferentes materiales, con una inversi\u00f3n total de m\u00e1s de dos millones de pesos.<\/p>\n<p>Se trata de completos kits compuestos por pelotas de v\u00f3ley, f\u00fatbol, b\u00e1squet y de handball, aros, colchonetas, conos, redes, sogas y pecheras, entre otros elementos. <\/p>\n<p>Los actos de entrega tuvieron lugar en el Gimnasio Municipal \u2018Eva Per\u00f3n\u2019 de Tornquist y en la Escuela Secundaria N\u00b0 5 de Villa Ventana, y contaron con la presencia de la Subsecretaria de Deportes, Sof\u00eda Urriaga; el Inspector de Educaci\u00f3n F\u00edsica, Javier N\u00fa\u00f1ez; la Inspectora Jefe Distrital, Marcela Gim\u00e9nez; la Subsecretaria de Juventudes, Pol\u00edticas de G\u00e9nero y Diversidades, Daniela Aguilar; y directivos de los diferentes establecimientos educativos.<\/p>\n<p><a data-flickr-embed=\"true\" href=\"https:\/\/www.flickr.com\/photos\/182279889@N02\/52549626710\/in\/dateposted-public\/\" title=\"Entrega materiales deportivos (1)\"><img loading=\"lazy\" decoding=\"async\" src=\"https:\/\/live.staticflickr.com\/65535\/52549626710_be7e9ae144_c.jpg\" width=\"800\" height=\"470\" alt=\"Entrega materiales deportivos (1)\"><\/a><script async src=\"\/\/embedr.flickr.com\/assets\/client-code.js\" charset=\"utf-8\"><\/script><\/p>\n<p><a data-flickr-embed=\"true\" href=\"https:\/\/www.flickr.com\/photos\/182279889@N02\/52549697903\/in\/dateposted-public\/\" title=\"Entrega materiales deportivos (5)\"><img loading=\"lazy\" decoding=\"async\" src=\"https:\/\/live.staticflickr.com\/65535\/52549697903_704341f0c4_c.jpg\" width=\"800\" height=\"600\" alt=\"Entrega materiales deportivos (5)\"><\/a><script async src=\"\/\/embedr.flickr.com\/assets\/client-code.js\" charset=\"utf-8\"><\/script><\/p>\n<p><a data-flickr-embed=\"true\" href=\"https:\/\/www.flickr.com\/photos\/182279889@N02\/52549698063\/in\/dateposted-public\/\" title=\"Entrega materiales deportivos (7)\"><img loading=\"lazy\" decoding=\"async\" src=\"https:\/\/live.staticflickr.com\/65535\/52549698063_bc5f7884bd_c.jpg\" width=\"800\" height=\"600\" alt=\"Entrega materiales deportivos (7)\"><\/a><script async src=\"\/\/embedr.flickr.com\/assets\/client-code.js\" charset=\"utf-8\"><\/script><\/p>\n<p><a data-flickr-embed=\"true\" href=\"https:\/\/www.flickr.com\/photos\/182279889@N02\/52549153711\/in\/dateposted-public\/\" title=\"Entrega materiales deportivos (8)\"><img loading=\"lazy\" decoding=\"async\" src=\"https:\/\/live.staticflickr.com\/65535\/52549153711_76122c536d_c.jpg\" width=\"800\" height=\"600\" alt=\"Entrega materiales deportivos (8)\"><\/a><script async src=\"\/\/embedr.flickr.com\/assets\/client-code.js\" charset=\"utf-8\"><\/script><\/p>\n<p><a data-flickr-embed=\"true\" href=\"https:\/\/www.flickr.com\/photos\/182279889@N02\/52549627000\/in\/dateposted-public\/\" title=\"Entrega materiales deportivos (4)\"><img loading=\"lazy\" decoding=\"async\" src=\"https:\/\/live.staticflickr.com\/65535\/52549627000_49f8808eee_c.jpg\" width=\"800\" height=\"600\" alt=\"Entrega materiales deportivos (4)\"><\/a><script async src=\"\/\/embedr.flickr.com\/assets\/client-code.js\" charset=\"utf-8\"><\/script><\/p>\n","protected":false},"excerpt":{"rendered":"<p>Este martes se efectu\u00f3 en el distrito de Tornquist, la entrega de materiales deportivos, en el marco del Plan de inversi\u00f3n para el equipamiento de educaci\u00f3n f\u00edsica impulsado por la Direcci\u00f3n General de Cultura y Educaci\u00f3n de la Provincia de Buenos Aires.<\/p>\n","protected":false},"author":3,"featured_media":0,"comment_status":"closed","ping_status":"closed","sticky":false,"template":"","format":"standard","meta":{"footnotes":""},"categories":[27,34],"tags":[],"class_list":["post-81100","post","type-post","status-publish","format-standard","hentry","category-deportes","category-educacion"],"yoast_head":"<!-- This site is optimized with the Yoast SEO plugin v25.9 - https:\/\/yoast.com\/wordpress\/plugins\/seo\/ -->\n<title>Escuelas secundarias del distrito y el CEF N\u00b0 9 recibieron materiales deportivos - Noticias Radio Reflejos<\/title>\n<meta name=\"robots\" content=\"index, follow, max-snippet:-1, max-image-preview:large, max-video-preview:-1\" \/>\n<link rel=\"canonical\" href=\"https:\/\/www.noticiasradioreflejos.com.ar\/2021\/escuelas-secundarias-del-distrito-y-el-cef-n-9-recibieron-materiales-deportivos\/\" \/>\n<meta property=\"og:locale\" content=\"es_ES\" \/>\n<meta property=\"og:type\" content=\"article\" \/>\n<meta property=\"og:title\" content=\"Escuelas secundarias del distrito y el CEF N\u00b0 9 recibieron materiales deportivos - Noticias Radio Reflejos\" \/>\n<meta property=\"og:description\" content=\"Este martes se efectu\u00f3 en el distrito de Tornquist, la entrega de materiales deportivos, en el marco del Plan de inversi\u00f3n para el equipamiento de educaci\u00f3n f\u00edsica impulsado por la Direcci\u00f3n General de Cultura y Educaci\u00f3n de la Provincia de Buenos Aires.\" \/>\n<meta property=\"og:url\" content=\"https:\/\/www.noticiasradioreflejos.com.ar\/2021\/escuelas-secundarias-del-distrito-y-el-cef-n-9-recibieron-materiales-deportivos\/\" \/>\n<meta property=\"og:site_name\" content=\"Noticias Radio Reflejos\" \/>\n<meta property=\"article:published_time\" content=\"2022-12-07T19:00:58+00:00\" \/>\n<meta property=\"og:image\" content=\"https:\/\/live.staticflickr.com\/65535\/52548693202_72e6aa7682_c.jpg\" \/>\n<meta name=\"author\" content=\"Arnaldo Botto\" \/>\n<meta name=\"twitter:card\" content=\"summary_large_image\" \/>\n<script type=\"application\/ld+json\" class=\"yoast-schema-graph\">{\"@context\":\"https:\/\/schema.org\",\"@graph\":[{\"@type\":\"WebPage\",\"@id\":\"https:\/\/www.noticiasradioreflejos.com.ar\/2021\/escuelas-secundarias-del-distrito-y-el-cef-n-9-recibieron-materiales-deportivos\/\",\"url\":\"https:\/\/www.noticiasradioreflejos.com.ar\/2021\/escuelas-secundarias-del-distrito-y-el-cef-n-9-recibieron-materiales-deportivos\/\",\"name\":\"Escuelas secundarias del distrito y el CEF N\u00b0 9 recibieron materiales deportivos - Noticias Radio Reflejos\",\"isPartOf\":{\"@id\":\"https:\/\/www.noticiasradioreflejos.com.ar\/2021\/#website\"},\"primaryImageOfPage\":{\"@id\":\"https:\/\/www.noticiasradioreflejos.com.ar\/2021\/escuelas-secundarias-del-distrito-y-el-cef-n-9-recibieron-materiales-deportivos\/#primaryimage\"},\"image\":{\"@id\":\"https:\/\/www.noticiasradioreflejos.com.ar\/2021\/escuelas-secundarias-del-distrito-y-el-cef-n-9-recibieron-materiales-deportivos\/#primaryimage\"},\"thumbnailUrl\":\"https:\/\/live.staticflickr.com\/65535\/52548693202_72e6aa7682_c.jpg\",\"datePublished\":\"2022-12-07T19:00:58+00:00\",\"author\":{\"@id\":\"https:\/\/www.noticiasradioreflejos.com.ar\/2021\/#\/schema\/person\/ad82545263dcc5ec0996818884fd5fb1\"},\"breadcrumb\":{\"@id\":\"https:\/\/www.noticiasradioreflejos.com.ar\/2021\/escuelas-secundarias-del-distrito-y-el-cef-n-9-recibieron-materiales-deportivos\/#breadcrumb\"},\"inLanguage\":\"es\",\"potentialAction\":[{\"@type\":\"ReadAction\",\"target\":[\"https:\/\/www.noticiasradioreflejos.com.ar\/2021\/escuelas-secundarias-del-distrito-y-el-cef-n-9-recibieron-materiales-deportivos\/\"]}]},{\"@type\":\"ImageObject\",\"inLanguage\":\"es\",\"@id\":\"https:\/\/www.noticiasradioreflejos.com.ar\/2021\/escuelas-secundarias-del-distrito-y-el-cef-n-9-recibieron-materiales-deportivos\/#primaryimage\",\"url\":\"https:\/\/live.staticflickr.com\/65535\/52548693202_72e6aa7682_c.jpg\",\"contentUrl\":\"https:\/\/live.staticflickr.com\/65535\/52548693202_72e6aa7682_c.jpg\"},{\"@type\":\"BreadcrumbList\",\"@id\":\"https:\/\/www.noticiasradioreflejos.com.ar\/2021\/escuelas-secundarias-del-distrito-y-el-cef-n-9-recibieron-materiales-deportivos\/#breadcrumb\",\"itemListElement\":[{\"@type\":\"ListItem\",\"position\":1,\"name\":\"Portada\",\"item\":\"https:\/\/www.noticiasradioreflejos.com.ar\/2021\/\"},{\"@type\":\"ListItem\",\"position\":2,\"name\":\"Escuelas secundarias del distrito y el CEF N\u00b0 9 recibieron materiales deportivos\"}]},{\"@type\":\"WebSite\",\"@id\":\"https:\/\/www.noticiasradioreflejos.com.ar\/2021\/#website\",\"url\":\"https:\/\/www.noticiasradioreflejos.com.ar\/2021\/\",\"name\":\"Noticias Radio Reflejos\",\"description\":\"Las noticias de mi comarca\",\"potentialAction\":[{\"@type\":\"SearchAction\",\"target\":{\"@type\":\"EntryPoint\",\"urlTemplate\":\"https:\/\/www.noticiasradioreflejos.com.ar\/2021\/?s={search_term_string}\"},\"query-input\":{\"@type\":\"PropertyValueSpecification\",\"valueRequired\":true,\"valueName\":\"search_term_string\"}}],\"inLanguage\":\"es\"},{\"@type\":\"Person\",\"@id\":\"https:\/\/www.noticiasradioreflejos.com.ar\/2021\/#\/schema\/person\/ad82545263dcc5ec0996818884fd5fb1\",\"name\":\"Arnaldo Botto\",\"image\":{\"@type\":\"ImageObject\",\"inLanguage\":\"es\",\"@id\":\"https:\/\/www.noticiasradioreflejos.com.ar\/2021\/#\/schema\/person\/image\/\",\"url\":\"https:\/\/secure.gravatar.com\/avatar\/55cb5e37c1efa326397366e6974cb338056df65cb50e7d64d1cf314e87504837?s=96&d=mm&r=g\",\"contentUrl\":\"https:\/\/secure.gravatar.com\/avatar\/55cb5e37c1efa326397366e6974cb338056df65cb50e7d64d1cf314e87504837?s=96&d=mm&r=g\",\"caption\":\"Arnaldo Botto\"},\"url\":\"https:\/\/www.noticiasradioreflejos.com.ar\/2021\/author\/arnaldo\/\"}]}<\/script>\n<!-- \/ Yoast SEO plugin. -->","yoast_head_json":{"title":"Escuelas secundarias del distrito y el CEF N\u00b0 9 recibieron materiales deportivos - Noticias Radio Reflejos","robots":{"index":"index","follow":"follow","max-snippet":"max-snippet:-1","max-image-preview":"max-image-preview:large","max-video-preview":"max-video-preview:-1"},"canonical":"https:\/\/www.noticiasradioreflejos.com.ar\/2021\/escuelas-secundarias-del-distrito-y-el-cef-n-9-recibieron-materiales-deportivos\/","og_locale":"es_ES","og_type":"article","og_title":"Escuelas secundarias del distrito y el CEF N\u00b0 9 recibieron materiales deportivos - Noticias Radio Reflejos","og_description":"Este martes se efectu\u00f3 en el distrito de Tornquist, la entrega de materiales deportivos, en el marco del Plan de inversi\u00f3n para el equipamiento de educaci\u00f3n f\u00edsica impulsado por la Direcci\u00f3n General de Cultura y Educaci\u00f3n de la Provincia de Buenos Aires.","og_url":"https:\/\/www.noticiasradioreflejos.com.ar\/2021\/escuelas-secundarias-del-distrito-y-el-cef-n-9-recibieron-materiales-deportivos\/","og_site_name":"Noticias Radio Reflejos","article_published_time":"2022-12-07T19:00:58+00:00","og_image":[{"url":"https:\/\/live.staticflickr.com\/65535\/52548693202_72e6aa7682_c.jpg","type":"","width":"","height":""}],"author":"Arnaldo Botto","twitter_card":"summary_large_image","schema":{"@context":"https:\/\/schema.org","@graph":[{"@type":"WebPage","@id":"https:\/\/www.noticiasradioreflejos.com.ar\/2021\/escuelas-secundarias-del-distrito-y-el-cef-n-9-recibieron-materiales-deportivos\/","url":"https:\/\/www.noticiasradioreflejos.com.ar\/2021\/escuelas-secundarias-del-distrito-y-el-cef-n-9-recibieron-materiales-deportivos\/","name":"Escuelas secundarias del distrito y el CEF N\u00b0 9 recibieron materiales deportivos - Noticias Radio Reflejos","isPartOf":{"@id":"https:\/\/www.noticiasradioreflejos.com.ar\/2021\/#website"},"primaryImageOfPage":{"@id":"https:\/\/www.noticiasradioreflejos.com.ar\/2021\/escuelas-secundarias-del-distrito-y-el-cef-n-9-recibieron-materiales-deportivos\/#primaryimage"},"image":{"@id":"https:\/\/www.noticiasradioreflejos.com.ar\/2021\/escuelas-secundarias-del-distrito-y-el-cef-n-9-recibieron-materiales-deportivos\/#primaryimage"},"thumbnailUrl":"https:\/\/live.staticflickr.com\/65535\/52548693202_72e6aa7682_c.jpg","datePublished":"2022-12-07T19:00:58+00:00","author":{"@id":"https:\/\/www.noticiasradioreflejos.com.ar\/2021\/#\/schema\/person\/ad82545263dcc5ec0996818884fd5fb1"},"breadcrumb":{"@id":"https:\/\/www.noticiasradioreflejos.com.ar\/2021\/escuelas-secundarias-del-distrito-y-el-cef-n-9-recibieron-materiales-deportivos\/#breadcrumb"},"inLanguage":"es","potentialAction":[{"@type":"ReadAction","target":["https:\/\/www.noticiasradioreflejos.com.ar\/2021\/escuelas-secundarias-del-distrito-y-el-cef-n-9-recibieron-materiales-deportivos\/"]}]},{"@type":"ImageObject","inLanguage":"es","@id":"https:\/\/www.noticiasradioreflejos.com.ar\/2021\/escuelas-secundarias-del-distrito-y-el-cef-n-9-recibieron-materiales-deportivos\/#primaryimage","url":"https:\/\/live.staticflickr.com\/65535\/52548693202_72e6aa7682_c.jpg","contentUrl":"https:\/\/live.staticflickr.com\/65535\/52548693202_72e6aa7682_c.jpg"},{"@type":"BreadcrumbList","@id":"https:\/\/www.noticiasradioreflejos.com.ar\/2021\/escuelas-secundarias-del-distrito-y-el-cef-n-9-recibieron-materiales-deportivos\/#breadcrumb","itemListElement":[{"@type":"ListItem","position":1,"name":"Portada","item":"https:\/\/www.noticiasradioreflejos.com.ar\/2021\/"},{"@type":"ListItem","position":2,"name":"Escuelas secundarias del distrito y el CEF N\u00b0 9 recibieron materiales deportivos"}]},{"@type":"WebSite","@id":"https:\/\/www.noticiasradioreflejos.com.ar\/2021\/#website","url":"https:\/\/www.noticiasradioreflejos.com.ar\/2021\/","name":"Noticias Radio Reflejos","description":"Las noticias de mi comarca","potentialAction":[{"@type":"SearchAction","target":{"@type":"EntryPoint","urlTemplate":"https:\/\/www.noticiasradioreflejos.com.ar\/2021\/?s={search_term_string}"},"query-input":{"@type":"PropertyValueSpecification","valueRequired":true,"valueName":"search_term_string"}}],"inLanguage":"es"},{"@type":"Person","@id":"https:\/\/www.noticiasradioreflejos.com.ar\/2021\/#\/schema\/person\/ad82545263dcc5ec0996818884fd5fb1","name":"Arnaldo Botto","image":{"@type":"ImageObject","inLanguage":"es","@id":"https:\/\/www.noticiasradioreflejos.com.ar\/2021\/#\/schema\/person\/image\/","url":"https:\/\/secure.gravatar.com\/avatar\/55cb5e37c1efa326397366e6974cb338056df65cb50e7d64d1cf314e87504837?s=96&d=mm&r=g","contentUrl":"https:\/\/secure.gravatar.com\/avatar\/55cb5e37c1efa326397366e6974cb338056df65cb50e7d64d1cf314e87504837?s=96&d=mm&r=g","caption":"Arnaldo Botto"},"url":"https:\/\/www.noticiasradioreflejos.com.ar\/2021\/author\/arnaldo\/"}]}},"_links":{"self":[{"href":"https:\/\/www.noticiasradioreflejos.com.ar\/2021\/wp-json\/wp\/v2\/posts\/81100","targetHints":{"allow":["GET"]}}],"collection":[{"href":"https:\/\/www.noticiasradioreflejos.com.ar\/2021\/wp-json\/wp\/v2\/posts"}],"about":[{"href":"https:\/\/www.noticiasradioreflejos.com.ar\/2021\/wp-json\/wp\/v2\/types\/post"}],"author":[{"embeddable":true,"href":"https:\/\/www.noticiasradioreflejos.com.ar\/2021\/wp-json\/wp\/v2\/users\/3"}],"replies":[{"embeddable":true,"href":"https:\/\/www.noticiasradioreflejos.com.ar\/2021\/wp-json\/wp\/v2\/comments?post=81100"}],"version-history":[{"count":1,"href":"https:\/\/www.noticiasradioreflejos.com.ar\/2021\/wp-json\/wp\/v2\/posts\/81100\/revisions"}],"predecessor-version":[{"id":81102,"href":"https:\/\/www.noticiasradioreflejos.com.ar\/2021\/wp-json\/wp\/v2\/posts\/81100\/revisions\/81102"}],"wp:attachment":[{"href":"https:\/\/www.noticiasradioreflejos.com.ar\/2021\/wp-json\/wp\/v2\/media?parent=81100"}],"wp:term":[{"taxonomy":"category","embeddable":true,"href":"https:\/\/www.noticiasradioreflejos.com.ar\/2021\/wp-json\/wp\/v2\/categories?post=81100"},{"taxonomy":"post_tag","embeddable":true,"href":"https:\/\/www.noticiasradioreflejos.com.ar\/2021\/wp-json\/wp\/v2\/tags?post=81100"}],"curies":[{"name":"wp","href":"https:\/\/api.w.org\/{rel}","templated":true}]}}