{"id":8109,"date":"2017-03-17T00:10:28","date_gmt":"2017-03-17T03:10:28","guid":{"rendered":"http:\/\/noticiasradioreflejos.com.ar\/noticias\/?p=8109"},"modified":"2017-03-17T00:10:28","modified_gmt":"2017-03-17T03:10:28","slug":"atencion-la-biblioteca-de-sierra-de-la-ventana-recibe-cv-para-personal-de-trabajo-matutino","status":"publish","type":"post","link":"https:\/\/www.noticiasradioreflejos.com.ar\/2021\/atencion-la-biblioteca-de-sierra-de-la-ventana-recibe-cv-para-personal-de-trabajo-matutino\/","title":{"rendered":"Atenci\u00f3n: La Biblioteca de Sierra de la Ventana recibe CV para personal de trabajo matutino"},"content":{"rendered":"<p>Queremos contarles que hasta este viernes 17 de marzo recibiremos Curriculums Vitae de aquellos interesados en cubrir el horario matinal (de 10 a 13 horas). Luego, ser\u00e1n evaluados por la Comisi\u00f3n Directiva.<!--more--><\/p>\n<div>Informamos adem\u00e1s que a partir del pr\u00f3ximo lunes 20 de marzo, el horario de la Biblio ser\u00e1 de lunes a viernes, de 12 a 20 horas. Los s\u00e1bados seguimos de 17 a 21 horas.<\/div>\n<div>\nLos esperamos!!!<\/p>\n<div class=\"yj6qo ajU\">\n<div id=\":fp\" class=\"ajR\" tabindex=\"0\" data-tooltip=\"Mostrar contenido reducido\"><img decoding=\"async\" class=\"ajT\" src=\"https:\/\/ssl.gstatic.com\/ui\/v1\/icons\/mail\/images\/cleardot.gif\" \/><\/div>\n<\/div>\n<\/div>\n","protected":false},"excerpt":{"rendered":"<p>Queremos contarles que hasta este viernes 17 de marzo recibiremos Curriculums Vitae de aquellos interesados en cubrir el horario matinal (de 10 a 13 horas). Luego, ser\u00e1n evaluados por la Comisi\u00f3n Directiva.<\/p>\n","protected":false},"author":3,"featured_media":0,"comment_status":"closed","ping_status":"open","sticky":false,"template":"","format":"standard","meta":{"footnotes":""},"categories":[37],"tags":[],"class_list":["post-8109","post","type-post","status-publish","format-standard","hentry","category-clasificados"],"yoast_head":"<!-- This site is optimized with the Yoast SEO plugin v25.9 - https:\/\/yoast.com\/wordpress\/plugins\/seo\/ -->\n<title>Atenci\u00f3n: La Biblioteca de Sierra de la Ventana recibe CV para personal de trabajo matutino - Noticias Radio Reflejos<\/title>\n<meta name=\"robots\" content=\"index, follow, max-snippet:-1, max-image-preview:large, max-video-preview:-1\" \/>\n<link rel=\"canonical\" href=\"https:\/\/www.noticiasradioreflejos.com.ar\/2021\/atencion-la-biblioteca-de-sierra-de-la-ventana-recibe-cv-para-personal-de-trabajo-matutino\/\" \/>\n<meta property=\"og:locale\" content=\"es_ES\" \/>\n<meta property=\"og:type\" content=\"article\" \/>\n<meta property=\"og:title\" content=\"Atenci\u00f3n: La Biblioteca de Sierra de la Ventana recibe CV para personal de trabajo matutino - Noticias Radio Reflejos\" \/>\n<meta property=\"og:description\" content=\"Queremos contarles que hasta este viernes 17 de marzo recibiremos Curriculums Vitae de aquellos interesados en cubrir el horario matinal (de 10 a 13 horas). Luego, ser\u00e1n evaluados por la Comisi\u00f3n Directiva.\" \/>\n<meta property=\"og:url\" content=\"https:\/\/www.noticiasradioreflejos.com.ar\/2021\/atencion-la-biblioteca-de-sierra-de-la-ventana-recibe-cv-para-personal-de-trabajo-matutino\/\" \/>\n<meta property=\"og:site_name\" content=\"Noticias Radio Reflejos\" \/>\n<meta property=\"article:published_time\" content=\"2017-03-17T03:10:28+00:00\" \/>\n<meta property=\"og:image\" content=\"https:\/\/ssl.gstatic.com\/ui\/v1\/icons\/mail\/images\/cleardot.gif\" \/>\n<meta name=\"author\" content=\"Arnaldo Botto\" \/>\n<meta name=\"twitter:card\" content=\"summary_large_image\" \/>\n<script type=\"application\/ld+json\" class=\"yoast-schema-graph\">{\"@context\":\"https:\/\/schema.org\",\"@graph\":[{\"@type\":\"WebPage\",\"@id\":\"https:\/\/www.noticiasradioreflejos.com.ar\/2021\/atencion-la-biblioteca-de-sierra-de-la-ventana-recibe-cv-para-personal-de-trabajo-matutino\/\",\"url\":\"https:\/\/www.noticiasradioreflejos.com.ar\/2021\/atencion-la-biblioteca-de-sierra-de-la-ventana-recibe-cv-para-personal-de-trabajo-matutino\/\",\"name\":\"Atenci\u00f3n: La Biblioteca de Sierra de la Ventana recibe CV para personal de trabajo matutino - Noticias Radio Reflejos\",\"isPartOf\":{\"@id\":\"https:\/\/www.noticiasradioreflejos.com.ar\/2021\/#website\"},\"primaryImageOfPage\":{\"@id\":\"https:\/\/www.noticiasradioreflejos.com.ar\/2021\/atencion-la-biblioteca-de-sierra-de-la-ventana-recibe-cv-para-personal-de-trabajo-matutino\/#primaryimage\"},\"image\":{\"@id\":\"https:\/\/www.noticiasradioreflejos.com.ar\/2021\/atencion-la-biblioteca-de-sierra-de-la-ventana-recibe-cv-para-personal-de-trabajo-matutino\/#primaryimage\"},\"thumbnailUrl\":\"https:\/\/ssl.gstatic.com\/ui\/v1\/icons\/mail\/images\/cleardot.gif\",\"datePublished\":\"2017-03-17T03:10:28+00:00\",\"author\":{\"@id\":\"https:\/\/www.noticiasradioreflejos.com.ar\/2021\/#\/schema\/person\/ad82545263dcc5ec0996818884fd5fb1\"},\"breadcrumb\":{\"@id\":\"https:\/\/www.noticiasradioreflejos.com.ar\/2021\/atencion-la-biblioteca-de-sierra-de-la-ventana-recibe-cv-para-personal-de-trabajo-matutino\/#breadcrumb\"},\"inLanguage\":\"es\",\"potentialAction\":[{\"@type\":\"ReadAction\",\"target\":[\"https:\/\/www.noticiasradioreflejos.com.ar\/2021\/atencion-la-biblioteca-de-sierra-de-la-ventana-recibe-cv-para-personal-de-trabajo-matutino\/\"]}]},{\"@type\":\"ImageObject\",\"inLanguage\":\"es\",\"@id\":\"https:\/\/www.noticiasradioreflejos.com.ar\/2021\/atencion-la-biblioteca-de-sierra-de-la-ventana-recibe-cv-para-personal-de-trabajo-matutino\/#primaryimage\",\"url\":\"https:\/\/ssl.gstatic.com\/ui\/v1\/icons\/mail\/images\/cleardot.gif\",\"contentUrl\":\"https:\/\/ssl.gstatic.com\/ui\/v1\/icons\/mail\/images\/cleardot.gif\"},{\"@type\":\"BreadcrumbList\",\"@id\":\"https:\/\/www.noticiasradioreflejos.com.ar\/2021\/atencion-la-biblioteca-de-sierra-de-la-ventana-recibe-cv-para-personal-de-trabajo-matutino\/#breadcrumb\",\"itemListElement\":[{\"@type\":\"ListItem\",\"position\":1,\"name\":\"Portada\",\"item\":\"https:\/\/www.noticiasradioreflejos.com.ar\/2021\/\"},{\"@type\":\"ListItem\",\"position\":2,\"name\":\"Atenci\u00f3n: La Biblioteca de Sierra de la Ventana recibe CV para personal de trabajo matutino\"}]},{\"@type\":\"WebSite\",\"@id\":\"https:\/\/www.noticiasradioreflejos.com.ar\/2021\/#website\",\"url\":\"https:\/\/www.noticiasradioreflejos.com.ar\/2021\/\",\"name\":\"Noticias Radio Reflejos\",\"description\":\"Las noticias de mi comarca\",\"potentialAction\":[{\"@type\":\"SearchAction\",\"target\":{\"@type\":\"EntryPoint\",\"urlTemplate\":\"https:\/\/www.noticiasradioreflejos.com.ar\/2021\/?s={search_term_string}\"},\"query-input\":{\"@type\":\"PropertyValueSpecification\",\"valueRequired\":true,\"valueName\":\"search_term_string\"}}],\"inLanguage\":\"es\"},{\"@type\":\"Person\",\"@id\":\"https:\/\/www.noticiasradioreflejos.com.ar\/2021\/#\/schema\/person\/ad82545263dcc5ec0996818884fd5fb1\",\"name\":\"Arnaldo Botto\",\"image\":{\"@type\":\"ImageObject\",\"inLanguage\":\"es\",\"@id\":\"https:\/\/www.noticiasradioreflejos.com.ar\/2021\/#\/schema\/person\/image\/\",\"url\":\"https:\/\/secure.gravatar.com\/avatar\/55cb5e37c1efa326397366e6974cb338056df65cb50e7d64d1cf314e87504837?s=96&d=mm&r=g\",\"contentUrl\":\"https:\/\/secure.gravatar.com\/avatar\/55cb5e37c1efa326397366e6974cb338056df65cb50e7d64d1cf314e87504837?s=96&d=mm&r=g\",\"caption\":\"Arnaldo Botto\"},\"url\":\"https:\/\/www.noticiasradioreflejos.com.ar\/2021\/author\/arnaldo\/\"}]}<\/script>\n<!-- \/ Yoast SEO plugin. -->","yoast_head_json":{"title":"Atenci\u00f3n: La Biblioteca de Sierra de la Ventana recibe CV para personal de trabajo matutino - Noticias Radio Reflejos","robots":{"index":"index","follow":"follow","max-snippet":"max-snippet:-1","max-image-preview":"max-image-preview:large","max-video-preview":"max-video-preview:-1"},"canonical":"https:\/\/www.noticiasradioreflejos.com.ar\/2021\/atencion-la-biblioteca-de-sierra-de-la-ventana-recibe-cv-para-personal-de-trabajo-matutino\/","og_locale":"es_ES","og_type":"article","og_title":"Atenci\u00f3n: La Biblioteca de Sierra de la Ventana recibe CV para personal de trabajo matutino - Noticias Radio Reflejos","og_description":"Queremos contarles que hasta este viernes 17 de marzo recibiremos Curriculums Vitae de aquellos interesados en cubrir el horario matinal (de 10 a 13 horas). Luego, ser\u00e1n evaluados por la Comisi\u00f3n Directiva.","og_url":"https:\/\/www.noticiasradioreflejos.com.ar\/2021\/atencion-la-biblioteca-de-sierra-de-la-ventana-recibe-cv-para-personal-de-trabajo-matutino\/","og_site_name":"Noticias Radio Reflejos","article_published_time":"2017-03-17T03:10:28+00:00","og_image":[{"url":"https:\/\/ssl.gstatic.com\/ui\/v1\/icons\/mail\/images\/cleardot.gif","type":"","width":"","height":""}],"author":"Arnaldo Botto","twitter_card":"summary_large_image","schema":{"@context":"https:\/\/schema.org","@graph":[{"@type":"WebPage","@id":"https:\/\/www.noticiasradioreflejos.com.ar\/2021\/atencion-la-biblioteca-de-sierra-de-la-ventana-recibe-cv-para-personal-de-trabajo-matutino\/","url":"https:\/\/www.noticiasradioreflejos.com.ar\/2021\/atencion-la-biblioteca-de-sierra-de-la-ventana-recibe-cv-para-personal-de-trabajo-matutino\/","name":"Atenci\u00f3n: La Biblioteca de Sierra de la Ventana recibe CV para personal de trabajo matutino - Noticias Radio Reflejos","isPartOf":{"@id":"https:\/\/www.noticiasradioreflejos.com.ar\/2021\/#website"},"primaryImageOfPage":{"@id":"https:\/\/www.noticiasradioreflejos.com.ar\/2021\/atencion-la-biblioteca-de-sierra-de-la-ventana-recibe-cv-para-personal-de-trabajo-matutino\/#primaryimage"},"image":{"@id":"https:\/\/www.noticiasradioreflejos.com.ar\/2021\/atencion-la-biblioteca-de-sierra-de-la-ventana-recibe-cv-para-personal-de-trabajo-matutino\/#primaryimage"},"thumbnailUrl":"https:\/\/ssl.gstatic.com\/ui\/v1\/icons\/mail\/images\/cleardot.gif","datePublished":"2017-03-17T03:10:28+00:00","author":{"@id":"https:\/\/www.noticiasradioreflejos.com.ar\/2021\/#\/schema\/person\/ad82545263dcc5ec0996818884fd5fb1"},"breadcrumb":{"@id":"https:\/\/www.noticiasradioreflejos.com.ar\/2021\/atencion-la-biblioteca-de-sierra-de-la-ventana-recibe-cv-para-personal-de-trabajo-matutino\/#breadcrumb"},"inLanguage":"es","potentialAction":[{"@type":"ReadAction","target":["https:\/\/www.noticiasradioreflejos.com.ar\/2021\/atencion-la-biblioteca-de-sierra-de-la-ventana-recibe-cv-para-personal-de-trabajo-matutino\/"]}]},{"@type":"ImageObject","inLanguage":"es","@id":"https:\/\/www.noticiasradioreflejos.com.ar\/2021\/atencion-la-biblioteca-de-sierra-de-la-ventana-recibe-cv-para-personal-de-trabajo-matutino\/#primaryimage","url":"https:\/\/ssl.gstatic.com\/ui\/v1\/icons\/mail\/images\/cleardot.gif","contentUrl":"https:\/\/ssl.gstatic.com\/ui\/v1\/icons\/mail\/images\/cleardot.gif"},{"@type":"BreadcrumbList","@id":"https:\/\/www.noticiasradioreflejos.com.ar\/2021\/atencion-la-biblioteca-de-sierra-de-la-ventana-recibe-cv-para-personal-de-trabajo-matutino\/#breadcrumb","itemListElement":[{"@type":"ListItem","position":1,"name":"Portada","item":"https:\/\/www.noticiasradioreflejos.com.ar\/2021\/"},{"@type":"ListItem","position":2,"name":"Atenci\u00f3n: La Biblioteca de Sierra de la Ventana recibe CV para personal de trabajo matutino"}]},{"@type":"WebSite","@id":"https:\/\/www.noticiasradioreflejos.com.ar\/2021\/#website","url":"https:\/\/www.noticiasradioreflejos.com.ar\/2021\/","name":"Noticias Radio Reflejos","description":"Las noticias de mi comarca","potentialAction":[{"@type":"SearchAction","target":{"@type":"EntryPoint","urlTemplate":"https:\/\/www.noticiasradioreflejos.com.ar\/2021\/?s={search_term_string}"},"query-input":{"@type":"PropertyValueSpecification","valueRequired":true,"valueName":"search_term_string"}}],"inLanguage":"es"},{"@type":"Person","@id":"https:\/\/www.noticiasradioreflejos.com.ar\/2021\/#\/schema\/person\/ad82545263dcc5ec0996818884fd5fb1","name":"Arnaldo Botto","image":{"@type":"ImageObject","inLanguage":"es","@id":"https:\/\/www.noticiasradioreflejos.com.ar\/2021\/#\/schema\/person\/image\/","url":"https:\/\/secure.gravatar.com\/avatar\/55cb5e37c1efa326397366e6974cb338056df65cb50e7d64d1cf314e87504837?s=96&d=mm&r=g","contentUrl":"https:\/\/secure.gravatar.com\/avatar\/55cb5e37c1efa326397366e6974cb338056df65cb50e7d64d1cf314e87504837?s=96&d=mm&r=g","caption":"Arnaldo Botto"},"url":"https:\/\/www.noticiasradioreflejos.com.ar\/2021\/author\/arnaldo\/"}]}},"_links":{"self":[{"href":"https:\/\/www.noticiasradioreflejos.com.ar\/2021\/wp-json\/wp\/v2\/posts\/8109","targetHints":{"allow":["GET"]}}],"collection":[{"href":"https:\/\/www.noticiasradioreflejos.com.ar\/2021\/wp-json\/wp\/v2\/posts"}],"about":[{"href":"https:\/\/www.noticiasradioreflejos.com.ar\/2021\/wp-json\/wp\/v2\/types\/post"}],"author":[{"embeddable":true,"href":"https:\/\/www.noticiasradioreflejos.com.ar\/2021\/wp-json\/wp\/v2\/users\/3"}],"replies":[{"embeddable":true,"href":"https:\/\/www.noticiasradioreflejos.com.ar\/2021\/wp-json\/wp\/v2\/comments?post=8109"}],"version-history":[{"count":0,"href":"https:\/\/www.noticiasradioreflejos.com.ar\/2021\/wp-json\/wp\/v2\/posts\/8109\/revisions"}],"wp:attachment":[{"href":"https:\/\/www.noticiasradioreflejos.com.ar\/2021\/wp-json\/wp\/v2\/media?parent=8109"}],"wp:term":[{"taxonomy":"category","embeddable":true,"href":"https:\/\/www.noticiasradioreflejos.com.ar\/2021\/wp-json\/wp\/v2\/categories?post=8109"},{"taxonomy":"post_tag","embeddable":true,"href":"https:\/\/www.noticiasradioreflejos.com.ar\/2021\/wp-json\/wp\/v2\/tags?post=8109"}],"curies":[{"name":"wp","href":"https:\/\/api.w.org\/{rel}","templated":true}]}}