{"id":81085,"date":"2022-12-07T18:07:07","date_gmt":"2022-12-07T18:07:07","guid":{"rendered":"http:\/\/www.noticiasradioreflejos.com.ar\/2021\/?p=81085"},"modified":"2022-12-07T18:07:08","modified_gmt":"2022-12-07T18:07:08","slug":"crisis-en-peru-castillo-disolvio-el-congreso-y-decreto-estado-de-excepcion","status":"publish","type":"post","link":"https:\/\/www.noticiasradioreflejos.com.ar\/2021\/crisis-en-peru-castillo-disolvio-el-congreso-y-decreto-estado-de-excepcion\/","title":{"rendered":"Crisis en Per\u00fa: Castillo disolvi\u00f3 el Congreso y decret\u00f3 estado de excepci\u00f3n"},"content":{"rendered":"<header class=\"news-headline\">\n<p class=\"news-headline__article-summary\">El presidente enfrentaba el tercer intento de destituci\u00f3n desde el 28 de julio, cuando asumi\u00f3 el cargo. Adem\u00e1s, anunci\u00f3 un toque de queda a partir de las 22. La oposici\u00f3n denuncia un Golpe de Estado.<\/p>\n<div class=\"news-headline__info-wrapper\">\n<div class=\"social__accordion\">\n<div class=\"tab\">\n<p>&nbsp;<\/p>\n<div class=\"share-buttons__button close-buttons--printer\"><\/div>\n<\/div>\n<\/div>\n<\/div>\n<\/header>\n<p><!--more--><\/p>\n<div class=\"detail-gallery\">\n<div class=\"detail-gallery__slide-wrapper\">\n<div class=\"detail-gallery__slide\">\n<figure class=\"detail-gallery__figure\">\n<div class=\"embed-responsive embed-responsive-16by9\"><iframe loading=\"lazy\" id=\"player139434\" title=\"El presidente de PER\u00da disuelve el CONGRESO y declara un toque de queda nacional\" src=\"https:\/\/www.youtube.com\/embed\/EHHYD9wqVgw?embed_config=%7B%22adsConfig%22%3A%7B%22adTagParameters%22%3A%7B%22iu%22%3A%2222474715684%2Fca-video-pub-2347239874650982-tag%2FPreRoll-Adx%22%7D%7D%7D&amp;enablejsapi=1&amp;origin=https%3A%2F%2Fwww.c5n.com&amp;widgetid=1\" width=\"640\" height=\"360\" frameborder=\"0\" sandbox=\"allow-same-origin allow-scripts allow-forms allow-popups allow-popups-to-escape-sandbox\" allowfullscreen=\"allowfullscreen\" data-mce-fragment=\"1\"><\/iframe><\/div>\n<\/figure>\n<div class=\"detail-gallery__nav\"><\/div>\n<\/div>\n<div class=\"detail-gallery__caption\">Crisis en Per\u00fa: Castillo disolvi\u00f3 el Congreso y decret\u00f3 estado de excepci\u00f3n.<\/div>\n<\/div>\n<\/div>\n<article class=\"article-body article-body--first-paragraph\">El presidente de Per\u00fa,\u00a0<strong>Pedro Castillo<\/strong>, anunci\u00f3 este mi\u00e9rcoles que disuelve el Congreso, al que acus\u00f3 de<strong>\u00a0\u00abdestruir el Estado de derecho, democracia y equilibrio de poderes\u00bb<\/strong>, y declar\u00f3 un \u00abGobierno de excepci\u00f3n\u00bb y un \u00abtoque de queda a nivel nacional\u00bb.<\/article>\n<article class=\"article-body article-body--first-paragraph\">\u00abAtendiendo el reclamo ciudadano a lo largo y ancho del pa\u00eds,<strong>\u00a0tomamos la decisi\u00f3n de establecer un gobierno de excepci\u00f3n orientado a restablecer el estado de derecho y la democracia\u00bb<\/strong>, comenz\u00f3 Castillo.\u00bbA cuyo efecto se dictan las siguientes medidas:\u00a0<strong>disolver temporalmente el Congreso de la republica<\/strong>\u00a0e instaurar un gobierno de emergencia excepcional, convocar en el m\u00e1s leve plazo a elecciones para un nuevo Congreso con facultades constituyentes para elaborar una nueva Constituci\u00f3n en un plazo no mayor de 9 meses\u00bb, agreg\u00f3 el presidente peruano.El mandatario dijo que a partir de este mi\u00e9rcoles y hasta que se instaure el nuevo Congreso<strong>\u00a0gobernar\u00e1 mediante decretos de ley<\/strong>. Acto seguido, decret\u00f3 el<strong>\u00a0toque de queda a nivel nacional<\/strong>\u00a0desde las 22 horas hasta las 4 AM.<strong>\u00abSe declara en reorganizaci\u00f3n el sistema de justicia, el poder judicial, el Ministerio P\u00fablico, la Junta Nacional de Justicia, el tribunal constitucional\u00bb<\/strong>, agreg\u00f3 Castillo.<\/p>\n<p>Luego indic\u00f3 que todas las personas que posean armamento ilegal deber\u00e1n entregarlo a la polic\u00eda nacional en el plazo de 72 horas. \u00abQuien no lo haga, comete delito sancionado con pena privativa de la libertad\u00bb.<\/p>\n<p>\u00abLa polic\u00eda nacional, con el auxilio de las fuerzas armadas, dedicar\u00e1n todos sus esfuerzos al combate real y efectivo de la\u00a0<strong>delincuencia, la corrupci\u00f3n y el narcotr\u00e1fico<\/strong>. A cuyo efecto se les dotar\u00e1 de los recursos necesarios\u00bb, complet\u00f3 el mandatario.<\/p>\n<p><iframe loading=\"lazy\" title=\"PEDRO CASTILLO anunci\u00f3 la disoluci\u00f3n del CONGRESO PERUANO y declar\u00f3 un toque de queda nacional\" src=\"https:\/\/www.youtube.com\/embed\/0LR8Iq712Kk\" width=\"649\" height=\"365\" frameborder=\"0\" allowfullscreen=\"allowfullscreen\"><\/iframe><\/p>\n<p><strong>Fuente C5N<\/strong><\/p>\n<\/article>\n","protected":false},"excerpt":{"rendered":"<p>El presidente enfrentaba el tercer intento de destituci\u00f3n desde el 28 de julio, cuando asumi\u00f3 el cargo. Adem\u00e1s, anunci\u00f3 un toque de queda a partir de las 22. La oposici\u00f3n denuncia un Golpe de Estado. &nbsp;<\/p>\n","protected":false},"author":3,"featured_media":0,"comment_status":"closed","ping_status":"closed","sticky":false,"template":"","format":"standard","meta":{"footnotes":""},"categories":[24],"tags":[],"class_list":["post-81085","post","type-post","status-publish","format-standard","hentry","category-politica"],"yoast_head":"<!-- This site is optimized with the Yoast SEO plugin v25.9 - https:\/\/yoast.com\/wordpress\/plugins\/seo\/ -->\n<title>Crisis en Per\u00fa: Castillo disolvi\u00f3 el Congreso y decret\u00f3 estado de excepci\u00f3n - Noticias Radio Reflejos<\/title>\n<meta name=\"robots\" content=\"index, follow, max-snippet:-1, max-image-preview:large, max-video-preview:-1\" \/>\n<link rel=\"canonical\" href=\"https:\/\/www.noticiasradioreflejos.com.ar\/2021\/crisis-en-peru-castillo-disolvio-el-congreso-y-decreto-estado-de-excepcion\/\" \/>\n<meta property=\"og:locale\" content=\"es_ES\" \/>\n<meta property=\"og:type\" content=\"article\" \/>\n<meta property=\"og:title\" content=\"Crisis en Per\u00fa: Castillo disolvi\u00f3 el Congreso y decret\u00f3 estado de excepci\u00f3n - Noticias Radio Reflejos\" \/>\n<meta property=\"og:description\" content=\"El presidente enfrentaba el tercer intento de destituci\u00f3n desde el 28 de julio, cuando asumi\u00f3 el cargo. Adem\u00e1s, anunci\u00f3 un toque de queda a partir de las 22. La oposici\u00f3n denuncia un Golpe de Estado. &nbsp;\" \/>\n<meta property=\"og:url\" content=\"https:\/\/www.noticiasradioreflejos.com.ar\/2021\/crisis-en-peru-castillo-disolvio-el-congreso-y-decreto-estado-de-excepcion\/\" \/>\n<meta property=\"og:site_name\" content=\"Noticias Radio Reflejos\" \/>\n<meta property=\"article:published_time\" content=\"2022-12-07T18:07:07+00:00\" \/>\n<meta property=\"article:modified_time\" content=\"2022-12-07T18:07:08+00:00\" \/>\n<meta property=\"og:image\" content=\"https:\/\/www.noticiasradioreflejos.com.ar\/2021\/wp-content\/uploads\/2021\/07\/logosol300x200.png\" \/>\n\t<meta property=\"og:image:width\" content=\"300\" \/>\n\t<meta property=\"og:image:height\" content=\"200\" \/>\n\t<meta property=\"og:image:type\" content=\"image\/png\" \/>\n<meta name=\"author\" content=\"Arnaldo Botto\" \/>\n<meta name=\"twitter:card\" content=\"summary_large_image\" \/>\n<script type=\"application\/ld+json\" class=\"yoast-schema-graph\">{\"@context\":\"https:\/\/schema.org\",\"@graph\":[{\"@type\":\"WebPage\",\"@id\":\"https:\/\/www.noticiasradioreflejos.com.ar\/2021\/crisis-en-peru-castillo-disolvio-el-congreso-y-decreto-estado-de-excepcion\/\",\"url\":\"https:\/\/www.noticiasradioreflejos.com.ar\/2021\/crisis-en-peru-castillo-disolvio-el-congreso-y-decreto-estado-de-excepcion\/\",\"name\":\"Crisis en Per\u00fa: Castillo disolvi\u00f3 el Congreso y decret\u00f3 estado de excepci\u00f3n - Noticias Radio Reflejos\",\"isPartOf\":{\"@id\":\"https:\/\/www.noticiasradioreflejos.com.ar\/2021\/#website\"},\"datePublished\":\"2022-12-07T18:07:07+00:00\",\"dateModified\":\"2022-12-07T18:07:08+00:00\",\"author\":{\"@id\":\"https:\/\/www.noticiasradioreflejos.com.ar\/2021\/#\/schema\/person\/ad82545263dcc5ec0996818884fd5fb1\"},\"breadcrumb\":{\"@id\":\"https:\/\/www.noticiasradioreflejos.com.ar\/2021\/crisis-en-peru-castillo-disolvio-el-congreso-y-decreto-estado-de-excepcion\/#breadcrumb\"},\"inLanguage\":\"es\",\"potentialAction\":[{\"@type\":\"ReadAction\",\"target\":[\"https:\/\/www.noticiasradioreflejos.com.ar\/2021\/crisis-en-peru-castillo-disolvio-el-congreso-y-decreto-estado-de-excepcion\/\"]}]},{\"@type\":\"BreadcrumbList\",\"@id\":\"https:\/\/www.noticiasradioreflejos.com.ar\/2021\/crisis-en-peru-castillo-disolvio-el-congreso-y-decreto-estado-de-excepcion\/#breadcrumb\",\"itemListElement\":[{\"@type\":\"ListItem\",\"position\":1,\"name\":\"Portada\",\"item\":\"https:\/\/www.noticiasradioreflejos.com.ar\/2021\/\"},{\"@type\":\"ListItem\",\"position\":2,\"name\":\"Crisis en Per\u00fa: Castillo disolvi\u00f3 el Congreso y decret\u00f3 estado de excepci\u00f3n\"}]},{\"@type\":\"WebSite\",\"@id\":\"https:\/\/www.noticiasradioreflejos.com.ar\/2021\/#website\",\"url\":\"https:\/\/www.noticiasradioreflejos.com.ar\/2021\/\",\"name\":\"Noticias Radio Reflejos\",\"description\":\"Las noticias de mi comarca\",\"potentialAction\":[{\"@type\":\"SearchAction\",\"target\":{\"@type\":\"EntryPoint\",\"urlTemplate\":\"https:\/\/www.noticiasradioreflejos.com.ar\/2021\/?s={search_term_string}\"},\"query-input\":{\"@type\":\"PropertyValueSpecification\",\"valueRequired\":true,\"valueName\":\"search_term_string\"}}],\"inLanguage\":\"es\"},{\"@type\":\"Person\",\"@id\":\"https:\/\/www.noticiasradioreflejos.com.ar\/2021\/#\/schema\/person\/ad82545263dcc5ec0996818884fd5fb1\",\"name\":\"Arnaldo Botto\",\"image\":{\"@type\":\"ImageObject\",\"inLanguage\":\"es\",\"@id\":\"https:\/\/www.noticiasradioreflejos.com.ar\/2021\/#\/schema\/person\/image\/\",\"url\":\"https:\/\/secure.gravatar.com\/avatar\/55cb5e37c1efa326397366e6974cb338056df65cb50e7d64d1cf314e87504837?s=96&d=mm&r=g\",\"contentUrl\":\"https:\/\/secure.gravatar.com\/avatar\/55cb5e37c1efa326397366e6974cb338056df65cb50e7d64d1cf314e87504837?s=96&d=mm&r=g\",\"caption\":\"Arnaldo Botto\"},\"url\":\"https:\/\/www.noticiasradioreflejos.com.ar\/2021\/author\/arnaldo\/\"}]}<\/script>\n<!-- \/ Yoast SEO plugin. -->","yoast_head_json":{"title":"Crisis en Per\u00fa: Castillo disolvi\u00f3 el Congreso y decret\u00f3 estado de excepci\u00f3n - Noticias Radio Reflejos","robots":{"index":"index","follow":"follow","max-snippet":"max-snippet:-1","max-image-preview":"max-image-preview:large","max-video-preview":"max-video-preview:-1"},"canonical":"https:\/\/www.noticiasradioreflejos.com.ar\/2021\/crisis-en-peru-castillo-disolvio-el-congreso-y-decreto-estado-de-excepcion\/","og_locale":"es_ES","og_type":"article","og_title":"Crisis en Per\u00fa: Castillo disolvi\u00f3 el Congreso y decret\u00f3 estado de excepci\u00f3n - Noticias Radio Reflejos","og_description":"El presidente enfrentaba el tercer intento de destituci\u00f3n desde el 28 de julio, cuando asumi\u00f3 el cargo. Adem\u00e1s, anunci\u00f3 un toque de queda a partir de las 22. La oposici\u00f3n denuncia un Golpe de Estado. &nbsp;","og_url":"https:\/\/www.noticiasradioreflejos.com.ar\/2021\/crisis-en-peru-castillo-disolvio-el-congreso-y-decreto-estado-de-excepcion\/","og_site_name":"Noticias Radio Reflejos","article_published_time":"2022-12-07T18:07:07+00:00","article_modified_time":"2022-12-07T18:07:08+00:00","og_image":[{"width":300,"height":200,"url":"https:\/\/www.noticiasradioreflejos.com.ar\/2021\/wp-content\/uploads\/2021\/07\/logosol300x200.png","type":"image\/png"}],"author":"Arnaldo Botto","twitter_card":"summary_large_image","schema":{"@context":"https:\/\/schema.org","@graph":[{"@type":"WebPage","@id":"https:\/\/www.noticiasradioreflejos.com.ar\/2021\/crisis-en-peru-castillo-disolvio-el-congreso-y-decreto-estado-de-excepcion\/","url":"https:\/\/www.noticiasradioreflejos.com.ar\/2021\/crisis-en-peru-castillo-disolvio-el-congreso-y-decreto-estado-de-excepcion\/","name":"Crisis en Per\u00fa: Castillo disolvi\u00f3 el Congreso y decret\u00f3 estado de excepci\u00f3n - Noticias Radio Reflejos","isPartOf":{"@id":"https:\/\/www.noticiasradioreflejos.com.ar\/2021\/#website"},"datePublished":"2022-12-07T18:07:07+00:00","dateModified":"2022-12-07T18:07:08+00:00","author":{"@id":"https:\/\/www.noticiasradioreflejos.com.ar\/2021\/#\/schema\/person\/ad82545263dcc5ec0996818884fd5fb1"},"breadcrumb":{"@id":"https:\/\/www.noticiasradioreflejos.com.ar\/2021\/crisis-en-peru-castillo-disolvio-el-congreso-y-decreto-estado-de-excepcion\/#breadcrumb"},"inLanguage":"es","potentialAction":[{"@type":"ReadAction","target":["https:\/\/www.noticiasradioreflejos.com.ar\/2021\/crisis-en-peru-castillo-disolvio-el-congreso-y-decreto-estado-de-excepcion\/"]}]},{"@type":"BreadcrumbList","@id":"https:\/\/www.noticiasradioreflejos.com.ar\/2021\/crisis-en-peru-castillo-disolvio-el-congreso-y-decreto-estado-de-excepcion\/#breadcrumb","itemListElement":[{"@type":"ListItem","position":1,"name":"Portada","item":"https:\/\/www.noticiasradioreflejos.com.ar\/2021\/"},{"@type":"ListItem","position":2,"name":"Crisis en Per\u00fa: Castillo disolvi\u00f3 el Congreso y decret\u00f3 estado de excepci\u00f3n"}]},{"@type":"WebSite","@id":"https:\/\/www.noticiasradioreflejos.com.ar\/2021\/#website","url":"https:\/\/www.noticiasradioreflejos.com.ar\/2021\/","name":"Noticias Radio Reflejos","description":"Las noticias de mi comarca","potentialAction":[{"@type":"SearchAction","target":{"@type":"EntryPoint","urlTemplate":"https:\/\/www.noticiasradioreflejos.com.ar\/2021\/?s={search_term_string}"},"query-input":{"@type":"PropertyValueSpecification","valueRequired":true,"valueName":"search_term_string"}}],"inLanguage":"es"},{"@type":"Person","@id":"https:\/\/www.noticiasradioreflejos.com.ar\/2021\/#\/schema\/person\/ad82545263dcc5ec0996818884fd5fb1","name":"Arnaldo Botto","image":{"@type":"ImageObject","inLanguage":"es","@id":"https:\/\/www.noticiasradioreflejos.com.ar\/2021\/#\/schema\/person\/image\/","url":"https:\/\/secure.gravatar.com\/avatar\/55cb5e37c1efa326397366e6974cb338056df65cb50e7d64d1cf314e87504837?s=96&d=mm&r=g","contentUrl":"https:\/\/secure.gravatar.com\/avatar\/55cb5e37c1efa326397366e6974cb338056df65cb50e7d64d1cf314e87504837?s=96&d=mm&r=g","caption":"Arnaldo Botto"},"url":"https:\/\/www.noticiasradioreflejos.com.ar\/2021\/author\/arnaldo\/"}]}},"_links":{"self":[{"href":"https:\/\/www.noticiasradioreflejos.com.ar\/2021\/wp-json\/wp\/v2\/posts\/81085","targetHints":{"allow":["GET"]}}],"collection":[{"href":"https:\/\/www.noticiasradioreflejos.com.ar\/2021\/wp-json\/wp\/v2\/posts"}],"about":[{"href":"https:\/\/www.noticiasradioreflejos.com.ar\/2021\/wp-json\/wp\/v2\/types\/post"}],"author":[{"embeddable":true,"href":"https:\/\/www.noticiasradioreflejos.com.ar\/2021\/wp-json\/wp\/v2\/users\/3"}],"replies":[{"embeddable":true,"href":"https:\/\/www.noticiasradioreflejos.com.ar\/2021\/wp-json\/wp\/v2\/comments?post=81085"}],"version-history":[{"count":1,"href":"https:\/\/www.noticiasradioreflejos.com.ar\/2021\/wp-json\/wp\/v2\/posts\/81085\/revisions"}],"predecessor-version":[{"id":81089,"href":"https:\/\/www.noticiasradioreflejos.com.ar\/2021\/wp-json\/wp\/v2\/posts\/81085\/revisions\/81089"}],"wp:attachment":[{"href":"https:\/\/www.noticiasradioreflejos.com.ar\/2021\/wp-json\/wp\/v2\/media?parent=81085"}],"wp:term":[{"taxonomy":"category","embeddable":true,"href":"https:\/\/www.noticiasradioreflejos.com.ar\/2021\/wp-json\/wp\/v2\/categories?post=81085"},{"taxonomy":"post_tag","embeddable":true,"href":"https:\/\/www.noticiasradioreflejos.com.ar\/2021\/wp-json\/wp\/v2\/tags?post=81085"}],"curies":[{"name":"wp","href":"https:\/\/api.w.org\/{rel}","templated":true}]}}