{"id":81083,"date":"2022-12-07T18:31:06","date_gmt":"2022-12-07T18:31:06","guid":{"rendered":"http:\/\/www.noticiasradioreflejos.com.ar\/2021\/?p=81083"},"modified":"2022-12-07T18:33:31","modified_gmt":"2022-12-07T18:33:31","slug":"reabrio-autoservicio-teko-con-una-rotiseria-a-todo-trapo","status":"publish","type":"post","link":"https:\/\/www.noticiasradioreflejos.com.ar\/2021\/reabrio-autoservicio-teko-con-una-rotiseria-a-todo-trapo\/","title":{"rendered":"Reabri\u00f3 Autoservicio Tekoo&#8217;s con una rotiser\u00eda a todo trapo"},"content":{"rendered":"<p>El faro comercial de Alfonsina Storni y Jos\u00e9 Hern\u00e1ndez volvi\u00f3 al ruedo esta ma\u00f1ana, con un horno de barro y una parrilla XXL. \u201cQueremos aportarle algo distinto a la comunidad y al barrio\u201d expres\u00f3 Sergio Dom\u00ednguez, su due\u00f1o.<!--more--><\/p>\n<p><a title=\"tekos (2)\" href=\"https:\/\/www.flickr.com\/photos\/182279889@N02\/52549491320\/in\/dateposted-public\/\" data-flickr-embed=\"true\"><img loading=\"lazy\" decoding=\"async\" src=\"https:\/\/live.staticflickr.com\/65535\/52549491320_38a6b7e545_c.jpg\" alt=\"tekos (2)\" width=\"800\" height=\"600\" \/><\/a><\/p>\n<p>En la esquina de Alfonsina Storni y Jos\u00e9 Hern\u00e1ndez se volvieron a encender las luces. <strong>Autoservicio Tekoo&#8217;s<\/strong> reabri\u00f3 sus puertas y ahora le anex\u00f3 una rotiser\u00eda que dar\u00e1 que hablar en toda la comarca.<\/p>\n<p>Al respecto, Sergio Dom\u00ednguez, due\u00f1o del comercio, explic\u00f3 que \u201cesta ma\u00f1ana, desde las 8, reabrimos con mi se\u00f1ora es una guerrera de la vida, que siempre me da fuerzas. Hemos hecho una remodelaci\u00f3n muy importante, para fundamentalmente aportarle algo distinto a la comunidad y al barrio\u201d.<\/p>\n<p>Seg\u00fan cont\u00f3, \u201cinnovamos la pescader\u00eda, con cosas frescas y la rotiser\u00eda que es la frutilla del postre. Tendr\u00e1 cocina en vivo, comidas de bodeg\u00f3n, con horno a le\u00f1a, con parrilla\u201d.<\/p>\n<p>Dando detalles de esas novedades, Sergio explic\u00f3 que \u201cel horno lo hicieron a medida en Bah\u00eda. Trabaja a le\u00f1a y a gas. Hicimos una parrilla muy grande para poder trabajar los fines de semana donde tambi\u00e9n haremos cosas al disco. El horno convencional pizzero grande y una anafe de seis hornallas industrializado con mesadas de acero inoxidable\u201d.<\/p>\n<p>Al tiempo que aclar\u00f3 que \u201ctodos los pedidos se hacen en el momento y con un m\u00e1ximo de 15 minutos de demora\u201d.<\/p>\n<p><a title=\"tekos (3)\" href=\"https:\/\/www.flickr.com\/photos\/182279889@N02\/52549560908\/in\/dateposted-public\/\" data-flickr-embed=\"true\"><img loading=\"lazy\" decoding=\"async\" src=\"https:\/\/live.staticflickr.com\/65535\/52549560908_3b153e1d33_z.jpg\" alt=\"tekos (3)\" width=\"629\" height=\"474\" \/><\/a><\/p>\n<p>Repasando lo que viven puertas adentro, afirm\u00f3 que \u201csomos una familia que trata de innovar, de seguir trabajando, y no quejarnos y echarle la culpa al otro. Buscamos que el cliente siempre est\u00e9 c\u00f3modo, de trabajar cada vez m\u00e1s, de innovar y de tener precios razonables\u201d.<\/p>\n<p>En tanto que analizando la situaci\u00f3n econ\u00f3mica actual Sergio coment\u00f3 que \u201ces imposible sobrevivir para un supermercado de barrio. Somos conscientes del lugar donde estamos. Tenemos la pol\u00edtica de que en el barrio se le anota a la gente porque la gente no llega a fin de mes. No somos como los grandes supermercados en donde si no tenes plata no podes llevarle la leche a tu hijo\u201d.<\/p>\n<p>&nbsp;<\/p>\n<p><iframe loading=\"lazy\" src=\"https:\/\/w.soundcloud.com\/player\/?url=https%3A\/\/api.soundcloud.com\/tracks\/1397961286&amp;color=%23ff5500&amp;auto_play=false&amp;hide_related=false&amp;show_comments=true&amp;show_user=true&amp;show_reposts=false&amp;show_teaser=true\" width=\"100%\" height=\"166\" frameborder=\"no\" scrolling=\"no\"><\/iframe><\/p>\n<div style=\"font-size: 10px; color: #cccccc; line-break: anywhere; word-break: normal; overflow: hidden; white-space: nowrap; text-overflow: ellipsis; font-family: Interstate,Lucida Grande,Lucida Sans Unicode,Lucida Sans,Garuda,Verdana,Tahoma,sans-serif; font-weight: 100;\"><a style=\"color: #cccccc; text-decoration: none;\" title=\"fmreflejos 103.7\" href=\"https:\/\/soundcloud.com\/fmreflejos-103-7\" target=\"_blank\" rel=\"noopener\">fmreflejos 103.7<\/a> \u00b7 <a style=\"color: #cccccc; text-decoration: none;\" title=\"Sergio Dominguez\" href=\"https:\/\/soundcloud.com\/fmreflejos-103-7\/sergio-dominguez-6\" target=\"_blank\" rel=\"noopener\">Sergio Dominguez<\/a><\/div>\n","protected":false},"excerpt":{"rendered":"<p>El faro comercial de Alfonsina Storni y Jos\u00e9 Hern\u00e1ndez volvi\u00f3 al ruedo esta ma\u00f1ana, con un horno de barro y una parrilla XXL. \u201cQueremos aportarle algo distinto a la comunidad y al barrio\u201d expres\u00f3 Sergio Dom\u00ednguez, su due\u00f1o.<\/p>\n","protected":false},"author":3,"featured_media":81092,"comment_status":"closed","ping_status":"closed","sticky":false,"template":"","format":"standard","meta":{"footnotes":""},"categories":[37,26,33],"tags":[48],"class_list":["post-81083","post","type-post","status-publish","format-standard","has-post-thumbnail","hentry","category-clasificados","category-sociedad","category-turismo","tag-destacada"],"yoast_head":"<!-- This site is optimized with the Yoast SEO plugin v25.9 - https:\/\/yoast.com\/wordpress\/plugins\/seo\/ -->\n<title>Reabri\u00f3 Autoservicio Tekoo&#039;s con una rotiser\u00eda a todo trapo - Noticias Radio Reflejos<\/title>\n<meta name=\"robots\" content=\"index, follow, max-snippet:-1, max-image-preview:large, max-video-preview:-1\" \/>\n<link rel=\"canonical\" href=\"https:\/\/www.noticiasradioreflejos.com.ar\/2021\/reabrio-autoservicio-teko-con-una-rotiseria-a-todo-trapo\/\" \/>\n<meta property=\"og:locale\" content=\"es_ES\" \/>\n<meta property=\"og:type\" content=\"article\" \/>\n<meta property=\"og:title\" content=\"Reabri\u00f3 Autoservicio Tekoo&#039;s con una rotiser\u00eda a todo trapo - Noticias Radio Reflejos\" \/>\n<meta property=\"og:description\" content=\"El faro comercial de Alfonsina Storni y Jos\u00e9 Hern\u00e1ndez volvi\u00f3 al ruedo esta ma\u00f1ana, con un horno de barro y una parrilla XXL. \u201cQueremos aportarle algo distinto a la comunidad y al barrio\u201d expres\u00f3 Sergio Dom\u00ednguez, su due\u00f1o.\" \/>\n<meta property=\"og:url\" content=\"https:\/\/www.noticiasradioreflejos.com.ar\/2021\/reabrio-autoservicio-teko-con-una-rotiseria-a-todo-trapo\/\" \/>\n<meta property=\"og:site_name\" content=\"Noticias Radio Reflejos\" \/>\n<meta property=\"article:published_time\" content=\"2022-12-07T18:31:06+00:00\" \/>\n<meta property=\"article:modified_time\" content=\"2022-12-07T18:33:31+00:00\" \/>\n<meta property=\"og:image\" content=\"https:\/\/www.noticiasradioreflejos.com.ar\/2021\/wp-content\/uploads\/2022\/12\/tekos-1.jpeg\" \/>\n\t<meta property=\"og:image:width\" content=\"1280\" \/>\n\t<meta property=\"og:image:height\" content=\"960\" \/>\n\t<meta property=\"og:image:type\" content=\"image\/jpeg\" \/>\n<meta name=\"author\" content=\"Arnaldo Botto\" \/>\n<meta name=\"twitter:card\" content=\"summary_large_image\" \/>\n<script type=\"application\/ld+json\" class=\"yoast-schema-graph\">{\"@context\":\"https:\/\/schema.org\",\"@graph\":[{\"@type\":\"WebPage\",\"@id\":\"https:\/\/www.noticiasradioreflejos.com.ar\/2021\/reabrio-autoservicio-teko-con-una-rotiseria-a-todo-trapo\/\",\"url\":\"https:\/\/www.noticiasradioreflejos.com.ar\/2021\/reabrio-autoservicio-teko-con-una-rotiseria-a-todo-trapo\/\",\"name\":\"Reabri\u00f3 Autoservicio Tekoo's con una rotiser\u00eda a todo trapo - Noticias Radio Reflejos\",\"isPartOf\":{\"@id\":\"https:\/\/www.noticiasradioreflejos.com.ar\/2021\/#website\"},\"primaryImageOfPage\":{\"@id\":\"https:\/\/www.noticiasradioreflejos.com.ar\/2021\/reabrio-autoservicio-teko-con-una-rotiseria-a-todo-trapo\/#primaryimage\"},\"image\":{\"@id\":\"https:\/\/www.noticiasradioreflejos.com.ar\/2021\/reabrio-autoservicio-teko-con-una-rotiseria-a-todo-trapo\/#primaryimage\"},\"thumbnailUrl\":\"https:\/\/www.noticiasradioreflejos.com.ar\/2021\/wp-content\/uploads\/2022\/12\/tekos-1.jpeg\",\"datePublished\":\"2022-12-07T18:31:06+00:00\",\"dateModified\":\"2022-12-07T18:33:31+00:00\",\"author\":{\"@id\":\"https:\/\/www.noticiasradioreflejos.com.ar\/2021\/#\/schema\/person\/ad82545263dcc5ec0996818884fd5fb1\"},\"breadcrumb\":{\"@id\":\"https:\/\/www.noticiasradioreflejos.com.ar\/2021\/reabrio-autoservicio-teko-con-una-rotiseria-a-todo-trapo\/#breadcrumb\"},\"inLanguage\":\"es\",\"potentialAction\":[{\"@type\":\"ReadAction\",\"target\":[\"https:\/\/www.noticiasradioreflejos.com.ar\/2021\/reabrio-autoservicio-teko-con-una-rotiseria-a-todo-trapo\/\"]}]},{\"@type\":\"ImageObject\",\"inLanguage\":\"es\",\"@id\":\"https:\/\/www.noticiasradioreflejos.com.ar\/2021\/reabrio-autoservicio-teko-con-una-rotiseria-a-todo-trapo\/#primaryimage\",\"url\":\"https:\/\/www.noticiasradioreflejos.com.ar\/2021\/wp-content\/uploads\/2022\/12\/tekos-1.jpeg\",\"contentUrl\":\"https:\/\/www.noticiasradioreflejos.com.ar\/2021\/wp-content\/uploads\/2022\/12\/tekos-1.jpeg\",\"width\":1280,\"height\":960},{\"@type\":\"BreadcrumbList\",\"@id\":\"https:\/\/www.noticiasradioreflejos.com.ar\/2021\/reabrio-autoservicio-teko-con-una-rotiseria-a-todo-trapo\/#breadcrumb\",\"itemListElement\":[{\"@type\":\"ListItem\",\"position\":1,\"name\":\"Portada\",\"item\":\"https:\/\/www.noticiasradioreflejos.com.ar\/2021\/\"},{\"@type\":\"ListItem\",\"position\":2,\"name\":\"Reabri\u00f3 Autoservicio Tekoo&#8217;s con una rotiser\u00eda a todo trapo\"}]},{\"@type\":\"WebSite\",\"@id\":\"https:\/\/www.noticiasradioreflejos.com.ar\/2021\/#website\",\"url\":\"https:\/\/www.noticiasradioreflejos.com.ar\/2021\/\",\"name\":\"Noticias Radio Reflejos\",\"description\":\"Las noticias de mi comarca\",\"potentialAction\":[{\"@type\":\"SearchAction\",\"target\":{\"@type\":\"EntryPoint\",\"urlTemplate\":\"https:\/\/www.noticiasradioreflejos.com.ar\/2021\/?s={search_term_string}\"},\"query-input\":{\"@type\":\"PropertyValueSpecification\",\"valueRequired\":true,\"valueName\":\"search_term_string\"}}],\"inLanguage\":\"es\"},{\"@type\":\"Person\",\"@id\":\"https:\/\/www.noticiasradioreflejos.com.ar\/2021\/#\/schema\/person\/ad82545263dcc5ec0996818884fd5fb1\",\"name\":\"Arnaldo Botto\",\"image\":{\"@type\":\"ImageObject\",\"inLanguage\":\"es\",\"@id\":\"https:\/\/www.noticiasradioreflejos.com.ar\/2021\/#\/schema\/person\/image\/\",\"url\":\"https:\/\/secure.gravatar.com\/avatar\/55cb5e37c1efa326397366e6974cb338056df65cb50e7d64d1cf314e87504837?s=96&d=mm&r=g\",\"contentUrl\":\"https:\/\/secure.gravatar.com\/avatar\/55cb5e37c1efa326397366e6974cb338056df65cb50e7d64d1cf314e87504837?s=96&d=mm&r=g\",\"caption\":\"Arnaldo Botto\"},\"url\":\"https:\/\/www.noticiasradioreflejos.com.ar\/2021\/author\/arnaldo\/\"}]}<\/script>\n<!-- \/ Yoast SEO plugin. -->","yoast_head_json":{"title":"Reabri\u00f3 Autoservicio Tekoo's con una rotiser\u00eda a todo trapo - Noticias Radio Reflejos","robots":{"index":"index","follow":"follow","max-snippet":"max-snippet:-1","max-image-preview":"max-image-preview:large","max-video-preview":"max-video-preview:-1"},"canonical":"https:\/\/www.noticiasradioreflejos.com.ar\/2021\/reabrio-autoservicio-teko-con-una-rotiseria-a-todo-trapo\/","og_locale":"es_ES","og_type":"article","og_title":"Reabri\u00f3 Autoservicio Tekoo's con una rotiser\u00eda a todo trapo - Noticias Radio Reflejos","og_description":"El faro comercial de Alfonsina Storni y Jos\u00e9 Hern\u00e1ndez volvi\u00f3 al ruedo esta ma\u00f1ana, con un horno de barro y una parrilla XXL. \u201cQueremos aportarle algo distinto a la comunidad y al barrio\u201d expres\u00f3 Sergio Dom\u00ednguez, su due\u00f1o.","og_url":"https:\/\/www.noticiasradioreflejos.com.ar\/2021\/reabrio-autoservicio-teko-con-una-rotiseria-a-todo-trapo\/","og_site_name":"Noticias Radio Reflejos","article_published_time":"2022-12-07T18:31:06+00:00","article_modified_time":"2022-12-07T18:33:31+00:00","og_image":[{"width":1280,"height":960,"url":"https:\/\/www.noticiasradioreflejos.com.ar\/2021\/wp-content\/uploads\/2022\/12\/tekos-1.jpeg","type":"image\/jpeg"}],"author":"Arnaldo Botto","twitter_card":"summary_large_image","schema":{"@context":"https:\/\/schema.org","@graph":[{"@type":"WebPage","@id":"https:\/\/www.noticiasradioreflejos.com.ar\/2021\/reabrio-autoservicio-teko-con-una-rotiseria-a-todo-trapo\/","url":"https:\/\/www.noticiasradioreflejos.com.ar\/2021\/reabrio-autoservicio-teko-con-una-rotiseria-a-todo-trapo\/","name":"Reabri\u00f3 Autoservicio Tekoo's con una rotiser\u00eda a todo trapo - Noticias Radio Reflejos","isPartOf":{"@id":"https:\/\/www.noticiasradioreflejos.com.ar\/2021\/#website"},"primaryImageOfPage":{"@id":"https:\/\/www.noticiasradioreflejos.com.ar\/2021\/reabrio-autoservicio-teko-con-una-rotiseria-a-todo-trapo\/#primaryimage"},"image":{"@id":"https:\/\/www.noticiasradioreflejos.com.ar\/2021\/reabrio-autoservicio-teko-con-una-rotiseria-a-todo-trapo\/#primaryimage"},"thumbnailUrl":"https:\/\/www.noticiasradioreflejos.com.ar\/2021\/wp-content\/uploads\/2022\/12\/tekos-1.jpeg","datePublished":"2022-12-07T18:31:06+00:00","dateModified":"2022-12-07T18:33:31+00:00","author":{"@id":"https:\/\/www.noticiasradioreflejos.com.ar\/2021\/#\/schema\/person\/ad82545263dcc5ec0996818884fd5fb1"},"breadcrumb":{"@id":"https:\/\/www.noticiasradioreflejos.com.ar\/2021\/reabrio-autoservicio-teko-con-una-rotiseria-a-todo-trapo\/#breadcrumb"},"inLanguage":"es","potentialAction":[{"@type":"ReadAction","target":["https:\/\/www.noticiasradioreflejos.com.ar\/2021\/reabrio-autoservicio-teko-con-una-rotiseria-a-todo-trapo\/"]}]},{"@type":"ImageObject","inLanguage":"es","@id":"https:\/\/www.noticiasradioreflejos.com.ar\/2021\/reabrio-autoservicio-teko-con-una-rotiseria-a-todo-trapo\/#primaryimage","url":"https:\/\/www.noticiasradioreflejos.com.ar\/2021\/wp-content\/uploads\/2022\/12\/tekos-1.jpeg","contentUrl":"https:\/\/www.noticiasradioreflejos.com.ar\/2021\/wp-content\/uploads\/2022\/12\/tekos-1.jpeg","width":1280,"height":960},{"@type":"BreadcrumbList","@id":"https:\/\/www.noticiasradioreflejos.com.ar\/2021\/reabrio-autoservicio-teko-con-una-rotiseria-a-todo-trapo\/#breadcrumb","itemListElement":[{"@type":"ListItem","position":1,"name":"Portada","item":"https:\/\/www.noticiasradioreflejos.com.ar\/2021\/"},{"@type":"ListItem","position":2,"name":"Reabri\u00f3 Autoservicio Tekoo&#8217;s con una rotiser\u00eda a todo trapo"}]},{"@type":"WebSite","@id":"https:\/\/www.noticiasradioreflejos.com.ar\/2021\/#website","url":"https:\/\/www.noticiasradioreflejos.com.ar\/2021\/","name":"Noticias Radio Reflejos","description":"Las noticias de mi comarca","potentialAction":[{"@type":"SearchAction","target":{"@type":"EntryPoint","urlTemplate":"https:\/\/www.noticiasradioreflejos.com.ar\/2021\/?s={search_term_string}"},"query-input":{"@type":"PropertyValueSpecification","valueRequired":true,"valueName":"search_term_string"}}],"inLanguage":"es"},{"@type":"Person","@id":"https:\/\/www.noticiasradioreflejos.com.ar\/2021\/#\/schema\/person\/ad82545263dcc5ec0996818884fd5fb1","name":"Arnaldo Botto","image":{"@type":"ImageObject","inLanguage":"es","@id":"https:\/\/www.noticiasradioreflejos.com.ar\/2021\/#\/schema\/person\/image\/","url":"https:\/\/secure.gravatar.com\/avatar\/55cb5e37c1efa326397366e6974cb338056df65cb50e7d64d1cf314e87504837?s=96&d=mm&r=g","contentUrl":"https:\/\/secure.gravatar.com\/avatar\/55cb5e37c1efa326397366e6974cb338056df65cb50e7d64d1cf314e87504837?s=96&d=mm&r=g","caption":"Arnaldo Botto"},"url":"https:\/\/www.noticiasradioreflejos.com.ar\/2021\/author\/arnaldo\/"}]}},"_links":{"self":[{"href":"https:\/\/www.noticiasradioreflejos.com.ar\/2021\/wp-json\/wp\/v2\/posts\/81083","targetHints":{"allow":["GET"]}}],"collection":[{"href":"https:\/\/www.noticiasradioreflejos.com.ar\/2021\/wp-json\/wp\/v2\/posts"}],"about":[{"href":"https:\/\/www.noticiasradioreflejos.com.ar\/2021\/wp-json\/wp\/v2\/types\/post"}],"author":[{"embeddable":true,"href":"https:\/\/www.noticiasradioreflejos.com.ar\/2021\/wp-json\/wp\/v2\/users\/3"}],"replies":[{"embeddable":true,"href":"https:\/\/www.noticiasradioreflejos.com.ar\/2021\/wp-json\/wp\/v2\/comments?post=81083"}],"version-history":[{"count":3,"href":"https:\/\/www.noticiasradioreflejos.com.ar\/2021\/wp-json\/wp\/v2\/posts\/81083\/revisions"}],"predecessor-version":[{"id":81094,"href":"https:\/\/www.noticiasradioreflejos.com.ar\/2021\/wp-json\/wp\/v2\/posts\/81083\/revisions\/81094"}],"wp:featuredmedia":[{"embeddable":true,"href":"https:\/\/www.noticiasradioreflejos.com.ar\/2021\/wp-json\/wp\/v2\/media\/81092"}],"wp:attachment":[{"href":"https:\/\/www.noticiasradioreflejos.com.ar\/2021\/wp-json\/wp\/v2\/media?parent=81083"}],"wp:term":[{"taxonomy":"category","embeddable":true,"href":"https:\/\/www.noticiasradioreflejos.com.ar\/2021\/wp-json\/wp\/v2\/categories?post=81083"},{"taxonomy":"post_tag","embeddable":true,"href":"https:\/\/www.noticiasradioreflejos.com.ar\/2021\/wp-json\/wp\/v2\/tags?post=81083"}],"curies":[{"name":"wp","href":"https:\/\/api.w.org\/{rel}","templated":true}]}}