{"id":81081,"date":"2022-12-07T17:50:00","date_gmt":"2022-12-07T17:50:00","guid":{"rendered":"http:\/\/www.noticiasradioreflejos.com.ar\/2021\/?p=81081"},"modified":"2022-12-07T17:50:00","modified_gmt":"2022-12-07T17:50:00","slug":"rigen-alertas-por-tormentas-lluvias-y-vientos-en-nueve-provincias","status":"publish","type":"post","link":"https:\/\/www.noticiasradioreflejos.com.ar\/2021\/rigen-alertas-por-tormentas-lluvias-y-vientos-en-nueve-provincias\/","title":{"rendered":"Rigen alertas por tormentas, lluvias y vientos en nueve provincias"},"content":{"rendered":"<p><strong>Las provincias de Buenos Aires, C\u00f3rdoba, Jujuy, La Pampa y Salta\u00a0<\/strong>presentaban esta ma\u00f1ana alertas amarillas por tormentas, mientras reg\u00edan otras por lluvias para Chubut, Neuqu\u00e9n y R\u00edo Negro,\u00a0<strong>y por vientos en Chubut, La Pampa, Mendoza, Neuqu\u00e9n y R\u00edo Negro<\/strong>, inform\u00f3 el Servicio Metereol\u00f3gico Nacional (SMN).<!--more--><\/p>\n<p>Seg\u00fan el reporte del organismo,\u00a0<strong>en la provincia de Jujuy,<\/strong>\u00a0la alerta por tormentas alcanza a Puna Susques y la cordillera de Cochinoca, Rinconada y Santa Catalina, mientras en Salta rige para los valles de Cachi, Cafayate, Chicoana, La Caldera, La Poma, Molinos, Rosario de Lerma y San Carlos.<\/p>\n<p>Tambi\u00e9n en las localidades cordobesas de\u00a0<strong>General Roca y Presidente Roque S\u00e1enz Pe\u00f1a; las pampeanas de Caleu Caleu, Hucal, Chapaleuf\u00fa, Marac\u00f3, Rancul, Realic\u00f3, Trenel, Atreuc\u00f3, Capital, Catril\u00f3, Conhelo, Guatrach\u00e9, Quem\u00fa Quem\u00fa, Toay y Utrac\u00e1n; adem\u00e1s del oeste, centro y sudeste de la provincia de Buenos Aires.<\/strong><\/p>\n<p>En estas \u00e1reas se esperan valores de precipitaci\u00f3n acumulada\u00a0<strong>de entre 20 y 40 mil\u00edmetros,\u00a0<\/strong>acompa\u00f1ada por intensas r\u00e1fagas de viento, ocasional ca\u00edda de granizo, importante actividad el\u00e9ctrica y abundante ca\u00edda de agua en cortos per\u00edodos de tiempo.<\/p>\n<p>A su vez\u00a0<strong>rigen alertas amarillas por lluvias<\/strong>\u00a0en la cordillera de Cushamen, de Futaleuf\u00fa, de Langui\u00f1eo y de Tehuelches en Chubut; la cordillera de Huiliches, de L\u00e1car, de Alumin\u00e9 y Los Lagos en Neuqu\u00e9n; y la cordillera de Pilcaniyeu, de \u00d1orquinc\u00f3 y Bariloche en R\u00edo Negro.<\/p>\n<p>Estas zonas ser\u00e1n afectadas por lluvias persistentes y de variada intensidad y se estiman\u00a0<strong>valores de precipitaci\u00f3n acumulada entre 20 y 30 mil\u00edmetros,<\/strong>\u00a0que pueden ser superados de forma puntual, sobre todo en las zonas m\u00e1s elevadas.<\/p>\n<p>En tanto,<strong>\u00a0presentan alertas por vientos toda la provincia de R\u00edo Negro y de Neuqu\u00e9n; el oeste, centro y noroeste de Chubut; el centro y sur de Mendoza; el noroeste, sudoeste y oeste de La Pampa; y el centro y noroeste de Chubut.<\/strong><\/p>\n<p>Esta \u00e1rea ser\u00e1 afectada por vientos del sector oeste,\u00a0<strong>con velocidades entre 35 y 70 kil\u00f3metros por hora y r\u00e1fagas que pueden superar los 100 kil\u00f3metros por hora.<\/strong><\/p>\n<p>El SMN recomend\u00f3 en estas zonas<strong>\u00a0evitar actividades al aire libre, asegurar los elementos que puedan volarse, mantenerse informado por autoridades, y tener siempre lista una mochila de emergencias con linterna, radio, documentos y tel\u00e9fono.<\/strong><\/p>\n<p>Adem\u00e1s,\u00a0<strong>en los lugares con alertas por tormentas, el organismo sugiri\u00f3\u00a0<\/strong>no sacar la basura, retirar objetos que impidan que el agua escurra, no refugiarse cerca de \u00e1rboles y postes de electricidad que puedan caerse y no permanecer en playas, r\u00edos, lagunas o piletas para minimizar el riesgo de ser alcanzado por un rayo.<\/p>\n","protected":false},"excerpt":{"rendered":"<p>Las provincias de Buenos Aires, C\u00f3rdoba, Jujuy, La Pampa y Salta\u00a0presentaban esta ma\u00f1ana alertas amarillas por tormentas, mientras reg\u00edan otras por lluvias para Chubut, Neuqu\u00e9n y R\u00edo Negro,\u00a0y por vientos en Chubut, La Pampa, Mendoza, Neuqu\u00e9n y R\u00edo Negro, inform\u00f3 el Servicio Metereol\u00f3gico Nacional (SMN).<\/p>\n","protected":false},"author":3,"featured_media":69476,"comment_status":"closed","ping_status":"closed","sticky":false,"template":"","format":"standard","meta":{"footnotes":""},"categories":[46],"tags":[],"class_list":["post-81081","post","type-post","status-publish","format-standard","has-post-thumbnail","hentry","category-ciencia-y-tecnologia"],"yoast_head":"<!-- This site is optimized with the Yoast SEO plugin v25.9 - https:\/\/yoast.com\/wordpress\/plugins\/seo\/ -->\n<title>Rigen alertas por tormentas, lluvias y vientos en nueve provincias - Noticias Radio Reflejos<\/title>\n<meta name=\"robots\" content=\"index, follow, max-snippet:-1, max-image-preview:large, max-video-preview:-1\" \/>\n<link rel=\"canonical\" href=\"https:\/\/www.noticiasradioreflejos.com.ar\/2021\/rigen-alertas-por-tormentas-lluvias-y-vientos-en-nueve-provincias\/\" \/>\n<meta property=\"og:locale\" content=\"es_ES\" \/>\n<meta property=\"og:type\" content=\"article\" \/>\n<meta property=\"og:title\" content=\"Rigen alertas por tormentas, lluvias y vientos en nueve provincias - Noticias Radio Reflejos\" \/>\n<meta property=\"og:description\" content=\"Las provincias de Buenos Aires, C\u00f3rdoba, Jujuy, La Pampa y Salta\u00a0presentaban esta ma\u00f1ana alertas amarillas por tormentas, mientras reg\u00edan otras por lluvias para Chubut, Neuqu\u00e9n y R\u00edo Negro,\u00a0y por vientos en Chubut, La Pampa, Mendoza, Neuqu\u00e9n y R\u00edo Negro, inform\u00f3 el Servicio Metereol\u00f3gico Nacional (SMN).\" \/>\n<meta property=\"og:url\" content=\"https:\/\/www.noticiasradioreflejos.com.ar\/2021\/rigen-alertas-por-tormentas-lluvias-y-vientos-en-nueve-provincias\/\" \/>\n<meta property=\"og:site_name\" content=\"Noticias Radio Reflejos\" \/>\n<meta property=\"article:published_time\" content=\"2022-12-07T17:50:00+00:00\" \/>\n<meta property=\"og:image\" content=\"https:\/\/www.noticiasradioreflejos.com.ar\/2021\/wp-content\/uploads\/2022\/03\/rayo-en-el-mar.jpg\" \/>\n\t<meta property=\"og:image:width\" content=\"610\" \/>\n\t<meta property=\"og:image:height\" content=\"394\" \/>\n\t<meta property=\"og:image:type\" content=\"image\/jpeg\" \/>\n<meta name=\"author\" content=\"Arnaldo Botto\" \/>\n<meta name=\"twitter:card\" content=\"summary_large_image\" \/>\n<script type=\"application\/ld+json\" class=\"yoast-schema-graph\">{\"@context\":\"https:\/\/schema.org\",\"@graph\":[{\"@type\":\"WebPage\",\"@id\":\"https:\/\/www.noticiasradioreflejos.com.ar\/2021\/rigen-alertas-por-tormentas-lluvias-y-vientos-en-nueve-provincias\/\",\"url\":\"https:\/\/www.noticiasradioreflejos.com.ar\/2021\/rigen-alertas-por-tormentas-lluvias-y-vientos-en-nueve-provincias\/\",\"name\":\"Rigen alertas por tormentas, lluvias y vientos en nueve provincias - Noticias Radio Reflejos\",\"isPartOf\":{\"@id\":\"https:\/\/www.noticiasradioreflejos.com.ar\/2021\/#website\"},\"primaryImageOfPage\":{\"@id\":\"https:\/\/www.noticiasradioreflejos.com.ar\/2021\/rigen-alertas-por-tormentas-lluvias-y-vientos-en-nueve-provincias\/#primaryimage\"},\"image\":{\"@id\":\"https:\/\/www.noticiasradioreflejos.com.ar\/2021\/rigen-alertas-por-tormentas-lluvias-y-vientos-en-nueve-provincias\/#primaryimage\"},\"thumbnailUrl\":\"https:\/\/www.noticiasradioreflejos.com.ar\/2021\/wp-content\/uploads\/2022\/03\/rayo-en-el-mar.jpg\",\"datePublished\":\"2022-12-07T17:50:00+00:00\",\"author\":{\"@id\":\"https:\/\/www.noticiasradioreflejos.com.ar\/2021\/#\/schema\/person\/ad82545263dcc5ec0996818884fd5fb1\"},\"breadcrumb\":{\"@id\":\"https:\/\/www.noticiasradioreflejos.com.ar\/2021\/rigen-alertas-por-tormentas-lluvias-y-vientos-en-nueve-provincias\/#breadcrumb\"},\"inLanguage\":\"es\",\"potentialAction\":[{\"@type\":\"ReadAction\",\"target\":[\"https:\/\/www.noticiasradioreflejos.com.ar\/2021\/rigen-alertas-por-tormentas-lluvias-y-vientos-en-nueve-provincias\/\"]}]},{\"@type\":\"ImageObject\",\"inLanguage\":\"es\",\"@id\":\"https:\/\/www.noticiasradioreflejos.com.ar\/2021\/rigen-alertas-por-tormentas-lluvias-y-vientos-en-nueve-provincias\/#primaryimage\",\"url\":\"https:\/\/www.noticiasradioreflejos.com.ar\/2021\/wp-content\/uploads\/2022\/03\/rayo-en-el-mar.jpg\",\"contentUrl\":\"https:\/\/www.noticiasradioreflejos.com.ar\/2021\/wp-content\/uploads\/2022\/03\/rayo-en-el-mar.jpg\",\"width\":610,\"height\":394},{\"@type\":\"BreadcrumbList\",\"@id\":\"https:\/\/www.noticiasradioreflejos.com.ar\/2021\/rigen-alertas-por-tormentas-lluvias-y-vientos-en-nueve-provincias\/#breadcrumb\",\"itemListElement\":[{\"@type\":\"ListItem\",\"position\":1,\"name\":\"Portada\",\"item\":\"https:\/\/www.noticiasradioreflejos.com.ar\/2021\/\"},{\"@type\":\"ListItem\",\"position\":2,\"name\":\"Rigen alertas por tormentas, lluvias y vientos en nueve provincias\"}]},{\"@type\":\"WebSite\",\"@id\":\"https:\/\/www.noticiasradioreflejos.com.ar\/2021\/#website\",\"url\":\"https:\/\/www.noticiasradioreflejos.com.ar\/2021\/\",\"name\":\"Noticias Radio Reflejos\",\"description\":\"Las noticias de mi comarca\",\"potentialAction\":[{\"@type\":\"SearchAction\",\"target\":{\"@type\":\"EntryPoint\",\"urlTemplate\":\"https:\/\/www.noticiasradioreflejos.com.ar\/2021\/?s={search_term_string}\"},\"query-input\":{\"@type\":\"PropertyValueSpecification\",\"valueRequired\":true,\"valueName\":\"search_term_string\"}}],\"inLanguage\":\"es\"},{\"@type\":\"Person\",\"@id\":\"https:\/\/www.noticiasradioreflejos.com.ar\/2021\/#\/schema\/person\/ad82545263dcc5ec0996818884fd5fb1\",\"name\":\"Arnaldo Botto\",\"image\":{\"@type\":\"ImageObject\",\"inLanguage\":\"es\",\"@id\":\"https:\/\/www.noticiasradioreflejos.com.ar\/2021\/#\/schema\/person\/image\/\",\"url\":\"https:\/\/secure.gravatar.com\/avatar\/55cb5e37c1efa326397366e6974cb338056df65cb50e7d64d1cf314e87504837?s=96&d=mm&r=g\",\"contentUrl\":\"https:\/\/secure.gravatar.com\/avatar\/55cb5e37c1efa326397366e6974cb338056df65cb50e7d64d1cf314e87504837?s=96&d=mm&r=g\",\"caption\":\"Arnaldo Botto\"},\"url\":\"https:\/\/www.noticiasradioreflejos.com.ar\/2021\/author\/arnaldo\/\"}]}<\/script>\n<!-- \/ Yoast SEO plugin. -->","yoast_head_json":{"title":"Rigen alertas por tormentas, lluvias y vientos en nueve provincias - Noticias Radio Reflejos","robots":{"index":"index","follow":"follow","max-snippet":"max-snippet:-1","max-image-preview":"max-image-preview:large","max-video-preview":"max-video-preview:-1"},"canonical":"https:\/\/www.noticiasradioreflejos.com.ar\/2021\/rigen-alertas-por-tormentas-lluvias-y-vientos-en-nueve-provincias\/","og_locale":"es_ES","og_type":"article","og_title":"Rigen alertas por tormentas, lluvias y vientos en nueve provincias - Noticias Radio Reflejos","og_description":"Las provincias de Buenos Aires, C\u00f3rdoba, Jujuy, La Pampa y Salta\u00a0presentaban esta ma\u00f1ana alertas amarillas por tormentas, mientras reg\u00edan otras por lluvias para Chubut, Neuqu\u00e9n y R\u00edo Negro,\u00a0y por vientos en Chubut, La Pampa, Mendoza, Neuqu\u00e9n y R\u00edo Negro, inform\u00f3 el Servicio Metereol\u00f3gico Nacional (SMN).","og_url":"https:\/\/www.noticiasradioreflejos.com.ar\/2021\/rigen-alertas-por-tormentas-lluvias-y-vientos-en-nueve-provincias\/","og_site_name":"Noticias Radio Reflejos","article_published_time":"2022-12-07T17:50:00+00:00","og_image":[{"width":610,"height":394,"url":"https:\/\/www.noticiasradioreflejos.com.ar\/2021\/wp-content\/uploads\/2022\/03\/rayo-en-el-mar.jpg","type":"image\/jpeg"}],"author":"Arnaldo Botto","twitter_card":"summary_large_image","schema":{"@context":"https:\/\/schema.org","@graph":[{"@type":"WebPage","@id":"https:\/\/www.noticiasradioreflejos.com.ar\/2021\/rigen-alertas-por-tormentas-lluvias-y-vientos-en-nueve-provincias\/","url":"https:\/\/www.noticiasradioreflejos.com.ar\/2021\/rigen-alertas-por-tormentas-lluvias-y-vientos-en-nueve-provincias\/","name":"Rigen alertas por tormentas, lluvias y vientos en nueve provincias - Noticias Radio Reflejos","isPartOf":{"@id":"https:\/\/www.noticiasradioreflejos.com.ar\/2021\/#website"},"primaryImageOfPage":{"@id":"https:\/\/www.noticiasradioreflejos.com.ar\/2021\/rigen-alertas-por-tormentas-lluvias-y-vientos-en-nueve-provincias\/#primaryimage"},"image":{"@id":"https:\/\/www.noticiasradioreflejos.com.ar\/2021\/rigen-alertas-por-tormentas-lluvias-y-vientos-en-nueve-provincias\/#primaryimage"},"thumbnailUrl":"https:\/\/www.noticiasradioreflejos.com.ar\/2021\/wp-content\/uploads\/2022\/03\/rayo-en-el-mar.jpg","datePublished":"2022-12-07T17:50:00+00:00","author":{"@id":"https:\/\/www.noticiasradioreflejos.com.ar\/2021\/#\/schema\/person\/ad82545263dcc5ec0996818884fd5fb1"},"breadcrumb":{"@id":"https:\/\/www.noticiasradioreflejos.com.ar\/2021\/rigen-alertas-por-tormentas-lluvias-y-vientos-en-nueve-provincias\/#breadcrumb"},"inLanguage":"es","potentialAction":[{"@type":"ReadAction","target":["https:\/\/www.noticiasradioreflejos.com.ar\/2021\/rigen-alertas-por-tormentas-lluvias-y-vientos-en-nueve-provincias\/"]}]},{"@type":"ImageObject","inLanguage":"es","@id":"https:\/\/www.noticiasradioreflejos.com.ar\/2021\/rigen-alertas-por-tormentas-lluvias-y-vientos-en-nueve-provincias\/#primaryimage","url":"https:\/\/www.noticiasradioreflejos.com.ar\/2021\/wp-content\/uploads\/2022\/03\/rayo-en-el-mar.jpg","contentUrl":"https:\/\/www.noticiasradioreflejos.com.ar\/2021\/wp-content\/uploads\/2022\/03\/rayo-en-el-mar.jpg","width":610,"height":394},{"@type":"BreadcrumbList","@id":"https:\/\/www.noticiasradioreflejos.com.ar\/2021\/rigen-alertas-por-tormentas-lluvias-y-vientos-en-nueve-provincias\/#breadcrumb","itemListElement":[{"@type":"ListItem","position":1,"name":"Portada","item":"https:\/\/www.noticiasradioreflejos.com.ar\/2021\/"},{"@type":"ListItem","position":2,"name":"Rigen alertas por tormentas, lluvias y vientos en nueve provincias"}]},{"@type":"WebSite","@id":"https:\/\/www.noticiasradioreflejos.com.ar\/2021\/#website","url":"https:\/\/www.noticiasradioreflejos.com.ar\/2021\/","name":"Noticias Radio Reflejos","description":"Las noticias de mi comarca","potentialAction":[{"@type":"SearchAction","target":{"@type":"EntryPoint","urlTemplate":"https:\/\/www.noticiasradioreflejos.com.ar\/2021\/?s={search_term_string}"},"query-input":{"@type":"PropertyValueSpecification","valueRequired":true,"valueName":"search_term_string"}}],"inLanguage":"es"},{"@type":"Person","@id":"https:\/\/www.noticiasradioreflejos.com.ar\/2021\/#\/schema\/person\/ad82545263dcc5ec0996818884fd5fb1","name":"Arnaldo Botto","image":{"@type":"ImageObject","inLanguage":"es","@id":"https:\/\/www.noticiasradioreflejos.com.ar\/2021\/#\/schema\/person\/image\/","url":"https:\/\/secure.gravatar.com\/avatar\/55cb5e37c1efa326397366e6974cb338056df65cb50e7d64d1cf314e87504837?s=96&d=mm&r=g","contentUrl":"https:\/\/secure.gravatar.com\/avatar\/55cb5e37c1efa326397366e6974cb338056df65cb50e7d64d1cf314e87504837?s=96&d=mm&r=g","caption":"Arnaldo Botto"},"url":"https:\/\/www.noticiasradioreflejos.com.ar\/2021\/author\/arnaldo\/"}]}},"_links":{"self":[{"href":"https:\/\/www.noticiasradioreflejos.com.ar\/2021\/wp-json\/wp\/v2\/posts\/81081","targetHints":{"allow":["GET"]}}],"collection":[{"href":"https:\/\/www.noticiasradioreflejos.com.ar\/2021\/wp-json\/wp\/v2\/posts"}],"about":[{"href":"https:\/\/www.noticiasradioreflejos.com.ar\/2021\/wp-json\/wp\/v2\/types\/post"}],"author":[{"embeddable":true,"href":"https:\/\/www.noticiasradioreflejos.com.ar\/2021\/wp-json\/wp\/v2\/users\/3"}],"replies":[{"embeddable":true,"href":"https:\/\/www.noticiasradioreflejos.com.ar\/2021\/wp-json\/wp\/v2\/comments?post=81081"}],"version-history":[{"count":1,"href":"https:\/\/www.noticiasradioreflejos.com.ar\/2021\/wp-json\/wp\/v2\/posts\/81081\/revisions"}],"predecessor-version":[{"id":81082,"href":"https:\/\/www.noticiasradioreflejos.com.ar\/2021\/wp-json\/wp\/v2\/posts\/81081\/revisions\/81082"}],"wp:featuredmedia":[{"embeddable":true,"href":"https:\/\/www.noticiasradioreflejos.com.ar\/2021\/wp-json\/wp\/v2\/media\/69476"}],"wp:attachment":[{"href":"https:\/\/www.noticiasradioreflejos.com.ar\/2021\/wp-json\/wp\/v2\/media?parent=81081"}],"wp:term":[{"taxonomy":"category","embeddable":true,"href":"https:\/\/www.noticiasradioreflejos.com.ar\/2021\/wp-json\/wp\/v2\/categories?post=81081"},{"taxonomy":"post_tag","embeddable":true,"href":"https:\/\/www.noticiasradioreflejos.com.ar\/2021\/wp-json\/wp\/v2\/tags?post=81081"}],"curies":[{"name":"wp","href":"https:\/\/api.w.org\/{rel}","templated":true}]}}