{"id":81076,"date":"2022-12-07T17:34:50","date_gmt":"2022-12-07T17:34:50","guid":{"rendered":"http:\/\/www.noticiasradioreflejos.com.ar\/2021\/?p=81076"},"modified":"2022-12-07T17:34:50","modified_gmt":"2022-12-07T17:34:50","slug":"la-mitad-del-pais-esta-bajo-alerta-por-intenso-calor-y-se-registran-marcas-de-40-grados","status":"publish","type":"post","link":"https:\/\/www.noticiasradioreflejos.com.ar\/2021\/la-mitad-del-pais-esta-bajo-alerta-por-intenso-calor-y-se-registran-marcas-de-40-grados\/","title":{"rendered":"La mitad del pa\u00eds est\u00e1 bajo alerta por intenso calor y se registran marcas de 40 grados"},"content":{"rendered":"<p>El calor se sentir\u00e1 con fuerza en Salta, Formosa, Tucum\u00e1n, Santa Fe, Entre R\u00edos, Santiago del Estero, San Juan, San Luis, Mendoza, C\u00f3rdoba, Corrientes, Misiones, Chaco, Catamarca y Buenos Aires.<!--more--><\/p>\n<figure class=\"mb-3\"><img decoding=\"async\" src=\"https:\/\/www.telam.com.ar\/thumbs\/bluesteel\/advf\/imagenes\/2022\/12\/638f91321b6b3_1200.jpg\" alt=\"San Juan y otras 14 provincias soportarn temperaturas mximas de entre 35 y 39 grados Foto Rubn Paratore\" width=\"100%\" height=\"100%\" \/><\/p>\n<div class=\"media-icons\"><\/div><figcaption>San Juan y otras 14 provincias soportar\u00e1n temperaturas m\u00e1ximas de entre 35 y 39 grados \/ Foto: Rub\u00e9n Paratore.<\/figcaption><\/figure>\n<p><strong>Formosa, Salta y Santiago del Estero superaron los 40 grados este mediod\u00eda<\/strong>\u00a0en el transcurso de una nueva jornada de intenso calor, con marcas m\u00e1ximas pronosticadas de 42 grados para algunas localidades, mientras que el Servicio Meteorol\u00f3gico Nacional (SMN) mantiene la alerta amarilla por altas temperaturas en 15 provincias y extendi\u00f3 la alerta naranja para la ciudad de Buenos Aires y el conurbano bonaerense.<\/p>\n<p>El reporte del organismo que recolecta temperaturas de los observatorios meteorol\u00f3gicos de todo el pa\u00eds advirti\u00f3 que a las 12, la localidad de Las Lomitas, en Formosa, alcanz\u00f3 los 41 grados, en tanto que en las ciudades salte\u00f1as de Tartagal y San Ram\u00f3n de La Nueva Or\u00e1n, el term\u00f3metro marc\u00f3 40,8 y 40, respectivamente.<\/p>\n<p><strong>Seg\u00fan el ranking de temperaturas, al mediod\u00eda<\/strong>, se ubicaba en tercer lugar la capital de Santiago del Estero con 40,6 grados.<\/p>\n<p>Esta ma\u00f1ana, el SMN ampli\u00f3 la alerta naranja por temperaturas que pueden ser \u00abmuy peligrosas\u00bb para la ciudad de Buenos Aires, donde se espera una m\u00e1xima de 36 grados, y para localidades bonaerenses como Avellaneda, Lan\u00fas, Lomas de Zamora, Quilmes, Chivilcoy y Bragado, que podr\u00edan superar los 37 grados.<\/p>\n<p><strong>La alerta naranja tambi\u00e9n se mantiene para el sureste de Jujuy, la totalidad de Catamarca y La Rioja, y sectores del norte de San Juan, donde se prev\u00e9n m\u00e1ximas entre 40 y 42 grados.<\/strong><\/p>\n<figure class=\"mb-3\"><img decoding=\"async\" src=\"https:\/\/www.telam.com.ar\/thumbs\/bluesteel\/advf\/imagenes\/editadas\/6390c0abedd6c_1200.jpg\" alt=\"El calor se hizo sentir en San Luis Foto Nicols Varvara \" width=\"100%\" height=\"100%\" \/><\/p>\n<div class=\"media-icons\"><\/div><figcaption>El calor se hizo sentir en San Luis. \/ Foto: Nicol\u00e1s Varvara.<\/figcaption><\/figure>\n<p>El nivel naranja que implica un \u00abefecto moderado a alto en la salud\u00bb se extend\u00eda a gran parte de las provincias de C\u00f3rdoba, Mendoza y San Luis, mientras que para la capital cordobesa se pronostic\u00f3 una m\u00e1xima de 42 grados.<\/p>\n<p>Por otro lado, el SMN contin\u00faa con alertas amarillas para la totalidad de las provincias de Salta, Formosa, Tucum\u00e1n, Santa Fe y Entre R\u00edos, y para amplios sectores de Santiago del Estero, San Juan, San Luis, Mendoza, C\u00f3rdoba, Corrientes, Misiones, Chaco y la provincia de Buenos Aires.<\/p>\n<p>El nivel amarillo de alerta por temperaturas extremas significa un efecto leve a moderado en la salud y \u00abpueden ser peligrosas, sobre todo para los grupos de riesgo, como ni\u00f1os y ni\u00f1as, personas mayores de 65 a\u00f1os y con enfermedades cr\u00f3nicas\u00bb, precis\u00f3 el SMN.<\/p>\n<p>Por esto, el organismo meteorol\u00f3gico recomend\u00f3 a la poblaci\u00f3n de estas zonas mantenerse hidratada, no exponerse a las altas temperaturas, evitar realizar actividad f\u00edsica, y usar ropa liviana y de colores claros.<\/p>\n<figure class=\"mb-3\"><img decoding=\"async\" src=\"https:\/\/www.telam.com.ar\/thumbs\/bluesteel\/advf\/imagenes\/editadas\/6390c0b7e55a5_1200.jpg\" alt=\"Los espejos de agua una opcin para paliar las altas temperaturas Foto Nicols Varvara \" width=\"100%\" height=\"100%\" \/><\/p>\n<div class=\"media-icons\"><\/div><figcaption>Los espejos de agua, una opci\u00f3n para paliar las altas temperaturas. \/ Foto: Nicol\u00e1s Varvara.<\/figcaption><\/figure>\n","protected":false},"excerpt":{"rendered":"<p>El calor se sentir\u00e1 con fuerza en Salta, Formosa, Tucum\u00e1n, Santa Fe, Entre R\u00edos, Santiago del Estero, San Juan, San Luis, Mendoza, C\u00f3rdoba, Corrientes, Misiones, Chaco, Catamarca y Buenos Aires.<\/p>\n","protected":false},"author":3,"featured_media":0,"comment_status":"closed","ping_status":"closed","sticky":false,"template":"","format":"standard","meta":{"footnotes":""},"categories":[46,26],"tags":[],"class_list":["post-81076","post","type-post","status-publish","format-standard","hentry","category-ciencia-y-tecnologia","category-sociedad"],"yoast_head":"<!-- This site is optimized with the Yoast SEO plugin v25.9 - https:\/\/yoast.com\/wordpress\/plugins\/seo\/ -->\n<title>La mitad del pa\u00eds est\u00e1 bajo alerta por intenso calor y se registran marcas de 40 grados - Noticias Radio Reflejos<\/title>\n<meta name=\"robots\" content=\"index, follow, max-snippet:-1, max-image-preview:large, max-video-preview:-1\" \/>\n<link rel=\"canonical\" href=\"https:\/\/www.noticiasradioreflejos.com.ar\/2021\/la-mitad-del-pais-esta-bajo-alerta-por-intenso-calor-y-se-registran-marcas-de-40-grados\/\" \/>\n<meta property=\"og:locale\" content=\"es_ES\" \/>\n<meta property=\"og:type\" content=\"article\" \/>\n<meta property=\"og:title\" content=\"La mitad del pa\u00eds est\u00e1 bajo alerta por intenso calor y se registran marcas de 40 grados - Noticias Radio Reflejos\" \/>\n<meta property=\"og:description\" content=\"El calor se sentir\u00e1 con fuerza en Salta, Formosa, Tucum\u00e1n, Santa Fe, Entre R\u00edos, Santiago del Estero, San Juan, San Luis, Mendoza, C\u00f3rdoba, Corrientes, Misiones, Chaco, Catamarca y Buenos Aires.\" \/>\n<meta property=\"og:url\" content=\"https:\/\/www.noticiasradioreflejos.com.ar\/2021\/la-mitad-del-pais-esta-bajo-alerta-por-intenso-calor-y-se-registran-marcas-de-40-grados\/\" \/>\n<meta property=\"og:site_name\" content=\"Noticias Radio Reflejos\" \/>\n<meta property=\"article:published_time\" content=\"2022-12-07T17:34:50+00:00\" \/>\n<meta property=\"og:image\" content=\"https:\/\/www.telam.com.ar\/thumbs\/bluesteel\/advf\/imagenes\/2022\/12\/638f91321b6b3_1200.jpg\" \/>\n<meta name=\"author\" content=\"Arnaldo Botto\" \/>\n<meta name=\"twitter:card\" content=\"summary_large_image\" \/>\n<script type=\"application\/ld+json\" class=\"yoast-schema-graph\">{\"@context\":\"https:\/\/schema.org\",\"@graph\":[{\"@type\":\"WebPage\",\"@id\":\"https:\/\/www.noticiasradioreflejos.com.ar\/2021\/la-mitad-del-pais-esta-bajo-alerta-por-intenso-calor-y-se-registran-marcas-de-40-grados\/\",\"url\":\"https:\/\/www.noticiasradioreflejos.com.ar\/2021\/la-mitad-del-pais-esta-bajo-alerta-por-intenso-calor-y-se-registran-marcas-de-40-grados\/\",\"name\":\"La mitad del pa\u00eds est\u00e1 bajo alerta por intenso calor y se registran marcas de 40 grados - Noticias Radio Reflejos\",\"isPartOf\":{\"@id\":\"https:\/\/www.noticiasradioreflejos.com.ar\/2021\/#website\"},\"primaryImageOfPage\":{\"@id\":\"https:\/\/www.noticiasradioreflejos.com.ar\/2021\/la-mitad-del-pais-esta-bajo-alerta-por-intenso-calor-y-se-registran-marcas-de-40-grados\/#primaryimage\"},\"image\":{\"@id\":\"https:\/\/www.noticiasradioreflejos.com.ar\/2021\/la-mitad-del-pais-esta-bajo-alerta-por-intenso-calor-y-se-registran-marcas-de-40-grados\/#primaryimage\"},\"thumbnailUrl\":\"https:\/\/www.telam.com.ar\/thumbs\/bluesteel\/advf\/imagenes\/2022\/12\/638f91321b6b3_1200.jpg\",\"datePublished\":\"2022-12-07T17:34:50+00:00\",\"author\":{\"@id\":\"https:\/\/www.noticiasradioreflejos.com.ar\/2021\/#\/schema\/person\/ad82545263dcc5ec0996818884fd5fb1\"},\"breadcrumb\":{\"@id\":\"https:\/\/www.noticiasradioreflejos.com.ar\/2021\/la-mitad-del-pais-esta-bajo-alerta-por-intenso-calor-y-se-registran-marcas-de-40-grados\/#breadcrumb\"},\"inLanguage\":\"es\",\"potentialAction\":[{\"@type\":\"ReadAction\",\"target\":[\"https:\/\/www.noticiasradioreflejos.com.ar\/2021\/la-mitad-del-pais-esta-bajo-alerta-por-intenso-calor-y-se-registran-marcas-de-40-grados\/\"]}]},{\"@type\":\"ImageObject\",\"inLanguage\":\"es\",\"@id\":\"https:\/\/www.noticiasradioreflejos.com.ar\/2021\/la-mitad-del-pais-esta-bajo-alerta-por-intenso-calor-y-se-registran-marcas-de-40-grados\/#primaryimage\",\"url\":\"https:\/\/www.telam.com.ar\/thumbs\/bluesteel\/advf\/imagenes\/2022\/12\/638f91321b6b3_1200.jpg\",\"contentUrl\":\"https:\/\/www.telam.com.ar\/thumbs\/bluesteel\/advf\/imagenes\/2022\/12\/638f91321b6b3_1200.jpg\"},{\"@type\":\"BreadcrumbList\",\"@id\":\"https:\/\/www.noticiasradioreflejos.com.ar\/2021\/la-mitad-del-pais-esta-bajo-alerta-por-intenso-calor-y-se-registran-marcas-de-40-grados\/#breadcrumb\",\"itemListElement\":[{\"@type\":\"ListItem\",\"position\":1,\"name\":\"Portada\",\"item\":\"https:\/\/www.noticiasradioreflejos.com.ar\/2021\/\"},{\"@type\":\"ListItem\",\"position\":2,\"name\":\"La mitad del pa\u00eds est\u00e1 bajo alerta por intenso calor y se registran marcas de 40 grados\"}]},{\"@type\":\"WebSite\",\"@id\":\"https:\/\/www.noticiasradioreflejos.com.ar\/2021\/#website\",\"url\":\"https:\/\/www.noticiasradioreflejos.com.ar\/2021\/\",\"name\":\"Noticias Radio Reflejos\",\"description\":\"Las noticias de mi comarca\",\"potentialAction\":[{\"@type\":\"SearchAction\",\"target\":{\"@type\":\"EntryPoint\",\"urlTemplate\":\"https:\/\/www.noticiasradioreflejos.com.ar\/2021\/?s={search_term_string}\"},\"query-input\":{\"@type\":\"PropertyValueSpecification\",\"valueRequired\":true,\"valueName\":\"search_term_string\"}}],\"inLanguage\":\"es\"},{\"@type\":\"Person\",\"@id\":\"https:\/\/www.noticiasradioreflejos.com.ar\/2021\/#\/schema\/person\/ad82545263dcc5ec0996818884fd5fb1\",\"name\":\"Arnaldo Botto\",\"image\":{\"@type\":\"ImageObject\",\"inLanguage\":\"es\",\"@id\":\"https:\/\/www.noticiasradioreflejos.com.ar\/2021\/#\/schema\/person\/image\/\",\"url\":\"https:\/\/secure.gravatar.com\/avatar\/55cb5e37c1efa326397366e6974cb338056df65cb50e7d64d1cf314e87504837?s=96&d=mm&r=g\",\"contentUrl\":\"https:\/\/secure.gravatar.com\/avatar\/55cb5e37c1efa326397366e6974cb338056df65cb50e7d64d1cf314e87504837?s=96&d=mm&r=g\",\"caption\":\"Arnaldo Botto\"},\"url\":\"https:\/\/www.noticiasradioreflejos.com.ar\/2021\/author\/arnaldo\/\"}]}<\/script>\n<!-- \/ Yoast SEO plugin. -->","yoast_head_json":{"title":"La mitad del pa\u00eds est\u00e1 bajo alerta por intenso calor y se registran marcas de 40 grados - Noticias Radio Reflejos","robots":{"index":"index","follow":"follow","max-snippet":"max-snippet:-1","max-image-preview":"max-image-preview:large","max-video-preview":"max-video-preview:-1"},"canonical":"https:\/\/www.noticiasradioreflejos.com.ar\/2021\/la-mitad-del-pais-esta-bajo-alerta-por-intenso-calor-y-se-registran-marcas-de-40-grados\/","og_locale":"es_ES","og_type":"article","og_title":"La mitad del pa\u00eds est\u00e1 bajo alerta por intenso calor y se registran marcas de 40 grados - Noticias Radio Reflejos","og_description":"El calor se sentir\u00e1 con fuerza en Salta, Formosa, Tucum\u00e1n, Santa Fe, Entre R\u00edos, Santiago del Estero, San Juan, San Luis, Mendoza, C\u00f3rdoba, Corrientes, Misiones, Chaco, Catamarca y Buenos Aires.","og_url":"https:\/\/www.noticiasradioreflejos.com.ar\/2021\/la-mitad-del-pais-esta-bajo-alerta-por-intenso-calor-y-se-registran-marcas-de-40-grados\/","og_site_name":"Noticias Radio Reflejos","article_published_time":"2022-12-07T17:34:50+00:00","og_image":[{"url":"https:\/\/www.telam.com.ar\/thumbs\/bluesteel\/advf\/imagenes\/2022\/12\/638f91321b6b3_1200.jpg","type":"","width":"","height":""}],"author":"Arnaldo Botto","twitter_card":"summary_large_image","schema":{"@context":"https:\/\/schema.org","@graph":[{"@type":"WebPage","@id":"https:\/\/www.noticiasradioreflejos.com.ar\/2021\/la-mitad-del-pais-esta-bajo-alerta-por-intenso-calor-y-se-registran-marcas-de-40-grados\/","url":"https:\/\/www.noticiasradioreflejos.com.ar\/2021\/la-mitad-del-pais-esta-bajo-alerta-por-intenso-calor-y-se-registran-marcas-de-40-grados\/","name":"La mitad del pa\u00eds est\u00e1 bajo alerta por intenso calor y se registran marcas de 40 grados - Noticias Radio Reflejos","isPartOf":{"@id":"https:\/\/www.noticiasradioreflejos.com.ar\/2021\/#website"},"primaryImageOfPage":{"@id":"https:\/\/www.noticiasradioreflejos.com.ar\/2021\/la-mitad-del-pais-esta-bajo-alerta-por-intenso-calor-y-se-registran-marcas-de-40-grados\/#primaryimage"},"image":{"@id":"https:\/\/www.noticiasradioreflejos.com.ar\/2021\/la-mitad-del-pais-esta-bajo-alerta-por-intenso-calor-y-se-registran-marcas-de-40-grados\/#primaryimage"},"thumbnailUrl":"https:\/\/www.telam.com.ar\/thumbs\/bluesteel\/advf\/imagenes\/2022\/12\/638f91321b6b3_1200.jpg","datePublished":"2022-12-07T17:34:50+00:00","author":{"@id":"https:\/\/www.noticiasradioreflejos.com.ar\/2021\/#\/schema\/person\/ad82545263dcc5ec0996818884fd5fb1"},"breadcrumb":{"@id":"https:\/\/www.noticiasradioreflejos.com.ar\/2021\/la-mitad-del-pais-esta-bajo-alerta-por-intenso-calor-y-se-registran-marcas-de-40-grados\/#breadcrumb"},"inLanguage":"es","potentialAction":[{"@type":"ReadAction","target":["https:\/\/www.noticiasradioreflejos.com.ar\/2021\/la-mitad-del-pais-esta-bajo-alerta-por-intenso-calor-y-se-registran-marcas-de-40-grados\/"]}]},{"@type":"ImageObject","inLanguage":"es","@id":"https:\/\/www.noticiasradioreflejos.com.ar\/2021\/la-mitad-del-pais-esta-bajo-alerta-por-intenso-calor-y-se-registran-marcas-de-40-grados\/#primaryimage","url":"https:\/\/www.telam.com.ar\/thumbs\/bluesteel\/advf\/imagenes\/2022\/12\/638f91321b6b3_1200.jpg","contentUrl":"https:\/\/www.telam.com.ar\/thumbs\/bluesteel\/advf\/imagenes\/2022\/12\/638f91321b6b3_1200.jpg"},{"@type":"BreadcrumbList","@id":"https:\/\/www.noticiasradioreflejos.com.ar\/2021\/la-mitad-del-pais-esta-bajo-alerta-por-intenso-calor-y-se-registran-marcas-de-40-grados\/#breadcrumb","itemListElement":[{"@type":"ListItem","position":1,"name":"Portada","item":"https:\/\/www.noticiasradioreflejos.com.ar\/2021\/"},{"@type":"ListItem","position":2,"name":"La mitad del pa\u00eds est\u00e1 bajo alerta por intenso calor y se registran marcas de 40 grados"}]},{"@type":"WebSite","@id":"https:\/\/www.noticiasradioreflejos.com.ar\/2021\/#website","url":"https:\/\/www.noticiasradioreflejos.com.ar\/2021\/","name":"Noticias Radio Reflejos","description":"Las noticias de mi comarca","potentialAction":[{"@type":"SearchAction","target":{"@type":"EntryPoint","urlTemplate":"https:\/\/www.noticiasradioreflejos.com.ar\/2021\/?s={search_term_string}"},"query-input":{"@type":"PropertyValueSpecification","valueRequired":true,"valueName":"search_term_string"}}],"inLanguage":"es"},{"@type":"Person","@id":"https:\/\/www.noticiasradioreflejos.com.ar\/2021\/#\/schema\/person\/ad82545263dcc5ec0996818884fd5fb1","name":"Arnaldo Botto","image":{"@type":"ImageObject","inLanguage":"es","@id":"https:\/\/www.noticiasradioreflejos.com.ar\/2021\/#\/schema\/person\/image\/","url":"https:\/\/secure.gravatar.com\/avatar\/55cb5e37c1efa326397366e6974cb338056df65cb50e7d64d1cf314e87504837?s=96&d=mm&r=g","contentUrl":"https:\/\/secure.gravatar.com\/avatar\/55cb5e37c1efa326397366e6974cb338056df65cb50e7d64d1cf314e87504837?s=96&d=mm&r=g","caption":"Arnaldo Botto"},"url":"https:\/\/www.noticiasradioreflejos.com.ar\/2021\/author\/arnaldo\/"}]}},"_links":{"self":[{"href":"https:\/\/www.noticiasradioreflejos.com.ar\/2021\/wp-json\/wp\/v2\/posts\/81076","targetHints":{"allow":["GET"]}}],"collection":[{"href":"https:\/\/www.noticiasradioreflejos.com.ar\/2021\/wp-json\/wp\/v2\/posts"}],"about":[{"href":"https:\/\/www.noticiasradioreflejos.com.ar\/2021\/wp-json\/wp\/v2\/types\/post"}],"author":[{"embeddable":true,"href":"https:\/\/www.noticiasradioreflejos.com.ar\/2021\/wp-json\/wp\/v2\/users\/3"}],"replies":[{"embeddable":true,"href":"https:\/\/www.noticiasradioreflejos.com.ar\/2021\/wp-json\/wp\/v2\/comments?post=81076"}],"version-history":[{"count":1,"href":"https:\/\/www.noticiasradioreflejos.com.ar\/2021\/wp-json\/wp\/v2\/posts\/81076\/revisions"}],"predecessor-version":[{"id":81078,"href":"https:\/\/www.noticiasradioreflejos.com.ar\/2021\/wp-json\/wp\/v2\/posts\/81076\/revisions\/81078"}],"wp:attachment":[{"href":"https:\/\/www.noticiasradioreflejos.com.ar\/2021\/wp-json\/wp\/v2\/media?parent=81076"}],"wp:term":[{"taxonomy":"category","embeddable":true,"href":"https:\/\/www.noticiasradioreflejos.com.ar\/2021\/wp-json\/wp\/v2\/categories?post=81076"},{"taxonomy":"post_tag","embeddable":true,"href":"https:\/\/www.noticiasradioreflejos.com.ar\/2021\/wp-json\/wp\/v2\/tags?post=81076"}],"curies":[{"name":"wp","href":"https:\/\/api.w.org\/{rel}","templated":true}]}}