{"id":81072,"date":"2022-12-07T17:44:04","date_gmt":"2022-12-07T17:44:04","guid":{"rendered":"http:\/\/www.noticiasradioreflejos.com.ar\/2021\/?p=81072"},"modified":"2022-12-07T19:02:46","modified_gmt":"2022-12-07T19:02:46","slug":"le-estamos-pidiendo-a-la-gente-que-se-re-empadrone-para-pagar-la-tasa-municipal","status":"publish","type":"post","link":"https:\/\/www.noticiasradioreflejos.com.ar\/2021\/le-estamos-pidiendo-a-la-gente-que-se-re-empadrone-para-pagar-la-tasa-municipal\/","title":{"rendered":"\u201cLe estamos pidiendo a la gente que se re empadrone para pagar la tasa municipal\u201d"},"content":{"rendered":"<p>As\u00ed lo mencion\u00f3 el Secretario de Hacienda, Bruno Zacconi, el cual coment\u00f3 los motivos que llevaron a esta modificaci\u00f3n. \u201cEstamos en un 60% de recaudaci\u00f3n por tasas\u201d asegur\u00f3.<\/p>\n<p>En el municipio de Tornquist, como as\u00ed tambi\u00e9n en el resto de la provincia de Buenos Aires, las distintas localidades han tenido que ir acomod\u00e1ndose a un nuevo sistema inform\u00e1tico establecido por decreto.<\/p>\n<p>Esto ha generado migraciones, de una plataforma a la otra, con incomodidades en distintas escalas, aunque la mayor\u00eda de estas, imperceptibles para los vecinos. Justamente lo que ha acontecido en las \u00faltimas semanas se ubica en la vereda opuesta.<\/p>\n<p>Al respecto el Secretario de Hacienda, Bruno Zacconi, explic\u00f3 que ahora hay \u201cun nuevo c\u00f3digo de pago para la tasa de servicios p\u00fablicos urbanos\u201d.<\/p>\n<p>D\u00e1ndole un marco a la situaci\u00f3n, cont\u00f3 que \u201cdesde el a\u00f1o 2006 por un decreto provincial tienen que usar un determinado sistema inform\u00e1tico. Fue muy retrasada su implementaci\u00f3n, al punto tal que hoy en el municipio tenemos dos sistemas inform\u00e1ticos\u201d.<\/p>\n<p>Seg\u00fan mencion\u00f3, \u201chemos pasado algunos m\u00f3dulos de uno a otro, y hoy estamos pasando los m\u00f3dulos de ingresos, es decir, las tasas. Pasar a este nuevo sistema implica que nosotros tenemos que migrar los datos y eso es lo que se produjo con la Tasa ABL\u201d.<\/p>\n<p>&nbsp;<\/p>\n<p><a href=\"http:\/\/www.noticiasradioreflejos.com.ar\/2021\/se-debera-adherir-un-nuevo-codigo-de-pago-para-la-tasa-de-servicios-publicos-urbanos\/spu\/\" rel=\"attachment wp-att-80712\"><img loading=\"lazy\" decoding=\"async\" class=\"aligncenter wp-image-80712\" src=\"http:\/\/www.noticiasradioreflejos.com.ar\/2021\/wp-content\/uploads\/2022\/11\/spu.jpeg\" alt=\"\" width=\"613\" height=\"767\" \/><\/a><\/p>\n<p>Es por esto \u201cque estamos pidiendo que toda la gente que lo pagaba a trav\u00e9s del home banking, que genere un nuevo c\u00f3digo de pago a trav\u00e9s de web en el caso que no le llegue la factura, y sino que espere la factura papel y le va a aparecer el nuevo c\u00f3digo de pago ah\u00ed y con eso se vuelve a empadronar\u201d.<\/p>\n<p>Haciendo conclusiones al respecto, Zacconi refiri\u00f3 que \u201ccuando hay migraciones de un sistema al otro la cobrabilidad baja porque hay mucha gente que al tenerlo por home banking no se va a dar cuenta de la ausencia de esta cobranza por un tiempo. De igual forma hay mucha gente que a\u00fan lo paga con boleta papel\u201d.<\/p>\n<p>Emparentado con esto, y sobre la respuesta de los vecinos al momento de pagar, el Secretario consider\u00f3 que \u201cestamos en un 60% de recaudaci\u00f3n por tasas. El a\u00f1o que viene eso implicar\u00e1 unos 400 millones de pesos, un poquito m\u00e1s, de recaudaci\u00f3n real\u201d.<\/p>\n<p>Trazando un paralelismo confirm\u00f3 que \u201cel presupuesto municipal estimado es de 3600 millones de pesos. M\u00e1s del 80% es de provincia a trav\u00e9s de la coparticipaci\u00f3n. A\u00fan esperamos los datos del CENSO y tambi\u00e9n la Salud coparticipa mucho\u201d.<\/p>\n<p><iframe loading=\"lazy\" src=\"https:\/\/w.soundcloud.com\/player\/?url=https%3A\/\/api.soundcloud.com\/tracks\/1397948275&amp;color=%23ff5500&amp;auto_play=false&amp;hide_related=false&amp;show_comments=true&amp;show_user=true&amp;show_reposts=false&amp;show_teaser=true\" width=\"100%\" height=\"166\" frameborder=\"no\" scrolling=\"no\"><\/iframe><\/p>\n<div style=\"font-size: 10px; color: #cccccc; line-break: anywhere; word-break: normal; overflow: hidden; white-space: nowrap; text-overflow: ellipsis; font-family: Interstate,Lucida Grande,Lucida Sans Unicode,Lucida Sans,Garuda,Verdana,Tahoma,sans-serif; font-weight: 100;\"><a style=\"color: #cccccc; text-decoration: none;\" title=\"fmreflejos 103.7\" href=\"https:\/\/soundcloud.com\/fmreflejos-103-7\" target=\"_blank\" rel=\"noopener\">fmreflejos 103.7<\/a> \u00b7 <a style=\"color: #cccccc; text-decoration: none;\" title=\"Bruno Zacconi\" href=\"https:\/\/soundcloud.com\/fmreflejos-103-7\/bruno-zacconi-3\" target=\"_blank\" rel=\"noopener\">Bruno Zacconi<\/a><\/div>\n<p>&nbsp;<\/p>\n","protected":false},"excerpt":{"rendered":"<p>As\u00ed lo mencion\u00f3 el Secretario de Hacienda, Bruno Zacconi, el cual coment\u00f3 los motivos que llevaron a esta modificaci\u00f3n. \u201cEstamos en un 60% de recaudaci\u00f3n por tasas\u201d asegur\u00f3. En el municipio de Tornquist, como as\u00ed tambi\u00e9n en el resto de la provincia de Buenos Aires, las distintas localidades han tenido que ir acomod\u00e1ndose a un [&hellip;]<\/p>\n","protected":false},"author":3,"featured_media":60231,"comment_status":"closed","ping_status":"closed","sticky":false,"template":"","format":"standard","meta":{"footnotes":""},"categories":[58,28],"tags":[48],"class_list":["post-81072","post","type-post","status-publish","format-standard","has-post-thumbnail","hentry","category-gobierno","category-municipales","tag-destacada"],"yoast_head":"<!-- This site is optimized with the Yoast SEO plugin v25.9 - https:\/\/yoast.com\/wordpress\/plugins\/seo\/ -->\n<title>\u201cLe estamos pidiendo a la gente que se re empadrone para pagar la tasa municipal\u201d - Noticias Radio Reflejos<\/title>\n<meta name=\"robots\" content=\"index, follow, max-snippet:-1, max-image-preview:large, max-video-preview:-1\" \/>\n<link rel=\"canonical\" href=\"https:\/\/www.noticiasradioreflejos.com.ar\/2021\/le-estamos-pidiendo-a-la-gente-que-se-re-empadrone-para-pagar-la-tasa-municipal\/\" \/>\n<meta property=\"og:locale\" content=\"es_ES\" \/>\n<meta property=\"og:type\" content=\"article\" \/>\n<meta property=\"og:title\" content=\"\u201cLe estamos pidiendo a la gente que se re empadrone para pagar la tasa municipal\u201d - Noticias Radio Reflejos\" \/>\n<meta property=\"og:description\" content=\"As\u00ed lo mencion\u00f3 el Secretario de Hacienda, Bruno Zacconi, el cual coment\u00f3 los motivos que llevaron a esta modificaci\u00f3n. \u201cEstamos en un 60% de recaudaci\u00f3n por tasas\u201d asegur\u00f3. En el municipio de Tornquist, como as\u00ed tambi\u00e9n en el resto de la provincia de Buenos Aires, las distintas localidades han tenido que ir acomod\u00e1ndose a un [&hellip;]\" \/>\n<meta property=\"og:url\" content=\"https:\/\/www.noticiasradioreflejos.com.ar\/2021\/le-estamos-pidiendo-a-la-gente-que-se-re-empadrone-para-pagar-la-tasa-municipal\/\" \/>\n<meta property=\"og:site_name\" content=\"Noticias Radio Reflejos\" \/>\n<meta property=\"article:published_time\" content=\"2022-12-07T17:44:04+00:00\" \/>\n<meta property=\"article:modified_time\" content=\"2022-12-07T19:02:46+00:00\" \/>\n<meta property=\"og:image\" content=\"https:\/\/www.noticiasradioreflejos.com.ar\/2021\/wp-content\/uploads\/2021\/07\/Plaza-Erensto-Tornquist-3.jpeg\" \/>\n\t<meta property=\"og:image:width\" content=\"1160\" \/>\n\t<meta property=\"og:image:height\" content=\"868\" \/>\n\t<meta property=\"og:image:type\" content=\"image\/jpeg\" \/>\n<meta name=\"author\" content=\"Arnaldo Botto\" \/>\n<meta name=\"twitter:card\" content=\"summary_large_image\" \/>\n<script type=\"application\/ld+json\" class=\"yoast-schema-graph\">{\"@context\":\"https:\/\/schema.org\",\"@graph\":[{\"@type\":\"WebPage\",\"@id\":\"https:\/\/www.noticiasradioreflejos.com.ar\/2021\/le-estamos-pidiendo-a-la-gente-que-se-re-empadrone-para-pagar-la-tasa-municipal\/\",\"url\":\"https:\/\/www.noticiasradioreflejos.com.ar\/2021\/le-estamos-pidiendo-a-la-gente-que-se-re-empadrone-para-pagar-la-tasa-municipal\/\",\"name\":\"\u201cLe estamos pidiendo a la gente que se re empadrone para pagar la tasa municipal\u201d - Noticias Radio Reflejos\",\"isPartOf\":{\"@id\":\"https:\/\/www.noticiasradioreflejos.com.ar\/2021\/#website\"},\"primaryImageOfPage\":{\"@id\":\"https:\/\/www.noticiasradioreflejos.com.ar\/2021\/le-estamos-pidiendo-a-la-gente-que-se-re-empadrone-para-pagar-la-tasa-municipal\/#primaryimage\"},\"image\":{\"@id\":\"https:\/\/www.noticiasradioreflejos.com.ar\/2021\/le-estamos-pidiendo-a-la-gente-que-se-re-empadrone-para-pagar-la-tasa-municipal\/#primaryimage\"},\"thumbnailUrl\":\"https:\/\/www.noticiasradioreflejos.com.ar\/2021\/wp-content\/uploads\/2021\/07\/Plaza-Erensto-Tornquist-3.jpeg\",\"datePublished\":\"2022-12-07T17:44:04+00:00\",\"dateModified\":\"2022-12-07T19:02:46+00:00\",\"author\":{\"@id\":\"https:\/\/www.noticiasradioreflejos.com.ar\/2021\/#\/schema\/person\/ad82545263dcc5ec0996818884fd5fb1\"},\"breadcrumb\":{\"@id\":\"https:\/\/www.noticiasradioreflejos.com.ar\/2021\/le-estamos-pidiendo-a-la-gente-que-se-re-empadrone-para-pagar-la-tasa-municipal\/#breadcrumb\"},\"inLanguage\":\"es\",\"potentialAction\":[{\"@type\":\"ReadAction\",\"target\":[\"https:\/\/www.noticiasradioreflejos.com.ar\/2021\/le-estamos-pidiendo-a-la-gente-que-se-re-empadrone-para-pagar-la-tasa-municipal\/\"]}]},{\"@type\":\"ImageObject\",\"inLanguage\":\"es\",\"@id\":\"https:\/\/www.noticiasradioreflejos.com.ar\/2021\/le-estamos-pidiendo-a-la-gente-que-se-re-empadrone-para-pagar-la-tasa-municipal\/#primaryimage\",\"url\":\"https:\/\/www.noticiasradioreflejos.com.ar\/2021\/wp-content\/uploads\/2021\/07\/Plaza-Erensto-Tornquist-3.jpeg\",\"contentUrl\":\"https:\/\/www.noticiasradioreflejos.com.ar\/2021\/wp-content\/uploads\/2021\/07\/Plaza-Erensto-Tornquist-3.jpeg\",\"width\":1160,\"height\":868},{\"@type\":\"BreadcrumbList\",\"@id\":\"https:\/\/www.noticiasradioreflejos.com.ar\/2021\/le-estamos-pidiendo-a-la-gente-que-se-re-empadrone-para-pagar-la-tasa-municipal\/#breadcrumb\",\"itemListElement\":[{\"@type\":\"ListItem\",\"position\":1,\"name\":\"Portada\",\"item\":\"https:\/\/www.noticiasradioreflejos.com.ar\/2021\/\"},{\"@type\":\"ListItem\",\"position\":2,\"name\":\"\u201cLe estamos pidiendo a la gente que se re empadrone para pagar la tasa municipal\u201d\"}]},{\"@type\":\"WebSite\",\"@id\":\"https:\/\/www.noticiasradioreflejos.com.ar\/2021\/#website\",\"url\":\"https:\/\/www.noticiasradioreflejos.com.ar\/2021\/\",\"name\":\"Noticias Radio Reflejos\",\"description\":\"Las noticias de mi comarca\",\"potentialAction\":[{\"@type\":\"SearchAction\",\"target\":{\"@type\":\"EntryPoint\",\"urlTemplate\":\"https:\/\/www.noticiasradioreflejos.com.ar\/2021\/?s={search_term_string}\"},\"query-input\":{\"@type\":\"PropertyValueSpecification\",\"valueRequired\":true,\"valueName\":\"search_term_string\"}}],\"inLanguage\":\"es\"},{\"@type\":\"Person\",\"@id\":\"https:\/\/www.noticiasradioreflejos.com.ar\/2021\/#\/schema\/person\/ad82545263dcc5ec0996818884fd5fb1\",\"name\":\"Arnaldo Botto\",\"image\":{\"@type\":\"ImageObject\",\"inLanguage\":\"es\",\"@id\":\"https:\/\/www.noticiasradioreflejos.com.ar\/2021\/#\/schema\/person\/image\/\",\"url\":\"https:\/\/secure.gravatar.com\/avatar\/55cb5e37c1efa326397366e6974cb338056df65cb50e7d64d1cf314e87504837?s=96&d=mm&r=g\",\"contentUrl\":\"https:\/\/secure.gravatar.com\/avatar\/55cb5e37c1efa326397366e6974cb338056df65cb50e7d64d1cf314e87504837?s=96&d=mm&r=g\",\"caption\":\"Arnaldo Botto\"},\"url\":\"https:\/\/www.noticiasradioreflejos.com.ar\/2021\/author\/arnaldo\/\"}]}<\/script>\n<!-- \/ Yoast SEO plugin. -->","yoast_head_json":{"title":"\u201cLe estamos pidiendo a la gente que se re empadrone para pagar la tasa municipal\u201d - Noticias Radio Reflejos","robots":{"index":"index","follow":"follow","max-snippet":"max-snippet:-1","max-image-preview":"max-image-preview:large","max-video-preview":"max-video-preview:-1"},"canonical":"https:\/\/www.noticiasradioreflejos.com.ar\/2021\/le-estamos-pidiendo-a-la-gente-que-se-re-empadrone-para-pagar-la-tasa-municipal\/","og_locale":"es_ES","og_type":"article","og_title":"\u201cLe estamos pidiendo a la gente que se re empadrone para pagar la tasa municipal\u201d - Noticias Radio Reflejos","og_description":"As\u00ed lo mencion\u00f3 el Secretario de Hacienda, Bruno Zacconi, el cual coment\u00f3 los motivos que llevaron a esta modificaci\u00f3n. \u201cEstamos en un 60% de recaudaci\u00f3n por tasas\u201d asegur\u00f3. En el municipio de Tornquist, como as\u00ed tambi\u00e9n en el resto de la provincia de Buenos Aires, las distintas localidades han tenido que ir acomod\u00e1ndose a un [&hellip;]","og_url":"https:\/\/www.noticiasradioreflejos.com.ar\/2021\/le-estamos-pidiendo-a-la-gente-que-se-re-empadrone-para-pagar-la-tasa-municipal\/","og_site_name":"Noticias Radio Reflejos","article_published_time":"2022-12-07T17:44:04+00:00","article_modified_time":"2022-12-07T19:02:46+00:00","og_image":[{"width":1160,"height":868,"url":"https:\/\/www.noticiasradioreflejos.com.ar\/2021\/wp-content\/uploads\/2021\/07\/Plaza-Erensto-Tornquist-3.jpeg","type":"image\/jpeg"}],"author":"Arnaldo Botto","twitter_card":"summary_large_image","schema":{"@context":"https:\/\/schema.org","@graph":[{"@type":"WebPage","@id":"https:\/\/www.noticiasradioreflejos.com.ar\/2021\/le-estamos-pidiendo-a-la-gente-que-se-re-empadrone-para-pagar-la-tasa-municipal\/","url":"https:\/\/www.noticiasradioreflejos.com.ar\/2021\/le-estamos-pidiendo-a-la-gente-que-se-re-empadrone-para-pagar-la-tasa-municipal\/","name":"\u201cLe estamos pidiendo a la gente que se re empadrone para pagar la tasa municipal\u201d - Noticias Radio Reflejos","isPartOf":{"@id":"https:\/\/www.noticiasradioreflejos.com.ar\/2021\/#website"},"primaryImageOfPage":{"@id":"https:\/\/www.noticiasradioreflejos.com.ar\/2021\/le-estamos-pidiendo-a-la-gente-que-se-re-empadrone-para-pagar-la-tasa-municipal\/#primaryimage"},"image":{"@id":"https:\/\/www.noticiasradioreflejos.com.ar\/2021\/le-estamos-pidiendo-a-la-gente-que-se-re-empadrone-para-pagar-la-tasa-municipal\/#primaryimage"},"thumbnailUrl":"https:\/\/www.noticiasradioreflejos.com.ar\/2021\/wp-content\/uploads\/2021\/07\/Plaza-Erensto-Tornquist-3.jpeg","datePublished":"2022-12-07T17:44:04+00:00","dateModified":"2022-12-07T19:02:46+00:00","author":{"@id":"https:\/\/www.noticiasradioreflejos.com.ar\/2021\/#\/schema\/person\/ad82545263dcc5ec0996818884fd5fb1"},"breadcrumb":{"@id":"https:\/\/www.noticiasradioreflejos.com.ar\/2021\/le-estamos-pidiendo-a-la-gente-que-se-re-empadrone-para-pagar-la-tasa-municipal\/#breadcrumb"},"inLanguage":"es","potentialAction":[{"@type":"ReadAction","target":["https:\/\/www.noticiasradioreflejos.com.ar\/2021\/le-estamos-pidiendo-a-la-gente-que-se-re-empadrone-para-pagar-la-tasa-municipal\/"]}]},{"@type":"ImageObject","inLanguage":"es","@id":"https:\/\/www.noticiasradioreflejos.com.ar\/2021\/le-estamos-pidiendo-a-la-gente-que-se-re-empadrone-para-pagar-la-tasa-municipal\/#primaryimage","url":"https:\/\/www.noticiasradioreflejos.com.ar\/2021\/wp-content\/uploads\/2021\/07\/Plaza-Erensto-Tornquist-3.jpeg","contentUrl":"https:\/\/www.noticiasradioreflejos.com.ar\/2021\/wp-content\/uploads\/2021\/07\/Plaza-Erensto-Tornquist-3.jpeg","width":1160,"height":868},{"@type":"BreadcrumbList","@id":"https:\/\/www.noticiasradioreflejos.com.ar\/2021\/le-estamos-pidiendo-a-la-gente-que-se-re-empadrone-para-pagar-la-tasa-municipal\/#breadcrumb","itemListElement":[{"@type":"ListItem","position":1,"name":"Portada","item":"https:\/\/www.noticiasradioreflejos.com.ar\/2021\/"},{"@type":"ListItem","position":2,"name":"\u201cLe estamos pidiendo a la gente que se re empadrone para pagar la tasa municipal\u201d"}]},{"@type":"WebSite","@id":"https:\/\/www.noticiasradioreflejos.com.ar\/2021\/#website","url":"https:\/\/www.noticiasradioreflejos.com.ar\/2021\/","name":"Noticias Radio Reflejos","description":"Las noticias de mi comarca","potentialAction":[{"@type":"SearchAction","target":{"@type":"EntryPoint","urlTemplate":"https:\/\/www.noticiasradioreflejos.com.ar\/2021\/?s={search_term_string}"},"query-input":{"@type":"PropertyValueSpecification","valueRequired":true,"valueName":"search_term_string"}}],"inLanguage":"es"},{"@type":"Person","@id":"https:\/\/www.noticiasradioreflejos.com.ar\/2021\/#\/schema\/person\/ad82545263dcc5ec0996818884fd5fb1","name":"Arnaldo Botto","image":{"@type":"ImageObject","inLanguage":"es","@id":"https:\/\/www.noticiasradioreflejos.com.ar\/2021\/#\/schema\/person\/image\/","url":"https:\/\/secure.gravatar.com\/avatar\/55cb5e37c1efa326397366e6974cb338056df65cb50e7d64d1cf314e87504837?s=96&d=mm&r=g","contentUrl":"https:\/\/secure.gravatar.com\/avatar\/55cb5e37c1efa326397366e6974cb338056df65cb50e7d64d1cf314e87504837?s=96&d=mm&r=g","caption":"Arnaldo Botto"},"url":"https:\/\/www.noticiasradioreflejos.com.ar\/2021\/author\/arnaldo\/"}]}},"_links":{"self":[{"href":"https:\/\/www.noticiasradioreflejos.com.ar\/2021\/wp-json\/wp\/v2\/posts\/81072","targetHints":{"allow":["GET"]}}],"collection":[{"href":"https:\/\/www.noticiasradioreflejos.com.ar\/2021\/wp-json\/wp\/v2\/posts"}],"about":[{"href":"https:\/\/www.noticiasradioreflejos.com.ar\/2021\/wp-json\/wp\/v2\/types\/post"}],"author":[{"embeddable":true,"href":"https:\/\/www.noticiasradioreflejos.com.ar\/2021\/wp-json\/wp\/v2\/users\/3"}],"replies":[{"embeddable":true,"href":"https:\/\/www.noticiasradioreflejos.com.ar\/2021\/wp-json\/wp\/v2\/comments?post=81072"}],"version-history":[{"count":2,"href":"https:\/\/www.noticiasradioreflejos.com.ar\/2021\/wp-json\/wp\/v2\/posts\/81072\/revisions"}],"predecessor-version":[{"id":81080,"href":"https:\/\/www.noticiasradioreflejos.com.ar\/2021\/wp-json\/wp\/v2\/posts\/81072\/revisions\/81080"}],"wp:featuredmedia":[{"embeddable":true,"href":"https:\/\/www.noticiasradioreflejos.com.ar\/2021\/wp-json\/wp\/v2\/media\/60231"}],"wp:attachment":[{"href":"https:\/\/www.noticiasradioreflejos.com.ar\/2021\/wp-json\/wp\/v2\/media?parent=81072"}],"wp:term":[{"taxonomy":"category","embeddable":true,"href":"https:\/\/www.noticiasradioreflejos.com.ar\/2021\/wp-json\/wp\/v2\/categories?post=81072"},{"taxonomy":"post_tag","embeddable":true,"href":"https:\/\/www.noticiasradioreflejos.com.ar\/2021\/wp-json\/wp\/v2\/tags?post=81072"}],"curies":[{"name":"wp","href":"https:\/\/api.w.org\/{rel}","templated":true}]}}