{"id":81053,"date":"2022-12-06T22:48:33","date_gmt":"2022-12-06T22:48:33","guid":{"rendered":"http:\/\/www.noticiasradioreflejos.com.ar\/2021\/?p=81053"},"modified":"2022-12-06T22:48:33","modified_gmt":"2022-12-06T22:48:33","slug":"el-calor-no-da-tregua-y-ya-se-registran-picos-de-mas-de-40-grados-en-el-norte-del-pais","status":"publish","type":"post","link":"https:\/\/www.noticiasradioreflejos.com.ar\/2021\/el-calor-no-da-tregua-y-ya-se-registran-picos-de-mas-de-40-grados-en-el-norte-del-pais\/","title":{"rendered":"El calor no da tregua y ya se registran picos de m\u00e1s de 40 grados en el norte del pa\u00eds"},"content":{"rendered":"<p>Seg\u00fan el Servicio Meteorol\u00f3gico Nacional (SMN), la la ciudad m\u00e1s c\u00e1lida del d\u00eda fue San Ram\u00f3n de La Nueva Or\u00e1n, en Salta, con 41.9 grados, seguida por Las Lomitas, en Formosa, con 41.4 grados.<br \/>\n<!--more--><\/p>\n<figure class=\"mb-3\"><img decoding=\"async\" src=\"https:\/\/www.telam.com.ar\/thumbs\/bluesteel\/advf\/imagenes\/2022\/12\/638f72cb91daa_1200.jpg\" alt=\" Crdoba es una de las provincias que estn bajo advertencia por temperaturas que pueden ser peligrosas Foto Laura Lescano\" width=\"100%\" height=\"100%\" \/><\/p>\n<div class=\"media-icons\"><\/div><figcaption>C\u00f3rdoba es una de las provincias que est\u00e1n bajo advertencia por temperaturas que pueden ser peligrosas. \/ Foto: Laura Lescano<\/figcaption><\/figure>\n<p>Gran parte de la zona centro y norte del pa\u00eds continuaba esta tarde con otra jornada de intenso calor con cinco provincias que tocaron los\u00a0<strong>40 grados<\/strong>, y adem\u00e1s, el Servicio Meteorol\u00f3gico Nacional (SMN) mantiene la alerta amarilla por altas temperaturas para localidades de 14 provincias.<\/p>\n<p>El ranking del organismo que registra las temperaturas de los observatorios meteorol\u00f3gicos de todo el pa\u00eds advirti\u00f3 que a las 17 la ciudad m\u00e1s c\u00e1lida era San Ram\u00f3n de La Nueva Or\u00e1n, en Salta, con\u00a0<strong>41.9 grados<\/strong>, seguida por Las Lomitas, en Formosa, con 41.4 grados.<\/p>\n<p>Tambi\u00e9n llegaron a los 40 grados las localidades de Pilar Observatorio, en\u00a0<strong>C\u00f3rdoba, con 40.4 grados, seguidas por La Rioja y San Fernando del Valle de Catamarca con 40 cada una.<\/strong><\/p>\n<figure class=\"mb-3\"><img decoding=\"async\" src=\"https:\/\/www.telam.com.ar\/thumbs\/bluesteel\/advf\/imagenes\/2022\/12\/638f72cbaf18b_1200.jpg\" alt=\"Foto Laura Lescano\" width=\"100%\" height=\"100%\" \/><\/p>\n<div class=\"media-icons\"><\/div><figcaption>Foto: Laura Lescano<\/figcaption><\/figure>\n<p>Tambi\u00e9n superaron los\u00a0<strong>35 grados<\/strong>\u00a0en el reporte de la tarde las localidades de Villa Mar\u00eda, en C\u00f3rdoba, y Chamical, La Rioja, con 39.9 grados cada una, seguidas por Ceres,\u00a0<strong>Santa Fe, con 39 grados.<\/strong><\/p>\n<p>Le siguen Marcos Ju\u00e1rez, en C\u00f3rdoba, con 38.8; Sunchales y Venado Tuerto, Santa Fe, con 38.7 y 38.6 grados respectivamente.<\/p>\n<figure class=\"mb-3\"><img decoding=\"async\" src=\"https:\/\/www.telam.com.ar\/thumbs\/bluesteel\/advf\/imagenes\/2022\/12\/638f90e2bcc27_1200.jpg\" alt=\" En San Luis la temperatura supera los 30 grados Foto Nicols Varvara\" width=\"100%\" height=\"100%\" \/><\/p>\n<div class=\"media-icons\"><\/div><figcaption>En San Luis la temperatura supera los 30 grados. \/ Foto: Nicol\u00e1s Varvara<\/figcaption><\/figure>\n<p>En tanto, los term\u00f3metros se ubicaron por encima de los 38 en varias localidades de la provincia de C\u00f3rdoba, Tucum\u00e1n, Chaco, Santiago del Estero y Corrientes.<\/p>\n<p>A su vez, el SMN inform\u00f3 que en Puerto Iguaz\u00fa, Misiones, se registr\u00f3 una sensaci\u00f3n t\u00e9rmica de 37.9 grados, seguida por Dolores y Pehuaj\u00f3, provincia de Buenos Aires, con una sensaci\u00f3n t\u00e9rmica de 37.5 grados y 37.1 respectivamente.<\/p>\n<figure class=\"mb-3\"><img decoding=\"async\" src=\"https:\/\/www.telam.com.ar\/thumbs\/bluesteel\/advf\/imagenes\/2022\/12\/638f90e2cd601_1200.jpg\" alt=\"Foto Nicols Varvara\" width=\"100%\" height=\"100%\" \/><\/p>\n<div class=\"media-icons\"><\/div><figcaption>Foto: Nicol\u00e1s Varvara<\/figcaption><\/figure>\n<p>Seg\u00fan el SMN, las ciudades bonaerenses de Jun\u00edn, 9 de Julio, Merlo, Moreno, Ezeiza, Campo de Mayo, Dolores, Bol\u00edvar, Ciudad Jard\u00edn Lomas del Palomar, Tres Arroyos, Coronel Suarez, Olavarr\u00eda, Villa Gesell, Mar del Plata, Trenque Lauquen y La Plata ya hab\u00edan superado este mediod\u00eda los 30 grados.<\/p>\n<p>El Servicio Meteorol\u00f3gico Nacional record\u00f3 que Tucum\u00e1n, Catamarca, La Rioja, San Juan, gran parte de Mendoza, de C\u00f3rdoba y de San Luis est\u00e1n bajo advertencia por temperaturas que pueden ser peligrosas, sobre todo para los grupos de riesgo, como ni\u00f1os y ni\u00f1as, personas mayores de 65 a\u00f1os, con enfermedades cr\u00f3nicas.<\/p>\n<figure class=\"mb-3\"><img decoding=\"async\" src=\"https:\/\/www.telam.com.ar\/thumbs\/bluesteel\/advf\/imagenes\/2022\/12\/638f90e2e5ae9_1200.jpg\" alt=\"Foto Nicols Varvara\" width=\"100%\" height=\"100%\" \/><\/p>\n<div class=\"media-icons\"><\/div><figcaption>Foto: Nicol\u00e1s Varvara<\/figcaption><\/figure>\n<p>La zona serrana del oeste puntano y las zonas bajas de los departamentos de Belgrano y de Juan Mart\u00edn de Pueyrred\u00f3n, incluida la capital, tienen alerta naranja con m\u00e1ximas esperadas de entre 37 y 40 grados.<\/p>\n<p>El nivel naranja implica un \u00abefecto moderado a alto en la salud\u00bb y las temperaturas \u00abpueden ser muy peligrosas, especialmente para los grupos de riesgo\u00bb, precis\u00f3 el SMN.<\/p>\n<figure class=\"mb-3\"><img decoding=\"async\" src=\"https:\/\/www.telam.com.ar\/thumbs\/bluesteel\/advf\/imagenes\/2022\/12\/638f913204b3f_1200.jpg\" alt=\"San Juan sigue bajo alerta Foto Ruben Paratore\" width=\"100%\" height=\"100%\" \/><\/p>\n<div class=\"media-icons\"><\/div><figcaption>San Juan sigue bajo alerta. Foto Ruben Paratore<\/figcaption><\/figure>\n<p>Bajo alerta amarilla por calor tambi\u00e9n est\u00e1 gran parte de la zona del litoral (localidades de Misiones, Corrientes, Entre R\u00edos y Santa Fe) y algunos departamentos de Buenos Aires, como Baradero, San Nicol\u00e1s, San Pedro y Ramallo.<\/p>\n<p>Para la tarde de este martes, las capitales de La Rioja, Catamarca, Tucum\u00e1n y C\u00f3rdoba tienen m\u00e1ximas pronosticadas de entre 39 y 41 grados.<\/p>\n<p>Asimismo, el SMN inform\u00f3 que las temperaturas seguir\u00e1n en aumento en el centro y norte del pa\u00eds durante la semana.<\/p>\n<blockquote class=\"twitter-tweet\" data-width=\"500\" data-dnt=\"true\">\n<p lang=\"es\" dir=\"ltr\"><a href=\"https:\/\/twitter.com\/hashtag\/Calor?src=hash&amp;ref_src=twsrc%5Etfw\">#Calor<\/a> y m\u00e1s calor \ud83e\udd75<br \/>Temperaturas m\u00e1ximas (\u00b0C) de ayer 5\/12: <br \/>\u25aa\ufe0fRivadavia 43<br \/>\u25aa\ufe0fLa Rioja 41<br \/>\u25aa\ufe0fOr\u00e1n 41<br \/>\u25aa\ufe0fSgo del Estero 40,7<br \/>\u25aa\ufe0fSan Juan 40,5<br \/>\u25aa\ufe0fLas Lomitas 40<br \/>\u25aa\ufe0fSanta Rosa 40<\/p>\n<p>Las temperaturas seguir\u00e1n en aumento en el centro y norte del pa\u00eds. Informate en <a href=\"https:\/\/t.co\/HR4LGtwBFf\">https:\/\/t.co\/HR4LGtwBFf<\/a> <a href=\"https:\/\/t.co\/m5rhfy9mba\">pic.twitter.com\/m5rhfy9mba<\/a><\/p>\n<p>&mdash; SMN Argentina (@SMN_Argentina) <a href=\"https:\/\/twitter.com\/SMN_Argentina\/status\/1600105181558865920?ref_src=twsrc%5Etfw\">December 6, 2022<\/a><\/p><\/blockquote>\n<p><script async src=\"https:\/\/platform.twitter.com\/widgets.js\" charset=\"utf-8\"><\/script><\/p>\n<p>&nbsp;<\/p>\n","protected":false},"excerpt":{"rendered":"<p>Seg\u00fan el Servicio Meteorol\u00f3gico Nacional (SMN), la la ciudad m\u00e1s c\u00e1lida del d\u00eda fue San Ram\u00f3n de La Nueva Or\u00e1n, en Salta, con 41.9 grados, seguida por Las Lomitas, en Formosa, con 41.4 grados.<\/p>\n","protected":false},"author":3,"featured_media":0,"comment_status":"closed","ping_status":"closed","sticky":false,"template":"","format":"standard","meta":{"footnotes":""},"categories":[1],"tags":[],"class_list":["post-81053","post","type-post","status-publish","format-standard","hentry","category-sin-categoria"],"yoast_head":"<!-- This site is optimized with the Yoast SEO plugin v25.9 - https:\/\/yoast.com\/wordpress\/plugins\/seo\/ -->\n<title>El calor no da tregua y ya se registran picos de m\u00e1s de 40 grados en el norte del pa\u00eds - Noticias Radio Reflejos<\/title>\n<meta name=\"robots\" content=\"index, follow, max-snippet:-1, max-image-preview:large, max-video-preview:-1\" \/>\n<link rel=\"canonical\" href=\"https:\/\/www.noticiasradioreflejos.com.ar\/2021\/el-calor-no-da-tregua-y-ya-se-registran-picos-de-mas-de-40-grados-en-el-norte-del-pais\/\" \/>\n<meta property=\"og:locale\" content=\"es_ES\" \/>\n<meta property=\"og:type\" content=\"article\" \/>\n<meta property=\"og:title\" content=\"El calor no da tregua y ya se registran picos de m\u00e1s de 40 grados en el norte del pa\u00eds - Noticias Radio Reflejos\" \/>\n<meta property=\"og:description\" content=\"Seg\u00fan el Servicio Meteorol\u00f3gico Nacional (SMN), la la ciudad m\u00e1s c\u00e1lida del d\u00eda fue San Ram\u00f3n de La Nueva Or\u00e1n, en Salta, con 41.9 grados, seguida por Las Lomitas, en Formosa, con 41.4 grados.\" \/>\n<meta property=\"og:url\" content=\"https:\/\/www.noticiasradioreflejos.com.ar\/2021\/el-calor-no-da-tregua-y-ya-se-registran-picos-de-mas-de-40-grados-en-el-norte-del-pais\/\" \/>\n<meta property=\"og:site_name\" content=\"Noticias Radio Reflejos\" \/>\n<meta property=\"article:published_time\" content=\"2022-12-06T22:48:33+00:00\" \/>\n<meta property=\"og:image\" content=\"https:\/\/www.telam.com.ar\/thumbs\/bluesteel\/advf\/imagenes\/2022\/12\/638f72cb91daa_1200.jpg\" \/>\n<meta name=\"author\" content=\"Arnaldo Botto\" \/>\n<meta name=\"twitter:card\" content=\"summary_large_image\" \/>\n<script type=\"application\/ld+json\" class=\"yoast-schema-graph\">{\"@context\":\"https:\/\/schema.org\",\"@graph\":[{\"@type\":\"WebPage\",\"@id\":\"https:\/\/www.noticiasradioreflejos.com.ar\/2021\/el-calor-no-da-tregua-y-ya-se-registran-picos-de-mas-de-40-grados-en-el-norte-del-pais\/\",\"url\":\"https:\/\/www.noticiasradioreflejos.com.ar\/2021\/el-calor-no-da-tregua-y-ya-se-registran-picos-de-mas-de-40-grados-en-el-norte-del-pais\/\",\"name\":\"El calor no da tregua y ya se registran picos de m\u00e1s de 40 grados en el norte del pa\u00eds - Noticias Radio Reflejos\",\"isPartOf\":{\"@id\":\"https:\/\/www.noticiasradioreflejos.com.ar\/2021\/#website\"},\"primaryImageOfPage\":{\"@id\":\"https:\/\/www.noticiasradioreflejos.com.ar\/2021\/el-calor-no-da-tregua-y-ya-se-registran-picos-de-mas-de-40-grados-en-el-norte-del-pais\/#primaryimage\"},\"image\":{\"@id\":\"https:\/\/www.noticiasradioreflejos.com.ar\/2021\/el-calor-no-da-tregua-y-ya-se-registran-picos-de-mas-de-40-grados-en-el-norte-del-pais\/#primaryimage\"},\"thumbnailUrl\":\"https:\/\/www.telam.com.ar\/thumbs\/bluesteel\/advf\/imagenes\/2022\/12\/638f72cb91daa_1200.jpg\",\"datePublished\":\"2022-12-06T22:48:33+00:00\",\"author\":{\"@id\":\"https:\/\/www.noticiasradioreflejos.com.ar\/2021\/#\/schema\/person\/ad82545263dcc5ec0996818884fd5fb1\"},\"breadcrumb\":{\"@id\":\"https:\/\/www.noticiasradioreflejos.com.ar\/2021\/el-calor-no-da-tregua-y-ya-se-registran-picos-de-mas-de-40-grados-en-el-norte-del-pais\/#breadcrumb\"},\"inLanguage\":\"es\",\"potentialAction\":[{\"@type\":\"ReadAction\",\"target\":[\"https:\/\/www.noticiasradioreflejos.com.ar\/2021\/el-calor-no-da-tregua-y-ya-se-registran-picos-de-mas-de-40-grados-en-el-norte-del-pais\/\"]}]},{\"@type\":\"ImageObject\",\"inLanguage\":\"es\",\"@id\":\"https:\/\/www.noticiasradioreflejos.com.ar\/2021\/el-calor-no-da-tregua-y-ya-se-registran-picos-de-mas-de-40-grados-en-el-norte-del-pais\/#primaryimage\",\"url\":\"https:\/\/www.telam.com.ar\/thumbs\/bluesteel\/advf\/imagenes\/2022\/12\/638f72cb91daa_1200.jpg\",\"contentUrl\":\"https:\/\/www.telam.com.ar\/thumbs\/bluesteel\/advf\/imagenes\/2022\/12\/638f72cb91daa_1200.jpg\"},{\"@type\":\"BreadcrumbList\",\"@id\":\"https:\/\/www.noticiasradioreflejos.com.ar\/2021\/el-calor-no-da-tregua-y-ya-se-registran-picos-de-mas-de-40-grados-en-el-norte-del-pais\/#breadcrumb\",\"itemListElement\":[{\"@type\":\"ListItem\",\"position\":1,\"name\":\"Portada\",\"item\":\"https:\/\/www.noticiasradioreflejos.com.ar\/2021\/\"},{\"@type\":\"ListItem\",\"position\":2,\"name\":\"El calor no da tregua y ya se registran picos de m\u00e1s de 40 grados en el norte del pa\u00eds\"}]},{\"@type\":\"WebSite\",\"@id\":\"https:\/\/www.noticiasradioreflejos.com.ar\/2021\/#website\",\"url\":\"https:\/\/www.noticiasradioreflejos.com.ar\/2021\/\",\"name\":\"Noticias Radio Reflejos\",\"description\":\"Las noticias de mi comarca\",\"potentialAction\":[{\"@type\":\"SearchAction\",\"target\":{\"@type\":\"EntryPoint\",\"urlTemplate\":\"https:\/\/www.noticiasradioreflejos.com.ar\/2021\/?s={search_term_string}\"},\"query-input\":{\"@type\":\"PropertyValueSpecification\",\"valueRequired\":true,\"valueName\":\"search_term_string\"}}],\"inLanguage\":\"es\"},{\"@type\":\"Person\",\"@id\":\"https:\/\/www.noticiasradioreflejos.com.ar\/2021\/#\/schema\/person\/ad82545263dcc5ec0996818884fd5fb1\",\"name\":\"Arnaldo Botto\",\"image\":{\"@type\":\"ImageObject\",\"inLanguage\":\"es\",\"@id\":\"https:\/\/www.noticiasradioreflejos.com.ar\/2021\/#\/schema\/person\/image\/\",\"url\":\"https:\/\/secure.gravatar.com\/avatar\/55cb5e37c1efa326397366e6974cb338056df65cb50e7d64d1cf314e87504837?s=96&d=mm&r=g\",\"contentUrl\":\"https:\/\/secure.gravatar.com\/avatar\/55cb5e37c1efa326397366e6974cb338056df65cb50e7d64d1cf314e87504837?s=96&d=mm&r=g\",\"caption\":\"Arnaldo Botto\"},\"url\":\"https:\/\/www.noticiasradioreflejos.com.ar\/2021\/author\/arnaldo\/\"}]}<\/script>\n<!-- \/ Yoast SEO plugin. -->","yoast_head_json":{"title":"El calor no da tregua y ya se registran picos de m\u00e1s de 40 grados en el norte del pa\u00eds - Noticias Radio Reflejos","robots":{"index":"index","follow":"follow","max-snippet":"max-snippet:-1","max-image-preview":"max-image-preview:large","max-video-preview":"max-video-preview:-1"},"canonical":"https:\/\/www.noticiasradioreflejos.com.ar\/2021\/el-calor-no-da-tregua-y-ya-se-registran-picos-de-mas-de-40-grados-en-el-norte-del-pais\/","og_locale":"es_ES","og_type":"article","og_title":"El calor no da tregua y ya se registran picos de m\u00e1s de 40 grados en el norte del pa\u00eds - Noticias Radio Reflejos","og_description":"Seg\u00fan el Servicio Meteorol\u00f3gico Nacional (SMN), la la ciudad m\u00e1s c\u00e1lida del d\u00eda fue San Ram\u00f3n de La Nueva Or\u00e1n, en Salta, con 41.9 grados, seguida por Las Lomitas, en Formosa, con 41.4 grados.","og_url":"https:\/\/www.noticiasradioreflejos.com.ar\/2021\/el-calor-no-da-tregua-y-ya-se-registran-picos-de-mas-de-40-grados-en-el-norte-del-pais\/","og_site_name":"Noticias Radio Reflejos","article_published_time":"2022-12-06T22:48:33+00:00","og_image":[{"url":"https:\/\/www.telam.com.ar\/thumbs\/bluesteel\/advf\/imagenes\/2022\/12\/638f72cb91daa_1200.jpg","type":"","width":"","height":""}],"author":"Arnaldo Botto","twitter_card":"summary_large_image","schema":{"@context":"https:\/\/schema.org","@graph":[{"@type":"WebPage","@id":"https:\/\/www.noticiasradioreflejos.com.ar\/2021\/el-calor-no-da-tregua-y-ya-se-registran-picos-de-mas-de-40-grados-en-el-norte-del-pais\/","url":"https:\/\/www.noticiasradioreflejos.com.ar\/2021\/el-calor-no-da-tregua-y-ya-se-registran-picos-de-mas-de-40-grados-en-el-norte-del-pais\/","name":"El calor no da tregua y ya se registran picos de m\u00e1s de 40 grados en el norte del pa\u00eds - Noticias Radio Reflejos","isPartOf":{"@id":"https:\/\/www.noticiasradioreflejos.com.ar\/2021\/#website"},"primaryImageOfPage":{"@id":"https:\/\/www.noticiasradioreflejos.com.ar\/2021\/el-calor-no-da-tregua-y-ya-se-registran-picos-de-mas-de-40-grados-en-el-norte-del-pais\/#primaryimage"},"image":{"@id":"https:\/\/www.noticiasradioreflejos.com.ar\/2021\/el-calor-no-da-tregua-y-ya-se-registran-picos-de-mas-de-40-grados-en-el-norte-del-pais\/#primaryimage"},"thumbnailUrl":"https:\/\/www.telam.com.ar\/thumbs\/bluesteel\/advf\/imagenes\/2022\/12\/638f72cb91daa_1200.jpg","datePublished":"2022-12-06T22:48:33+00:00","author":{"@id":"https:\/\/www.noticiasradioreflejos.com.ar\/2021\/#\/schema\/person\/ad82545263dcc5ec0996818884fd5fb1"},"breadcrumb":{"@id":"https:\/\/www.noticiasradioreflejos.com.ar\/2021\/el-calor-no-da-tregua-y-ya-se-registran-picos-de-mas-de-40-grados-en-el-norte-del-pais\/#breadcrumb"},"inLanguage":"es","potentialAction":[{"@type":"ReadAction","target":["https:\/\/www.noticiasradioreflejos.com.ar\/2021\/el-calor-no-da-tregua-y-ya-se-registran-picos-de-mas-de-40-grados-en-el-norte-del-pais\/"]}]},{"@type":"ImageObject","inLanguage":"es","@id":"https:\/\/www.noticiasradioreflejos.com.ar\/2021\/el-calor-no-da-tregua-y-ya-se-registran-picos-de-mas-de-40-grados-en-el-norte-del-pais\/#primaryimage","url":"https:\/\/www.telam.com.ar\/thumbs\/bluesteel\/advf\/imagenes\/2022\/12\/638f72cb91daa_1200.jpg","contentUrl":"https:\/\/www.telam.com.ar\/thumbs\/bluesteel\/advf\/imagenes\/2022\/12\/638f72cb91daa_1200.jpg"},{"@type":"BreadcrumbList","@id":"https:\/\/www.noticiasradioreflejos.com.ar\/2021\/el-calor-no-da-tregua-y-ya-se-registran-picos-de-mas-de-40-grados-en-el-norte-del-pais\/#breadcrumb","itemListElement":[{"@type":"ListItem","position":1,"name":"Portada","item":"https:\/\/www.noticiasradioreflejos.com.ar\/2021\/"},{"@type":"ListItem","position":2,"name":"El calor no da tregua y ya se registran picos de m\u00e1s de 40 grados en el norte del pa\u00eds"}]},{"@type":"WebSite","@id":"https:\/\/www.noticiasradioreflejos.com.ar\/2021\/#website","url":"https:\/\/www.noticiasradioreflejos.com.ar\/2021\/","name":"Noticias Radio Reflejos","description":"Las noticias de mi comarca","potentialAction":[{"@type":"SearchAction","target":{"@type":"EntryPoint","urlTemplate":"https:\/\/www.noticiasradioreflejos.com.ar\/2021\/?s={search_term_string}"},"query-input":{"@type":"PropertyValueSpecification","valueRequired":true,"valueName":"search_term_string"}}],"inLanguage":"es"},{"@type":"Person","@id":"https:\/\/www.noticiasradioreflejos.com.ar\/2021\/#\/schema\/person\/ad82545263dcc5ec0996818884fd5fb1","name":"Arnaldo Botto","image":{"@type":"ImageObject","inLanguage":"es","@id":"https:\/\/www.noticiasradioreflejos.com.ar\/2021\/#\/schema\/person\/image\/","url":"https:\/\/secure.gravatar.com\/avatar\/55cb5e37c1efa326397366e6974cb338056df65cb50e7d64d1cf314e87504837?s=96&d=mm&r=g","contentUrl":"https:\/\/secure.gravatar.com\/avatar\/55cb5e37c1efa326397366e6974cb338056df65cb50e7d64d1cf314e87504837?s=96&d=mm&r=g","caption":"Arnaldo Botto"},"url":"https:\/\/www.noticiasradioreflejos.com.ar\/2021\/author\/arnaldo\/"}]}},"_links":{"self":[{"href":"https:\/\/www.noticiasradioreflejos.com.ar\/2021\/wp-json\/wp\/v2\/posts\/81053","targetHints":{"allow":["GET"]}}],"collection":[{"href":"https:\/\/www.noticiasradioreflejos.com.ar\/2021\/wp-json\/wp\/v2\/posts"}],"about":[{"href":"https:\/\/www.noticiasradioreflejos.com.ar\/2021\/wp-json\/wp\/v2\/types\/post"}],"author":[{"embeddable":true,"href":"https:\/\/www.noticiasradioreflejos.com.ar\/2021\/wp-json\/wp\/v2\/users\/3"}],"replies":[{"embeddable":true,"href":"https:\/\/www.noticiasradioreflejos.com.ar\/2021\/wp-json\/wp\/v2\/comments?post=81053"}],"version-history":[{"count":1,"href":"https:\/\/www.noticiasradioreflejos.com.ar\/2021\/wp-json\/wp\/v2\/posts\/81053\/revisions"}],"predecessor-version":[{"id":81054,"href":"https:\/\/www.noticiasradioreflejos.com.ar\/2021\/wp-json\/wp\/v2\/posts\/81053\/revisions\/81054"}],"wp:attachment":[{"href":"https:\/\/www.noticiasradioreflejos.com.ar\/2021\/wp-json\/wp\/v2\/media?parent=81053"}],"wp:term":[{"taxonomy":"category","embeddable":true,"href":"https:\/\/www.noticiasradioreflejos.com.ar\/2021\/wp-json\/wp\/v2\/categories?post=81053"},{"taxonomy":"post_tag","embeddable":true,"href":"https:\/\/www.noticiasradioreflejos.com.ar\/2021\/wp-json\/wp\/v2\/tags?post=81053"}],"curies":[{"name":"wp","href":"https:\/\/api.w.org\/{rel}","templated":true}]}}