{"id":81040,"date":"2022-12-06T22:10:23","date_gmt":"2022-12-06T22:10:23","guid":{"rendered":"http:\/\/www.noticiasradioreflejos.com.ar\/2021\/?p=81040"},"modified":"2022-12-06T22:10:23","modified_gmt":"2022-12-06T22:10:23","slug":"detuvieron-a-45-personas-en-un-operativo-internacional-por-abuso-sexual-contra-ninos","status":"publish","type":"post","link":"https:\/\/www.noticiasradioreflejos.com.ar\/2021\/detuvieron-a-45-personas-en-un-operativo-internacional-por-abuso-sexual-contra-ninos\/","title":{"rendered":"Detuvieron a 45 personas en un operativo internacional por abuso sexual contra ni\u00f1os"},"content":{"rendered":"<p>En el marco de la operativo \u00abLuz de Infancia X\u00bb, se realizaron 125 allanamientos simult\u00e1neos\u00a0en nueve pa\u00edses, de los cuales 12 fueron en la Ciudad de Buenos Aires.<!--more--><br \/>\nUn total de 45 personas fueron detenidas este martes durante 125 allanamientos simult\u00e1neos por abuso sexual contra ni\u00f1os y adolescentes en nueve pa\u00edses, de los cuales 12 se realizaron en la ciudad de Buenos Aires con tres apresados, en el marco de la operaci\u00f3n \u201cLuz de Infancia X\u201d, inform\u00f3 el Ministerio P\u00fablico Fiscal (MPF).<\/p>\n<p>La operaci\u00f3n en CABA involucr\u00f3 allanamientos en los que\u00a0<strong>se incautaron 15.000 archivos digitales<\/strong>, y los otros allanamientos se realizaron en\u00a0<strong>Panam\u00e1, Ecuador, Costa Rica, Rep\u00fablica Dominicana, Colombia, Estados Unidos, Brasil y Paraguay<\/strong>, todos ellos realizados de modo simult\u00e1neo.<\/p>\n<p>Hasta este martes por la tarde,\u00a0 a los tres detenidos en Argentina, se sumaron otro 40 en Brasil y dos en Panam\u00e1.<\/p>\n<p>En esta oportunidad, el caso se origin\u00f3 a ra\u00edz del trabajo conjunto y transnacional llevado a cabo por el Departamento de Seguridad Nacional de los Estados Unidos y la Secretar\u00eda Nacional de Seguridad P\u00fablica de Brasil, quienes utilizando un software P2P (de persona a persona) captaron informaci\u00f3n de usuarios que descargaron y compartieron material de abuso sexual de Ni\u00f1as, Ni\u00f1os y Adolescentes en la Ciudad de Buenos Aires.<\/p>\n<h2 class=\"\">C\u00f3mo se localizaron los domicilios de los agresores sexuales<\/h2>\n<p>En el marco antes descripto, la titular de la Unidad Fiscal Especializada en Delitos y Contravenciones Inform\u00e1ticas, Daniela Dupuy, encomend\u00f3 tareas de investigaci\u00f3n a la Unidad de Cibercrimen del Cuerpo de Investigaciones Judiciales (CIJ) del MPF, \u201cpara profundizar la informaci\u00f3n e identificar los objetivos localizados en CABA\u201d, se inform\u00f3 a trav\u00e9s de un comunicado.<\/p>\n<p>As\u00ed,\u00a0<strong>se logr\u00f3 individualizar domicilios en los barrios de Villa Devoto, Villa Urquiza, Parque Chas, Caballito, Mataderos, Almagro, Parque Patricios, Flores, La Boca, Parque Chacabuco, Balvanera y Palermo<\/strong>, por lo que Dupuy solicit\u00f3 los allanamientos en forma simult\u00e1nea, que fueron otorgados por el juez Pablo Casas, titular del Juzgado PCyF 10.<\/p>\n<p>Durante los procedimientos realizados en Buenos Aires se detuvo a tres sospechosos, que fueron trasladados a la Fiscal\u00eda.<\/p>\n<p>En declaraciones a T\u00e9lam, la fiscal Dupuy sostuvo -en referencia a los tres detenidos- que la \u201csituaci\u00f3n puede modificarse\u201d porque todav\u00eda est\u00e1n \u00abanalizando los dispositivos que fueron secuestrados en los lugares allanados\u201d.<\/p>\n<blockquote class=\"\"><p>\u201cCuando hay ni\u00f1os viviendo con imputados, entendemos que hay que separar al ni\u00f1o de esa persona. Hay que preservarlo\u201d<cite class=\"author\">Daniela Dupuy-Fiscal<\/cite><\/p><\/blockquote>\n<p>La primera persona fue detenida luego de \u201cuna b\u00fasqueda r\u00e1pida de dispositivos que dio resultado positivo\u201d, precis\u00f3 la fiscal, mientras que el segundo fue apresado \u201cporque se encontraba con una ni\u00f1a de tres a\u00f1os\u201d.<\/p>\n<p>\u201cCuando hay ni\u00f1os viviendo con imputados, entendemos que hay que separar al ni\u00f1o de esa persona. Hay que preservarlo\u201d, explic\u00f3, y agreg\u00f3 que \u00abpudimos detectar que esa persona comparti\u00f3 miles de videos\u201d.<\/p>\n<p>Sobre en el \u00faltimo apresado, Dupuy cont\u00f3 que \u201cen el momento del allanamiento estaba compartiendo im\u00e1genes, y esto es flagrancia\u201d.<\/p>\n<p>\u201cLa evidencia est\u00e1 dentro de los tel\u00e9fonos y las computadoras\u201d, dijo, y subray\u00f3 que \u201cla facilitaci\u00f3n de material es un paso para el abuso infantil\u201d.<\/p>\n<p>En nuestro pa\u00eds,\u00a0<strong>fueron condenadas 45 personas tras ser detenidas en los operativos \u201cLuz de Infancia\u201d, entre ellas, el expediatra del Hospital Garrahan Ricardo Russo.<\/strong><\/p>\n<p>El CIJ tambi\u00e9n realiz\u00f3 an\u00e1lisis de datos in situ para detectar material con contenido de abuso sexual de Ni\u00f1as, Ni\u00f1os y Adolescentes, y se contabilizaron 15.000 archivos.<\/p>\n<p>Tambi\u00e9n se secuestraron unos 500 dispositivos electr\u00f3nicos y de almacenamiento.<\/p>\n<p>Dupuy remarc\u00f3 que los detenidos son \u201c99 por ciento hombres de mediana edad; personas que sus trabajos tienen que ver con estar cercanos a ni\u00f1os y ni\u00f1as como, por ejemplo, m\u00e9dicos, entrenadores, maestros o choferes, y tambi\u00e9n personas que tienen conocimiento de tecnolog\u00eda\u201d.<\/p>\n<p>Durante los allanamientos fueron secuestrados \u201ccelulares, computadoras y discos r\u00edgidos\u201d, precis\u00f3 Dupuy, quien manifest\u00f3 que los operativos se focalizan en \u201clos dispositivos y en las personas sospechosas, no en sus familias\u201d.<\/p>\n<blockquote class=\"\"><p>\u201cCasi 3.000 im\u00e1genes fueron distribuidas. Cuando se analicen los dep\u00f3sitos podemos encontrar muchas m\u00e1s\u201d<cite class=\"author\">Daniela Dupuy-Fiscal<\/cite><\/p><\/blockquote>\n<p>Una vez secuestrado el dispositivo de almacenamiento, \u201cse hace una copia forense y se da intervenci\u00f3n a la defensa para presenciar los distintos an\u00e1lisis\u201d de los aparatos y, de esta manera, \u201ccontrolan la actividad del fiscal\u201d, dijo.<\/p>\n<p>\u201cCasi 3.000 im\u00e1genes fueron distribuidas. Cuando se analicen los dep\u00f3sitos podemos encontrar muchas m\u00e1s\u201d, destac\u00f3.<\/p>\n<p>En los operativos tambi\u00e9n particip\u00f3 personal de la Polic\u00eda de la Ciudad, la Polic\u00eda Federal Argentina, Gendarmer\u00eda y Prefectura Naval Argentina.<\/p>\n<p>Este mi\u00e9rcoles, los detenidos prestar\u00e1n declaraci\u00f3n indagatoria a partir de las 10 en la Unidad Fiscal Especializada en Delitos y Contravenciones Inform\u00e1ticas (UFEDyCI) a cargo de Dupuy.<\/p>\n<ul>\n<li>\n<h3>Atenci\u00f3n especializada sobre los derechos de ni\u00f1as, ni\u00f1os y adolescentes<\/h3>\n<\/li>\n<li>Por llamada gratuita y confidencial a la\u00a0<strong>L\u00ednea 102<\/strong>.<\/li>\n<li>Si sos v\u00edctima de violencia familiar o sexual, llam\u00e1 a la\u00a0<strong>L\u00ednea 137<\/strong>.<\/li>\n<li>Si no te podes comunicar,\u00a0<a href=\"https:\/\/www.argentina.gob.ar\/desarrollosocial\/linea102\/areasninez\">busc\u00e1 las \u00e1reas de ni\u00f1ez de tu provincia<\/a>.<\/li>\n<\/ul>\n","protected":false},"excerpt":{"rendered":"<p>En el marco de la operativo \u00abLuz de Infancia X\u00bb, se realizaron 125 allanamientos simult\u00e1neos\u00a0en nueve pa\u00edses, de los cuales 12 fueron en la Ciudad de Buenos Aires.<\/p>\n","protected":false},"author":3,"featured_media":75473,"comment_status":"closed","ping_status":"closed","sticky":false,"template":"","format":"standard","meta":{"footnotes":""},"categories":[29],"tags":[],"class_list":["post-81040","post","type-post","status-publish","format-standard","has-post-thumbnail","hentry","category-policiales"],"yoast_head":"<!-- This site is optimized with the Yoast SEO plugin v25.9 - https:\/\/yoast.com\/wordpress\/plugins\/seo\/ -->\n<title>Detuvieron a 45 personas en un operativo internacional por abuso sexual contra ni\u00f1os - Noticias Radio Reflejos<\/title>\n<meta name=\"robots\" content=\"index, follow, max-snippet:-1, max-image-preview:large, max-video-preview:-1\" \/>\n<link rel=\"canonical\" href=\"https:\/\/www.noticiasradioreflejos.com.ar\/2021\/detuvieron-a-45-personas-en-un-operativo-internacional-por-abuso-sexual-contra-ninos\/\" \/>\n<meta property=\"og:locale\" content=\"es_ES\" \/>\n<meta property=\"og:type\" content=\"article\" \/>\n<meta property=\"og:title\" content=\"Detuvieron a 45 personas en un operativo internacional por abuso sexual contra ni\u00f1os - Noticias Radio Reflejos\" \/>\n<meta property=\"og:description\" content=\"En el marco de la operativo \u00abLuz de Infancia X\u00bb, se realizaron 125 allanamientos simult\u00e1neos\u00a0en nueve pa\u00edses, de los cuales 12 fueron en la Ciudad de Buenos Aires.\" \/>\n<meta property=\"og:url\" content=\"https:\/\/www.noticiasradioreflejos.com.ar\/2021\/detuvieron-a-45-personas-en-un-operativo-internacional-por-abuso-sexual-contra-ninos\/\" \/>\n<meta property=\"og:site_name\" content=\"Noticias Radio Reflejos\" \/>\n<meta property=\"article:published_time\" content=\"2022-12-06T22:10:23+00:00\" \/>\n<meta property=\"og:image\" content=\"https:\/\/www.noticiasradioreflejos.com.ar\/2021\/wp-content\/uploads\/2022\/07\/Abuso-de-menores.jpg\" \/>\n\t<meta property=\"og:image:width\" content=\"900\" \/>\n\t<meta property=\"og:image:height\" content=\"507\" \/>\n\t<meta property=\"og:image:type\" content=\"image\/jpeg\" \/>\n<meta name=\"author\" content=\"Arnaldo Botto\" \/>\n<meta name=\"twitter:card\" content=\"summary_large_image\" \/>\n<script type=\"application\/ld+json\" class=\"yoast-schema-graph\">{\"@context\":\"https:\/\/schema.org\",\"@graph\":[{\"@type\":\"WebPage\",\"@id\":\"https:\/\/www.noticiasradioreflejos.com.ar\/2021\/detuvieron-a-45-personas-en-un-operativo-internacional-por-abuso-sexual-contra-ninos\/\",\"url\":\"https:\/\/www.noticiasradioreflejos.com.ar\/2021\/detuvieron-a-45-personas-en-un-operativo-internacional-por-abuso-sexual-contra-ninos\/\",\"name\":\"Detuvieron a 45 personas en un operativo internacional por abuso sexual contra ni\u00f1os - Noticias Radio Reflejos\",\"isPartOf\":{\"@id\":\"https:\/\/www.noticiasradioreflejos.com.ar\/2021\/#website\"},\"primaryImageOfPage\":{\"@id\":\"https:\/\/www.noticiasradioreflejos.com.ar\/2021\/detuvieron-a-45-personas-en-un-operativo-internacional-por-abuso-sexual-contra-ninos\/#primaryimage\"},\"image\":{\"@id\":\"https:\/\/www.noticiasradioreflejos.com.ar\/2021\/detuvieron-a-45-personas-en-un-operativo-internacional-por-abuso-sexual-contra-ninos\/#primaryimage\"},\"thumbnailUrl\":\"https:\/\/www.noticiasradioreflejos.com.ar\/2021\/wp-content\/uploads\/2022\/07\/Abuso-de-menores.jpg\",\"datePublished\":\"2022-12-06T22:10:23+00:00\",\"author\":{\"@id\":\"https:\/\/www.noticiasradioreflejos.com.ar\/2021\/#\/schema\/person\/ad82545263dcc5ec0996818884fd5fb1\"},\"breadcrumb\":{\"@id\":\"https:\/\/www.noticiasradioreflejos.com.ar\/2021\/detuvieron-a-45-personas-en-un-operativo-internacional-por-abuso-sexual-contra-ninos\/#breadcrumb\"},\"inLanguage\":\"es\",\"potentialAction\":[{\"@type\":\"ReadAction\",\"target\":[\"https:\/\/www.noticiasradioreflejos.com.ar\/2021\/detuvieron-a-45-personas-en-un-operativo-internacional-por-abuso-sexual-contra-ninos\/\"]}]},{\"@type\":\"ImageObject\",\"inLanguage\":\"es\",\"@id\":\"https:\/\/www.noticiasradioreflejos.com.ar\/2021\/detuvieron-a-45-personas-en-un-operativo-internacional-por-abuso-sexual-contra-ninos\/#primaryimage\",\"url\":\"https:\/\/www.noticiasradioreflejos.com.ar\/2021\/wp-content\/uploads\/2022\/07\/Abuso-de-menores.jpg\",\"contentUrl\":\"https:\/\/www.noticiasradioreflejos.com.ar\/2021\/wp-content\/uploads\/2022\/07\/Abuso-de-menores.jpg\",\"width\":900,\"height\":507},{\"@type\":\"BreadcrumbList\",\"@id\":\"https:\/\/www.noticiasradioreflejos.com.ar\/2021\/detuvieron-a-45-personas-en-un-operativo-internacional-por-abuso-sexual-contra-ninos\/#breadcrumb\",\"itemListElement\":[{\"@type\":\"ListItem\",\"position\":1,\"name\":\"Portada\",\"item\":\"https:\/\/www.noticiasradioreflejos.com.ar\/2021\/\"},{\"@type\":\"ListItem\",\"position\":2,\"name\":\"Detuvieron a 45 personas en un operativo internacional por abuso sexual contra ni\u00f1os\"}]},{\"@type\":\"WebSite\",\"@id\":\"https:\/\/www.noticiasradioreflejos.com.ar\/2021\/#website\",\"url\":\"https:\/\/www.noticiasradioreflejos.com.ar\/2021\/\",\"name\":\"Noticias Radio Reflejos\",\"description\":\"Las noticias de mi comarca\",\"potentialAction\":[{\"@type\":\"SearchAction\",\"target\":{\"@type\":\"EntryPoint\",\"urlTemplate\":\"https:\/\/www.noticiasradioreflejos.com.ar\/2021\/?s={search_term_string}\"},\"query-input\":{\"@type\":\"PropertyValueSpecification\",\"valueRequired\":true,\"valueName\":\"search_term_string\"}}],\"inLanguage\":\"es\"},{\"@type\":\"Person\",\"@id\":\"https:\/\/www.noticiasradioreflejos.com.ar\/2021\/#\/schema\/person\/ad82545263dcc5ec0996818884fd5fb1\",\"name\":\"Arnaldo Botto\",\"image\":{\"@type\":\"ImageObject\",\"inLanguage\":\"es\",\"@id\":\"https:\/\/www.noticiasradioreflejos.com.ar\/2021\/#\/schema\/person\/image\/\",\"url\":\"https:\/\/secure.gravatar.com\/avatar\/55cb5e37c1efa326397366e6974cb338056df65cb50e7d64d1cf314e87504837?s=96&d=mm&r=g\",\"contentUrl\":\"https:\/\/secure.gravatar.com\/avatar\/55cb5e37c1efa326397366e6974cb338056df65cb50e7d64d1cf314e87504837?s=96&d=mm&r=g\",\"caption\":\"Arnaldo Botto\"},\"url\":\"https:\/\/www.noticiasradioreflejos.com.ar\/2021\/author\/arnaldo\/\"}]}<\/script>\n<!-- \/ Yoast SEO plugin. -->","yoast_head_json":{"title":"Detuvieron a 45 personas en un operativo internacional por abuso sexual contra ni\u00f1os - Noticias Radio Reflejos","robots":{"index":"index","follow":"follow","max-snippet":"max-snippet:-1","max-image-preview":"max-image-preview:large","max-video-preview":"max-video-preview:-1"},"canonical":"https:\/\/www.noticiasradioreflejos.com.ar\/2021\/detuvieron-a-45-personas-en-un-operativo-internacional-por-abuso-sexual-contra-ninos\/","og_locale":"es_ES","og_type":"article","og_title":"Detuvieron a 45 personas en un operativo internacional por abuso sexual contra ni\u00f1os - Noticias Radio Reflejos","og_description":"En el marco de la operativo \u00abLuz de Infancia X\u00bb, se realizaron 125 allanamientos simult\u00e1neos\u00a0en nueve pa\u00edses, de los cuales 12 fueron en la Ciudad de Buenos Aires.","og_url":"https:\/\/www.noticiasradioreflejos.com.ar\/2021\/detuvieron-a-45-personas-en-un-operativo-internacional-por-abuso-sexual-contra-ninos\/","og_site_name":"Noticias Radio Reflejos","article_published_time":"2022-12-06T22:10:23+00:00","og_image":[{"width":900,"height":507,"url":"https:\/\/www.noticiasradioreflejos.com.ar\/2021\/wp-content\/uploads\/2022\/07\/Abuso-de-menores.jpg","type":"image\/jpeg"}],"author":"Arnaldo Botto","twitter_card":"summary_large_image","schema":{"@context":"https:\/\/schema.org","@graph":[{"@type":"WebPage","@id":"https:\/\/www.noticiasradioreflejos.com.ar\/2021\/detuvieron-a-45-personas-en-un-operativo-internacional-por-abuso-sexual-contra-ninos\/","url":"https:\/\/www.noticiasradioreflejos.com.ar\/2021\/detuvieron-a-45-personas-en-un-operativo-internacional-por-abuso-sexual-contra-ninos\/","name":"Detuvieron a 45 personas en un operativo internacional por abuso sexual contra ni\u00f1os - Noticias Radio Reflejos","isPartOf":{"@id":"https:\/\/www.noticiasradioreflejos.com.ar\/2021\/#website"},"primaryImageOfPage":{"@id":"https:\/\/www.noticiasradioreflejos.com.ar\/2021\/detuvieron-a-45-personas-en-un-operativo-internacional-por-abuso-sexual-contra-ninos\/#primaryimage"},"image":{"@id":"https:\/\/www.noticiasradioreflejos.com.ar\/2021\/detuvieron-a-45-personas-en-un-operativo-internacional-por-abuso-sexual-contra-ninos\/#primaryimage"},"thumbnailUrl":"https:\/\/www.noticiasradioreflejos.com.ar\/2021\/wp-content\/uploads\/2022\/07\/Abuso-de-menores.jpg","datePublished":"2022-12-06T22:10:23+00:00","author":{"@id":"https:\/\/www.noticiasradioreflejos.com.ar\/2021\/#\/schema\/person\/ad82545263dcc5ec0996818884fd5fb1"},"breadcrumb":{"@id":"https:\/\/www.noticiasradioreflejos.com.ar\/2021\/detuvieron-a-45-personas-en-un-operativo-internacional-por-abuso-sexual-contra-ninos\/#breadcrumb"},"inLanguage":"es","potentialAction":[{"@type":"ReadAction","target":["https:\/\/www.noticiasradioreflejos.com.ar\/2021\/detuvieron-a-45-personas-en-un-operativo-internacional-por-abuso-sexual-contra-ninos\/"]}]},{"@type":"ImageObject","inLanguage":"es","@id":"https:\/\/www.noticiasradioreflejos.com.ar\/2021\/detuvieron-a-45-personas-en-un-operativo-internacional-por-abuso-sexual-contra-ninos\/#primaryimage","url":"https:\/\/www.noticiasradioreflejos.com.ar\/2021\/wp-content\/uploads\/2022\/07\/Abuso-de-menores.jpg","contentUrl":"https:\/\/www.noticiasradioreflejos.com.ar\/2021\/wp-content\/uploads\/2022\/07\/Abuso-de-menores.jpg","width":900,"height":507},{"@type":"BreadcrumbList","@id":"https:\/\/www.noticiasradioreflejos.com.ar\/2021\/detuvieron-a-45-personas-en-un-operativo-internacional-por-abuso-sexual-contra-ninos\/#breadcrumb","itemListElement":[{"@type":"ListItem","position":1,"name":"Portada","item":"https:\/\/www.noticiasradioreflejos.com.ar\/2021\/"},{"@type":"ListItem","position":2,"name":"Detuvieron a 45 personas en un operativo internacional por abuso sexual contra ni\u00f1os"}]},{"@type":"WebSite","@id":"https:\/\/www.noticiasradioreflejos.com.ar\/2021\/#website","url":"https:\/\/www.noticiasradioreflejos.com.ar\/2021\/","name":"Noticias Radio Reflejos","description":"Las noticias de mi comarca","potentialAction":[{"@type":"SearchAction","target":{"@type":"EntryPoint","urlTemplate":"https:\/\/www.noticiasradioreflejos.com.ar\/2021\/?s={search_term_string}"},"query-input":{"@type":"PropertyValueSpecification","valueRequired":true,"valueName":"search_term_string"}}],"inLanguage":"es"},{"@type":"Person","@id":"https:\/\/www.noticiasradioreflejos.com.ar\/2021\/#\/schema\/person\/ad82545263dcc5ec0996818884fd5fb1","name":"Arnaldo Botto","image":{"@type":"ImageObject","inLanguage":"es","@id":"https:\/\/www.noticiasradioreflejos.com.ar\/2021\/#\/schema\/person\/image\/","url":"https:\/\/secure.gravatar.com\/avatar\/55cb5e37c1efa326397366e6974cb338056df65cb50e7d64d1cf314e87504837?s=96&d=mm&r=g","contentUrl":"https:\/\/secure.gravatar.com\/avatar\/55cb5e37c1efa326397366e6974cb338056df65cb50e7d64d1cf314e87504837?s=96&d=mm&r=g","caption":"Arnaldo Botto"},"url":"https:\/\/www.noticiasradioreflejos.com.ar\/2021\/author\/arnaldo\/"}]}},"_links":{"self":[{"href":"https:\/\/www.noticiasradioreflejos.com.ar\/2021\/wp-json\/wp\/v2\/posts\/81040","targetHints":{"allow":["GET"]}}],"collection":[{"href":"https:\/\/www.noticiasradioreflejos.com.ar\/2021\/wp-json\/wp\/v2\/posts"}],"about":[{"href":"https:\/\/www.noticiasradioreflejos.com.ar\/2021\/wp-json\/wp\/v2\/types\/post"}],"author":[{"embeddable":true,"href":"https:\/\/www.noticiasradioreflejos.com.ar\/2021\/wp-json\/wp\/v2\/users\/3"}],"replies":[{"embeddable":true,"href":"https:\/\/www.noticiasradioreflejos.com.ar\/2021\/wp-json\/wp\/v2\/comments?post=81040"}],"version-history":[{"count":1,"href":"https:\/\/www.noticiasradioreflejos.com.ar\/2021\/wp-json\/wp\/v2\/posts\/81040\/revisions"}],"predecessor-version":[{"id":81041,"href":"https:\/\/www.noticiasradioreflejos.com.ar\/2021\/wp-json\/wp\/v2\/posts\/81040\/revisions\/81041"}],"wp:featuredmedia":[{"embeddable":true,"href":"https:\/\/www.noticiasradioreflejos.com.ar\/2021\/wp-json\/wp\/v2\/media\/75473"}],"wp:attachment":[{"href":"https:\/\/www.noticiasradioreflejos.com.ar\/2021\/wp-json\/wp\/v2\/media?parent=81040"}],"wp:term":[{"taxonomy":"category","embeddable":true,"href":"https:\/\/www.noticiasradioreflejos.com.ar\/2021\/wp-json\/wp\/v2\/categories?post=81040"},{"taxonomy":"post_tag","embeddable":true,"href":"https:\/\/www.noticiasradioreflejos.com.ar\/2021\/wp-json\/wp\/v2\/tags?post=81040"}],"curies":[{"name":"wp","href":"https:\/\/api.w.org\/{rel}","templated":true}]}}