{"id":81026,"date":"2022-12-06T21:38:26","date_gmt":"2022-12-06T21:38:26","guid":{"rendered":"http:\/\/www.noticiasradioreflejos.com.ar\/2021\/?p=81026"},"modified":"2022-12-06T21:38:26","modified_gmt":"2022-12-06T21:38:26","slug":"los-rodolfo-cerraron-el-ano-con-la-presentacion-de-feliz-ano","status":"publish","type":"post","link":"https:\/\/www.noticiasradioreflejos.com.ar\/2021\/los-rodolfo-cerraron-el-ano-con-la-presentacion-de-feliz-ano\/","title":{"rendered":"Los Rodolfo cerraron el a\u00f1o con la presentaci\u00f3n de \u201cFeliz A\u00f1o\u201d"},"content":{"rendered":"<p>El pasado viernes 2 de diciembre, se realiz\u00f3 el cierre del grupo municipal de teatro \u201cLos Rodolfo\u201d, en el Teatro Rodolfo Funke.<!--more--><br \/>\n<a title=\"losrodolfo7 (1)\" href=\"https:\/\/www.flickr.com\/photos\/182279889@N02\/52547402276\/in\/dateposted-public\/\" data-flickr-embed=\"true\"><img loading=\"lazy\" decoding=\"async\" src=\"https:\/\/live.staticflickr.com\/65535\/52547402276_08d52967f2_c.jpg\" alt=\"losrodolfo7 (1)\" width=\"800\" height=\"600\" \/><\/a><\/p>\n<p>Con una gala descontracturada, el taller despidi\u00f3 un nuevo ciclo con la presentaci\u00f3n de la \u201cFeliz A\u00f1o\u201d; una propuesta en la que los alumnos se recrearon escenas de una cena familiar. Dirigida por Julieta Braun, con la actuaci\u00f3n de Samanta Alfaro, Mariela Arata, Fernando Baleix, Lucrecia Bustillo, Juan Casco, Ariana Fern\u00e1ndez, Luz Figueroa, Flavia de la Miyar, Sof\u00eda Holman, Nancy Iba\u00f1ez, Mat\u00edas Le\u00f3n, Mar\u00eda Rosa Marasca, Guillermina Marcolini. Marcelo Nievas, Mimi Rosini, Stella Maris Sep\u00falveda, Milagros Santa, Cintia Tanco Caporicci, Maria Florencia Venancio y Diego Epifanio Vizcaychipi; y la asistencia t\u00e9cnica de Andrea Muller; la comedia cont\u00f3 la historia de cuatro hermanas, sus hijos y las relaciones que se crean entre s\u00ed. Escenas entrelazadas donde no faltaron las risas y los aplausos del p\u00fablico.<\/p>\n<p>Para cerrar la jornada, la Subsecretaria de Cultura Lucia Urriaga, junto a la coordinadora del grupo, hicieron entrega de certificados de participaci\u00f3n al taller.<\/p>\n<p>La cartera cultural agradece a cada uno de los asistentes por acercarse este a\u00f1o, a todos los alumnos que se sumaron y a la comunidad por el acompa\u00f1amiento en cada una de las presentaciones.<\/p>\n<p>&nbsp;<\/p>\n<p><a title=\"losrodolfo8\" href=\"https:\/\/www.flickr.com\/photos\/182279889@N02\/52547698144\/in\/dateposted-public\/\" data-flickr-embed=\"true\"><img loading=\"lazy\" decoding=\"async\" src=\"https:\/\/live.staticflickr.com\/65535\/52547698144_7fec2f2e03_c.jpg\" alt=\"losrodolfo8\" width=\"800\" height=\"600\" \/><\/a><\/p>\n","protected":false},"excerpt":{"rendered":"<p>El pasado viernes 2 de diciembre, se realiz\u00f3 el cierre del grupo municipal de teatro \u201cLos Rodolfo\u201d, en el Teatro Rodolfo Funke.<\/p>\n","protected":false},"author":3,"featured_media":0,"comment_status":"closed","ping_status":"closed","sticky":false,"template":"","format":"standard","meta":{"footnotes":""},"categories":[35,28],"tags":[],"class_list":["post-81026","post","type-post","status-publish","format-standard","hentry","category-cultura","category-municipales"],"yoast_head":"<!-- This site is optimized with the Yoast SEO plugin v25.9 - https:\/\/yoast.com\/wordpress\/plugins\/seo\/ -->\n<title>Los Rodolfo cerraron el a\u00f1o con la presentaci\u00f3n de \u201cFeliz A\u00f1o\u201d - Noticias Radio Reflejos<\/title>\n<meta name=\"robots\" content=\"index, follow, max-snippet:-1, max-image-preview:large, max-video-preview:-1\" \/>\n<link rel=\"canonical\" href=\"https:\/\/www.noticiasradioreflejos.com.ar\/2021\/los-rodolfo-cerraron-el-ano-con-la-presentacion-de-feliz-ano\/\" \/>\n<meta property=\"og:locale\" content=\"es_ES\" \/>\n<meta property=\"og:type\" content=\"article\" \/>\n<meta property=\"og:title\" content=\"Los Rodolfo cerraron el a\u00f1o con la presentaci\u00f3n de \u201cFeliz A\u00f1o\u201d - Noticias Radio Reflejos\" \/>\n<meta property=\"og:description\" content=\"El pasado viernes 2 de diciembre, se realiz\u00f3 el cierre del grupo municipal de teatro \u201cLos Rodolfo\u201d, en el Teatro Rodolfo Funke.\" \/>\n<meta property=\"og:url\" content=\"https:\/\/www.noticiasradioreflejos.com.ar\/2021\/los-rodolfo-cerraron-el-ano-con-la-presentacion-de-feliz-ano\/\" \/>\n<meta property=\"og:site_name\" content=\"Noticias Radio Reflejos\" \/>\n<meta property=\"article:published_time\" content=\"2022-12-06T21:38:26+00:00\" \/>\n<meta property=\"og:image\" content=\"https:\/\/live.staticflickr.com\/65535\/52547402276_08d52967f2_c.jpg\" \/>\n<meta name=\"author\" content=\"Arnaldo Botto\" \/>\n<meta name=\"twitter:card\" content=\"summary_large_image\" \/>\n<script type=\"application\/ld+json\" class=\"yoast-schema-graph\">{\"@context\":\"https:\/\/schema.org\",\"@graph\":[{\"@type\":\"WebPage\",\"@id\":\"https:\/\/www.noticiasradioreflejos.com.ar\/2021\/los-rodolfo-cerraron-el-ano-con-la-presentacion-de-feliz-ano\/\",\"url\":\"https:\/\/www.noticiasradioreflejos.com.ar\/2021\/los-rodolfo-cerraron-el-ano-con-la-presentacion-de-feliz-ano\/\",\"name\":\"Los Rodolfo cerraron el a\u00f1o con la presentaci\u00f3n de \u201cFeliz A\u00f1o\u201d - Noticias Radio Reflejos\",\"isPartOf\":{\"@id\":\"https:\/\/www.noticiasradioreflejos.com.ar\/2021\/#website\"},\"primaryImageOfPage\":{\"@id\":\"https:\/\/www.noticiasradioreflejos.com.ar\/2021\/los-rodolfo-cerraron-el-ano-con-la-presentacion-de-feliz-ano\/#primaryimage\"},\"image\":{\"@id\":\"https:\/\/www.noticiasradioreflejos.com.ar\/2021\/los-rodolfo-cerraron-el-ano-con-la-presentacion-de-feliz-ano\/#primaryimage\"},\"thumbnailUrl\":\"https:\/\/live.staticflickr.com\/65535\/52547402276_08d52967f2_c.jpg\",\"datePublished\":\"2022-12-06T21:38:26+00:00\",\"author\":{\"@id\":\"https:\/\/www.noticiasradioreflejos.com.ar\/2021\/#\/schema\/person\/ad82545263dcc5ec0996818884fd5fb1\"},\"breadcrumb\":{\"@id\":\"https:\/\/www.noticiasradioreflejos.com.ar\/2021\/los-rodolfo-cerraron-el-ano-con-la-presentacion-de-feliz-ano\/#breadcrumb\"},\"inLanguage\":\"es\",\"potentialAction\":[{\"@type\":\"ReadAction\",\"target\":[\"https:\/\/www.noticiasradioreflejos.com.ar\/2021\/los-rodolfo-cerraron-el-ano-con-la-presentacion-de-feliz-ano\/\"]}]},{\"@type\":\"ImageObject\",\"inLanguage\":\"es\",\"@id\":\"https:\/\/www.noticiasradioreflejos.com.ar\/2021\/los-rodolfo-cerraron-el-ano-con-la-presentacion-de-feliz-ano\/#primaryimage\",\"url\":\"https:\/\/live.staticflickr.com\/65535\/52547402276_08d52967f2_c.jpg\",\"contentUrl\":\"https:\/\/live.staticflickr.com\/65535\/52547402276_08d52967f2_c.jpg\"},{\"@type\":\"BreadcrumbList\",\"@id\":\"https:\/\/www.noticiasradioreflejos.com.ar\/2021\/los-rodolfo-cerraron-el-ano-con-la-presentacion-de-feliz-ano\/#breadcrumb\",\"itemListElement\":[{\"@type\":\"ListItem\",\"position\":1,\"name\":\"Portada\",\"item\":\"https:\/\/www.noticiasradioreflejos.com.ar\/2021\/\"},{\"@type\":\"ListItem\",\"position\":2,\"name\":\"Los Rodolfo cerraron el a\u00f1o con la presentaci\u00f3n de \u201cFeliz A\u00f1o\u201d\"}]},{\"@type\":\"WebSite\",\"@id\":\"https:\/\/www.noticiasradioreflejos.com.ar\/2021\/#website\",\"url\":\"https:\/\/www.noticiasradioreflejos.com.ar\/2021\/\",\"name\":\"Noticias Radio Reflejos\",\"description\":\"Las noticias de mi comarca\",\"potentialAction\":[{\"@type\":\"SearchAction\",\"target\":{\"@type\":\"EntryPoint\",\"urlTemplate\":\"https:\/\/www.noticiasradioreflejos.com.ar\/2021\/?s={search_term_string}\"},\"query-input\":{\"@type\":\"PropertyValueSpecification\",\"valueRequired\":true,\"valueName\":\"search_term_string\"}}],\"inLanguage\":\"es\"},{\"@type\":\"Person\",\"@id\":\"https:\/\/www.noticiasradioreflejos.com.ar\/2021\/#\/schema\/person\/ad82545263dcc5ec0996818884fd5fb1\",\"name\":\"Arnaldo Botto\",\"image\":{\"@type\":\"ImageObject\",\"inLanguage\":\"es\",\"@id\":\"https:\/\/www.noticiasradioreflejos.com.ar\/2021\/#\/schema\/person\/image\/\",\"url\":\"https:\/\/secure.gravatar.com\/avatar\/55cb5e37c1efa326397366e6974cb338056df65cb50e7d64d1cf314e87504837?s=96&d=mm&r=g\",\"contentUrl\":\"https:\/\/secure.gravatar.com\/avatar\/55cb5e37c1efa326397366e6974cb338056df65cb50e7d64d1cf314e87504837?s=96&d=mm&r=g\",\"caption\":\"Arnaldo Botto\"},\"url\":\"https:\/\/www.noticiasradioreflejos.com.ar\/2021\/author\/arnaldo\/\"}]}<\/script>\n<!-- \/ Yoast SEO plugin. -->","yoast_head_json":{"title":"Los Rodolfo cerraron el a\u00f1o con la presentaci\u00f3n de \u201cFeliz A\u00f1o\u201d - Noticias Radio Reflejos","robots":{"index":"index","follow":"follow","max-snippet":"max-snippet:-1","max-image-preview":"max-image-preview:large","max-video-preview":"max-video-preview:-1"},"canonical":"https:\/\/www.noticiasradioreflejos.com.ar\/2021\/los-rodolfo-cerraron-el-ano-con-la-presentacion-de-feliz-ano\/","og_locale":"es_ES","og_type":"article","og_title":"Los Rodolfo cerraron el a\u00f1o con la presentaci\u00f3n de \u201cFeliz A\u00f1o\u201d - Noticias Radio Reflejos","og_description":"El pasado viernes 2 de diciembre, se realiz\u00f3 el cierre del grupo municipal de teatro \u201cLos Rodolfo\u201d, en el Teatro Rodolfo Funke.","og_url":"https:\/\/www.noticiasradioreflejos.com.ar\/2021\/los-rodolfo-cerraron-el-ano-con-la-presentacion-de-feliz-ano\/","og_site_name":"Noticias Radio Reflejos","article_published_time":"2022-12-06T21:38:26+00:00","og_image":[{"url":"https:\/\/live.staticflickr.com\/65535\/52547402276_08d52967f2_c.jpg","type":"","width":"","height":""}],"author":"Arnaldo Botto","twitter_card":"summary_large_image","schema":{"@context":"https:\/\/schema.org","@graph":[{"@type":"WebPage","@id":"https:\/\/www.noticiasradioreflejos.com.ar\/2021\/los-rodolfo-cerraron-el-ano-con-la-presentacion-de-feliz-ano\/","url":"https:\/\/www.noticiasradioreflejos.com.ar\/2021\/los-rodolfo-cerraron-el-ano-con-la-presentacion-de-feliz-ano\/","name":"Los Rodolfo cerraron el a\u00f1o con la presentaci\u00f3n de \u201cFeliz A\u00f1o\u201d - Noticias Radio Reflejos","isPartOf":{"@id":"https:\/\/www.noticiasradioreflejos.com.ar\/2021\/#website"},"primaryImageOfPage":{"@id":"https:\/\/www.noticiasradioreflejos.com.ar\/2021\/los-rodolfo-cerraron-el-ano-con-la-presentacion-de-feliz-ano\/#primaryimage"},"image":{"@id":"https:\/\/www.noticiasradioreflejos.com.ar\/2021\/los-rodolfo-cerraron-el-ano-con-la-presentacion-de-feliz-ano\/#primaryimage"},"thumbnailUrl":"https:\/\/live.staticflickr.com\/65535\/52547402276_08d52967f2_c.jpg","datePublished":"2022-12-06T21:38:26+00:00","author":{"@id":"https:\/\/www.noticiasradioreflejos.com.ar\/2021\/#\/schema\/person\/ad82545263dcc5ec0996818884fd5fb1"},"breadcrumb":{"@id":"https:\/\/www.noticiasradioreflejos.com.ar\/2021\/los-rodolfo-cerraron-el-ano-con-la-presentacion-de-feliz-ano\/#breadcrumb"},"inLanguage":"es","potentialAction":[{"@type":"ReadAction","target":["https:\/\/www.noticiasradioreflejos.com.ar\/2021\/los-rodolfo-cerraron-el-ano-con-la-presentacion-de-feliz-ano\/"]}]},{"@type":"ImageObject","inLanguage":"es","@id":"https:\/\/www.noticiasradioreflejos.com.ar\/2021\/los-rodolfo-cerraron-el-ano-con-la-presentacion-de-feliz-ano\/#primaryimage","url":"https:\/\/live.staticflickr.com\/65535\/52547402276_08d52967f2_c.jpg","contentUrl":"https:\/\/live.staticflickr.com\/65535\/52547402276_08d52967f2_c.jpg"},{"@type":"BreadcrumbList","@id":"https:\/\/www.noticiasradioreflejos.com.ar\/2021\/los-rodolfo-cerraron-el-ano-con-la-presentacion-de-feliz-ano\/#breadcrumb","itemListElement":[{"@type":"ListItem","position":1,"name":"Portada","item":"https:\/\/www.noticiasradioreflejos.com.ar\/2021\/"},{"@type":"ListItem","position":2,"name":"Los Rodolfo cerraron el a\u00f1o con la presentaci\u00f3n de \u201cFeliz A\u00f1o\u201d"}]},{"@type":"WebSite","@id":"https:\/\/www.noticiasradioreflejos.com.ar\/2021\/#website","url":"https:\/\/www.noticiasradioreflejos.com.ar\/2021\/","name":"Noticias Radio Reflejos","description":"Las noticias de mi comarca","potentialAction":[{"@type":"SearchAction","target":{"@type":"EntryPoint","urlTemplate":"https:\/\/www.noticiasradioreflejos.com.ar\/2021\/?s={search_term_string}"},"query-input":{"@type":"PropertyValueSpecification","valueRequired":true,"valueName":"search_term_string"}}],"inLanguage":"es"},{"@type":"Person","@id":"https:\/\/www.noticiasradioreflejos.com.ar\/2021\/#\/schema\/person\/ad82545263dcc5ec0996818884fd5fb1","name":"Arnaldo Botto","image":{"@type":"ImageObject","inLanguage":"es","@id":"https:\/\/www.noticiasradioreflejos.com.ar\/2021\/#\/schema\/person\/image\/","url":"https:\/\/secure.gravatar.com\/avatar\/55cb5e37c1efa326397366e6974cb338056df65cb50e7d64d1cf314e87504837?s=96&d=mm&r=g","contentUrl":"https:\/\/secure.gravatar.com\/avatar\/55cb5e37c1efa326397366e6974cb338056df65cb50e7d64d1cf314e87504837?s=96&d=mm&r=g","caption":"Arnaldo Botto"},"url":"https:\/\/www.noticiasradioreflejos.com.ar\/2021\/author\/arnaldo\/"}]}},"_links":{"self":[{"href":"https:\/\/www.noticiasradioreflejos.com.ar\/2021\/wp-json\/wp\/v2\/posts\/81026","targetHints":{"allow":["GET"]}}],"collection":[{"href":"https:\/\/www.noticiasradioreflejos.com.ar\/2021\/wp-json\/wp\/v2\/posts"}],"about":[{"href":"https:\/\/www.noticiasradioreflejos.com.ar\/2021\/wp-json\/wp\/v2\/types\/post"}],"author":[{"embeddable":true,"href":"https:\/\/www.noticiasradioreflejos.com.ar\/2021\/wp-json\/wp\/v2\/users\/3"}],"replies":[{"embeddable":true,"href":"https:\/\/www.noticiasradioreflejos.com.ar\/2021\/wp-json\/wp\/v2\/comments?post=81026"}],"version-history":[{"count":1,"href":"https:\/\/www.noticiasradioreflejos.com.ar\/2021\/wp-json\/wp\/v2\/posts\/81026\/revisions"}],"predecessor-version":[{"id":81028,"href":"https:\/\/www.noticiasradioreflejos.com.ar\/2021\/wp-json\/wp\/v2\/posts\/81026\/revisions\/81028"}],"wp:attachment":[{"href":"https:\/\/www.noticiasradioreflejos.com.ar\/2021\/wp-json\/wp\/v2\/media?parent=81026"}],"wp:term":[{"taxonomy":"category","embeddable":true,"href":"https:\/\/www.noticiasradioreflejos.com.ar\/2021\/wp-json\/wp\/v2\/categories?post=81026"},{"taxonomy":"post_tag","embeddable":true,"href":"https:\/\/www.noticiasradioreflejos.com.ar\/2021\/wp-json\/wp\/v2\/tags?post=81026"}],"curies":[{"name":"wp","href":"https:\/\/api.w.org\/{rel}","templated":true}]}}