{"id":81023,"date":"2022-12-06T21:32:26","date_gmt":"2022-12-06T21:32:26","guid":{"rendered":"http:\/\/www.noticiasradioreflejos.com.ar\/2021\/?p=81023"},"modified":"2022-12-06T21:32:26","modified_gmt":"2022-12-06T21:32:26","slug":"brindaran-una-capacitacion-sobre-animales-ponzonosos","status":"publish","type":"post","link":"https:\/\/www.noticiasradioreflejos.com.ar\/2021\/brindaran-una-capacitacion-sobre-animales-ponzonosos\/","title":{"rendered":"Brindar\u00e1n una capacitaci\u00f3n sobre animales ponzo\u00f1osos"},"content":{"rendered":"<p>Tornquist Municipio, en conjunto con la Universidad Nacional del Sur (UNS), brindar\u00e1 una capacitaci\u00f3n sobre animales ponzo\u00f1osos de importancia sanitaria en la Provincia de Buenos Aires, tales como serpientes, ara\u00f1as y escorpiones.<!--more--><\/p>\n<p>La jornada es gratuita, abierta a todo p\u00fablico, no requiere inscripci\u00f3n previa y tendr\u00e1 lugar el lunes 19 de diciembre de 10 a 15 hs en el Cuartel de Bomberos de Sierra de la Ventana.<\/p>\n<p>El dictado estar\u00e1 a cargo de las Dras. Natalia Stefanazzi, Nora Sidorkewicj, Mariela Lodovichi y Ana Paula Basso, pertenecientes al Departamento de Biolog\u00eda, Bioqu\u00edmica y Farmacia de la UNS.<\/p>\n<p>Tem\u00e1tica:<\/p>\n<p>-Ara\u00f1as, escorpiones y ofidios de la Provincia de Buenos Aires.<\/p>\n<p>-Especies de inter\u00e9s m\u00e9dico: cu\u00e1les son y c\u00f3mo reconocerlas.<\/p>\n<p>-Venenos: tipos y efectos.<\/p>\n<p>-Antivenenos (sueros): tipos, caracter\u00edsticas y poder neutralizante. Efectos adversos.<\/p>\n<p>-Medidas de prevenci\u00f3n para evitar accidentes.<\/p>\n<p>-C\u00f3mo proceder ante un evento de mordida o picadura.<\/p>\n<p>-Centros asistenciales antiponzo\u00f1osos de nuestra regi\u00f3n.<\/p>\n<p>-Observaci\u00f3n de ara\u00f1as, escorpiones y ofidios conservados.<\/p>\n<p>&nbsp;<\/p>\n<p><a data-flickr-embed=\"true\" href=\"https:\/\/www.flickr.com\/photos\/182279889@N02\/52547394971\/in\/dateposted-public\/\" title=\"Capacitacion ponzo\u00f1osos\"><img loading=\"lazy\" decoding=\"async\" src=\"https:\/\/live.staticflickr.com\/65535\/52547394971_f8d18dd955_c.jpg\" width=\"640\" height=\"800\" alt=\"Capacitacion ponzo\u00f1osos\"><\/a><script async src=\"\/\/embedr.flickr.com\/assets\/client-code.js\" charset=\"utf-8\"><\/script><\/p>\n","protected":false},"excerpt":{"rendered":"<p>Tornquist Municipio, en conjunto con la Universidad Nacional del Sur (UNS), brindar\u00e1 una capacitaci\u00f3n sobre animales ponzo\u00f1osos de importancia sanitaria en la Provincia de Buenos Aires, tales como serpientes, ara\u00f1as y escorpiones.<\/p>\n","protected":false},"author":3,"featured_media":66102,"comment_status":"closed","ping_status":"closed","sticky":false,"template":"","format":"standard","meta":{"footnotes":""},"categories":[28,30],"tags":[],"class_list":["post-81023","post","type-post","status-publish","format-standard","has-post-thumbnail","hentry","category-municipales","category-salud"],"yoast_head":"<!-- This site is optimized with the Yoast SEO plugin v25.9 - https:\/\/yoast.com\/wordpress\/plugins\/seo\/ -->\n<title>Brindar\u00e1n una capacitaci\u00f3n sobre animales ponzo\u00f1osos - Noticias Radio Reflejos<\/title>\n<meta name=\"robots\" content=\"index, follow, max-snippet:-1, max-image-preview:large, max-video-preview:-1\" \/>\n<link rel=\"canonical\" href=\"https:\/\/www.noticiasradioreflejos.com.ar\/2021\/brindaran-una-capacitacion-sobre-animales-ponzonosos\/\" \/>\n<meta property=\"og:locale\" content=\"es_ES\" \/>\n<meta property=\"og:type\" content=\"article\" \/>\n<meta property=\"og:title\" content=\"Brindar\u00e1n una capacitaci\u00f3n sobre animales ponzo\u00f1osos - Noticias Radio Reflejos\" \/>\n<meta property=\"og:description\" content=\"Tornquist Municipio, en conjunto con la Universidad Nacional del Sur (UNS), brindar\u00e1 una capacitaci\u00f3n sobre animales ponzo\u00f1osos de importancia sanitaria en la Provincia de Buenos Aires, tales como serpientes, ara\u00f1as y escorpiones.\" \/>\n<meta property=\"og:url\" content=\"https:\/\/www.noticiasradioreflejos.com.ar\/2021\/brindaran-una-capacitacion-sobre-animales-ponzonosos\/\" \/>\n<meta property=\"og:site_name\" content=\"Noticias Radio Reflejos\" \/>\n<meta property=\"article:published_time\" content=\"2022-12-06T21:32:26+00:00\" \/>\n<meta property=\"og:image\" content=\"https:\/\/www.noticiasradioreflejos.com.ar\/2021\/wp-content\/uploads\/2021\/12\/2018-alacran-suarez-01.jpg\" \/>\n\t<meta property=\"og:image:width\" content=\"800\" \/>\n\t<meta property=\"og:image:height\" content=\"444\" \/>\n\t<meta property=\"og:image:type\" content=\"image\/jpeg\" \/>\n<meta name=\"author\" content=\"Arnaldo Botto\" \/>\n<meta name=\"twitter:card\" content=\"summary_large_image\" \/>\n<script type=\"application\/ld+json\" class=\"yoast-schema-graph\">{\"@context\":\"https:\/\/schema.org\",\"@graph\":[{\"@type\":\"WebPage\",\"@id\":\"https:\/\/www.noticiasradioreflejos.com.ar\/2021\/brindaran-una-capacitacion-sobre-animales-ponzonosos\/\",\"url\":\"https:\/\/www.noticiasradioreflejos.com.ar\/2021\/brindaran-una-capacitacion-sobre-animales-ponzonosos\/\",\"name\":\"Brindar\u00e1n una capacitaci\u00f3n sobre animales ponzo\u00f1osos - Noticias Radio Reflejos\",\"isPartOf\":{\"@id\":\"https:\/\/www.noticiasradioreflejos.com.ar\/2021\/#website\"},\"primaryImageOfPage\":{\"@id\":\"https:\/\/www.noticiasradioreflejos.com.ar\/2021\/brindaran-una-capacitacion-sobre-animales-ponzonosos\/#primaryimage\"},\"image\":{\"@id\":\"https:\/\/www.noticiasradioreflejos.com.ar\/2021\/brindaran-una-capacitacion-sobre-animales-ponzonosos\/#primaryimage\"},\"thumbnailUrl\":\"https:\/\/www.noticiasradioreflejos.com.ar\/2021\/wp-content\/uploads\/2021\/12\/2018-alacran-suarez-01.jpg\",\"datePublished\":\"2022-12-06T21:32:26+00:00\",\"author\":{\"@id\":\"https:\/\/www.noticiasradioreflejos.com.ar\/2021\/#\/schema\/person\/ad82545263dcc5ec0996818884fd5fb1\"},\"breadcrumb\":{\"@id\":\"https:\/\/www.noticiasradioreflejos.com.ar\/2021\/brindaran-una-capacitacion-sobre-animales-ponzonosos\/#breadcrumb\"},\"inLanguage\":\"es\",\"potentialAction\":[{\"@type\":\"ReadAction\",\"target\":[\"https:\/\/www.noticiasradioreflejos.com.ar\/2021\/brindaran-una-capacitacion-sobre-animales-ponzonosos\/\"]}]},{\"@type\":\"ImageObject\",\"inLanguage\":\"es\",\"@id\":\"https:\/\/www.noticiasradioreflejos.com.ar\/2021\/brindaran-una-capacitacion-sobre-animales-ponzonosos\/#primaryimage\",\"url\":\"https:\/\/www.noticiasradioreflejos.com.ar\/2021\/wp-content\/uploads\/2021\/12\/2018-alacran-suarez-01.jpg\",\"contentUrl\":\"https:\/\/www.noticiasradioreflejos.com.ar\/2021\/wp-content\/uploads\/2021\/12\/2018-alacran-suarez-01.jpg\",\"width\":800,\"height\":444},{\"@type\":\"BreadcrumbList\",\"@id\":\"https:\/\/www.noticiasradioreflejos.com.ar\/2021\/brindaran-una-capacitacion-sobre-animales-ponzonosos\/#breadcrumb\",\"itemListElement\":[{\"@type\":\"ListItem\",\"position\":1,\"name\":\"Portada\",\"item\":\"https:\/\/www.noticiasradioreflejos.com.ar\/2021\/\"},{\"@type\":\"ListItem\",\"position\":2,\"name\":\"Brindar\u00e1n una capacitaci\u00f3n sobre animales ponzo\u00f1osos\"}]},{\"@type\":\"WebSite\",\"@id\":\"https:\/\/www.noticiasradioreflejos.com.ar\/2021\/#website\",\"url\":\"https:\/\/www.noticiasradioreflejos.com.ar\/2021\/\",\"name\":\"Noticias Radio Reflejos\",\"description\":\"Las noticias de mi comarca\",\"potentialAction\":[{\"@type\":\"SearchAction\",\"target\":{\"@type\":\"EntryPoint\",\"urlTemplate\":\"https:\/\/www.noticiasradioreflejos.com.ar\/2021\/?s={search_term_string}\"},\"query-input\":{\"@type\":\"PropertyValueSpecification\",\"valueRequired\":true,\"valueName\":\"search_term_string\"}}],\"inLanguage\":\"es\"},{\"@type\":\"Person\",\"@id\":\"https:\/\/www.noticiasradioreflejos.com.ar\/2021\/#\/schema\/person\/ad82545263dcc5ec0996818884fd5fb1\",\"name\":\"Arnaldo Botto\",\"image\":{\"@type\":\"ImageObject\",\"inLanguage\":\"es\",\"@id\":\"https:\/\/www.noticiasradioreflejos.com.ar\/2021\/#\/schema\/person\/image\/\",\"url\":\"https:\/\/secure.gravatar.com\/avatar\/55cb5e37c1efa326397366e6974cb338056df65cb50e7d64d1cf314e87504837?s=96&d=mm&r=g\",\"contentUrl\":\"https:\/\/secure.gravatar.com\/avatar\/55cb5e37c1efa326397366e6974cb338056df65cb50e7d64d1cf314e87504837?s=96&d=mm&r=g\",\"caption\":\"Arnaldo Botto\"},\"url\":\"https:\/\/www.noticiasradioreflejos.com.ar\/2021\/author\/arnaldo\/\"}]}<\/script>\n<!-- \/ Yoast SEO plugin. -->","yoast_head_json":{"title":"Brindar\u00e1n una capacitaci\u00f3n sobre animales ponzo\u00f1osos - Noticias Radio Reflejos","robots":{"index":"index","follow":"follow","max-snippet":"max-snippet:-1","max-image-preview":"max-image-preview:large","max-video-preview":"max-video-preview:-1"},"canonical":"https:\/\/www.noticiasradioreflejos.com.ar\/2021\/brindaran-una-capacitacion-sobre-animales-ponzonosos\/","og_locale":"es_ES","og_type":"article","og_title":"Brindar\u00e1n una capacitaci\u00f3n sobre animales ponzo\u00f1osos - Noticias Radio Reflejos","og_description":"Tornquist Municipio, en conjunto con la Universidad Nacional del Sur (UNS), brindar\u00e1 una capacitaci\u00f3n sobre animales ponzo\u00f1osos de importancia sanitaria en la Provincia de Buenos Aires, tales como serpientes, ara\u00f1as y escorpiones.","og_url":"https:\/\/www.noticiasradioreflejos.com.ar\/2021\/brindaran-una-capacitacion-sobre-animales-ponzonosos\/","og_site_name":"Noticias Radio Reflejos","article_published_time":"2022-12-06T21:32:26+00:00","og_image":[{"width":800,"height":444,"url":"https:\/\/www.noticiasradioreflejos.com.ar\/2021\/wp-content\/uploads\/2021\/12\/2018-alacran-suarez-01.jpg","type":"image\/jpeg"}],"author":"Arnaldo Botto","twitter_card":"summary_large_image","schema":{"@context":"https:\/\/schema.org","@graph":[{"@type":"WebPage","@id":"https:\/\/www.noticiasradioreflejos.com.ar\/2021\/brindaran-una-capacitacion-sobre-animales-ponzonosos\/","url":"https:\/\/www.noticiasradioreflejos.com.ar\/2021\/brindaran-una-capacitacion-sobre-animales-ponzonosos\/","name":"Brindar\u00e1n una capacitaci\u00f3n sobre animales ponzo\u00f1osos - Noticias Radio Reflejos","isPartOf":{"@id":"https:\/\/www.noticiasradioreflejos.com.ar\/2021\/#website"},"primaryImageOfPage":{"@id":"https:\/\/www.noticiasradioreflejos.com.ar\/2021\/brindaran-una-capacitacion-sobre-animales-ponzonosos\/#primaryimage"},"image":{"@id":"https:\/\/www.noticiasradioreflejos.com.ar\/2021\/brindaran-una-capacitacion-sobre-animales-ponzonosos\/#primaryimage"},"thumbnailUrl":"https:\/\/www.noticiasradioreflejos.com.ar\/2021\/wp-content\/uploads\/2021\/12\/2018-alacran-suarez-01.jpg","datePublished":"2022-12-06T21:32:26+00:00","author":{"@id":"https:\/\/www.noticiasradioreflejos.com.ar\/2021\/#\/schema\/person\/ad82545263dcc5ec0996818884fd5fb1"},"breadcrumb":{"@id":"https:\/\/www.noticiasradioreflejos.com.ar\/2021\/brindaran-una-capacitacion-sobre-animales-ponzonosos\/#breadcrumb"},"inLanguage":"es","potentialAction":[{"@type":"ReadAction","target":["https:\/\/www.noticiasradioreflejos.com.ar\/2021\/brindaran-una-capacitacion-sobre-animales-ponzonosos\/"]}]},{"@type":"ImageObject","inLanguage":"es","@id":"https:\/\/www.noticiasradioreflejos.com.ar\/2021\/brindaran-una-capacitacion-sobre-animales-ponzonosos\/#primaryimage","url":"https:\/\/www.noticiasradioreflejos.com.ar\/2021\/wp-content\/uploads\/2021\/12\/2018-alacran-suarez-01.jpg","contentUrl":"https:\/\/www.noticiasradioreflejos.com.ar\/2021\/wp-content\/uploads\/2021\/12\/2018-alacran-suarez-01.jpg","width":800,"height":444},{"@type":"BreadcrumbList","@id":"https:\/\/www.noticiasradioreflejos.com.ar\/2021\/brindaran-una-capacitacion-sobre-animales-ponzonosos\/#breadcrumb","itemListElement":[{"@type":"ListItem","position":1,"name":"Portada","item":"https:\/\/www.noticiasradioreflejos.com.ar\/2021\/"},{"@type":"ListItem","position":2,"name":"Brindar\u00e1n una capacitaci\u00f3n sobre animales ponzo\u00f1osos"}]},{"@type":"WebSite","@id":"https:\/\/www.noticiasradioreflejos.com.ar\/2021\/#website","url":"https:\/\/www.noticiasradioreflejos.com.ar\/2021\/","name":"Noticias Radio Reflejos","description":"Las noticias de mi comarca","potentialAction":[{"@type":"SearchAction","target":{"@type":"EntryPoint","urlTemplate":"https:\/\/www.noticiasradioreflejos.com.ar\/2021\/?s={search_term_string}"},"query-input":{"@type":"PropertyValueSpecification","valueRequired":true,"valueName":"search_term_string"}}],"inLanguage":"es"},{"@type":"Person","@id":"https:\/\/www.noticiasradioreflejos.com.ar\/2021\/#\/schema\/person\/ad82545263dcc5ec0996818884fd5fb1","name":"Arnaldo Botto","image":{"@type":"ImageObject","inLanguage":"es","@id":"https:\/\/www.noticiasradioreflejos.com.ar\/2021\/#\/schema\/person\/image\/","url":"https:\/\/secure.gravatar.com\/avatar\/55cb5e37c1efa326397366e6974cb338056df65cb50e7d64d1cf314e87504837?s=96&d=mm&r=g","contentUrl":"https:\/\/secure.gravatar.com\/avatar\/55cb5e37c1efa326397366e6974cb338056df65cb50e7d64d1cf314e87504837?s=96&d=mm&r=g","caption":"Arnaldo Botto"},"url":"https:\/\/www.noticiasradioreflejos.com.ar\/2021\/author\/arnaldo\/"}]}},"_links":{"self":[{"href":"https:\/\/www.noticiasradioreflejos.com.ar\/2021\/wp-json\/wp\/v2\/posts\/81023","targetHints":{"allow":["GET"]}}],"collection":[{"href":"https:\/\/www.noticiasradioreflejos.com.ar\/2021\/wp-json\/wp\/v2\/posts"}],"about":[{"href":"https:\/\/www.noticiasradioreflejos.com.ar\/2021\/wp-json\/wp\/v2\/types\/post"}],"author":[{"embeddable":true,"href":"https:\/\/www.noticiasradioreflejos.com.ar\/2021\/wp-json\/wp\/v2\/users\/3"}],"replies":[{"embeddable":true,"href":"https:\/\/www.noticiasradioreflejos.com.ar\/2021\/wp-json\/wp\/v2\/comments?post=81023"}],"version-history":[{"count":1,"href":"https:\/\/www.noticiasradioreflejos.com.ar\/2021\/wp-json\/wp\/v2\/posts\/81023\/revisions"}],"predecessor-version":[{"id":81024,"href":"https:\/\/www.noticiasradioreflejos.com.ar\/2021\/wp-json\/wp\/v2\/posts\/81023\/revisions\/81024"}],"wp:featuredmedia":[{"embeddable":true,"href":"https:\/\/www.noticiasradioreflejos.com.ar\/2021\/wp-json\/wp\/v2\/media\/66102"}],"wp:attachment":[{"href":"https:\/\/www.noticiasradioreflejos.com.ar\/2021\/wp-json\/wp\/v2\/media?parent=81023"}],"wp:term":[{"taxonomy":"category","embeddable":true,"href":"https:\/\/www.noticiasradioreflejos.com.ar\/2021\/wp-json\/wp\/v2\/categories?post=81023"},{"taxonomy":"post_tag","embeddable":true,"href":"https:\/\/www.noticiasradioreflejos.com.ar\/2021\/wp-json\/wp\/v2\/tags?post=81023"}],"curies":[{"name":"wp","href":"https:\/\/api.w.org\/{rel}","templated":true}]}}