{"id":81016,"date":"2022-12-06T22:44:25","date_gmt":"2022-12-06T22:44:25","guid":{"rendered":"http:\/\/www.noticiasradioreflejos.com.ar\/2021\/?p=81016"},"modified":"2022-12-06T22:44:25","modified_gmt":"2022-12-06T22:44:25","slug":"un-vecino-capto-un-extrano-objeto-sobrevolando-villa-ventana","status":"publish","type":"post","link":"https:\/\/www.noticiasradioreflejos.com.ar\/2021\/un-vecino-capto-un-extrano-objeto-sobrevolando-villa-ventana\/","title":{"rendered":"Un vecino capt\u00f3 un extra\u00f1o objeto sobrevolando Villa Ventana"},"content":{"rendered":"<p>Ocurri\u00f3 en la tarde noche del lunes. Por varios minutos se mostr\u00f3 inerte, pero en un determinado momento hizo un r\u00e1pido descenso. Varias teor\u00edas al respecto.<!--more--><\/p>\n<p>Sobre las 20:30 del lunes, un objeto de luz constante blanca se pos\u00f3 sobre el cielo de la comarca, camufl\u00e1ndose de a ratos con el estado nuboso que acompa\u00f1\u00f3 el cierre del d\u00eda.<\/p>\n<p>Sin embargo su brillo no pas\u00f3 desapercibido, pese a una quietud inquietante que a m\u00e1s de uno le hizo creer de que se trataba de un lucero.<\/p>\n<p>Sin embargo, tras un largo rato, el objeto realiz\u00f3 un descenso pronunciado en l\u00ednea recta, echando por tierra la posibilidad de tratarse de una estrella o un planeta lejano.<\/p>\n<p>Inmediatamente m\u00e1s de uno afirm\u00f3 de que se tratar\u00eda de un drone, pero habitualmente esos elementos tecnol\u00f3gicos cuentan con luces destellantes en colores rojos y verdes, situaci\u00f3n que no se percibe en el registro f\u00edlmico.<\/p>\n<p>All\u00ed no hay destellos ni luces secundarias. Solo una potente luz blanca que no pierde intensidad. La captura en cuesti\u00f3n la hizo un vecino de Villa Ventana cuando circulaba sobre calle Pillahuinco, en orientaci\u00f3n hacia la plaza.<\/p>\n<p>\u00bfQu\u00e9 sobrevol\u00f3 la comarca? \u00bfQu\u00e9 era ese objeto? \u00bfSe trat\u00f3 realmente de un drone o era otra cosa?<\/p>\n<p>Mientras se obtienen pruebas al respecto, ustedes saquen sus propias conclusiones.<\/p>\n<p><a title=\"Luz en Villa Ventana\" href=\"https:\/\/www.flickr.com\/photos\/182279889@N02\/52546990572\/in\/dateposted-public\/\" data-flickr-embed=\"true\"><img loading=\"lazy\" decoding=\"async\" class=\"aligncenter\" src=\"https:\/\/live.staticflickr.com\/31337\/52546990572_235035df92_w.jpg\" alt=\"Luz en Villa Ventana\" width=\"320\" height=\"582\" \/><\/a><script async src=\"\/\/embedr.flickr.com\/assets\/client-code.js\" charset=\"utf-8\"><\/script><\/p>\n","protected":false},"excerpt":{"rendered":"<p>Ocurri\u00f3 en la tarde noche del lunes. Por varios minutos se mostr\u00f3 inerte, pero en un determinado momento hizo un r\u00e1pido descenso. Varias teor\u00edas al respecto.<\/p>\n","protected":false},"author":3,"featured_media":81051,"comment_status":"closed","ping_status":"closed","sticky":false,"template":"","format":"standard","meta":{"footnotes":""},"categories":[26],"tags":[48],"class_list":["post-81016","post","type-post","status-publish","format-standard","has-post-thumbnail","hentry","category-sociedad","tag-destacada"],"yoast_head":"<!-- This site is optimized with the Yoast SEO plugin v25.9 - https:\/\/yoast.com\/wordpress\/plugins\/seo\/ -->\n<title>Un vecino capt\u00f3 un extra\u00f1o objeto sobrevolando Villa Ventana - Noticias Radio Reflejos<\/title>\n<meta name=\"robots\" content=\"index, follow, max-snippet:-1, max-image-preview:large, max-video-preview:-1\" \/>\n<link rel=\"canonical\" href=\"https:\/\/www.noticiasradioreflejos.com.ar\/2021\/un-vecino-capto-un-extrano-objeto-sobrevolando-villa-ventana\/\" \/>\n<meta property=\"og:locale\" content=\"es_ES\" \/>\n<meta property=\"og:type\" content=\"article\" \/>\n<meta property=\"og:title\" content=\"Un vecino capt\u00f3 un extra\u00f1o objeto sobrevolando Villa Ventana - Noticias Radio Reflejos\" \/>\n<meta property=\"og:description\" content=\"Ocurri\u00f3 en la tarde noche del lunes. Por varios minutos se mostr\u00f3 inerte, pero en un determinado momento hizo un r\u00e1pido descenso. Varias teor\u00edas al respecto.\" \/>\n<meta property=\"og:url\" content=\"https:\/\/www.noticiasradioreflejos.com.ar\/2021\/un-vecino-capto-un-extrano-objeto-sobrevolando-villa-ventana\/\" \/>\n<meta property=\"og:site_name\" content=\"Noticias Radio Reflejos\" \/>\n<meta property=\"article:published_time\" content=\"2022-12-06T22:44:25+00:00\" \/>\n<meta property=\"og:image\" content=\"https:\/\/www.noticiasradioreflejos.com.ar\/2021\/wp-content\/uploads\/2022\/12\/luz.png\" \/>\n\t<meta property=\"og:image:width\" content=\"395\" \/>\n\t<meta property=\"og:image:height\" content=\"451\" \/>\n\t<meta property=\"og:image:type\" content=\"image\/png\" \/>\n<meta name=\"author\" content=\"Arnaldo Botto\" \/>\n<meta name=\"twitter:card\" content=\"summary_large_image\" \/>\n<script type=\"application\/ld+json\" class=\"yoast-schema-graph\">{\"@context\":\"https:\/\/schema.org\",\"@graph\":[{\"@type\":\"WebPage\",\"@id\":\"https:\/\/www.noticiasradioreflejos.com.ar\/2021\/un-vecino-capto-un-extrano-objeto-sobrevolando-villa-ventana\/\",\"url\":\"https:\/\/www.noticiasradioreflejos.com.ar\/2021\/un-vecino-capto-un-extrano-objeto-sobrevolando-villa-ventana\/\",\"name\":\"Un vecino capt\u00f3 un extra\u00f1o objeto sobrevolando Villa Ventana - Noticias Radio Reflejos\",\"isPartOf\":{\"@id\":\"https:\/\/www.noticiasradioreflejos.com.ar\/2021\/#website\"},\"primaryImageOfPage\":{\"@id\":\"https:\/\/www.noticiasradioreflejos.com.ar\/2021\/un-vecino-capto-un-extrano-objeto-sobrevolando-villa-ventana\/#primaryimage\"},\"image\":{\"@id\":\"https:\/\/www.noticiasradioreflejos.com.ar\/2021\/un-vecino-capto-un-extrano-objeto-sobrevolando-villa-ventana\/#primaryimage\"},\"thumbnailUrl\":\"https:\/\/www.noticiasradioreflejos.com.ar\/2021\/wp-content\/uploads\/2022\/12\/luz.png\",\"datePublished\":\"2022-12-06T22:44:25+00:00\",\"author\":{\"@id\":\"https:\/\/www.noticiasradioreflejos.com.ar\/2021\/#\/schema\/person\/ad82545263dcc5ec0996818884fd5fb1\"},\"breadcrumb\":{\"@id\":\"https:\/\/www.noticiasradioreflejos.com.ar\/2021\/un-vecino-capto-un-extrano-objeto-sobrevolando-villa-ventana\/#breadcrumb\"},\"inLanguage\":\"es\",\"potentialAction\":[{\"@type\":\"ReadAction\",\"target\":[\"https:\/\/www.noticiasradioreflejos.com.ar\/2021\/un-vecino-capto-un-extrano-objeto-sobrevolando-villa-ventana\/\"]}]},{\"@type\":\"ImageObject\",\"inLanguage\":\"es\",\"@id\":\"https:\/\/www.noticiasradioreflejos.com.ar\/2021\/un-vecino-capto-un-extrano-objeto-sobrevolando-villa-ventana\/#primaryimage\",\"url\":\"https:\/\/www.noticiasradioreflejos.com.ar\/2021\/wp-content\/uploads\/2022\/12\/luz.png\",\"contentUrl\":\"https:\/\/www.noticiasradioreflejos.com.ar\/2021\/wp-content\/uploads\/2022\/12\/luz.png\",\"width\":395,\"height\":451},{\"@type\":\"BreadcrumbList\",\"@id\":\"https:\/\/www.noticiasradioreflejos.com.ar\/2021\/un-vecino-capto-un-extrano-objeto-sobrevolando-villa-ventana\/#breadcrumb\",\"itemListElement\":[{\"@type\":\"ListItem\",\"position\":1,\"name\":\"Portada\",\"item\":\"https:\/\/www.noticiasradioreflejos.com.ar\/2021\/\"},{\"@type\":\"ListItem\",\"position\":2,\"name\":\"Un vecino capt\u00f3 un extra\u00f1o objeto sobrevolando Villa Ventana\"}]},{\"@type\":\"WebSite\",\"@id\":\"https:\/\/www.noticiasradioreflejos.com.ar\/2021\/#website\",\"url\":\"https:\/\/www.noticiasradioreflejos.com.ar\/2021\/\",\"name\":\"Noticias Radio Reflejos\",\"description\":\"Las noticias de mi comarca\",\"potentialAction\":[{\"@type\":\"SearchAction\",\"target\":{\"@type\":\"EntryPoint\",\"urlTemplate\":\"https:\/\/www.noticiasradioreflejos.com.ar\/2021\/?s={search_term_string}\"},\"query-input\":{\"@type\":\"PropertyValueSpecification\",\"valueRequired\":true,\"valueName\":\"search_term_string\"}}],\"inLanguage\":\"es\"},{\"@type\":\"Person\",\"@id\":\"https:\/\/www.noticiasradioreflejos.com.ar\/2021\/#\/schema\/person\/ad82545263dcc5ec0996818884fd5fb1\",\"name\":\"Arnaldo Botto\",\"image\":{\"@type\":\"ImageObject\",\"inLanguage\":\"es\",\"@id\":\"https:\/\/www.noticiasradioreflejos.com.ar\/2021\/#\/schema\/person\/image\/\",\"url\":\"https:\/\/secure.gravatar.com\/avatar\/55cb5e37c1efa326397366e6974cb338056df65cb50e7d64d1cf314e87504837?s=96&d=mm&r=g\",\"contentUrl\":\"https:\/\/secure.gravatar.com\/avatar\/55cb5e37c1efa326397366e6974cb338056df65cb50e7d64d1cf314e87504837?s=96&d=mm&r=g\",\"caption\":\"Arnaldo Botto\"},\"url\":\"https:\/\/www.noticiasradioreflejos.com.ar\/2021\/author\/arnaldo\/\"}]}<\/script>\n<!-- \/ Yoast SEO plugin. -->","yoast_head_json":{"title":"Un vecino capt\u00f3 un extra\u00f1o objeto sobrevolando Villa Ventana - Noticias Radio Reflejos","robots":{"index":"index","follow":"follow","max-snippet":"max-snippet:-1","max-image-preview":"max-image-preview:large","max-video-preview":"max-video-preview:-1"},"canonical":"https:\/\/www.noticiasradioreflejos.com.ar\/2021\/un-vecino-capto-un-extrano-objeto-sobrevolando-villa-ventana\/","og_locale":"es_ES","og_type":"article","og_title":"Un vecino capt\u00f3 un extra\u00f1o objeto sobrevolando Villa Ventana - Noticias Radio Reflejos","og_description":"Ocurri\u00f3 en la tarde noche del lunes. Por varios minutos se mostr\u00f3 inerte, pero en un determinado momento hizo un r\u00e1pido descenso. Varias teor\u00edas al respecto.","og_url":"https:\/\/www.noticiasradioreflejos.com.ar\/2021\/un-vecino-capto-un-extrano-objeto-sobrevolando-villa-ventana\/","og_site_name":"Noticias Radio Reflejos","article_published_time":"2022-12-06T22:44:25+00:00","og_image":[{"width":395,"height":451,"url":"https:\/\/www.noticiasradioreflejos.com.ar\/2021\/wp-content\/uploads\/2022\/12\/luz.png","type":"image\/png"}],"author":"Arnaldo Botto","twitter_card":"summary_large_image","schema":{"@context":"https:\/\/schema.org","@graph":[{"@type":"WebPage","@id":"https:\/\/www.noticiasradioreflejos.com.ar\/2021\/un-vecino-capto-un-extrano-objeto-sobrevolando-villa-ventana\/","url":"https:\/\/www.noticiasradioreflejos.com.ar\/2021\/un-vecino-capto-un-extrano-objeto-sobrevolando-villa-ventana\/","name":"Un vecino capt\u00f3 un extra\u00f1o objeto sobrevolando Villa Ventana - Noticias Radio Reflejos","isPartOf":{"@id":"https:\/\/www.noticiasradioreflejos.com.ar\/2021\/#website"},"primaryImageOfPage":{"@id":"https:\/\/www.noticiasradioreflejos.com.ar\/2021\/un-vecino-capto-un-extrano-objeto-sobrevolando-villa-ventana\/#primaryimage"},"image":{"@id":"https:\/\/www.noticiasradioreflejos.com.ar\/2021\/un-vecino-capto-un-extrano-objeto-sobrevolando-villa-ventana\/#primaryimage"},"thumbnailUrl":"https:\/\/www.noticiasradioreflejos.com.ar\/2021\/wp-content\/uploads\/2022\/12\/luz.png","datePublished":"2022-12-06T22:44:25+00:00","author":{"@id":"https:\/\/www.noticiasradioreflejos.com.ar\/2021\/#\/schema\/person\/ad82545263dcc5ec0996818884fd5fb1"},"breadcrumb":{"@id":"https:\/\/www.noticiasradioreflejos.com.ar\/2021\/un-vecino-capto-un-extrano-objeto-sobrevolando-villa-ventana\/#breadcrumb"},"inLanguage":"es","potentialAction":[{"@type":"ReadAction","target":["https:\/\/www.noticiasradioreflejos.com.ar\/2021\/un-vecino-capto-un-extrano-objeto-sobrevolando-villa-ventana\/"]}]},{"@type":"ImageObject","inLanguage":"es","@id":"https:\/\/www.noticiasradioreflejos.com.ar\/2021\/un-vecino-capto-un-extrano-objeto-sobrevolando-villa-ventana\/#primaryimage","url":"https:\/\/www.noticiasradioreflejos.com.ar\/2021\/wp-content\/uploads\/2022\/12\/luz.png","contentUrl":"https:\/\/www.noticiasradioreflejos.com.ar\/2021\/wp-content\/uploads\/2022\/12\/luz.png","width":395,"height":451},{"@type":"BreadcrumbList","@id":"https:\/\/www.noticiasradioreflejos.com.ar\/2021\/un-vecino-capto-un-extrano-objeto-sobrevolando-villa-ventana\/#breadcrumb","itemListElement":[{"@type":"ListItem","position":1,"name":"Portada","item":"https:\/\/www.noticiasradioreflejos.com.ar\/2021\/"},{"@type":"ListItem","position":2,"name":"Un vecino capt\u00f3 un extra\u00f1o objeto sobrevolando Villa Ventana"}]},{"@type":"WebSite","@id":"https:\/\/www.noticiasradioreflejos.com.ar\/2021\/#website","url":"https:\/\/www.noticiasradioreflejos.com.ar\/2021\/","name":"Noticias Radio Reflejos","description":"Las noticias de mi comarca","potentialAction":[{"@type":"SearchAction","target":{"@type":"EntryPoint","urlTemplate":"https:\/\/www.noticiasradioreflejos.com.ar\/2021\/?s={search_term_string}"},"query-input":{"@type":"PropertyValueSpecification","valueRequired":true,"valueName":"search_term_string"}}],"inLanguage":"es"},{"@type":"Person","@id":"https:\/\/www.noticiasradioreflejos.com.ar\/2021\/#\/schema\/person\/ad82545263dcc5ec0996818884fd5fb1","name":"Arnaldo Botto","image":{"@type":"ImageObject","inLanguage":"es","@id":"https:\/\/www.noticiasradioreflejos.com.ar\/2021\/#\/schema\/person\/image\/","url":"https:\/\/secure.gravatar.com\/avatar\/55cb5e37c1efa326397366e6974cb338056df65cb50e7d64d1cf314e87504837?s=96&d=mm&r=g","contentUrl":"https:\/\/secure.gravatar.com\/avatar\/55cb5e37c1efa326397366e6974cb338056df65cb50e7d64d1cf314e87504837?s=96&d=mm&r=g","caption":"Arnaldo Botto"},"url":"https:\/\/www.noticiasradioreflejos.com.ar\/2021\/author\/arnaldo\/"}]}},"_links":{"self":[{"href":"https:\/\/www.noticiasradioreflejos.com.ar\/2021\/wp-json\/wp\/v2\/posts\/81016","targetHints":{"allow":["GET"]}}],"collection":[{"href":"https:\/\/www.noticiasradioreflejos.com.ar\/2021\/wp-json\/wp\/v2\/posts"}],"about":[{"href":"https:\/\/www.noticiasradioreflejos.com.ar\/2021\/wp-json\/wp\/v2\/types\/post"}],"author":[{"embeddable":true,"href":"https:\/\/www.noticiasradioreflejos.com.ar\/2021\/wp-json\/wp\/v2\/users\/3"}],"replies":[{"embeddable":true,"href":"https:\/\/www.noticiasradioreflejos.com.ar\/2021\/wp-json\/wp\/v2\/comments?post=81016"}],"version-history":[{"count":2,"href":"https:\/\/www.noticiasradioreflejos.com.ar\/2021\/wp-json\/wp\/v2\/posts\/81016\/revisions"}],"predecessor-version":[{"id":81052,"href":"https:\/\/www.noticiasradioreflejos.com.ar\/2021\/wp-json\/wp\/v2\/posts\/81016\/revisions\/81052"}],"wp:featuredmedia":[{"embeddable":true,"href":"https:\/\/www.noticiasradioreflejos.com.ar\/2021\/wp-json\/wp\/v2\/media\/81051"}],"wp:attachment":[{"href":"https:\/\/www.noticiasradioreflejos.com.ar\/2021\/wp-json\/wp\/v2\/media?parent=81016"}],"wp:term":[{"taxonomy":"category","embeddable":true,"href":"https:\/\/www.noticiasradioreflejos.com.ar\/2021\/wp-json\/wp\/v2\/categories?post=81016"},{"taxonomy":"post_tag","embeddable":true,"href":"https:\/\/www.noticiasradioreflejos.com.ar\/2021\/wp-json\/wp\/v2\/tags?post=81016"}],"curies":[{"name":"wp","href":"https:\/\/api.w.org\/{rel}","templated":true}]}}