{"id":81013,"date":"2022-12-05T21:35:22","date_gmt":"2022-12-05T21:35:22","guid":{"rendered":"http:\/\/www.noticiasradioreflejos.com.ar\/2021\/?p=81013"},"modified":"2022-12-05T21:35:22","modified_gmt":"2022-12-05T21:35:22","slug":"comunicado-de-funcionarios-y-funcionarias-de-vialidad-nacional-en-respaldo-a-la-vicepresidenta-cristina-fernandez-de-kirchner","status":"publish","type":"post","link":"https:\/\/www.noticiasradioreflejos.com.ar\/2021\/comunicado-de-funcionarios-y-funcionarias-de-vialidad-nacional-en-respaldo-a-la-vicepresidenta-cristina-fernandez-de-kirchner\/","title":{"rendered":"Comunicado de funcionarios y funcionarias de Vialidad Nacional en respaldo a la vicepresidenta CRISTINA FERN\u00c1NDEZ DE KIRCHNER"},"content":{"rendered":"<p><strong>Ciudad Aut\u00f3noma de Buenos Aires, 5 de diciembre de 2022. <\/strong>Los y las abajo firmantes, funcionarios y funcionarias de Vialidad Nacional, nos manifestamos en relaci\u00f3n a la clara persecuci\u00f3n judicial de la que es v\u00edctima la Sra. Vicepresidenta de la Naci\u00f3n, Cristina Fern\u00e1ndez de Kirchner, en el marco de la cual se se\u00f1ala permanentemente a Vialidad Nacional como el organismo que permiti\u00f3 desmanejos en la Obra P\u00fablica por falta de transparencia y mecanismos de control interno.<!--more--><\/p>\n<p>El manto de sospecha que se cierne sobre Vialidad Nacional afecta a los trabajadores y trabajadoras que a lo largo de 90 a\u00f1os han sido responsables de la construcci\u00f3n de caminos a lo largo y ancho del pa\u00eds.<\/p>\n<p>&nbsp;<\/p>\n<p>Este organismo ha tenido y tiene mecanismos de control internos y externos sobre la contrataci\u00f3n de la Obra P\u00fablica y los procedimientos son absolutamente transparentes, garantizando la absoluta imparcialidad de todos los procesos administrativos de adjudicaci\u00f3n y contrataci\u00f3n.<\/p>\n<p>&nbsp;<\/p>\n<p>La persecuci\u00f3n de la que es v\u00edctima la Sra. Vicepresidenta esconde adem\u00e1s el objetivo de demostrar la presunta incompetencia del organismo rector de la Vialidad argentina.<\/p>\n<p>&nbsp;<\/p>\n<p>Los sistemas de gesti\u00f3n y control de VN fueron los mismos empleados por el anterior gobierno, y son los mismos que se emplean en la actualidad. Se trata de sistemas de control cruzados que garantizan la transparencia de todos los actos administrativos.<\/p>\n<p>&nbsp;<\/p>\n<p>Defendemos a Cristina Fern\u00e1ndez de Kirchner, y defendemos a la Instituci\u00f3n que durante la actual gesti\u00f3n ha recuperado el rol hist\u00f3rico de Vialidad Nacional: hacer caminos que transforman el pa\u00eds y cada una de sus regiones.<\/p>\n<p>&nbsp;<\/p>\n<p>Nos toc\u00f3 asumir en el a\u00f1o 2019, despu\u00e9s de una gesti\u00f3n cuyo objetivo fue desarticular y paralizar Vialidad Nacional: se frenaron las obras y proyectos, se persigui\u00f3 a trabajadores y trabajadoras incluso con despidos sin sumario previo, se congel\u00f3 la carrera administrativa, no se reemplazaron puestos vacantes, no se incorpor\u00f3 maquinaria ni equipos viales.<\/p>\n<p>&nbsp;<\/p>\n<p>&nbsp;<\/p>\n<p>Dejaron una instituci\u00f3n desmoralizada, con personal maltratado, sin obras y sin capacidad operativa para atender las redes nacionales en cada distrito.<\/p>\n<p>&nbsp;<\/p>\n<p>No es casual, no es desidia, no es inoperancia: esta fue una decisi\u00f3n cuyo objeto fue crear el marco propicio para la realizaci\u00f3n de negocios privados, por medio de los ya tristemente c\u00e9lebres contratos de \u00abParticipaci\u00f3n P\u00fablico Privada\u00bb o PPP.<\/p>\n<p>&nbsp;<\/p>\n<p>En la persecuci\u00f3n de la que es v\u00edctima Cristina y en el desprestigio hacia los trabajadores y trabajadoras de Vialidad Nacional se esconde el inter\u00e9s de un sector por volver a ese esquema de negocios y negociados para amigos.<\/p>\n<p>&nbsp;<\/p>\n<p>Asumimos una gesti\u00f3n con compromiso, convicci\u00f3n y orgullo, realizando esfuerzos extraordinarios en medio de una pandemia que nos exigi\u00f3 modificar tiempos y modalidades de trabajo. Y aun as\u00ed volvimos a poner en marcha una instituci\u00f3n clave en el desarrollo nacional.<\/p>\n<p>&nbsp;<\/p>\n<p>Manifestamos nuestro apoyo a la vicepresidenta Cristina Fern\u00e1ndez de Kirchner y desde la Direcci\u00f3n Nacional de Vialidad ratificamos el compromiso de redoblar los esfuerzos para estar presentes en cada rinc\u00f3n de nuestra Patria.<\/p>\n<p>&nbsp;<\/p>\n<p>&nbsp;<\/p>\n<p><strong>Mar\u00eda Alicia Rivero <\/strong>Jefa del 1\u00b0 Distrito Buenos Aires<\/p>\n<p><strong>Federico Eslava <\/strong>Jefe del 2\u00b0 Distrito C\u00f3rdoba<\/p>\n<h1>Jorge Correa<\/h1>\n<p>Jefe del 3\u00b0 Distrito Tucum\u00e1n<\/p>\n<p>&nbsp;<\/p>\n<p>&nbsp;<\/p>\n<p>&nbsp;<\/p>\n<p><strong>Guillermo Amstutz <\/strong>Jefe del 4\u00b0 Distrito Mendoza<\/p>\n<p><strong>Francisco Agolio <\/strong>Jefe del 5\u00b0 Distrito Salta<\/p>\n<h1>Jos\u00e9 Montaldi<\/h1>\n<p>A cargo del 6\u00b0 Distrito Jujuy<\/p>\n<p>&nbsp;<\/p>\n<p>&nbsp;<\/p>\n<p>&nbsp;<\/p>\n<p><strong>Fabio S\u00e1nchez <\/strong>Jefe del 7\u00b0 Distrito Santa Fe<\/p>\n<h1>Ricardo D\u00edaz Boffignano<\/h1>\n<p>Jefe del 8\u00b0 Distrito La Rioja<\/p>\n<h1>Jorge Deiana<\/h1>\n<p>Jefe del 9\u00b0 Distrito San Juan<\/p>\n<p>&nbsp;<\/p>\n<p>&nbsp;<\/p>\n<p>&nbsp;<\/p>\n<h1>Daniel Flores<\/h1>\n<p>Jefe del 10\u00b0 Distrito Corrientes<\/p>\n<h1>Ren\u00e9 Arag\u00f3n<\/h1>\n<p>Jefe del 11\u00b0 Distrito Catamarca<\/p>\n<p><strong>Alberto Ciampini <\/strong>Jefe del 12\u00b0 Distrito Neuqu\u00e9n<\/p>\n<p>&nbsp;<\/p>\n<p>&nbsp;<\/p>\n<p>&nbsp;<\/p>\n<h1>Julio Otero<\/h1>\n<p>Jefe del 13\u00b0 Distrito Chubut<\/p>\n<h1>Daniel Bassi<\/h1>\n<p>Jefe del 14\u00b0 Distrito San Luis<\/p>\n<p><strong>Rodolfo Handrujovicz <\/strong>Jefe del 15\u00b0 Distrito Misiones<\/p>\n<p>&nbsp;<\/p>\n<p>&nbsp;<\/p>\n<p>&nbsp;<\/p>\n<p><strong>Carlos Ferreiro <\/strong>Jefe del 16\u00b0 Distrito Santiago del Estero<\/p>\n<h1>Daniel Koch<\/h1>\n<p>Jefe del 17\u00b0 Distrito Entre R\u00edos<\/p>\n<p><strong>Alejandra Vilela <\/strong>Jefa del 18\u00b0 Distrito Chaco<\/p>\n<p>&nbsp;<\/p>\n<p>&nbsp;<\/p>\n<p>&nbsp;<\/p>\n<p><strong>Gustavo Trankels <\/strong>Jefe del 19\u00b0 Distrito Bah\u00eda Blanca<\/p>\n<h1>Gustavo Casas<\/h1>\n<p>Jefe del 20\u00b0 Distrito R\u00edo Negro<\/p>\n<h1>Martin Izaguirre<\/h1>\n<p>Jefe del 21\u00b0 Distrito La Pampa<\/p>\n<p>&nbsp;<\/p>\n<p>&nbsp;<\/p>\n<p>&nbsp;<\/p>\n<p><strong>Elizabeth Ida de Ferrari <\/strong>Jefa del 22\u00b0 Distrito Formosa<\/p>\n<p><strong>Mart\u00edn Medvedovsky <\/strong>Jefe del 23\u00b0 Distrito Santa Cruz<\/p>\n<p><strong>Gabriel Sommacal <\/strong>Jefe del 24\u00b0 Distrito Tierra del Fuego<\/p>\n<p>&nbsp;<\/p>\n<p>&nbsp;<\/p>\n<p>&nbsp;<\/p>\n<p><strong>Sergio Etchetto <\/strong>Gerente Ejecutivo de Administraci\u00f3n y Finanzas<\/p>\n<h1>Paola Fedrizzi<\/h1>\n<p>Gerenta Ejecutiva de la Unidad de Gesti\u00f3n en Pol\u00edticas de G\u00e9nero y Diversidad<\/p>\n<h1>Federico Stiz<\/h1>\n<p>Gerente Ejecutivo de RR.II., Comunicaci\u00f3n y Pol\u00edtica<\/p>\n<p>&nbsp;<\/p>\n<p>&nbsp;<\/p>\n<p>&nbsp;<\/p>\n<h1>Laura Rial<\/h1>\n<p>Gerenta Ejecutiva de Programas y Proyectos Especiales con Financiamiento Externo<\/p>\n<p><strong>Marcelo S\u00e1enz Urquiza <\/strong>Gerente Ejecutivo de Asuntos Jur\u00eddicos<\/p>\n<h1>Pablo Caffaro<\/h1>\n<p>Gerente Ejecutivo de Licitaciones y Compras<\/p>\n<p>&nbsp;<\/p>\n<p>&nbsp;<\/p>\n<p>&nbsp;<\/p>\n<p><strong>Jorge Ruesga <\/strong>Gerente Ejecutivo de Recursos Humanos<\/p>\n<p><strong>Patricio A. Garc\u00eda <\/strong>Gerente Ejecutivo de Regiones y Distritos Provinciales<\/p>\n<p><strong>Alejandro Urdampilleta <\/strong>Sub Administrador de la Direcci\u00f3n Nacional de Vialidad<\/p>\n<p>&nbsp;<\/p>\n<p>&nbsp;<\/p>\n<p><strong>Gustavo Arrieta <\/strong>Administrador General de la Direcci\u00f3n Nacional de Vialidad<\/p>\n","protected":false},"excerpt":{"rendered":"<p>Ciudad Aut\u00f3noma de Buenos Aires, 5 de diciembre de 2022. Los y las abajo firmantes, funcionarios y funcionarias de Vialidad Nacional, nos manifestamos en relaci\u00f3n a la clara persecuci\u00f3n judicial de la que es v\u00edctima la Sra. Vicepresidenta de la Naci\u00f3n, Cristina Fern\u00e1ndez de Kirchner, en el marco de la cual se se\u00f1ala permanentemente a [&hellip;]<\/p>\n","protected":false},"author":3,"featured_media":0,"comment_status":"closed","ping_status":"closed","sticky":false,"template":"","format":"standard","meta":{"footnotes":""},"categories":[24],"tags":[],"class_list":["post-81013","post","type-post","status-publish","format-standard","hentry","category-politica"],"yoast_head":"<!-- This site is optimized with the Yoast SEO plugin v25.9 - https:\/\/yoast.com\/wordpress\/plugins\/seo\/ -->\n<title>Comunicado de funcionarios y funcionarias de Vialidad Nacional en respaldo a la vicepresidenta CRISTINA FERN\u00c1NDEZ DE KIRCHNER - Noticias Radio Reflejos<\/title>\n<meta name=\"robots\" content=\"index, follow, max-snippet:-1, max-image-preview:large, max-video-preview:-1\" \/>\n<link rel=\"canonical\" href=\"https:\/\/www.noticiasradioreflejos.com.ar\/2021\/comunicado-de-funcionarios-y-funcionarias-de-vialidad-nacional-en-respaldo-a-la-vicepresidenta-cristina-fernandez-de-kirchner\/\" \/>\n<meta property=\"og:locale\" content=\"es_ES\" \/>\n<meta property=\"og:type\" content=\"article\" \/>\n<meta property=\"og:title\" content=\"Comunicado de funcionarios y funcionarias de Vialidad Nacional en respaldo a la vicepresidenta CRISTINA FERN\u00c1NDEZ DE KIRCHNER - Noticias Radio Reflejos\" \/>\n<meta property=\"og:description\" content=\"Ciudad Aut\u00f3noma de Buenos Aires, 5 de diciembre de 2022. Los y las abajo firmantes, funcionarios y funcionarias de Vialidad Nacional, nos manifestamos en relaci\u00f3n a la clara persecuci\u00f3n judicial de la que es v\u00edctima la Sra. Vicepresidenta de la Naci\u00f3n, Cristina Fern\u00e1ndez de Kirchner, en el marco de la cual se se\u00f1ala permanentemente a [&hellip;]\" \/>\n<meta property=\"og:url\" content=\"https:\/\/www.noticiasradioreflejos.com.ar\/2021\/comunicado-de-funcionarios-y-funcionarias-de-vialidad-nacional-en-respaldo-a-la-vicepresidenta-cristina-fernandez-de-kirchner\/\" \/>\n<meta property=\"og:site_name\" content=\"Noticias Radio Reflejos\" \/>\n<meta property=\"article:published_time\" content=\"2022-12-05T21:35:22+00:00\" \/>\n<meta property=\"og:image\" content=\"https:\/\/www.noticiasradioreflejos.com.ar\/2021\/wp-content\/uploads\/2021\/07\/logosol300x200.png\" \/>\n\t<meta property=\"og:image:width\" content=\"300\" \/>\n\t<meta property=\"og:image:height\" content=\"200\" \/>\n\t<meta property=\"og:image:type\" content=\"image\/png\" \/>\n<meta name=\"author\" content=\"Arnaldo Botto\" \/>\n<meta name=\"twitter:card\" content=\"summary_large_image\" \/>\n<script type=\"application\/ld+json\" class=\"yoast-schema-graph\">{\"@context\":\"https:\/\/schema.org\",\"@graph\":[{\"@type\":\"WebPage\",\"@id\":\"https:\/\/www.noticiasradioreflejos.com.ar\/2021\/comunicado-de-funcionarios-y-funcionarias-de-vialidad-nacional-en-respaldo-a-la-vicepresidenta-cristina-fernandez-de-kirchner\/\",\"url\":\"https:\/\/www.noticiasradioreflejos.com.ar\/2021\/comunicado-de-funcionarios-y-funcionarias-de-vialidad-nacional-en-respaldo-a-la-vicepresidenta-cristina-fernandez-de-kirchner\/\",\"name\":\"Comunicado de funcionarios y funcionarias de Vialidad Nacional en respaldo a la vicepresidenta CRISTINA FERN\u00c1NDEZ DE KIRCHNER - Noticias Radio Reflejos\",\"isPartOf\":{\"@id\":\"https:\/\/www.noticiasradioreflejos.com.ar\/2021\/#website\"},\"datePublished\":\"2022-12-05T21:35:22+00:00\",\"author\":{\"@id\":\"https:\/\/www.noticiasradioreflejos.com.ar\/2021\/#\/schema\/person\/ad82545263dcc5ec0996818884fd5fb1\"},\"breadcrumb\":{\"@id\":\"https:\/\/www.noticiasradioreflejos.com.ar\/2021\/comunicado-de-funcionarios-y-funcionarias-de-vialidad-nacional-en-respaldo-a-la-vicepresidenta-cristina-fernandez-de-kirchner\/#breadcrumb\"},\"inLanguage\":\"es\",\"potentialAction\":[{\"@type\":\"ReadAction\",\"target\":[\"https:\/\/www.noticiasradioreflejos.com.ar\/2021\/comunicado-de-funcionarios-y-funcionarias-de-vialidad-nacional-en-respaldo-a-la-vicepresidenta-cristina-fernandez-de-kirchner\/\"]}]},{\"@type\":\"BreadcrumbList\",\"@id\":\"https:\/\/www.noticiasradioreflejos.com.ar\/2021\/comunicado-de-funcionarios-y-funcionarias-de-vialidad-nacional-en-respaldo-a-la-vicepresidenta-cristina-fernandez-de-kirchner\/#breadcrumb\",\"itemListElement\":[{\"@type\":\"ListItem\",\"position\":1,\"name\":\"Portada\",\"item\":\"https:\/\/www.noticiasradioreflejos.com.ar\/2021\/\"},{\"@type\":\"ListItem\",\"position\":2,\"name\":\"Comunicado de funcionarios y funcionarias de Vialidad Nacional en respaldo a la vicepresidenta CRISTINA FERN\u00c1NDEZ DE KIRCHNER\"}]},{\"@type\":\"WebSite\",\"@id\":\"https:\/\/www.noticiasradioreflejos.com.ar\/2021\/#website\",\"url\":\"https:\/\/www.noticiasradioreflejos.com.ar\/2021\/\",\"name\":\"Noticias Radio Reflejos\",\"description\":\"Las noticias de mi comarca\",\"potentialAction\":[{\"@type\":\"SearchAction\",\"target\":{\"@type\":\"EntryPoint\",\"urlTemplate\":\"https:\/\/www.noticiasradioreflejos.com.ar\/2021\/?s={search_term_string}\"},\"query-input\":{\"@type\":\"PropertyValueSpecification\",\"valueRequired\":true,\"valueName\":\"search_term_string\"}}],\"inLanguage\":\"es\"},{\"@type\":\"Person\",\"@id\":\"https:\/\/www.noticiasradioreflejos.com.ar\/2021\/#\/schema\/person\/ad82545263dcc5ec0996818884fd5fb1\",\"name\":\"Arnaldo Botto\",\"image\":{\"@type\":\"ImageObject\",\"inLanguage\":\"es\",\"@id\":\"https:\/\/www.noticiasradioreflejos.com.ar\/2021\/#\/schema\/person\/image\/\",\"url\":\"https:\/\/secure.gravatar.com\/avatar\/55cb5e37c1efa326397366e6974cb338056df65cb50e7d64d1cf314e87504837?s=96&d=mm&r=g\",\"contentUrl\":\"https:\/\/secure.gravatar.com\/avatar\/55cb5e37c1efa326397366e6974cb338056df65cb50e7d64d1cf314e87504837?s=96&d=mm&r=g\",\"caption\":\"Arnaldo Botto\"},\"url\":\"https:\/\/www.noticiasradioreflejos.com.ar\/2021\/author\/arnaldo\/\"}]}<\/script>\n<!-- \/ Yoast SEO plugin. -->","yoast_head_json":{"title":"Comunicado de funcionarios y funcionarias de Vialidad Nacional en respaldo a la vicepresidenta CRISTINA FERN\u00c1NDEZ DE KIRCHNER - Noticias Radio Reflejos","robots":{"index":"index","follow":"follow","max-snippet":"max-snippet:-1","max-image-preview":"max-image-preview:large","max-video-preview":"max-video-preview:-1"},"canonical":"https:\/\/www.noticiasradioreflejos.com.ar\/2021\/comunicado-de-funcionarios-y-funcionarias-de-vialidad-nacional-en-respaldo-a-la-vicepresidenta-cristina-fernandez-de-kirchner\/","og_locale":"es_ES","og_type":"article","og_title":"Comunicado de funcionarios y funcionarias de Vialidad Nacional en respaldo a la vicepresidenta CRISTINA FERN\u00c1NDEZ DE KIRCHNER - Noticias Radio Reflejos","og_description":"Ciudad Aut\u00f3noma de Buenos Aires, 5 de diciembre de 2022. Los y las abajo firmantes, funcionarios y funcionarias de Vialidad Nacional, nos manifestamos en relaci\u00f3n a la clara persecuci\u00f3n judicial de la que es v\u00edctima la Sra. Vicepresidenta de la Naci\u00f3n, Cristina Fern\u00e1ndez de Kirchner, en el marco de la cual se se\u00f1ala permanentemente a [&hellip;]","og_url":"https:\/\/www.noticiasradioreflejos.com.ar\/2021\/comunicado-de-funcionarios-y-funcionarias-de-vialidad-nacional-en-respaldo-a-la-vicepresidenta-cristina-fernandez-de-kirchner\/","og_site_name":"Noticias Radio Reflejos","article_published_time":"2022-12-05T21:35:22+00:00","og_image":[{"width":300,"height":200,"url":"https:\/\/www.noticiasradioreflejos.com.ar\/2021\/wp-content\/uploads\/2021\/07\/logosol300x200.png","type":"image\/png"}],"author":"Arnaldo Botto","twitter_card":"summary_large_image","schema":{"@context":"https:\/\/schema.org","@graph":[{"@type":"WebPage","@id":"https:\/\/www.noticiasradioreflejos.com.ar\/2021\/comunicado-de-funcionarios-y-funcionarias-de-vialidad-nacional-en-respaldo-a-la-vicepresidenta-cristina-fernandez-de-kirchner\/","url":"https:\/\/www.noticiasradioreflejos.com.ar\/2021\/comunicado-de-funcionarios-y-funcionarias-de-vialidad-nacional-en-respaldo-a-la-vicepresidenta-cristina-fernandez-de-kirchner\/","name":"Comunicado de funcionarios y funcionarias de Vialidad Nacional en respaldo a la vicepresidenta CRISTINA FERN\u00c1NDEZ DE KIRCHNER - Noticias Radio Reflejos","isPartOf":{"@id":"https:\/\/www.noticiasradioreflejos.com.ar\/2021\/#website"},"datePublished":"2022-12-05T21:35:22+00:00","author":{"@id":"https:\/\/www.noticiasradioreflejos.com.ar\/2021\/#\/schema\/person\/ad82545263dcc5ec0996818884fd5fb1"},"breadcrumb":{"@id":"https:\/\/www.noticiasradioreflejos.com.ar\/2021\/comunicado-de-funcionarios-y-funcionarias-de-vialidad-nacional-en-respaldo-a-la-vicepresidenta-cristina-fernandez-de-kirchner\/#breadcrumb"},"inLanguage":"es","potentialAction":[{"@type":"ReadAction","target":["https:\/\/www.noticiasradioreflejos.com.ar\/2021\/comunicado-de-funcionarios-y-funcionarias-de-vialidad-nacional-en-respaldo-a-la-vicepresidenta-cristina-fernandez-de-kirchner\/"]}]},{"@type":"BreadcrumbList","@id":"https:\/\/www.noticiasradioreflejos.com.ar\/2021\/comunicado-de-funcionarios-y-funcionarias-de-vialidad-nacional-en-respaldo-a-la-vicepresidenta-cristina-fernandez-de-kirchner\/#breadcrumb","itemListElement":[{"@type":"ListItem","position":1,"name":"Portada","item":"https:\/\/www.noticiasradioreflejos.com.ar\/2021\/"},{"@type":"ListItem","position":2,"name":"Comunicado de funcionarios y funcionarias de Vialidad Nacional en respaldo a la vicepresidenta CRISTINA FERN\u00c1NDEZ DE KIRCHNER"}]},{"@type":"WebSite","@id":"https:\/\/www.noticiasradioreflejos.com.ar\/2021\/#website","url":"https:\/\/www.noticiasradioreflejos.com.ar\/2021\/","name":"Noticias Radio Reflejos","description":"Las noticias de mi comarca","potentialAction":[{"@type":"SearchAction","target":{"@type":"EntryPoint","urlTemplate":"https:\/\/www.noticiasradioreflejos.com.ar\/2021\/?s={search_term_string}"},"query-input":{"@type":"PropertyValueSpecification","valueRequired":true,"valueName":"search_term_string"}}],"inLanguage":"es"},{"@type":"Person","@id":"https:\/\/www.noticiasradioreflejos.com.ar\/2021\/#\/schema\/person\/ad82545263dcc5ec0996818884fd5fb1","name":"Arnaldo Botto","image":{"@type":"ImageObject","inLanguage":"es","@id":"https:\/\/www.noticiasradioreflejos.com.ar\/2021\/#\/schema\/person\/image\/","url":"https:\/\/secure.gravatar.com\/avatar\/55cb5e37c1efa326397366e6974cb338056df65cb50e7d64d1cf314e87504837?s=96&d=mm&r=g","contentUrl":"https:\/\/secure.gravatar.com\/avatar\/55cb5e37c1efa326397366e6974cb338056df65cb50e7d64d1cf314e87504837?s=96&d=mm&r=g","caption":"Arnaldo Botto"},"url":"https:\/\/www.noticiasradioreflejos.com.ar\/2021\/author\/arnaldo\/"}]}},"_links":{"self":[{"href":"https:\/\/www.noticiasradioreflejos.com.ar\/2021\/wp-json\/wp\/v2\/posts\/81013","targetHints":{"allow":["GET"]}}],"collection":[{"href":"https:\/\/www.noticiasradioreflejos.com.ar\/2021\/wp-json\/wp\/v2\/posts"}],"about":[{"href":"https:\/\/www.noticiasradioreflejos.com.ar\/2021\/wp-json\/wp\/v2\/types\/post"}],"author":[{"embeddable":true,"href":"https:\/\/www.noticiasradioreflejos.com.ar\/2021\/wp-json\/wp\/v2\/users\/3"}],"replies":[{"embeddable":true,"href":"https:\/\/www.noticiasradioreflejos.com.ar\/2021\/wp-json\/wp\/v2\/comments?post=81013"}],"version-history":[{"count":1,"href":"https:\/\/www.noticiasradioreflejos.com.ar\/2021\/wp-json\/wp\/v2\/posts\/81013\/revisions"}],"predecessor-version":[{"id":81014,"href":"https:\/\/www.noticiasradioreflejos.com.ar\/2021\/wp-json\/wp\/v2\/posts\/81013\/revisions\/81014"}],"wp:attachment":[{"href":"https:\/\/www.noticiasradioreflejos.com.ar\/2021\/wp-json\/wp\/v2\/media?parent=81013"}],"wp:term":[{"taxonomy":"category","embeddable":true,"href":"https:\/\/www.noticiasradioreflejos.com.ar\/2021\/wp-json\/wp\/v2\/categories?post=81013"},{"taxonomy":"post_tag","embeddable":true,"href":"https:\/\/www.noticiasradioreflejos.com.ar\/2021\/wp-json\/wp\/v2\/tags?post=81013"}],"curies":[{"name":"wp","href":"https:\/\/api.w.org\/{rel}","templated":true}]}}