{"id":81007,"date":"2022-12-05T18:54:05","date_gmt":"2022-12-05T18:54:05","guid":{"rendered":"http:\/\/www.noticiasradioreflejos.com.ar\/2021\/?p=81007"},"modified":"2022-12-05T18:54:52","modified_gmt":"2022-12-05T18:54:52","slug":"casi-todo-el-pais-supero-los-30-grados-y-18-provincias-mantienen-alerta-amarillo","status":"publish","type":"post","link":"https:\/\/www.noticiasradioreflejos.com.ar\/2021\/casi-todo-el-pais-supero-los-30-grados-y-18-provincias-mantienen-alerta-amarillo\/","title":{"rendered":"Casi todo el pa\u00eds super\u00f3 los 30 grados y 18 provincias mantienen alerta amarillo"},"content":{"rendered":"<p>Las altas temperaturas afectan a Salta, Tucum\u00e1n, Catamarca, La Rioja, C\u00f3rdoba y San Luis; gran parte de Misiones, Entre R\u00edos, Santiago del Estero y Formosa; el sur de Jujuy, oeste de Chaco y San Juan; noreste de Mendoza y localidades de La Pampa, Buenos Aires, Corrientes y Santa Fe.<!--more--><\/p>\n<div>\n<figure class=\"mb-3\"><img decoding=\"async\" src=\"https:\/\/www.telam.com.ar\/thumbs\/bluesteel\/advf\/imagenes\/2022\/11\/63851fadc2f93_1200.jpg\" alt=\"Santiago del Estero es de las 18 provincias afectadas por las intensas temperaturas Foto Emilio Rapetti \" width=\"100%\" height=\"100%\" \/><\/p>\n<div class=\"media-icons\"><\/div><figcaption>Santiago del Estero es de las 18 provincias afectadas por las intensas temperaturas. \/ Foto: Emilio Rapetti<\/figcaption><\/figure>\n<\/div>\n<div>\n<p><strong>Diecinueve provincias ya superaron los 30 grados<\/strong>, de las cuales 18 del centro y norte del pa\u00eds mantienen vigentes alertas de nivel amarillo por calor como consecuencia de las altas temperaturas, que se estima que superar\u00e1n los 40 grados en ciudades de La Rioja y Santiago del Estero.<\/p>\n<p>El reporte del organismo que recolecta temperaturas de los observatorios meteorol\u00f3gicos de todo el pa\u00eds advirti\u00f3 que a las 11, la ciudad m\u00e1s c\u00e1lida era Villa Reynolds, en San Luis con 35,6 grados, seguida por San Ram\u00f3n de la Nueva Or\u00e1n, en Salta, con 35,1 y la capital de San Juan con 34.9.<\/p>\n<p><strong>Formosa, C\u00f3rdoba, Catamarca y Santa Fe tambi\u00e9n superaron los 34 grados en el reporte de las 11 de la ma\u00f1ana y Buenos Aires, La Rioja, Chaco, Tucum\u00e1n, Corrientes, Entre R\u00edos, La Pampa, Santiago del Estero, R\u00edo Negro, Misiones, Mendoza y Jujuy superaron los 30.<\/strong><\/p>\n<p>Seg\u00fan el SMN, las localidades bonaerenses de Jun\u00edn, Moreno, Pehuaj\u00f3, El Palomar, Ezeiza, Mor\u00f3n, Bah\u00eda Blanca, Merlo, Dolores, Campo de Mayo, San Fernando y San Carlos de Bol\u00edvar tambi\u00e9n registraron temperaturas por encima de los 30 grados.<\/p>\n<p>En tanto,\u00a0<strong>localidades de 18 provincias del centro y norte del pa\u00eds mantienen vigente una alerta de nivel amarillo<\/strong>\u00a0por altas temperaturas por calor, que pueden superar los 40 grados durante la tarde.<\/p>\n<figure class=\"mb-3\"><img decoding=\"async\" src=\"https:\/\/www.telam.com.ar\/thumbs\/bluesteel\/advf\/imagenes\/2022\/11\/63851fadacbed_1200.jpg\" alt=\"San Luis con calor intenso Foto Nicols Varvara \" width=\"100%\" height=\"100%\" \/><\/p>\n<div class=\"media-icons\"><\/div><figcaption>San Luis, con calor intenso. \/ Foto: Nicol\u00e1s Varvara<\/figcaption><\/figure>\n<p>El calor intenso va a afectar a todo el territorio de las provincias Salta, Tucum\u00e1n, Catamarca, La Rioja, C\u00f3rdoba y San Luis, adem\u00e1s de gran parte de Misiones, Entre R\u00edos, Santiago del Estero y Formosa.<\/p>\n<p><strong>La advertencia amarilla tambi\u00e9n abarca el sur de Jujuy, oeste de Chaco y San Juan; noreste de Mendoza y algunas localidades de La Pampa, Buenos Aires, Corrientes y Santa Fe.<\/strong><\/p>\n<p>La meteor\u00f3loga del SMN Cindy Fern\u00e1ndez hab\u00eda anticipado, en di\u00e1logo con T\u00e9lam, que esta semana \u201cpredominar\u00e1 una masa de aire c\u00e1lido, con vientos del norte, lo que provocar\u00e1 un aumento paulatino de temperaturas, con t\u00e9rmicas que superar\u00e1n los 35 grados en muchas provincias del centro y norte del pa\u00eds\u00bb.<\/p>\n<p>En las ciudades de Santiago del Estero, por ejemplo, se espera para esta tarde 42 grados y en La Rioja 40 grados.<\/p>\n<figure class=\"mb-3\"><img decoding=\"async\" src=\"https:\/\/www.telam.com.ar\/thumbs\/bluesteel\/advf\/imagenes\/2022\/11\/6384dec2b4723_1200.jpg\" alt=\"La ciudad de Buenos Aires presenta altas temperaturas Foto Camila Godoy\" width=\"100%\" height=\"100%\" \/><\/p>\n<div class=\"media-icons\"><\/div><figcaption>La ciudad de Buenos Aires presenta altas temperaturas. \/ Foto Camila Godoy<\/figcaption><\/figure>\n<\/div>\n","protected":false},"excerpt":{"rendered":"<p>Las altas temperaturas afectan a Salta, Tucum\u00e1n, Catamarca, La Rioja, C\u00f3rdoba y San Luis; gran parte de Misiones, Entre R\u00edos, Santiago del Estero y Formosa; el sur de Jujuy, oeste de Chaco y San Juan; noreste de Mendoza y localidades de La Pampa, Buenos Aires, Corrientes y Santa Fe.<\/p>\n","protected":false},"author":3,"featured_media":67564,"comment_status":"closed","ping_status":"closed","sticky":false,"template":"","format":"standard","meta":{"footnotes":""},"categories":[46],"tags":[],"class_list":["post-81007","post","type-post","status-publish","format-standard","has-post-thumbnail","hentry","category-ciencia-y-tecnologia"],"yoast_head":"<!-- This site is optimized with the Yoast SEO plugin v25.9 - https:\/\/yoast.com\/wordpress\/plugins\/seo\/ -->\n<title>Casi todo el pa\u00eds super\u00f3 los 30 grados y 18 provincias mantienen alerta amarillo - Noticias Radio Reflejos<\/title>\n<meta name=\"robots\" content=\"index, follow, max-snippet:-1, max-image-preview:large, max-video-preview:-1\" \/>\n<link rel=\"canonical\" href=\"https:\/\/www.noticiasradioreflejos.com.ar\/2021\/casi-todo-el-pais-supero-los-30-grados-y-18-provincias-mantienen-alerta-amarillo\/\" \/>\n<meta property=\"og:locale\" content=\"es_ES\" \/>\n<meta property=\"og:type\" content=\"article\" \/>\n<meta property=\"og:title\" content=\"Casi todo el pa\u00eds super\u00f3 los 30 grados y 18 provincias mantienen alerta amarillo - Noticias Radio Reflejos\" \/>\n<meta property=\"og:description\" content=\"Las altas temperaturas afectan a Salta, Tucum\u00e1n, Catamarca, La Rioja, C\u00f3rdoba y San Luis; gran parte de Misiones, Entre R\u00edos, Santiago del Estero y Formosa; el sur de Jujuy, oeste de Chaco y San Juan; noreste de Mendoza y localidades de La Pampa, Buenos Aires, Corrientes y Santa Fe.\" \/>\n<meta property=\"og:url\" content=\"https:\/\/www.noticiasradioreflejos.com.ar\/2021\/casi-todo-el-pais-supero-los-30-grados-y-18-provincias-mantienen-alerta-amarillo\/\" \/>\n<meta property=\"og:site_name\" content=\"Noticias Radio Reflejos\" \/>\n<meta property=\"article:published_time\" content=\"2022-12-05T18:54:05+00:00\" \/>\n<meta property=\"article:modified_time\" content=\"2022-12-05T18:54:52+00:00\" \/>\n<meta property=\"og:image\" content=\"https:\/\/www.noticiasradioreflejos.com.ar\/2021\/wp-content\/uploads\/2022\/01\/Diquesito-Verano.jpg\" \/>\n\t<meta property=\"og:image:width\" content=\"2048\" \/>\n\t<meta property=\"og:image:height\" content=\"1024\" \/>\n\t<meta property=\"og:image:type\" content=\"image\/jpeg\" \/>\n<meta name=\"author\" content=\"Arnaldo Botto\" \/>\n<meta name=\"twitter:card\" content=\"summary_large_image\" \/>\n<script type=\"application\/ld+json\" class=\"yoast-schema-graph\">{\"@context\":\"https:\/\/schema.org\",\"@graph\":[{\"@type\":\"WebPage\",\"@id\":\"https:\/\/www.noticiasradioreflejos.com.ar\/2021\/casi-todo-el-pais-supero-los-30-grados-y-18-provincias-mantienen-alerta-amarillo\/\",\"url\":\"https:\/\/www.noticiasradioreflejos.com.ar\/2021\/casi-todo-el-pais-supero-los-30-grados-y-18-provincias-mantienen-alerta-amarillo\/\",\"name\":\"Casi todo el pa\u00eds super\u00f3 los 30 grados y 18 provincias mantienen alerta amarillo - Noticias Radio Reflejos\",\"isPartOf\":{\"@id\":\"https:\/\/www.noticiasradioreflejos.com.ar\/2021\/#website\"},\"primaryImageOfPage\":{\"@id\":\"https:\/\/www.noticiasradioreflejos.com.ar\/2021\/casi-todo-el-pais-supero-los-30-grados-y-18-provincias-mantienen-alerta-amarillo\/#primaryimage\"},\"image\":{\"@id\":\"https:\/\/www.noticiasradioreflejos.com.ar\/2021\/casi-todo-el-pais-supero-los-30-grados-y-18-provincias-mantienen-alerta-amarillo\/#primaryimage\"},\"thumbnailUrl\":\"https:\/\/www.noticiasradioreflejos.com.ar\/2021\/wp-content\/uploads\/2022\/01\/Diquesito-Verano.jpg\",\"datePublished\":\"2022-12-05T18:54:05+00:00\",\"dateModified\":\"2022-12-05T18:54:52+00:00\",\"author\":{\"@id\":\"https:\/\/www.noticiasradioreflejos.com.ar\/2021\/#\/schema\/person\/ad82545263dcc5ec0996818884fd5fb1\"},\"breadcrumb\":{\"@id\":\"https:\/\/www.noticiasradioreflejos.com.ar\/2021\/casi-todo-el-pais-supero-los-30-grados-y-18-provincias-mantienen-alerta-amarillo\/#breadcrumb\"},\"inLanguage\":\"es\",\"potentialAction\":[{\"@type\":\"ReadAction\",\"target\":[\"https:\/\/www.noticiasradioreflejos.com.ar\/2021\/casi-todo-el-pais-supero-los-30-grados-y-18-provincias-mantienen-alerta-amarillo\/\"]}]},{\"@type\":\"ImageObject\",\"inLanguage\":\"es\",\"@id\":\"https:\/\/www.noticiasradioreflejos.com.ar\/2021\/casi-todo-el-pais-supero-los-30-grados-y-18-provincias-mantienen-alerta-amarillo\/#primaryimage\",\"url\":\"https:\/\/www.noticiasradioreflejos.com.ar\/2021\/wp-content\/uploads\/2022\/01\/Diquesito-Verano.jpg\",\"contentUrl\":\"https:\/\/www.noticiasradioreflejos.com.ar\/2021\/wp-content\/uploads\/2022\/01\/Diquesito-Verano.jpg\",\"width\":2048,\"height\":1024},{\"@type\":\"BreadcrumbList\",\"@id\":\"https:\/\/www.noticiasradioreflejos.com.ar\/2021\/casi-todo-el-pais-supero-los-30-grados-y-18-provincias-mantienen-alerta-amarillo\/#breadcrumb\",\"itemListElement\":[{\"@type\":\"ListItem\",\"position\":1,\"name\":\"Portada\",\"item\":\"https:\/\/www.noticiasradioreflejos.com.ar\/2021\/\"},{\"@type\":\"ListItem\",\"position\":2,\"name\":\"Casi todo el pa\u00eds super\u00f3 los 30 grados y 18 provincias mantienen alerta amarillo\"}]},{\"@type\":\"WebSite\",\"@id\":\"https:\/\/www.noticiasradioreflejos.com.ar\/2021\/#website\",\"url\":\"https:\/\/www.noticiasradioreflejos.com.ar\/2021\/\",\"name\":\"Noticias Radio Reflejos\",\"description\":\"Las noticias de mi comarca\",\"potentialAction\":[{\"@type\":\"SearchAction\",\"target\":{\"@type\":\"EntryPoint\",\"urlTemplate\":\"https:\/\/www.noticiasradioreflejos.com.ar\/2021\/?s={search_term_string}\"},\"query-input\":{\"@type\":\"PropertyValueSpecification\",\"valueRequired\":true,\"valueName\":\"search_term_string\"}}],\"inLanguage\":\"es\"},{\"@type\":\"Person\",\"@id\":\"https:\/\/www.noticiasradioreflejos.com.ar\/2021\/#\/schema\/person\/ad82545263dcc5ec0996818884fd5fb1\",\"name\":\"Arnaldo Botto\",\"image\":{\"@type\":\"ImageObject\",\"inLanguage\":\"es\",\"@id\":\"https:\/\/www.noticiasradioreflejos.com.ar\/2021\/#\/schema\/person\/image\/\",\"url\":\"https:\/\/secure.gravatar.com\/avatar\/55cb5e37c1efa326397366e6974cb338056df65cb50e7d64d1cf314e87504837?s=96&d=mm&r=g\",\"contentUrl\":\"https:\/\/secure.gravatar.com\/avatar\/55cb5e37c1efa326397366e6974cb338056df65cb50e7d64d1cf314e87504837?s=96&d=mm&r=g\",\"caption\":\"Arnaldo Botto\"},\"url\":\"https:\/\/www.noticiasradioreflejos.com.ar\/2021\/author\/arnaldo\/\"}]}<\/script>\n<!-- \/ Yoast SEO plugin. -->","yoast_head_json":{"title":"Casi todo el pa\u00eds super\u00f3 los 30 grados y 18 provincias mantienen alerta amarillo - Noticias Radio Reflejos","robots":{"index":"index","follow":"follow","max-snippet":"max-snippet:-1","max-image-preview":"max-image-preview:large","max-video-preview":"max-video-preview:-1"},"canonical":"https:\/\/www.noticiasradioreflejos.com.ar\/2021\/casi-todo-el-pais-supero-los-30-grados-y-18-provincias-mantienen-alerta-amarillo\/","og_locale":"es_ES","og_type":"article","og_title":"Casi todo el pa\u00eds super\u00f3 los 30 grados y 18 provincias mantienen alerta amarillo - Noticias Radio Reflejos","og_description":"Las altas temperaturas afectan a Salta, Tucum\u00e1n, Catamarca, La Rioja, C\u00f3rdoba y San Luis; gran parte de Misiones, Entre R\u00edos, Santiago del Estero y Formosa; el sur de Jujuy, oeste de Chaco y San Juan; noreste de Mendoza y localidades de La Pampa, Buenos Aires, Corrientes y Santa Fe.","og_url":"https:\/\/www.noticiasradioreflejos.com.ar\/2021\/casi-todo-el-pais-supero-los-30-grados-y-18-provincias-mantienen-alerta-amarillo\/","og_site_name":"Noticias Radio Reflejos","article_published_time":"2022-12-05T18:54:05+00:00","article_modified_time":"2022-12-05T18:54:52+00:00","og_image":[{"width":2048,"height":1024,"url":"https:\/\/www.noticiasradioreflejos.com.ar\/2021\/wp-content\/uploads\/2022\/01\/Diquesito-Verano.jpg","type":"image\/jpeg"}],"author":"Arnaldo Botto","twitter_card":"summary_large_image","schema":{"@context":"https:\/\/schema.org","@graph":[{"@type":"WebPage","@id":"https:\/\/www.noticiasradioreflejos.com.ar\/2021\/casi-todo-el-pais-supero-los-30-grados-y-18-provincias-mantienen-alerta-amarillo\/","url":"https:\/\/www.noticiasradioreflejos.com.ar\/2021\/casi-todo-el-pais-supero-los-30-grados-y-18-provincias-mantienen-alerta-amarillo\/","name":"Casi todo el pa\u00eds super\u00f3 los 30 grados y 18 provincias mantienen alerta amarillo - Noticias Radio Reflejos","isPartOf":{"@id":"https:\/\/www.noticiasradioreflejos.com.ar\/2021\/#website"},"primaryImageOfPage":{"@id":"https:\/\/www.noticiasradioreflejos.com.ar\/2021\/casi-todo-el-pais-supero-los-30-grados-y-18-provincias-mantienen-alerta-amarillo\/#primaryimage"},"image":{"@id":"https:\/\/www.noticiasradioreflejos.com.ar\/2021\/casi-todo-el-pais-supero-los-30-grados-y-18-provincias-mantienen-alerta-amarillo\/#primaryimage"},"thumbnailUrl":"https:\/\/www.noticiasradioreflejos.com.ar\/2021\/wp-content\/uploads\/2022\/01\/Diquesito-Verano.jpg","datePublished":"2022-12-05T18:54:05+00:00","dateModified":"2022-12-05T18:54:52+00:00","author":{"@id":"https:\/\/www.noticiasradioreflejos.com.ar\/2021\/#\/schema\/person\/ad82545263dcc5ec0996818884fd5fb1"},"breadcrumb":{"@id":"https:\/\/www.noticiasradioreflejos.com.ar\/2021\/casi-todo-el-pais-supero-los-30-grados-y-18-provincias-mantienen-alerta-amarillo\/#breadcrumb"},"inLanguage":"es","potentialAction":[{"@type":"ReadAction","target":["https:\/\/www.noticiasradioreflejos.com.ar\/2021\/casi-todo-el-pais-supero-los-30-grados-y-18-provincias-mantienen-alerta-amarillo\/"]}]},{"@type":"ImageObject","inLanguage":"es","@id":"https:\/\/www.noticiasradioreflejos.com.ar\/2021\/casi-todo-el-pais-supero-los-30-grados-y-18-provincias-mantienen-alerta-amarillo\/#primaryimage","url":"https:\/\/www.noticiasradioreflejos.com.ar\/2021\/wp-content\/uploads\/2022\/01\/Diquesito-Verano.jpg","contentUrl":"https:\/\/www.noticiasradioreflejos.com.ar\/2021\/wp-content\/uploads\/2022\/01\/Diquesito-Verano.jpg","width":2048,"height":1024},{"@type":"BreadcrumbList","@id":"https:\/\/www.noticiasradioreflejos.com.ar\/2021\/casi-todo-el-pais-supero-los-30-grados-y-18-provincias-mantienen-alerta-amarillo\/#breadcrumb","itemListElement":[{"@type":"ListItem","position":1,"name":"Portada","item":"https:\/\/www.noticiasradioreflejos.com.ar\/2021\/"},{"@type":"ListItem","position":2,"name":"Casi todo el pa\u00eds super\u00f3 los 30 grados y 18 provincias mantienen alerta amarillo"}]},{"@type":"WebSite","@id":"https:\/\/www.noticiasradioreflejos.com.ar\/2021\/#website","url":"https:\/\/www.noticiasradioreflejos.com.ar\/2021\/","name":"Noticias Radio Reflejos","description":"Las noticias de mi comarca","potentialAction":[{"@type":"SearchAction","target":{"@type":"EntryPoint","urlTemplate":"https:\/\/www.noticiasradioreflejos.com.ar\/2021\/?s={search_term_string}"},"query-input":{"@type":"PropertyValueSpecification","valueRequired":true,"valueName":"search_term_string"}}],"inLanguage":"es"},{"@type":"Person","@id":"https:\/\/www.noticiasradioreflejos.com.ar\/2021\/#\/schema\/person\/ad82545263dcc5ec0996818884fd5fb1","name":"Arnaldo Botto","image":{"@type":"ImageObject","inLanguage":"es","@id":"https:\/\/www.noticiasradioreflejos.com.ar\/2021\/#\/schema\/person\/image\/","url":"https:\/\/secure.gravatar.com\/avatar\/55cb5e37c1efa326397366e6974cb338056df65cb50e7d64d1cf314e87504837?s=96&d=mm&r=g","contentUrl":"https:\/\/secure.gravatar.com\/avatar\/55cb5e37c1efa326397366e6974cb338056df65cb50e7d64d1cf314e87504837?s=96&d=mm&r=g","caption":"Arnaldo Botto"},"url":"https:\/\/www.noticiasradioreflejos.com.ar\/2021\/author\/arnaldo\/"}]}},"_links":{"self":[{"href":"https:\/\/www.noticiasradioreflejos.com.ar\/2021\/wp-json\/wp\/v2\/posts\/81007","targetHints":{"allow":["GET"]}}],"collection":[{"href":"https:\/\/www.noticiasradioreflejos.com.ar\/2021\/wp-json\/wp\/v2\/posts"}],"about":[{"href":"https:\/\/www.noticiasradioreflejos.com.ar\/2021\/wp-json\/wp\/v2\/types\/post"}],"author":[{"embeddable":true,"href":"https:\/\/www.noticiasradioreflejos.com.ar\/2021\/wp-json\/wp\/v2\/users\/3"}],"replies":[{"embeddable":true,"href":"https:\/\/www.noticiasradioreflejos.com.ar\/2021\/wp-json\/wp\/v2\/comments?post=81007"}],"version-history":[{"count":1,"href":"https:\/\/www.noticiasradioreflejos.com.ar\/2021\/wp-json\/wp\/v2\/posts\/81007\/revisions"}],"predecessor-version":[{"id":81008,"href":"https:\/\/www.noticiasradioreflejos.com.ar\/2021\/wp-json\/wp\/v2\/posts\/81007\/revisions\/81008"}],"wp:featuredmedia":[{"embeddable":true,"href":"https:\/\/www.noticiasradioreflejos.com.ar\/2021\/wp-json\/wp\/v2\/media\/67564"}],"wp:attachment":[{"href":"https:\/\/www.noticiasradioreflejos.com.ar\/2021\/wp-json\/wp\/v2\/media?parent=81007"}],"wp:term":[{"taxonomy":"category","embeddable":true,"href":"https:\/\/www.noticiasradioreflejos.com.ar\/2021\/wp-json\/wp\/v2\/categories?post=81007"},{"taxonomy":"post_tag","embeddable":true,"href":"https:\/\/www.noticiasradioreflejos.com.ar\/2021\/wp-json\/wp\/v2\/tags?post=81007"}],"curies":[{"name":"wp","href":"https:\/\/api.w.org\/{rel}","templated":true}]}}