{"id":81001,"date":"2022-12-05T19:05:37","date_gmt":"2022-12-05T19:05:37","guid":{"rendered":"http:\/\/www.noticiasradioreflejos.com.ar\/2021\/?p=81001"},"modified":"2022-12-05T19:05:37","modified_gmt":"2022-12-05T19:05:37","slug":"el-uso-incorrecto-del-aire-acondicionado-causa-enfermedades-respiratorias","status":"publish","type":"post","link":"https:\/\/www.noticiasradioreflejos.com.ar\/2021\/el-uso-incorrecto-del-aire-acondicionado-causa-enfermedades-respiratorias\/","title":{"rendered":"El uso incorrecto del aire acondicionado causa enfermedades respiratorias"},"content":{"rendered":"<p>\u00abLos aparatos enfr\u00edan el aire, le quitan humedad y tienden a acumular polvo u otro tipo de sustancias org\u00e1nicas en los filtros; todo lo cual favorece la irritaci\u00f3n, inflamaci\u00f3n o infecci\u00f3n de las v\u00edas respiratorias\u00bb, explic\u00f3 Ana Putruele, jefa de la Divisi\u00f3n Neumonolog\u00eda del Hospital de Cl\u00ednicas.<!--more--><\/p>\n<p>La falta de mantenimiento en los filtros del aire acondicionado, la inadecuada ventilaci\u00f3n de los ambientes refrigerados o el h\u00e1bito de someter al cuerpo al cambios bruscos de temperatura son conductas que pueden derivar en afecciones respiratorias como\u00a0<strong>resfr\u00edos, laringitis, faringitis, sinusitis, crisis de alergias, broncoespasmos en personas asm\u00e1ticas y hasta neumon\u00edas<\/strong>, seg\u00fan especialistas del Hospital de Cl\u00ednicas<\/p>\n<p>\u00abLos aparatos de aire acondicionado\u00a0<strong>enfr\u00edan el aire, le quitan humedad y tienden a acumular polvo u otro tipo de sustancias org\u00e1nicas<\/strong>\u00a0en los filtros; todo lo cual favorece la irritaci\u00f3n, inflamaci\u00f3n o infecci\u00f3n de las v\u00edas respiratorias\u00bb, explic\u00f3 la doctora\u00a0<strong>Ana Putruele, jefa de la Divisi\u00f3n Neumonolog\u00eda del Hospital de Cl\u00ednicas.<\/strong><\/p>\n<p>\u00abLos problemas m\u00e1s graves se relacionan con los g\u00e9rmenes acumulados en los filtros sucios del aire acondicionado cuando no hay un mantenimiento adecuado\u00bb, agreg\u00f3.<\/p>\n<p>Entre\u00a0<strong>estos g\u00e9rmenes se destaca la bacteria Legionellapneumophila<\/strong>\u00a0-responsable de una neumon\u00eda que puede ser grave-, as\u00ed como los hongos Aspergillus niger y Aspergillus fumigatus, que provocan rinitis, asma, neumon\u00eda o neumonitis por hipersensibilidad.<\/p>\n<p>\u00abAdem\u00e1s,<strong>\u00a0hay otras afecciones frecuentes causadas por el uso prolongado de estos aparatos: resfriados, laringitis, faringitis, sinusitis, crisis de alegr\u00edas, broncoespasmos en personas asm\u00e1ticas y episodios de agravamiento de EPOC<\/strong>\u00a0en casos m\u00e1s complejos\u00bb, a\u00f1adi\u00f3 la especialista.<\/p>\n<blockquote class=\"\"><p>Los problemas m\u00e1s graves se relacionan con los g\u00e9rmenes acumulados en los filtros sucios del aire acondicionado cuando no hay un mantenimiento adecuado.<\/p><\/blockquote>\n<p>En cuanto al uso del aire acondicionado a la hora de dormir, los especialistas recomiendan\u00a0<strong>mantener la temperatura regulada entre 24 y 25 \u00baC<\/strong>\u00a0utilizando la funci\u00f3n de modo nocturno para no enfriar en exceso el ambiente durante la noche.<\/p>\n<p>En ese sentido,<strong>\u00a0el neumon\u00f3logo y jefe del Laboratorio del Sue\u00f1o del Hospital de Cl\u00ednicas Facundo Nogueira<\/strong>\u00a0advirti\u00f3 que \u00abponer el aire acondicionado en una temperatura menor puede resultar contraproducente, ya que podemos sentir fr\u00edo y despertar varias veces a mitad de la noche\u00bb.<\/p>\n<p>\u00abLa temperatura ideal para dormir ronda entre los 24 y 25 grados y cuando uno duerme con temperaturas m\u00e1s altas suele tener despertares por incomodidades o sudoraci\u00f3n, factores contribuyen a que el sue\u00f1o sea superficial y de mala calidad. Por eso es importante que en verano la habitaci\u00f3n est\u00e9 lo suficientemente refrigerada\u00bb, dijo.<\/p>\n<p>En tanto, la doctora Putruele destaca que debido a que\u00a0<strong>los aires acondicionados secan los conductos nasales<\/strong>, pueden causar irritaci\u00f3n en las membranas mucosas.<\/p>\n<p>\u00abEn ausencia de esta protecci\u00f3n nos volvemos m\u00e1s vulnerables al ataque de algunos virus. El empleo del aire acondicionado favorece la permanencia de las personas en ambientes cerrados, con menor ventilaci\u00f3n, facilitando de este modo la transmisi\u00f3n y el contagio de g\u00e9rmenes\u00bb, precisa.<\/p>\n<p>Los especialistas coincidieron en que\u00a0<strong>\u00abno es recomendable encender y apagar el aire acondicionado constantemente\u00bb<\/strong>\u00a0porque \u00abla temperatura debe mantenerse estable\u00bb, al tiempo que explicaron que estos cuidados deben enfatizarse en el caso de las habitaciones de las ni\u00f1as y los ni\u00f1os.<\/p>\n<p>\u00abDurante el primer a\u00f1o de vida, las v\u00edas a\u00e9reas son muy estrechas y susceptibles a los cambios del medio ambiente, y cualquier infecci\u00f3n o irritaci\u00f3n puede dificultar la respiraci\u00f3n normal.\u00a0<strong>Para evitar la sequedad en el ambiente se deben ventilar con frecuencia las habitaciones donde estar\u00e1 el ni\u00f1<\/strong>o, una hora al d\u00eda como m\u00ednimo. Es muy importante que el chorro de aire no est\u00e9 enfocado directamente a los m\u00e1s peque\u00f1os\u00bb, profundizan.<\/p>\n","protected":false},"excerpt":{"rendered":"<p>\u00abLos aparatos enfr\u00edan el aire, le quitan humedad y tienden a acumular polvo u otro tipo de sustancias org\u00e1nicas en los filtros; todo lo cual favorece la irritaci\u00f3n, inflamaci\u00f3n o infecci\u00f3n de las v\u00edas respiratorias\u00bb, explic\u00f3 Ana Putruele, jefa de la Divisi\u00f3n Neumonolog\u00eda del Hospital de Cl\u00ednicas.<\/p>\n","protected":false},"author":3,"featured_media":0,"comment_status":"closed","ping_status":"closed","sticky":false,"template":"","format":"standard","meta":{"footnotes":""},"categories":[46,30],"tags":[],"class_list":["post-81001","post","type-post","status-publish","format-standard","hentry","category-ciencia-y-tecnologia","category-salud"],"yoast_head":"<!-- This site is optimized with the Yoast SEO plugin v25.9 - https:\/\/yoast.com\/wordpress\/plugins\/seo\/ -->\n<title>El uso incorrecto del aire acondicionado causa enfermedades respiratorias - Noticias Radio Reflejos<\/title>\n<meta name=\"robots\" content=\"index, follow, max-snippet:-1, max-image-preview:large, max-video-preview:-1\" \/>\n<link rel=\"canonical\" href=\"https:\/\/www.noticiasradioreflejos.com.ar\/2021\/el-uso-incorrecto-del-aire-acondicionado-causa-enfermedades-respiratorias\/\" \/>\n<meta property=\"og:locale\" content=\"es_ES\" \/>\n<meta property=\"og:type\" content=\"article\" \/>\n<meta property=\"og:title\" content=\"El uso incorrecto del aire acondicionado causa enfermedades respiratorias - Noticias Radio Reflejos\" \/>\n<meta property=\"og:description\" content=\"\u00abLos aparatos enfr\u00edan el aire, le quitan humedad y tienden a acumular polvo u otro tipo de sustancias org\u00e1nicas en los filtros; todo lo cual favorece la irritaci\u00f3n, inflamaci\u00f3n o infecci\u00f3n de las v\u00edas respiratorias\u00bb, explic\u00f3 Ana Putruele, jefa de la Divisi\u00f3n Neumonolog\u00eda del Hospital de Cl\u00ednicas.\" \/>\n<meta property=\"og:url\" content=\"https:\/\/www.noticiasradioreflejos.com.ar\/2021\/el-uso-incorrecto-del-aire-acondicionado-causa-enfermedades-respiratorias\/\" \/>\n<meta property=\"og:site_name\" content=\"Noticias Radio Reflejos\" \/>\n<meta property=\"article:published_time\" content=\"2022-12-05T19:05:37+00:00\" \/>\n<meta property=\"og:image\" content=\"https:\/\/www.noticiasradioreflejos.com.ar\/2021\/wp-content\/uploads\/2021\/07\/logosol300x200.png\" \/>\n\t<meta property=\"og:image:width\" content=\"300\" \/>\n\t<meta property=\"og:image:height\" content=\"200\" \/>\n\t<meta property=\"og:image:type\" content=\"image\/png\" \/>\n<meta name=\"author\" content=\"Arnaldo Botto\" \/>\n<meta name=\"twitter:card\" content=\"summary_large_image\" \/>\n<script type=\"application\/ld+json\" class=\"yoast-schema-graph\">{\"@context\":\"https:\/\/schema.org\",\"@graph\":[{\"@type\":\"WebPage\",\"@id\":\"https:\/\/www.noticiasradioreflejos.com.ar\/2021\/el-uso-incorrecto-del-aire-acondicionado-causa-enfermedades-respiratorias\/\",\"url\":\"https:\/\/www.noticiasradioreflejos.com.ar\/2021\/el-uso-incorrecto-del-aire-acondicionado-causa-enfermedades-respiratorias\/\",\"name\":\"El uso incorrecto del aire acondicionado causa enfermedades respiratorias - Noticias Radio Reflejos\",\"isPartOf\":{\"@id\":\"https:\/\/www.noticiasradioreflejos.com.ar\/2021\/#website\"},\"datePublished\":\"2022-12-05T19:05:37+00:00\",\"author\":{\"@id\":\"https:\/\/www.noticiasradioreflejos.com.ar\/2021\/#\/schema\/person\/ad82545263dcc5ec0996818884fd5fb1\"},\"breadcrumb\":{\"@id\":\"https:\/\/www.noticiasradioreflejos.com.ar\/2021\/el-uso-incorrecto-del-aire-acondicionado-causa-enfermedades-respiratorias\/#breadcrumb\"},\"inLanguage\":\"es\",\"potentialAction\":[{\"@type\":\"ReadAction\",\"target\":[\"https:\/\/www.noticiasradioreflejos.com.ar\/2021\/el-uso-incorrecto-del-aire-acondicionado-causa-enfermedades-respiratorias\/\"]}]},{\"@type\":\"BreadcrumbList\",\"@id\":\"https:\/\/www.noticiasradioreflejos.com.ar\/2021\/el-uso-incorrecto-del-aire-acondicionado-causa-enfermedades-respiratorias\/#breadcrumb\",\"itemListElement\":[{\"@type\":\"ListItem\",\"position\":1,\"name\":\"Portada\",\"item\":\"https:\/\/www.noticiasradioreflejos.com.ar\/2021\/\"},{\"@type\":\"ListItem\",\"position\":2,\"name\":\"El uso incorrecto del aire acondicionado causa enfermedades respiratorias\"}]},{\"@type\":\"WebSite\",\"@id\":\"https:\/\/www.noticiasradioreflejos.com.ar\/2021\/#website\",\"url\":\"https:\/\/www.noticiasradioreflejos.com.ar\/2021\/\",\"name\":\"Noticias Radio Reflejos\",\"description\":\"Las noticias de mi comarca\",\"potentialAction\":[{\"@type\":\"SearchAction\",\"target\":{\"@type\":\"EntryPoint\",\"urlTemplate\":\"https:\/\/www.noticiasradioreflejos.com.ar\/2021\/?s={search_term_string}\"},\"query-input\":{\"@type\":\"PropertyValueSpecification\",\"valueRequired\":true,\"valueName\":\"search_term_string\"}}],\"inLanguage\":\"es\"},{\"@type\":\"Person\",\"@id\":\"https:\/\/www.noticiasradioreflejos.com.ar\/2021\/#\/schema\/person\/ad82545263dcc5ec0996818884fd5fb1\",\"name\":\"Arnaldo Botto\",\"image\":{\"@type\":\"ImageObject\",\"inLanguage\":\"es\",\"@id\":\"https:\/\/www.noticiasradioreflejos.com.ar\/2021\/#\/schema\/person\/image\/\",\"url\":\"https:\/\/secure.gravatar.com\/avatar\/55cb5e37c1efa326397366e6974cb338056df65cb50e7d64d1cf314e87504837?s=96&d=mm&r=g\",\"contentUrl\":\"https:\/\/secure.gravatar.com\/avatar\/55cb5e37c1efa326397366e6974cb338056df65cb50e7d64d1cf314e87504837?s=96&d=mm&r=g\",\"caption\":\"Arnaldo Botto\"},\"url\":\"https:\/\/www.noticiasradioreflejos.com.ar\/2021\/author\/arnaldo\/\"}]}<\/script>\n<!-- \/ Yoast SEO plugin. -->","yoast_head_json":{"title":"El uso incorrecto del aire acondicionado causa enfermedades respiratorias - Noticias Radio Reflejos","robots":{"index":"index","follow":"follow","max-snippet":"max-snippet:-1","max-image-preview":"max-image-preview:large","max-video-preview":"max-video-preview:-1"},"canonical":"https:\/\/www.noticiasradioreflejos.com.ar\/2021\/el-uso-incorrecto-del-aire-acondicionado-causa-enfermedades-respiratorias\/","og_locale":"es_ES","og_type":"article","og_title":"El uso incorrecto del aire acondicionado causa enfermedades respiratorias - Noticias Radio Reflejos","og_description":"\u00abLos aparatos enfr\u00edan el aire, le quitan humedad y tienden a acumular polvo u otro tipo de sustancias org\u00e1nicas en los filtros; todo lo cual favorece la irritaci\u00f3n, inflamaci\u00f3n o infecci\u00f3n de las v\u00edas respiratorias\u00bb, explic\u00f3 Ana Putruele, jefa de la Divisi\u00f3n Neumonolog\u00eda del Hospital de Cl\u00ednicas.","og_url":"https:\/\/www.noticiasradioreflejos.com.ar\/2021\/el-uso-incorrecto-del-aire-acondicionado-causa-enfermedades-respiratorias\/","og_site_name":"Noticias Radio Reflejos","article_published_time":"2022-12-05T19:05:37+00:00","og_image":[{"width":300,"height":200,"url":"https:\/\/www.noticiasradioreflejos.com.ar\/2021\/wp-content\/uploads\/2021\/07\/logosol300x200.png","type":"image\/png"}],"author":"Arnaldo Botto","twitter_card":"summary_large_image","schema":{"@context":"https:\/\/schema.org","@graph":[{"@type":"WebPage","@id":"https:\/\/www.noticiasradioreflejos.com.ar\/2021\/el-uso-incorrecto-del-aire-acondicionado-causa-enfermedades-respiratorias\/","url":"https:\/\/www.noticiasradioreflejos.com.ar\/2021\/el-uso-incorrecto-del-aire-acondicionado-causa-enfermedades-respiratorias\/","name":"El uso incorrecto del aire acondicionado causa enfermedades respiratorias - Noticias Radio Reflejos","isPartOf":{"@id":"https:\/\/www.noticiasradioreflejos.com.ar\/2021\/#website"},"datePublished":"2022-12-05T19:05:37+00:00","author":{"@id":"https:\/\/www.noticiasradioreflejos.com.ar\/2021\/#\/schema\/person\/ad82545263dcc5ec0996818884fd5fb1"},"breadcrumb":{"@id":"https:\/\/www.noticiasradioreflejos.com.ar\/2021\/el-uso-incorrecto-del-aire-acondicionado-causa-enfermedades-respiratorias\/#breadcrumb"},"inLanguage":"es","potentialAction":[{"@type":"ReadAction","target":["https:\/\/www.noticiasradioreflejos.com.ar\/2021\/el-uso-incorrecto-del-aire-acondicionado-causa-enfermedades-respiratorias\/"]}]},{"@type":"BreadcrumbList","@id":"https:\/\/www.noticiasradioreflejos.com.ar\/2021\/el-uso-incorrecto-del-aire-acondicionado-causa-enfermedades-respiratorias\/#breadcrumb","itemListElement":[{"@type":"ListItem","position":1,"name":"Portada","item":"https:\/\/www.noticiasradioreflejos.com.ar\/2021\/"},{"@type":"ListItem","position":2,"name":"El uso incorrecto del aire acondicionado causa enfermedades respiratorias"}]},{"@type":"WebSite","@id":"https:\/\/www.noticiasradioreflejos.com.ar\/2021\/#website","url":"https:\/\/www.noticiasradioreflejos.com.ar\/2021\/","name":"Noticias Radio Reflejos","description":"Las noticias de mi comarca","potentialAction":[{"@type":"SearchAction","target":{"@type":"EntryPoint","urlTemplate":"https:\/\/www.noticiasradioreflejos.com.ar\/2021\/?s={search_term_string}"},"query-input":{"@type":"PropertyValueSpecification","valueRequired":true,"valueName":"search_term_string"}}],"inLanguage":"es"},{"@type":"Person","@id":"https:\/\/www.noticiasradioreflejos.com.ar\/2021\/#\/schema\/person\/ad82545263dcc5ec0996818884fd5fb1","name":"Arnaldo Botto","image":{"@type":"ImageObject","inLanguage":"es","@id":"https:\/\/www.noticiasradioreflejos.com.ar\/2021\/#\/schema\/person\/image\/","url":"https:\/\/secure.gravatar.com\/avatar\/55cb5e37c1efa326397366e6974cb338056df65cb50e7d64d1cf314e87504837?s=96&d=mm&r=g","contentUrl":"https:\/\/secure.gravatar.com\/avatar\/55cb5e37c1efa326397366e6974cb338056df65cb50e7d64d1cf314e87504837?s=96&d=mm&r=g","caption":"Arnaldo Botto"},"url":"https:\/\/www.noticiasradioreflejos.com.ar\/2021\/author\/arnaldo\/"}]}},"_links":{"self":[{"href":"https:\/\/www.noticiasradioreflejos.com.ar\/2021\/wp-json\/wp\/v2\/posts\/81001","targetHints":{"allow":["GET"]}}],"collection":[{"href":"https:\/\/www.noticiasradioreflejos.com.ar\/2021\/wp-json\/wp\/v2\/posts"}],"about":[{"href":"https:\/\/www.noticiasradioreflejos.com.ar\/2021\/wp-json\/wp\/v2\/types\/post"}],"author":[{"embeddable":true,"href":"https:\/\/www.noticiasradioreflejos.com.ar\/2021\/wp-json\/wp\/v2\/users\/3"}],"replies":[{"embeddable":true,"href":"https:\/\/www.noticiasradioreflejos.com.ar\/2021\/wp-json\/wp\/v2\/comments?post=81001"}],"version-history":[{"count":1,"href":"https:\/\/www.noticiasradioreflejos.com.ar\/2021\/wp-json\/wp\/v2\/posts\/81001\/revisions"}],"predecessor-version":[{"id":81010,"href":"https:\/\/www.noticiasradioreflejos.com.ar\/2021\/wp-json\/wp\/v2\/posts\/81001\/revisions\/81010"}],"wp:attachment":[{"href":"https:\/\/www.noticiasradioreflejos.com.ar\/2021\/wp-json\/wp\/v2\/media?parent=81001"}],"wp:term":[{"taxonomy":"category","embeddable":true,"href":"https:\/\/www.noticiasradioreflejos.com.ar\/2021\/wp-json\/wp\/v2\/categories?post=81001"},{"taxonomy":"post_tag","embeddable":true,"href":"https:\/\/www.noticiasradioreflejos.com.ar\/2021\/wp-json\/wp\/v2\/tags?post=81001"}],"curies":[{"name":"wp","href":"https:\/\/api.w.org\/{rel}","templated":true}]}}