{"id":80981,"date":"2022-12-05T19:31:04","date_gmt":"2022-12-05T19:31:04","guid":{"rendered":"http:\/\/www.noticiasradioreflejos.com.ar\/2021\/?p=80981"},"modified":"2022-12-08T14:55:56","modified_gmt":"2022-12-08T14:55:56","slug":"este-fin-de-semana-saldungaray-volvera-a-vestirse-de-tradicion","status":"publish","type":"post","link":"https:\/\/www.noticiasradioreflejos.com.ar\/2021\/este-fin-de-semana-saldungaray-volvera-a-vestirse-de-tradicion\/","title":{"rendered":"Este fin de semana Saldungaray volver\u00e1 a vestirse de tradici\u00f3n"},"content":{"rendered":"<p>En el marco del encuentro \u201cPrueba de Riendas y Festival del Reencuentro\u201d habr\u00e1 destreza con cuerdas y la presentaci\u00f3n de varios espect\u00e1culos folkl\u00f3ricos sobre el escenario. \u201cTenemos muy buenas expectativas\u201d afirm\u00f3 Soledad Davis.<!--more--><\/p>\n<p>&nbsp;<\/p>\n<p><a title=\"Festival del Reencuentro (2)\" href=\"https:\/\/www.flickr.com\/photos\/182279889@N02\/52544988426\/in\/dateposted-public\/\" data-flickr-embed=\"true\"><img loading=\"lazy\" decoding=\"async\" class=\"aligncenter\" src=\"https:\/\/live.staticflickr.com\/65535\/52544988426_ea723fca68_z.jpg\" alt=\"Festival del Reencuentro (2)\" width=\"575\" height=\"767\" \/><\/a><\/p>\n<p>Este s\u00e1bado y domingo, en el predio del ferrocarril de Saldungaray se llevar\u00e1 adelante \u201cPrueba de Riendas y Festival del Reencuentro\u201d una doble jornada exclusivamente folkl\u00f3rica, en donde por una m\u00f3dica entrada ($500 pesos) se podr\u00e1n ver varios shows entretenidos.<\/p>\n<p>Al respecto Soledad Davis, una de las organizadoras, mencion\u00f3 que \u201cel a\u00f1o pasado hab\u00edamos hecho el Festival del Reencuentro, en donde se hab\u00eda invitado a la gente que durante los a\u00f1os hab\u00eda pasado por las distintas agrupaciones de la comarca, se los junt\u00f3, se les hizo un peque\u00f1o homenaje y adem\u00e1s se le rindi\u00f3 tributo a todas las personas involucradas con el \u00e1mbito de los caballos\u201d.<\/p>\n<p>Siguiendo su relato, mencion\u00f3 que \u201cdesde ah\u00ed se form\u00f3 la primera idea de este Festival y este a\u00f1o quisimos sumarle una actividad que est\u00e9 relacionada, y es ah\u00ed en donde entra la prueba de riendas\u201d.<\/p>\n<p>En relaci\u00f3n a lo que se vendr\u00e1, \u201ctenemos buenas expectativas para este fin de semana largo. Va a haber de todo un poquito. Habr\u00e1 m\u00fasica, pero a la vez, toda la gente relacionada con las destrezas se podr\u00e1 involucrar\u201d.<\/p>\n<p>Seg\u00fan el detalle del cronograma, \u201cel s\u00e1bado a partir de las 14 se empezar\u00e1 con el fichado de la prueba de riendas, que eso arrancar\u00e1 sobre las 16 y se extender\u00e1 hasta las 19:30. Y a las 20 ya iniciar\u00edamos con el escenario, con un repertorio amplio y un poquito de todo\u201d.<\/p>\n<p>Mientras que el domingo \u201cser\u00e1 solamente para los jinetes. Va a haber una prueba de riendas de mujeres, algo de cl\u00e1sico, que est\u00e1 abierto para todas las categor\u00edas y tambi\u00e9n algo de infantiles\u201d.<\/p>\n<p>Aquellos que est\u00e9n interesados y necesiten m\u00e1s informaci\u00f3n se pueden comunicar al 0291 576955<\/p>\n<p>&nbsp;<\/p>\n<p><iframe loading=\"lazy\" src=\"https:\/\/w.soundcloud.com\/player\/?url=https%3A\/\/api.soundcloud.com\/tracks\/1396584439&amp;color=%23ff5500&amp;auto_play=false&amp;hide_related=false&amp;show_comments=true&amp;show_user=true&amp;show_reposts=false&amp;show_teaser=true\" width=\"100%\" height=\"166\" frameborder=\"no\" scrolling=\"no\"><\/iframe><\/p>\n<div style=\"font-size: 10px; color: #cccccc; line-break: anywhere; word-break: normal; overflow: hidden; white-space: nowrap; text-overflow: ellipsis; font-family: Interstate,Lucida Grande,Lucida Sans Unicode,Lucida Sans,Garuda,Verdana,Tahoma,sans-serif; font-weight: 100;\"><a style=\"color: #cccccc; text-decoration: none;\" title=\"fmreflejos 103.7\" href=\"https:\/\/soundcloud.com\/fmreflejos-103-7\" target=\"_blank\" rel=\"noopener\">fmreflejos 103.7<\/a> \u00b7 <a style=\"color: #cccccc; text-decoration: none;\" title=\"Soledad Davis\" href=\"https:\/\/soundcloud.com\/fmreflejos-103-7\/soledad-davis-4\" target=\"_blank\" rel=\"noopener\">Soledad Davis<\/a><\/div>\n<p><a title=\"Festival del Reencuentro (1)\" href=\"https:\/\/www.flickr.com\/photos\/182279889@N02\/52545466905\/in\/dateposted-public\/\" data-flickr-embed=\"true\"><img loading=\"lazy\" decoding=\"async\" class=\"aligncenter\" src=\"https:\/\/live.staticflickr.com\/65535\/52545466905_a2f77468b6_z.jpg\" alt=\"Festival del Reencuentro (1)\" width=\"604\" height=\"812\" \/><\/a><script async src=\"\/\/embedr.flickr.com\/assets\/client-code.js\" charset=\"utf-8\"><\/script><\/p>\n<p>&nbsp;<\/p>\n","protected":false},"excerpt":{"rendered":"<p>En el marco del encuentro \u201cPrueba de Riendas y Festival del Reencuentro\u201d habr\u00e1 destreza con cuerdas y la presentaci\u00f3n de varios espect\u00e1culos folkl\u00f3ricos sobre el escenario. \u201cTenemos muy buenas expectativas\u201d afirm\u00f3 Soledad Davis.<\/p>\n","protected":false},"author":3,"featured_media":0,"comment_status":"closed","ping_status":"closed","sticky":false,"template":"","format":"standard","meta":{"footnotes":""},"categories":[35],"tags":[48],"class_list":["post-80981","post","type-post","status-publish","format-standard","hentry","category-cultura","tag-destacada"],"yoast_head":"<!-- This site is optimized with the Yoast SEO plugin v25.9 - https:\/\/yoast.com\/wordpress\/plugins\/seo\/ -->\n<title>Este fin de semana Saldungaray volver\u00e1 a vestirse de tradici\u00f3n - Noticias Radio Reflejos<\/title>\n<meta name=\"robots\" content=\"index, follow, max-snippet:-1, max-image-preview:large, max-video-preview:-1\" \/>\n<link rel=\"canonical\" href=\"https:\/\/www.noticiasradioreflejos.com.ar\/2021\/este-fin-de-semana-saldungaray-volvera-a-vestirse-de-tradicion\/\" \/>\n<meta property=\"og:locale\" content=\"es_ES\" \/>\n<meta property=\"og:type\" content=\"article\" \/>\n<meta property=\"og:title\" content=\"Este fin de semana Saldungaray volver\u00e1 a vestirse de tradici\u00f3n - Noticias Radio Reflejos\" \/>\n<meta property=\"og:description\" content=\"En el marco del encuentro \u201cPrueba de Riendas y Festival del Reencuentro\u201d habr\u00e1 destreza con cuerdas y la presentaci\u00f3n de varios espect\u00e1culos folkl\u00f3ricos sobre el escenario. \u201cTenemos muy buenas expectativas\u201d afirm\u00f3 Soledad Davis.\" \/>\n<meta property=\"og:url\" content=\"https:\/\/www.noticiasradioreflejos.com.ar\/2021\/este-fin-de-semana-saldungaray-volvera-a-vestirse-de-tradicion\/\" \/>\n<meta property=\"og:site_name\" content=\"Noticias Radio Reflejos\" \/>\n<meta property=\"article:published_time\" content=\"2022-12-05T19:31:04+00:00\" \/>\n<meta property=\"article:modified_time\" content=\"2022-12-08T14:55:56+00:00\" \/>\n<meta property=\"og:image\" content=\"https:\/\/live.staticflickr.com\/65535\/52544988426_ea723fca68_z.jpg\" \/>\n<meta name=\"author\" content=\"Arnaldo Botto\" \/>\n<meta name=\"twitter:card\" content=\"summary_large_image\" \/>\n<script type=\"application\/ld+json\" class=\"yoast-schema-graph\">{\"@context\":\"https:\/\/schema.org\",\"@graph\":[{\"@type\":\"WebPage\",\"@id\":\"https:\/\/www.noticiasradioreflejos.com.ar\/2021\/este-fin-de-semana-saldungaray-volvera-a-vestirse-de-tradicion\/\",\"url\":\"https:\/\/www.noticiasradioreflejos.com.ar\/2021\/este-fin-de-semana-saldungaray-volvera-a-vestirse-de-tradicion\/\",\"name\":\"Este fin de semana Saldungaray volver\u00e1 a vestirse de tradici\u00f3n - Noticias Radio Reflejos\",\"isPartOf\":{\"@id\":\"https:\/\/www.noticiasradioreflejos.com.ar\/2021\/#website\"},\"primaryImageOfPage\":{\"@id\":\"https:\/\/www.noticiasradioreflejos.com.ar\/2021\/este-fin-de-semana-saldungaray-volvera-a-vestirse-de-tradicion\/#primaryimage\"},\"image\":{\"@id\":\"https:\/\/www.noticiasradioreflejos.com.ar\/2021\/este-fin-de-semana-saldungaray-volvera-a-vestirse-de-tradicion\/#primaryimage\"},\"thumbnailUrl\":\"https:\/\/live.staticflickr.com\/65535\/52544988426_ea723fca68_z.jpg\",\"datePublished\":\"2022-12-05T19:31:04+00:00\",\"dateModified\":\"2022-12-08T14:55:56+00:00\",\"author\":{\"@id\":\"https:\/\/www.noticiasradioreflejos.com.ar\/2021\/#\/schema\/person\/ad82545263dcc5ec0996818884fd5fb1\"},\"breadcrumb\":{\"@id\":\"https:\/\/www.noticiasradioreflejos.com.ar\/2021\/este-fin-de-semana-saldungaray-volvera-a-vestirse-de-tradicion\/#breadcrumb\"},\"inLanguage\":\"es\",\"potentialAction\":[{\"@type\":\"ReadAction\",\"target\":[\"https:\/\/www.noticiasradioreflejos.com.ar\/2021\/este-fin-de-semana-saldungaray-volvera-a-vestirse-de-tradicion\/\"]}]},{\"@type\":\"ImageObject\",\"inLanguage\":\"es\",\"@id\":\"https:\/\/www.noticiasradioreflejos.com.ar\/2021\/este-fin-de-semana-saldungaray-volvera-a-vestirse-de-tradicion\/#primaryimage\",\"url\":\"https:\/\/live.staticflickr.com\/65535\/52544988426_ea723fca68_z.jpg\",\"contentUrl\":\"https:\/\/live.staticflickr.com\/65535\/52544988426_ea723fca68_z.jpg\"},{\"@type\":\"BreadcrumbList\",\"@id\":\"https:\/\/www.noticiasradioreflejos.com.ar\/2021\/este-fin-de-semana-saldungaray-volvera-a-vestirse-de-tradicion\/#breadcrumb\",\"itemListElement\":[{\"@type\":\"ListItem\",\"position\":1,\"name\":\"Portada\",\"item\":\"https:\/\/www.noticiasradioreflejos.com.ar\/2021\/\"},{\"@type\":\"ListItem\",\"position\":2,\"name\":\"Este fin de semana Saldungaray volver\u00e1 a vestirse de tradici\u00f3n\"}]},{\"@type\":\"WebSite\",\"@id\":\"https:\/\/www.noticiasradioreflejos.com.ar\/2021\/#website\",\"url\":\"https:\/\/www.noticiasradioreflejos.com.ar\/2021\/\",\"name\":\"Noticias Radio Reflejos\",\"description\":\"Las noticias de mi comarca\",\"potentialAction\":[{\"@type\":\"SearchAction\",\"target\":{\"@type\":\"EntryPoint\",\"urlTemplate\":\"https:\/\/www.noticiasradioreflejos.com.ar\/2021\/?s={search_term_string}\"},\"query-input\":{\"@type\":\"PropertyValueSpecification\",\"valueRequired\":true,\"valueName\":\"search_term_string\"}}],\"inLanguage\":\"es\"},{\"@type\":\"Person\",\"@id\":\"https:\/\/www.noticiasradioreflejos.com.ar\/2021\/#\/schema\/person\/ad82545263dcc5ec0996818884fd5fb1\",\"name\":\"Arnaldo Botto\",\"image\":{\"@type\":\"ImageObject\",\"inLanguage\":\"es\",\"@id\":\"https:\/\/www.noticiasradioreflejos.com.ar\/2021\/#\/schema\/person\/image\/\",\"url\":\"https:\/\/secure.gravatar.com\/avatar\/55cb5e37c1efa326397366e6974cb338056df65cb50e7d64d1cf314e87504837?s=96&d=mm&r=g\",\"contentUrl\":\"https:\/\/secure.gravatar.com\/avatar\/55cb5e37c1efa326397366e6974cb338056df65cb50e7d64d1cf314e87504837?s=96&d=mm&r=g\",\"caption\":\"Arnaldo Botto\"},\"url\":\"https:\/\/www.noticiasradioreflejos.com.ar\/2021\/author\/arnaldo\/\"}]}<\/script>\n<!-- \/ Yoast SEO plugin. -->","yoast_head_json":{"title":"Este fin de semana Saldungaray volver\u00e1 a vestirse de tradici\u00f3n - Noticias Radio Reflejos","robots":{"index":"index","follow":"follow","max-snippet":"max-snippet:-1","max-image-preview":"max-image-preview:large","max-video-preview":"max-video-preview:-1"},"canonical":"https:\/\/www.noticiasradioreflejos.com.ar\/2021\/este-fin-de-semana-saldungaray-volvera-a-vestirse-de-tradicion\/","og_locale":"es_ES","og_type":"article","og_title":"Este fin de semana Saldungaray volver\u00e1 a vestirse de tradici\u00f3n - Noticias Radio Reflejos","og_description":"En el marco del encuentro \u201cPrueba de Riendas y Festival del Reencuentro\u201d habr\u00e1 destreza con cuerdas y la presentaci\u00f3n de varios espect\u00e1culos folkl\u00f3ricos sobre el escenario. \u201cTenemos muy buenas expectativas\u201d afirm\u00f3 Soledad Davis.","og_url":"https:\/\/www.noticiasradioreflejos.com.ar\/2021\/este-fin-de-semana-saldungaray-volvera-a-vestirse-de-tradicion\/","og_site_name":"Noticias Radio Reflejos","article_published_time":"2022-12-05T19:31:04+00:00","article_modified_time":"2022-12-08T14:55:56+00:00","og_image":[{"url":"https:\/\/live.staticflickr.com\/65535\/52544988426_ea723fca68_z.jpg","type":"","width":"","height":""}],"author":"Arnaldo Botto","twitter_card":"summary_large_image","schema":{"@context":"https:\/\/schema.org","@graph":[{"@type":"WebPage","@id":"https:\/\/www.noticiasradioreflejos.com.ar\/2021\/este-fin-de-semana-saldungaray-volvera-a-vestirse-de-tradicion\/","url":"https:\/\/www.noticiasradioreflejos.com.ar\/2021\/este-fin-de-semana-saldungaray-volvera-a-vestirse-de-tradicion\/","name":"Este fin de semana Saldungaray volver\u00e1 a vestirse de tradici\u00f3n - Noticias Radio Reflejos","isPartOf":{"@id":"https:\/\/www.noticiasradioreflejos.com.ar\/2021\/#website"},"primaryImageOfPage":{"@id":"https:\/\/www.noticiasradioreflejos.com.ar\/2021\/este-fin-de-semana-saldungaray-volvera-a-vestirse-de-tradicion\/#primaryimage"},"image":{"@id":"https:\/\/www.noticiasradioreflejos.com.ar\/2021\/este-fin-de-semana-saldungaray-volvera-a-vestirse-de-tradicion\/#primaryimage"},"thumbnailUrl":"https:\/\/live.staticflickr.com\/65535\/52544988426_ea723fca68_z.jpg","datePublished":"2022-12-05T19:31:04+00:00","dateModified":"2022-12-08T14:55:56+00:00","author":{"@id":"https:\/\/www.noticiasradioreflejos.com.ar\/2021\/#\/schema\/person\/ad82545263dcc5ec0996818884fd5fb1"},"breadcrumb":{"@id":"https:\/\/www.noticiasradioreflejos.com.ar\/2021\/este-fin-de-semana-saldungaray-volvera-a-vestirse-de-tradicion\/#breadcrumb"},"inLanguage":"es","potentialAction":[{"@type":"ReadAction","target":["https:\/\/www.noticiasradioreflejos.com.ar\/2021\/este-fin-de-semana-saldungaray-volvera-a-vestirse-de-tradicion\/"]}]},{"@type":"ImageObject","inLanguage":"es","@id":"https:\/\/www.noticiasradioreflejos.com.ar\/2021\/este-fin-de-semana-saldungaray-volvera-a-vestirse-de-tradicion\/#primaryimage","url":"https:\/\/live.staticflickr.com\/65535\/52544988426_ea723fca68_z.jpg","contentUrl":"https:\/\/live.staticflickr.com\/65535\/52544988426_ea723fca68_z.jpg"},{"@type":"BreadcrumbList","@id":"https:\/\/www.noticiasradioreflejos.com.ar\/2021\/este-fin-de-semana-saldungaray-volvera-a-vestirse-de-tradicion\/#breadcrumb","itemListElement":[{"@type":"ListItem","position":1,"name":"Portada","item":"https:\/\/www.noticiasradioreflejos.com.ar\/2021\/"},{"@type":"ListItem","position":2,"name":"Este fin de semana Saldungaray volver\u00e1 a vestirse de tradici\u00f3n"}]},{"@type":"WebSite","@id":"https:\/\/www.noticiasradioreflejos.com.ar\/2021\/#website","url":"https:\/\/www.noticiasradioreflejos.com.ar\/2021\/","name":"Noticias Radio Reflejos","description":"Las noticias de mi comarca","potentialAction":[{"@type":"SearchAction","target":{"@type":"EntryPoint","urlTemplate":"https:\/\/www.noticiasradioreflejos.com.ar\/2021\/?s={search_term_string}"},"query-input":{"@type":"PropertyValueSpecification","valueRequired":true,"valueName":"search_term_string"}}],"inLanguage":"es"},{"@type":"Person","@id":"https:\/\/www.noticiasradioreflejos.com.ar\/2021\/#\/schema\/person\/ad82545263dcc5ec0996818884fd5fb1","name":"Arnaldo Botto","image":{"@type":"ImageObject","inLanguage":"es","@id":"https:\/\/www.noticiasradioreflejos.com.ar\/2021\/#\/schema\/person\/image\/","url":"https:\/\/secure.gravatar.com\/avatar\/55cb5e37c1efa326397366e6974cb338056df65cb50e7d64d1cf314e87504837?s=96&d=mm&r=g","contentUrl":"https:\/\/secure.gravatar.com\/avatar\/55cb5e37c1efa326397366e6974cb338056df65cb50e7d64d1cf314e87504837?s=96&d=mm&r=g","caption":"Arnaldo Botto"},"url":"https:\/\/www.noticiasradioreflejos.com.ar\/2021\/author\/arnaldo\/"}]}},"_links":{"self":[{"href":"https:\/\/www.noticiasradioreflejos.com.ar\/2021\/wp-json\/wp\/v2\/posts\/80981","targetHints":{"allow":["GET"]}}],"collection":[{"href":"https:\/\/www.noticiasradioreflejos.com.ar\/2021\/wp-json\/wp\/v2\/posts"}],"about":[{"href":"https:\/\/www.noticiasradioreflejos.com.ar\/2021\/wp-json\/wp\/v2\/types\/post"}],"author":[{"embeddable":true,"href":"https:\/\/www.noticiasradioreflejos.com.ar\/2021\/wp-json\/wp\/v2\/users\/3"}],"replies":[{"embeddable":true,"href":"https:\/\/www.noticiasradioreflejos.com.ar\/2021\/wp-json\/wp\/v2\/comments?post=80981"}],"version-history":[{"count":4,"href":"https:\/\/www.noticiasradioreflejos.com.ar\/2021\/wp-json\/wp\/v2\/posts\/80981\/revisions"}],"predecessor-version":[{"id":81160,"href":"https:\/\/www.noticiasradioreflejos.com.ar\/2021\/wp-json\/wp\/v2\/posts\/80981\/revisions\/81160"}],"wp:attachment":[{"href":"https:\/\/www.noticiasradioreflejos.com.ar\/2021\/wp-json\/wp\/v2\/media?parent=80981"}],"wp:term":[{"taxonomy":"category","embeddable":true,"href":"https:\/\/www.noticiasradioreflejos.com.ar\/2021\/wp-json\/wp\/v2\/categories?post=80981"},{"taxonomy":"post_tag","embeddable":true,"href":"https:\/\/www.noticiasradioreflejos.com.ar\/2021\/wp-json\/wp\/v2\/tags?post=80981"}],"curies":[{"name":"wp","href":"https:\/\/api.w.org\/{rel}","templated":true}]}}