{"id":80976,"date":"2022-12-05T16:54:01","date_gmt":"2022-12-05T16:54:01","guid":{"rendered":"http:\/\/www.noticiasradioreflejos.com.ar\/2021\/?p=80976"},"modified":"2022-12-05T16:54:01","modified_gmt":"2022-12-05T16:54:01","slug":"el-alquiler-del-local-entre-privados-se-resuelve-entre-privados","status":"publish","type":"post","link":"https:\/\/www.noticiasradioreflejos.com.ar\/2021\/el-alquiler-del-local-entre-privados-se-resuelve-entre-privados\/","title":{"rendered":"\u201cEl alquiler del local entre privados se resuelve entre privados\u201d"},"content":{"rendered":"<p>V\u00edctor Ant\u00f3n, Secretario de Producci\u00f3n, sali\u00f3 al cruce de la carta de lector publicada esta ma\u00f1ana. \u201cEspero que este hombre tenga las pruebas, vaya a la justicia y haga la denuncia. Sino, deber\u00e1 responder a lo que nosotros desde el municipio hagamos legalmente\u201d afirm\u00f3.<!--more--><\/p>\n<p>Esta ma\u00f1ana, y bajo el t\u00edtulo \u201cFavores corruptos en Villa Ventana\u201d el vecino Jos\u00e9 Palacios expres\u00f3 su postura respecto a un local comercial que abrir\u00e1 dentro de poco en el \u201cespacio que pertenece a la capilla de Villa Ventana\u201d.<\/p>\n<p>Debido a que carg\u00f3 las tintas sobre el estado municipal, el Secretario de Producci\u00f3n, V\u00edctor Anton, sali\u00f3 al cruce, mencionando que \u201cuno se siente muy dolido cuando lee este tipo de t\u00edtulos que hablan de corrupci\u00f3n, y cuando hay desconocimiento o animosidad en el escrito\u201d.<\/p>\n<p>Al tiempo que asegur\u00f3 que \u201cni bien recibo esto, habl\u00e9 como todos los d\u00edas con los empleados de habilitaciones e inspectores, y todo lo que me comentaron no tiene nada que ver con lo que expres\u00f3 este vecino\u201d.<\/p>\n<p>En ese punto aclar\u00f3 que \u201cen principio, el alquiler del local entre privados es una situaci\u00f3n que se resuelve justamente en privados. En lo que tiene que ver con lo p\u00fablico, que es lo que nos ata\u00f1a, la persona que va a abrir el local, hizo todo lo que ten\u00eda que hacer de manera correcta\u201d.<\/p>\n<p>Detallando ese accionar, reconoci\u00f3 que el vecino \u201cfue y habl\u00f3 con Bromatolog\u00eda para saber si se pod\u00eda vender panificados. No elaborar. Tuvo un par de observaciones y las corrigi\u00f3 de inmediato. Lo que est\u00e1 haciendo ahora es presentar la documentaci\u00f3n como corresponde. Luego si hay una cuesti\u00f3n de competencia, a diferencia de lo que pasa con las farmacias, no podemos decir nada. Solo controlar la habilitaci\u00f3n\u201d.<\/p>\n<p>Reafirmando lo dicho, Anton subray\u00f3 que \u201cquiero ser bien claro y espec\u00edfico; los chicos y chicas de habilitaciones estaban bastante ofuscados, se sent\u00edan mal, y uno sabe el trabajo que hacen y como colaboran con los vecinos, como acompa\u00f1an a los emprendedores y les explican sobre los tr\u00e1mites que deben hacer. Siempre se busca la vuelta para que puedan abrir, as\u00ed sea con una habilitaci\u00f3n provisoria. Donde no tranzamos es con la parte sanitaria. Pero con la dem\u00e1s documentaci\u00f3n ayudamos siempre\u201d.<\/p>\n<p>Por \u00faltimo, y anticipando los pasos a seguir, el Secretario reconoci\u00f3: \u201cEspero que este hombre tenga las pruebas, vaya a la justicia y haga la denuncia. Sino, deber\u00e1 responder a lo que nosotros desde el municipio hagamos legalmente para que ratifique o rectifique los dichos de esta nota\u201d.<\/p>\n<p>&nbsp;<\/p>\n<p><iframe loading=\"lazy\" src=\"https:\/\/w.soundcloud.com\/player\/?url=https%3A\/\/api.soundcloud.com\/tracks\/1396559776&amp;color=%23ff5500&amp;auto_play=false&amp;hide_related=false&amp;show_comments=true&amp;show_user=true&amp;show_reposts=false&amp;show_teaser=true\" width=\"100%\" height=\"166\" frameborder=\"no\" scrolling=\"no\"><\/iframe><\/p>\n<div style=\"font-size: 10px; color: #cccccc; line-break: anywhere; word-break: normal; overflow: hidden; white-space: nowrap; text-overflow: ellipsis; font-family: Interstate,Lucida Grande,Lucida Sans Unicode,Lucida Sans,Garuda,Verdana,Tahoma,sans-serif; font-weight: 100;\"><a style=\"color: #cccccc; text-decoration: none;\" title=\"fmreflejos 103.7\" href=\"https:\/\/soundcloud.com\/fmreflejos-103-7\" target=\"_blank\" rel=\"noopener\">fmreflejos 103.7<\/a> \u00b7 <a style=\"color: #cccccc; text-decoration: none;\" title=\"Victor Anton\" href=\"https:\/\/soundcloud.com\/fmreflejos-103-7\/victor-anton-7\" target=\"_blank\" rel=\"noopener\">Victor Anton<\/a><\/div>\n","protected":false},"excerpt":{"rendered":"<p>V\u00edctor Ant\u00f3n, Secretario de Producci\u00f3n, sali\u00f3 al cruce de la carta de lector publicada esta ma\u00f1ana. \u201cEspero que este hombre tenga las pruebas, vaya a la justicia y haga la denuncia. Sino, deber\u00e1 responder a lo que nosotros desde el municipio hagamos legalmente\u201d afirm\u00f3.<\/p>\n","protected":false},"author":3,"featured_media":70489,"comment_status":"closed","ping_status":"closed","sticky":false,"template":"","format":"standard","meta":{"footnotes":""},"categories":[28,24,26],"tags":[48],"class_list":["post-80976","post","type-post","status-publish","format-standard","has-post-thumbnail","hentry","category-municipales","category-politica","category-sociedad","tag-destacada"],"yoast_head":"<!-- This site is optimized with the Yoast SEO plugin v25.9 - https:\/\/yoast.com\/wordpress\/plugins\/seo\/ -->\n<title>\u201cEl alquiler del local entre privados se resuelve entre privados\u201d - Noticias Radio Reflejos<\/title>\n<meta name=\"robots\" content=\"index, follow, max-snippet:-1, max-image-preview:large, max-video-preview:-1\" \/>\n<link rel=\"canonical\" href=\"https:\/\/www.noticiasradioreflejos.com.ar\/2021\/el-alquiler-del-local-entre-privados-se-resuelve-entre-privados\/\" \/>\n<meta property=\"og:locale\" content=\"es_ES\" \/>\n<meta property=\"og:type\" content=\"article\" \/>\n<meta property=\"og:title\" content=\"\u201cEl alquiler del local entre privados se resuelve entre privados\u201d - Noticias Radio Reflejos\" \/>\n<meta property=\"og:description\" content=\"V\u00edctor Ant\u00f3n, Secretario de Producci\u00f3n, sali\u00f3 al cruce de la carta de lector publicada esta ma\u00f1ana. \u201cEspero que este hombre tenga las pruebas, vaya a la justicia y haga la denuncia. Sino, deber\u00e1 responder a lo que nosotros desde el municipio hagamos legalmente\u201d afirm\u00f3.\" \/>\n<meta property=\"og:url\" content=\"https:\/\/www.noticiasradioreflejos.com.ar\/2021\/el-alquiler-del-local-entre-privados-se-resuelve-entre-privados\/\" \/>\n<meta property=\"og:site_name\" content=\"Noticias Radio Reflejos\" \/>\n<meta property=\"article:published_time\" content=\"2022-12-05T16:54:01+00:00\" \/>\n<meta property=\"og:image\" content=\"https:\/\/www.noticiasradioreflejos.com.ar\/2021\/wp-content\/uploads\/2022\/04\/Capilla-Villa-Ventana.png\" \/>\n\t<meta property=\"og:image:width\" content=\"758\" \/>\n\t<meta property=\"og:image:height\" content=\"497\" \/>\n\t<meta property=\"og:image:type\" content=\"image\/png\" \/>\n<meta name=\"author\" content=\"Arnaldo Botto\" \/>\n<meta name=\"twitter:card\" content=\"summary_large_image\" \/>\n<script type=\"application\/ld+json\" class=\"yoast-schema-graph\">{\"@context\":\"https:\/\/schema.org\",\"@graph\":[{\"@type\":\"WebPage\",\"@id\":\"https:\/\/www.noticiasradioreflejos.com.ar\/2021\/el-alquiler-del-local-entre-privados-se-resuelve-entre-privados\/\",\"url\":\"https:\/\/www.noticiasradioreflejos.com.ar\/2021\/el-alquiler-del-local-entre-privados-se-resuelve-entre-privados\/\",\"name\":\"\u201cEl alquiler del local entre privados se resuelve entre privados\u201d - Noticias Radio Reflejos\",\"isPartOf\":{\"@id\":\"https:\/\/www.noticiasradioreflejos.com.ar\/2021\/#website\"},\"primaryImageOfPage\":{\"@id\":\"https:\/\/www.noticiasradioreflejos.com.ar\/2021\/el-alquiler-del-local-entre-privados-se-resuelve-entre-privados\/#primaryimage\"},\"image\":{\"@id\":\"https:\/\/www.noticiasradioreflejos.com.ar\/2021\/el-alquiler-del-local-entre-privados-se-resuelve-entre-privados\/#primaryimage\"},\"thumbnailUrl\":\"https:\/\/www.noticiasradioreflejos.com.ar\/2021\/wp-content\/uploads\/2022\/04\/Capilla-Villa-Ventana.png\",\"datePublished\":\"2022-12-05T16:54:01+00:00\",\"author\":{\"@id\":\"https:\/\/www.noticiasradioreflejos.com.ar\/2021\/#\/schema\/person\/ad82545263dcc5ec0996818884fd5fb1\"},\"breadcrumb\":{\"@id\":\"https:\/\/www.noticiasradioreflejos.com.ar\/2021\/el-alquiler-del-local-entre-privados-se-resuelve-entre-privados\/#breadcrumb\"},\"inLanguage\":\"es\",\"potentialAction\":[{\"@type\":\"ReadAction\",\"target\":[\"https:\/\/www.noticiasradioreflejos.com.ar\/2021\/el-alquiler-del-local-entre-privados-se-resuelve-entre-privados\/\"]}]},{\"@type\":\"ImageObject\",\"inLanguage\":\"es\",\"@id\":\"https:\/\/www.noticiasradioreflejos.com.ar\/2021\/el-alquiler-del-local-entre-privados-se-resuelve-entre-privados\/#primaryimage\",\"url\":\"https:\/\/www.noticiasradioreflejos.com.ar\/2021\/wp-content\/uploads\/2022\/04\/Capilla-Villa-Ventana.png\",\"contentUrl\":\"https:\/\/www.noticiasradioreflejos.com.ar\/2021\/wp-content\/uploads\/2022\/04\/Capilla-Villa-Ventana.png\",\"width\":758,\"height\":497},{\"@type\":\"BreadcrumbList\",\"@id\":\"https:\/\/www.noticiasradioreflejos.com.ar\/2021\/el-alquiler-del-local-entre-privados-se-resuelve-entre-privados\/#breadcrumb\",\"itemListElement\":[{\"@type\":\"ListItem\",\"position\":1,\"name\":\"Portada\",\"item\":\"https:\/\/www.noticiasradioreflejos.com.ar\/2021\/\"},{\"@type\":\"ListItem\",\"position\":2,\"name\":\"\u201cEl alquiler del local entre privados se resuelve entre privados\u201d\"}]},{\"@type\":\"WebSite\",\"@id\":\"https:\/\/www.noticiasradioreflejos.com.ar\/2021\/#website\",\"url\":\"https:\/\/www.noticiasradioreflejos.com.ar\/2021\/\",\"name\":\"Noticias Radio Reflejos\",\"description\":\"Las noticias de mi comarca\",\"potentialAction\":[{\"@type\":\"SearchAction\",\"target\":{\"@type\":\"EntryPoint\",\"urlTemplate\":\"https:\/\/www.noticiasradioreflejos.com.ar\/2021\/?s={search_term_string}\"},\"query-input\":{\"@type\":\"PropertyValueSpecification\",\"valueRequired\":true,\"valueName\":\"search_term_string\"}}],\"inLanguage\":\"es\"},{\"@type\":\"Person\",\"@id\":\"https:\/\/www.noticiasradioreflejos.com.ar\/2021\/#\/schema\/person\/ad82545263dcc5ec0996818884fd5fb1\",\"name\":\"Arnaldo Botto\",\"image\":{\"@type\":\"ImageObject\",\"inLanguage\":\"es\",\"@id\":\"https:\/\/www.noticiasradioreflejos.com.ar\/2021\/#\/schema\/person\/image\/\",\"url\":\"https:\/\/secure.gravatar.com\/avatar\/55cb5e37c1efa326397366e6974cb338056df65cb50e7d64d1cf314e87504837?s=96&d=mm&r=g\",\"contentUrl\":\"https:\/\/secure.gravatar.com\/avatar\/55cb5e37c1efa326397366e6974cb338056df65cb50e7d64d1cf314e87504837?s=96&d=mm&r=g\",\"caption\":\"Arnaldo Botto\"},\"url\":\"https:\/\/www.noticiasradioreflejos.com.ar\/2021\/author\/arnaldo\/\"}]}<\/script>\n<!-- \/ Yoast SEO plugin. -->","yoast_head_json":{"title":"\u201cEl alquiler del local entre privados se resuelve entre privados\u201d - Noticias Radio Reflejos","robots":{"index":"index","follow":"follow","max-snippet":"max-snippet:-1","max-image-preview":"max-image-preview:large","max-video-preview":"max-video-preview:-1"},"canonical":"https:\/\/www.noticiasradioreflejos.com.ar\/2021\/el-alquiler-del-local-entre-privados-se-resuelve-entre-privados\/","og_locale":"es_ES","og_type":"article","og_title":"\u201cEl alquiler del local entre privados se resuelve entre privados\u201d - Noticias Radio Reflejos","og_description":"V\u00edctor Ant\u00f3n, Secretario de Producci\u00f3n, sali\u00f3 al cruce de la carta de lector publicada esta ma\u00f1ana. \u201cEspero que este hombre tenga las pruebas, vaya a la justicia y haga la denuncia. Sino, deber\u00e1 responder a lo que nosotros desde el municipio hagamos legalmente\u201d afirm\u00f3.","og_url":"https:\/\/www.noticiasradioreflejos.com.ar\/2021\/el-alquiler-del-local-entre-privados-se-resuelve-entre-privados\/","og_site_name":"Noticias Radio Reflejos","article_published_time":"2022-12-05T16:54:01+00:00","og_image":[{"width":758,"height":497,"url":"https:\/\/www.noticiasradioreflejos.com.ar\/2021\/wp-content\/uploads\/2022\/04\/Capilla-Villa-Ventana.png","type":"image\/png"}],"author":"Arnaldo Botto","twitter_card":"summary_large_image","schema":{"@context":"https:\/\/schema.org","@graph":[{"@type":"WebPage","@id":"https:\/\/www.noticiasradioreflejos.com.ar\/2021\/el-alquiler-del-local-entre-privados-se-resuelve-entre-privados\/","url":"https:\/\/www.noticiasradioreflejos.com.ar\/2021\/el-alquiler-del-local-entre-privados-se-resuelve-entre-privados\/","name":"\u201cEl alquiler del local entre privados se resuelve entre privados\u201d - Noticias Radio Reflejos","isPartOf":{"@id":"https:\/\/www.noticiasradioreflejos.com.ar\/2021\/#website"},"primaryImageOfPage":{"@id":"https:\/\/www.noticiasradioreflejos.com.ar\/2021\/el-alquiler-del-local-entre-privados-se-resuelve-entre-privados\/#primaryimage"},"image":{"@id":"https:\/\/www.noticiasradioreflejos.com.ar\/2021\/el-alquiler-del-local-entre-privados-se-resuelve-entre-privados\/#primaryimage"},"thumbnailUrl":"https:\/\/www.noticiasradioreflejos.com.ar\/2021\/wp-content\/uploads\/2022\/04\/Capilla-Villa-Ventana.png","datePublished":"2022-12-05T16:54:01+00:00","author":{"@id":"https:\/\/www.noticiasradioreflejos.com.ar\/2021\/#\/schema\/person\/ad82545263dcc5ec0996818884fd5fb1"},"breadcrumb":{"@id":"https:\/\/www.noticiasradioreflejos.com.ar\/2021\/el-alquiler-del-local-entre-privados-se-resuelve-entre-privados\/#breadcrumb"},"inLanguage":"es","potentialAction":[{"@type":"ReadAction","target":["https:\/\/www.noticiasradioreflejos.com.ar\/2021\/el-alquiler-del-local-entre-privados-se-resuelve-entre-privados\/"]}]},{"@type":"ImageObject","inLanguage":"es","@id":"https:\/\/www.noticiasradioreflejos.com.ar\/2021\/el-alquiler-del-local-entre-privados-se-resuelve-entre-privados\/#primaryimage","url":"https:\/\/www.noticiasradioreflejos.com.ar\/2021\/wp-content\/uploads\/2022\/04\/Capilla-Villa-Ventana.png","contentUrl":"https:\/\/www.noticiasradioreflejos.com.ar\/2021\/wp-content\/uploads\/2022\/04\/Capilla-Villa-Ventana.png","width":758,"height":497},{"@type":"BreadcrumbList","@id":"https:\/\/www.noticiasradioreflejos.com.ar\/2021\/el-alquiler-del-local-entre-privados-se-resuelve-entre-privados\/#breadcrumb","itemListElement":[{"@type":"ListItem","position":1,"name":"Portada","item":"https:\/\/www.noticiasradioreflejos.com.ar\/2021\/"},{"@type":"ListItem","position":2,"name":"\u201cEl alquiler del local entre privados se resuelve entre privados\u201d"}]},{"@type":"WebSite","@id":"https:\/\/www.noticiasradioreflejos.com.ar\/2021\/#website","url":"https:\/\/www.noticiasradioreflejos.com.ar\/2021\/","name":"Noticias Radio Reflejos","description":"Las noticias de mi comarca","potentialAction":[{"@type":"SearchAction","target":{"@type":"EntryPoint","urlTemplate":"https:\/\/www.noticiasradioreflejos.com.ar\/2021\/?s={search_term_string}"},"query-input":{"@type":"PropertyValueSpecification","valueRequired":true,"valueName":"search_term_string"}}],"inLanguage":"es"},{"@type":"Person","@id":"https:\/\/www.noticiasradioreflejos.com.ar\/2021\/#\/schema\/person\/ad82545263dcc5ec0996818884fd5fb1","name":"Arnaldo Botto","image":{"@type":"ImageObject","inLanguage":"es","@id":"https:\/\/www.noticiasradioreflejos.com.ar\/2021\/#\/schema\/person\/image\/","url":"https:\/\/secure.gravatar.com\/avatar\/55cb5e37c1efa326397366e6974cb338056df65cb50e7d64d1cf314e87504837?s=96&d=mm&r=g","contentUrl":"https:\/\/secure.gravatar.com\/avatar\/55cb5e37c1efa326397366e6974cb338056df65cb50e7d64d1cf314e87504837?s=96&d=mm&r=g","caption":"Arnaldo Botto"},"url":"https:\/\/www.noticiasradioreflejos.com.ar\/2021\/author\/arnaldo\/"}]}},"_links":{"self":[{"href":"https:\/\/www.noticiasradioreflejos.com.ar\/2021\/wp-json\/wp\/v2\/posts\/80976","targetHints":{"allow":["GET"]}}],"collection":[{"href":"https:\/\/www.noticiasradioreflejos.com.ar\/2021\/wp-json\/wp\/v2\/posts"}],"about":[{"href":"https:\/\/www.noticiasradioreflejos.com.ar\/2021\/wp-json\/wp\/v2\/types\/post"}],"author":[{"embeddable":true,"href":"https:\/\/www.noticiasradioreflejos.com.ar\/2021\/wp-json\/wp\/v2\/users\/3"}],"replies":[{"embeddable":true,"href":"https:\/\/www.noticiasradioreflejos.com.ar\/2021\/wp-json\/wp\/v2\/comments?post=80976"}],"version-history":[{"count":2,"href":"https:\/\/www.noticiasradioreflejos.com.ar\/2021\/wp-json\/wp\/v2\/posts\/80976\/revisions"}],"predecessor-version":[{"id":80979,"href":"https:\/\/www.noticiasradioreflejos.com.ar\/2021\/wp-json\/wp\/v2\/posts\/80976\/revisions\/80979"}],"wp:featuredmedia":[{"embeddable":true,"href":"https:\/\/www.noticiasradioreflejos.com.ar\/2021\/wp-json\/wp\/v2\/media\/70489"}],"wp:attachment":[{"href":"https:\/\/www.noticiasradioreflejos.com.ar\/2021\/wp-json\/wp\/v2\/media?parent=80976"}],"wp:term":[{"taxonomy":"category","embeddable":true,"href":"https:\/\/www.noticiasradioreflejos.com.ar\/2021\/wp-json\/wp\/v2\/categories?post=80976"},{"taxonomy":"post_tag","embeddable":true,"href":"https:\/\/www.noticiasradioreflejos.com.ar\/2021\/wp-json\/wp\/v2\/tags?post=80976"}],"curies":[{"name":"wp","href":"https:\/\/api.w.org\/{rel}","templated":true}]}}