{"id":80974,"date":"2022-12-05T16:48:00","date_gmt":"2022-12-05T16:48:00","guid":{"rendered":"http:\/\/www.noticiasradioreflejos.com.ar\/2021\/?p=80974"},"modified":"2022-12-05T16:48:00","modified_gmt":"2022-12-05T16:48:00","slug":"el-radicalismo-en-el-2023-va-a-poner-el-intendente","status":"publish","type":"post","link":"https:\/\/www.noticiasradioreflejos.com.ar\/2021\/el-radicalismo-en-el-2023-va-a-poner-el-intendente\/","title":{"rendered":"\u201cEl radicalismo en el 2023 va a poner el intendente\u201d"},"content":{"rendered":"<p>As\u00ed lo afirm\u00f3 Luis Castro, el cual no descart\u00f3 que la UCR tenga su propia interna previa a las PASO. Adem\u00e1s asegur\u00f3: \u201cel ejecutivo no ha sido austero, ni eficaz ni eficiente\u201d.<!--more--><\/p>\n<p>Una vez m\u00e1s Luis Castro dio declaraciones, y como de costumbre, las mismas generar\u00e1n revuelo entre propios y ajenos.<\/p>\n<p>En una extensa charla con FM Reflejos el edil hizo un balance del 2022 y all\u00ed mencion\u00f3 que \u201ccon el resto de los bloques hemos trabajado bien, pese a las diferentes posturas. Varios proyectos han salido en conjunto. En ese sentido la relaci\u00f3n y la convivencia se dio como debe ser. As\u00ed es la mejor manera para que funcione el Concejo\u201d.<\/p>\n<p>Y abriendo el paraguas sobre lo que se dar\u00e1 en los pr\u00f3ximos meses, asegur\u00f3 que \u201cno hay que mezclar las responsabilidades del Concejo con un proceso electoral. Que tampoco lo debe confundir el ejecutivo\u201d.<\/p>\n<p>En ese aspecto mencion\u00f3 que \u201cel trabajo del a\u00f1o que viene ser\u00e1 igual al de este a\u00f1o, pero m\u00e1s intenso, ya que algunas cosas que no se pudieron hacer se deber\u00e1n hacer, y las que se hicieron mal se deber\u00e1n corregir\u201d.<\/p>\n<p>Mientras que fustig\u00f3 asegurando que \u201ctal vez nosotros desde el ejecutivo no vimos en muchas ocasiones el mismo trato o postura, pero es un tema del gobierno de Acci\u00f3n por Tornquist y no nuestra\u201d.<\/p>\n<p>Sobre c\u00f3mo se resolver\u00e1 el candidato de Juntos para la intendencia, Castro subray\u00f3 que \u201cseguramente haya PASO pero con la gente que compone el PRO. El radicalismo tendr\u00e1 su candidato, que ya lo estamos discutiendo en el partido y utilizaremos las herramientas que hagan falta. Se est\u00e1 hablando ahora, para dirimir el candidato de la UCR para las PASO, que tengamos una interna partidaria\u201d.<\/p>\n<p>Adelantando adem\u00e1s que \u201cel radicalismo en el 2023 va a poner el intendente o intendenta pero dentro del espacio que componemos que es Juntos\u201d.<\/p>\n<p>Sobre la situaci\u00f3n econ\u00f3mica actual, el edil reconoci\u00f3 que \u201ccon un contexto como el que estamos, si la provincia no hubiese acompa\u00f1ado con el env\u00edo de recursos hubi\u00e9semos estado mucho m\u00e1s complicados. La situaci\u00f3n es compleja. Veremos en los pr\u00f3ximos d\u00edas c\u00f3mo se resuelve el presupuesto. De movida yo le dir\u00eda a la gente, que el C\u00f3digo que est\u00e1 en el Concejo plantea un aumento de tasas. No se puede hacer demagogia. Tambi\u00e9n es cierto que nuestra funci\u00f3n es exigir la contraprestaci\u00f3n de servicios por esas tasas\u201d.<\/p>\n<p>Al tiempo que en otro pasaje volvi\u00f3 a cargar sobre el ejecutivo, al remarcar que \u201cgastar un mill\u00f3n de pesos en vi\u00e1ticos durante el a\u00f1o, si uno lo compara en n\u00fameros no es nada, pero tiene directa relaci\u00f3n con la austeridad que deber\u00eda tener el estado. Creemos que en ese sentido el ejecutivo no ha sido austero, y en muchos casos ni eficaz ni eficiente\u201d.<\/p>\n<h3>Otras problem\u00e1ticas<\/h3>\n<p>\u201cLos perros sueltos han sido de los reclamos m\u00e1s recurrentes y no se ha avanzado bien. Presentamos una resoluci\u00f3n hace pocos d\u00edas sobre las razas peligrosas, porque sabemos que muchos de los reclamos vinieron por mordeduras. No se ha avanzado mucho y como corresponde sobre eso. Y de la mano con esto, el tema de castraci\u00f3n\u201d coment\u00f3.<\/p>\n<p>En tanto que \u201cel tema de la vivienda es un tema a\u00fan m\u00e1s complicado, que se ha avanzado en el \u00faltimo tiempo con la construcci\u00f3n de 32 viviendas. Nosotros desde el Concejo pedimos que se gestionen viviendas a trav\u00e9s del PROCREAR, pero ahora las har\u00edan a trav\u00e9s de Provincia\u201d.<\/p>\n<p>&nbsp;<\/p>\n<p><a href=\"http:\/\/www.noticiasradioreflejos.com.ar\/2021\/los-angelitos-3\/\"><img loading=\"lazy\" decoding=\"async\" class=\"aligncenter size-full wp-image-25053\" src=\"http:\/\/www.noticiasradioreflejos.com.ar\/2021\/wp-content\/uploads\/2018\/09\/Los-Angelitos.jpg\" alt=\"\" width=\"1024\" height=\"638\" \/><\/a><\/p>\n<h3>Conflicto con el balneario Los Angelitos<\/h3>\n<p>\u201cCuando subi\u00f3 el expediente para refrendar como se hizo siempre el decreto de adjudicaci\u00f3n, al analizar las ofertas, vimos que no se tuvieron los mismos criterios que en Parque Norte y no lo aprobamos. El ejecutivo modific\u00f3 el expediente, derog\u00f3 el decreto de adjudicaci\u00f3n y realiz\u00f3 una nueva ordenanza en la que los concejales solamente autoriz\u00e1bamos la concesi\u00f3n y no interven\u00edamos en la adjudicaci\u00f3n\u201d dijo Castro.<\/p>\n<p>Y continuando con su descargo asever\u00f3 que \u201ccreemos que no es correcto. La ley org\u00e1nica nos faculta para avalar o no, as\u00ed que ese expediente no lo aprobamos en la \u00faltima sesi\u00f3n y dictaminamos que el ejecutivo lo env\u00ede al Tribunal de Cuentas para que respondan sobre lo que marcamos\u201d.<\/p>\n<p>Argumentando, explic\u00f3 que \u201clo que notamos es que hab\u00eda dos ofertas. No se tom\u00f3 en cuenta la inversi\u00f3n total mayor. Los concesionarios actuales aportaban m\u00e1s de 8 millones, contra 5 millones de la otra propuesta. En Parque Norte s\u00ed se tom\u00f3 en cuenta ese aspecto. No lo acompa\u00f1amos por eso. Y tambi\u00e9n marcamos que los concesionarios actuales est\u00e1n en situaci\u00f3n irregular, ya que el ejecutivo desde el 2019 no corrigi\u00f3 el contrato que est\u00e1 a nombre de otra persona\u201d.<\/p>\n<p>En tanto que cerrando el tema realzo el hecho de que \u201ctampoco se tuvo en cuenta el trabajo que han hecho en ese lugar, que ha mejorado mucho y lo mantienen ordenado y limpio. Le pidieron al Secretario de Turismo una opini\u00f3n sobre quienes tienen la concesi\u00f3n, y solo habl\u00f3 de lo que habr\u00eda que hacer. Pero esto vino despu\u00e9s de que se adjudic\u00f3 y licit\u00f3. Creemos que el proceso no se hizo de manera correcta\u201d.<\/p>\n<p>&nbsp;<\/p>\n<p><iframe loading=\"lazy\" src=\"https:\/\/w.soundcloud.com\/player\/?url=https%3A\/\/api.soundcloud.com\/tracks\/1396505320&amp;color=%23ff5500&amp;auto_play=false&amp;hide_related=false&amp;show_comments=true&amp;show_user=true&amp;show_reposts=false&amp;show_teaser=true\" width=\"100%\" height=\"166\" frameborder=\"no\" scrolling=\"no\"><\/iframe><\/p>\n<div style=\"font-size: 10px; color: #cccccc; line-break: anywhere; word-break: normal; overflow: hidden; white-space: nowrap; text-overflow: ellipsis; font-family: Interstate,Lucida Grande,Lucida Sans Unicode,Lucida Sans,Garuda,Verdana,Tahoma,sans-serif; font-weight: 100;\"><a style=\"color: #cccccc; text-decoration: none;\" title=\"fmreflejos 103.7\" href=\"https:\/\/soundcloud.com\/fmreflejos-103-7\" target=\"_blank\" rel=\"noopener\">fmreflejos 103.7<\/a> \u00b7 <a style=\"color: #cccccc; text-decoration: none;\" title=\"Luis Castro\" href=\"https:\/\/soundcloud.com\/fmreflejos-103-7\/luis-castro-48466789\" target=\"_blank\" rel=\"noopener\">Luis Castro<\/a><\/div>\n","protected":false},"excerpt":{"rendered":"<p>As\u00ed lo afirm\u00f3 Luis Castro, el cual no descart\u00f3 que la UCR tenga su propia interna previa a las PASO. Adem\u00e1s asegur\u00f3: \u201cel ejecutivo no ha sido austero, ni eficaz ni eficiente\u201d.<\/p>\n","protected":false},"author":3,"featured_media":0,"comment_status":"closed","ping_status":"closed","sticky":false,"template":"","format":"standard","meta":{"footnotes":""},"categories":[24],"tags":[48],"class_list":["post-80974","post","type-post","status-publish","format-standard","hentry","category-politica","tag-destacada"],"yoast_head":"<!-- This site is optimized with the Yoast SEO plugin v25.9 - https:\/\/yoast.com\/wordpress\/plugins\/seo\/ -->\n<title>\u201cEl radicalismo en el 2023 va a poner el intendente\u201d - Noticias Radio Reflejos<\/title>\n<meta name=\"robots\" content=\"index, follow, max-snippet:-1, max-image-preview:large, max-video-preview:-1\" \/>\n<link rel=\"canonical\" href=\"https:\/\/www.noticiasradioreflejos.com.ar\/2021\/el-radicalismo-en-el-2023-va-a-poner-el-intendente\/\" \/>\n<meta property=\"og:locale\" content=\"es_ES\" \/>\n<meta property=\"og:type\" content=\"article\" \/>\n<meta property=\"og:title\" content=\"\u201cEl radicalismo en el 2023 va a poner el intendente\u201d - Noticias Radio Reflejos\" \/>\n<meta property=\"og:description\" content=\"As\u00ed lo afirm\u00f3 Luis Castro, el cual no descart\u00f3 que la UCR tenga su propia interna previa a las PASO. Adem\u00e1s asegur\u00f3: \u201cel ejecutivo no ha sido austero, ni eficaz ni eficiente\u201d.\" \/>\n<meta property=\"og:url\" content=\"https:\/\/www.noticiasradioreflejos.com.ar\/2021\/el-radicalismo-en-el-2023-va-a-poner-el-intendente\/\" \/>\n<meta property=\"og:site_name\" content=\"Noticias Radio Reflejos\" \/>\n<meta property=\"article:published_time\" content=\"2022-12-05T16:48:00+00:00\" \/>\n<meta property=\"og:image\" content=\"http:\/\/www.noticiasradioreflejos.com.ar\/2021\/wp-content\/uploads\/2018\/09\/Los-Angelitos.jpg\" \/>\n<meta name=\"author\" content=\"Arnaldo Botto\" \/>\n<meta name=\"twitter:card\" content=\"summary_large_image\" \/>\n<script type=\"application\/ld+json\" class=\"yoast-schema-graph\">{\"@context\":\"https:\/\/schema.org\",\"@graph\":[{\"@type\":\"WebPage\",\"@id\":\"https:\/\/www.noticiasradioreflejos.com.ar\/2021\/el-radicalismo-en-el-2023-va-a-poner-el-intendente\/\",\"url\":\"https:\/\/www.noticiasradioreflejos.com.ar\/2021\/el-radicalismo-en-el-2023-va-a-poner-el-intendente\/\",\"name\":\"\u201cEl radicalismo en el 2023 va a poner el intendente\u201d - Noticias Radio Reflejos\",\"isPartOf\":{\"@id\":\"https:\/\/www.noticiasradioreflejos.com.ar\/2021\/#website\"},\"primaryImageOfPage\":{\"@id\":\"https:\/\/www.noticiasradioreflejos.com.ar\/2021\/el-radicalismo-en-el-2023-va-a-poner-el-intendente\/#primaryimage\"},\"image\":{\"@id\":\"https:\/\/www.noticiasradioreflejos.com.ar\/2021\/el-radicalismo-en-el-2023-va-a-poner-el-intendente\/#primaryimage\"},\"thumbnailUrl\":\"http:\/\/www.noticiasradioreflejos.com.ar\/2021\/wp-content\/uploads\/2018\/09\/Los-Angelitos.jpg\",\"datePublished\":\"2022-12-05T16:48:00+00:00\",\"author\":{\"@id\":\"https:\/\/www.noticiasradioreflejos.com.ar\/2021\/#\/schema\/person\/ad82545263dcc5ec0996818884fd5fb1\"},\"breadcrumb\":{\"@id\":\"https:\/\/www.noticiasradioreflejos.com.ar\/2021\/el-radicalismo-en-el-2023-va-a-poner-el-intendente\/#breadcrumb\"},\"inLanguage\":\"es\",\"potentialAction\":[{\"@type\":\"ReadAction\",\"target\":[\"https:\/\/www.noticiasradioreflejos.com.ar\/2021\/el-radicalismo-en-el-2023-va-a-poner-el-intendente\/\"]}]},{\"@type\":\"ImageObject\",\"inLanguage\":\"es\",\"@id\":\"https:\/\/www.noticiasradioreflejos.com.ar\/2021\/el-radicalismo-en-el-2023-va-a-poner-el-intendente\/#primaryimage\",\"url\":\"\",\"contentUrl\":\"\"},{\"@type\":\"BreadcrumbList\",\"@id\":\"https:\/\/www.noticiasradioreflejos.com.ar\/2021\/el-radicalismo-en-el-2023-va-a-poner-el-intendente\/#breadcrumb\",\"itemListElement\":[{\"@type\":\"ListItem\",\"position\":1,\"name\":\"Portada\",\"item\":\"https:\/\/www.noticiasradioreflejos.com.ar\/2021\/\"},{\"@type\":\"ListItem\",\"position\":2,\"name\":\"\u201cEl radicalismo en el 2023 va a poner el intendente\u201d\"}]},{\"@type\":\"WebSite\",\"@id\":\"https:\/\/www.noticiasradioreflejos.com.ar\/2021\/#website\",\"url\":\"https:\/\/www.noticiasradioreflejos.com.ar\/2021\/\",\"name\":\"Noticias Radio Reflejos\",\"description\":\"Las noticias de mi comarca\",\"potentialAction\":[{\"@type\":\"SearchAction\",\"target\":{\"@type\":\"EntryPoint\",\"urlTemplate\":\"https:\/\/www.noticiasradioreflejos.com.ar\/2021\/?s={search_term_string}\"},\"query-input\":{\"@type\":\"PropertyValueSpecification\",\"valueRequired\":true,\"valueName\":\"search_term_string\"}}],\"inLanguage\":\"es\"},{\"@type\":\"Person\",\"@id\":\"https:\/\/www.noticiasradioreflejos.com.ar\/2021\/#\/schema\/person\/ad82545263dcc5ec0996818884fd5fb1\",\"name\":\"Arnaldo Botto\",\"image\":{\"@type\":\"ImageObject\",\"inLanguage\":\"es\",\"@id\":\"https:\/\/www.noticiasradioreflejos.com.ar\/2021\/#\/schema\/person\/image\/\",\"url\":\"https:\/\/secure.gravatar.com\/avatar\/55cb5e37c1efa326397366e6974cb338056df65cb50e7d64d1cf314e87504837?s=96&d=mm&r=g\",\"contentUrl\":\"https:\/\/secure.gravatar.com\/avatar\/55cb5e37c1efa326397366e6974cb338056df65cb50e7d64d1cf314e87504837?s=96&d=mm&r=g\",\"caption\":\"Arnaldo Botto\"},\"url\":\"https:\/\/www.noticiasradioreflejos.com.ar\/2021\/author\/arnaldo\/\"}]}<\/script>\n<!-- \/ Yoast SEO plugin. -->","yoast_head_json":{"title":"\u201cEl radicalismo en el 2023 va a poner el intendente\u201d - Noticias Radio Reflejos","robots":{"index":"index","follow":"follow","max-snippet":"max-snippet:-1","max-image-preview":"max-image-preview:large","max-video-preview":"max-video-preview:-1"},"canonical":"https:\/\/www.noticiasradioreflejos.com.ar\/2021\/el-radicalismo-en-el-2023-va-a-poner-el-intendente\/","og_locale":"es_ES","og_type":"article","og_title":"\u201cEl radicalismo en el 2023 va a poner el intendente\u201d - Noticias Radio Reflejos","og_description":"As\u00ed lo afirm\u00f3 Luis Castro, el cual no descart\u00f3 que la UCR tenga su propia interna previa a las PASO. Adem\u00e1s asegur\u00f3: \u201cel ejecutivo no ha sido austero, ni eficaz ni eficiente\u201d.","og_url":"https:\/\/www.noticiasradioreflejos.com.ar\/2021\/el-radicalismo-en-el-2023-va-a-poner-el-intendente\/","og_site_name":"Noticias Radio Reflejos","article_published_time":"2022-12-05T16:48:00+00:00","og_image":[{"url":"http:\/\/www.noticiasradioreflejos.com.ar\/2021\/wp-content\/uploads\/2018\/09\/Los-Angelitos.jpg","type":"","width":"","height":""}],"author":"Arnaldo Botto","twitter_card":"summary_large_image","schema":{"@context":"https:\/\/schema.org","@graph":[{"@type":"WebPage","@id":"https:\/\/www.noticiasradioreflejos.com.ar\/2021\/el-radicalismo-en-el-2023-va-a-poner-el-intendente\/","url":"https:\/\/www.noticiasradioreflejos.com.ar\/2021\/el-radicalismo-en-el-2023-va-a-poner-el-intendente\/","name":"\u201cEl radicalismo en el 2023 va a poner el intendente\u201d - Noticias Radio Reflejos","isPartOf":{"@id":"https:\/\/www.noticiasradioreflejos.com.ar\/2021\/#website"},"primaryImageOfPage":{"@id":"https:\/\/www.noticiasradioreflejos.com.ar\/2021\/el-radicalismo-en-el-2023-va-a-poner-el-intendente\/#primaryimage"},"image":{"@id":"https:\/\/www.noticiasradioreflejos.com.ar\/2021\/el-radicalismo-en-el-2023-va-a-poner-el-intendente\/#primaryimage"},"thumbnailUrl":"http:\/\/www.noticiasradioreflejos.com.ar\/2021\/wp-content\/uploads\/2018\/09\/Los-Angelitos.jpg","datePublished":"2022-12-05T16:48:00+00:00","author":{"@id":"https:\/\/www.noticiasradioreflejos.com.ar\/2021\/#\/schema\/person\/ad82545263dcc5ec0996818884fd5fb1"},"breadcrumb":{"@id":"https:\/\/www.noticiasradioreflejos.com.ar\/2021\/el-radicalismo-en-el-2023-va-a-poner-el-intendente\/#breadcrumb"},"inLanguage":"es","potentialAction":[{"@type":"ReadAction","target":["https:\/\/www.noticiasradioreflejos.com.ar\/2021\/el-radicalismo-en-el-2023-va-a-poner-el-intendente\/"]}]},{"@type":"ImageObject","inLanguage":"es","@id":"https:\/\/www.noticiasradioreflejos.com.ar\/2021\/el-radicalismo-en-el-2023-va-a-poner-el-intendente\/#primaryimage","url":"","contentUrl":""},{"@type":"BreadcrumbList","@id":"https:\/\/www.noticiasradioreflejos.com.ar\/2021\/el-radicalismo-en-el-2023-va-a-poner-el-intendente\/#breadcrumb","itemListElement":[{"@type":"ListItem","position":1,"name":"Portada","item":"https:\/\/www.noticiasradioreflejos.com.ar\/2021\/"},{"@type":"ListItem","position":2,"name":"\u201cEl radicalismo en el 2023 va a poner el intendente\u201d"}]},{"@type":"WebSite","@id":"https:\/\/www.noticiasradioreflejos.com.ar\/2021\/#website","url":"https:\/\/www.noticiasradioreflejos.com.ar\/2021\/","name":"Noticias Radio Reflejos","description":"Las noticias de mi comarca","potentialAction":[{"@type":"SearchAction","target":{"@type":"EntryPoint","urlTemplate":"https:\/\/www.noticiasradioreflejos.com.ar\/2021\/?s={search_term_string}"},"query-input":{"@type":"PropertyValueSpecification","valueRequired":true,"valueName":"search_term_string"}}],"inLanguage":"es"},{"@type":"Person","@id":"https:\/\/www.noticiasradioreflejos.com.ar\/2021\/#\/schema\/person\/ad82545263dcc5ec0996818884fd5fb1","name":"Arnaldo Botto","image":{"@type":"ImageObject","inLanguage":"es","@id":"https:\/\/www.noticiasradioreflejos.com.ar\/2021\/#\/schema\/person\/image\/","url":"https:\/\/secure.gravatar.com\/avatar\/55cb5e37c1efa326397366e6974cb338056df65cb50e7d64d1cf314e87504837?s=96&d=mm&r=g","contentUrl":"https:\/\/secure.gravatar.com\/avatar\/55cb5e37c1efa326397366e6974cb338056df65cb50e7d64d1cf314e87504837?s=96&d=mm&r=g","caption":"Arnaldo Botto"},"url":"https:\/\/www.noticiasradioreflejos.com.ar\/2021\/author\/arnaldo\/"}]}},"_links":{"self":[{"href":"https:\/\/www.noticiasradioreflejos.com.ar\/2021\/wp-json\/wp\/v2\/posts\/80974","targetHints":{"allow":["GET"]}}],"collection":[{"href":"https:\/\/www.noticiasradioreflejos.com.ar\/2021\/wp-json\/wp\/v2\/posts"}],"about":[{"href":"https:\/\/www.noticiasradioreflejos.com.ar\/2021\/wp-json\/wp\/v2\/types\/post"}],"author":[{"embeddable":true,"href":"https:\/\/www.noticiasradioreflejos.com.ar\/2021\/wp-json\/wp\/v2\/users\/3"}],"replies":[{"embeddable":true,"href":"https:\/\/www.noticiasradioreflejos.com.ar\/2021\/wp-json\/wp\/v2\/comments?post=80974"}],"version-history":[{"count":2,"href":"https:\/\/www.noticiasradioreflejos.com.ar\/2021\/wp-json\/wp\/v2\/posts\/80974\/revisions"}],"predecessor-version":[{"id":80978,"href":"https:\/\/www.noticiasradioreflejos.com.ar\/2021\/wp-json\/wp\/v2\/posts\/80974\/revisions\/80978"}],"wp:attachment":[{"href":"https:\/\/www.noticiasradioreflejos.com.ar\/2021\/wp-json\/wp\/v2\/media?parent=80974"}],"wp:term":[{"taxonomy":"category","embeddable":true,"href":"https:\/\/www.noticiasradioreflejos.com.ar\/2021\/wp-json\/wp\/v2\/categories?post=80974"},{"taxonomy":"post_tag","embeddable":true,"href":"https:\/\/www.noticiasradioreflejos.com.ar\/2021\/wp-json\/wp\/v2\/tags?post=80974"}],"curies":[{"name":"wp","href":"https:\/\/api.w.org\/{rel}","templated":true}]}}