{"id":80964,"date":"2022-12-05T11:43:00","date_gmt":"2022-12-05T11:43:00","guid":{"rendered":"http:\/\/www.noticiasradioreflejos.com.ar\/2021\/?p=80964"},"modified":"2022-12-05T16:56:26","modified_gmt":"2022-12-05T16:56:26","slug":"arranca-la-semana-con-un-lunes-muy-caluroso","status":"publish","type":"post","link":"https:\/\/www.noticiasradioreflejos.com.ar\/2021\/arranca-la-semana-con-un-lunes-muy-caluroso\/","title":{"rendered":"Arranca la semana con un lunes muy caluroso."},"content":{"rendered":"<p>La temperatura para este lunes 5 de diciembre alcanzar\u00eda los 37\u00b0 de term\u00f3metro en Sierra de la Ventana.<!--more--><\/p>\n<p>La regi\u00f3n estar\u00e1 \u00abal Horno\u00bb; se esperan registros de term\u00f3metro muy altos en toda la zona sudoeste de la provincia y gran parte del pa\u00eds.<\/p>\n<p>La comarca no ser\u00e1 la excepci\u00f3n, Sierra de la Ventana, Saldungaray y Tornquist tendr\u00e1n este lunes temperaturas por arriba d los 35\u00b0 de term\u00f3metro y se esperan marcas de hasta 40\u00b0 de t\u00e9rmica.<\/p>\n<p>La intensa ola de calor que afecta a la Argentina desde hace 10\u00a0 d\u00edas, lleg\u00f3 con toda su intensidad a nuestra zona, y todo el distrito de Tornquist sentir\u00e1 el fuerte incremento de las temperaturas durante este lunes.<\/p>\n<p>Durante la madrugada de ma\u00f1ana martes, se espera la llegada de una tormenta con algunos chaparrones que apaciguar\u00edan el intenso calor, sin embargo, la semana continuar\u00e1 con m\u00e1ximas por arriba de los 32\u00b0 o m\u00e1s.<\/p>\n<p>El mi\u00e9rcoles los registros volver\u00e1n a subir intensamente hasta alcanzar los 35\u00b0 o m\u00e1s. Reci\u00e9n lunes y martes de la semana pr\u00f3xima se anuncian algo menos caluroso, pero el verano seguir\u00e1 adelantado y no dar\u00e1 respiro.<\/p>\n<p>Para el fin de semana largo que tendremos a partir de este jueves 8, los valores promedio de temperaturas m\u00e1ximas estar\u00e1n en los 32\u00b0 y los cielos mayormente soleados; los vientos prevalecer\u00e1n del sector oeste-sudoeste, esto har\u00e1 que las temperaturas no se elevan mucho m\u00e1s.<\/p>\n","protected":false},"excerpt":{"rendered":"<p>La temperatura para este lunes 5 de diciembre alcanzar\u00eda los 37\u00b0 de term\u00f3metro en Sierra de la Ventana.<\/p>\n","protected":false},"author":3,"featured_media":80536,"comment_status":"closed","ping_status":"closed","sticky":false,"template":"","format":"standard","meta":{"footnotes":""},"categories":[46],"tags":[],"class_list":["post-80964","post","type-post","status-publish","format-standard","has-post-thumbnail","hentry","category-ciencia-y-tecnologia"],"yoast_head":"<!-- This site is optimized with the Yoast SEO plugin v25.9 - https:\/\/yoast.com\/wordpress\/plugins\/seo\/ -->\n<title>Arranca la semana con un lunes muy caluroso. - Noticias Radio Reflejos<\/title>\n<meta name=\"robots\" content=\"index, follow, max-snippet:-1, max-image-preview:large, max-video-preview:-1\" \/>\n<link rel=\"canonical\" href=\"https:\/\/www.noticiasradioreflejos.com.ar\/2021\/arranca-la-semana-con-un-lunes-muy-caluroso\/\" \/>\n<meta property=\"og:locale\" content=\"es_ES\" \/>\n<meta property=\"og:type\" content=\"article\" \/>\n<meta property=\"og:title\" content=\"Arranca la semana con un lunes muy caluroso. - Noticias Radio Reflejos\" \/>\n<meta property=\"og:description\" content=\"La temperatura para este lunes 5 de diciembre alcanzar\u00eda los 37\u00b0 de term\u00f3metro en Sierra de la Ventana.\" \/>\n<meta property=\"og:url\" content=\"https:\/\/www.noticiasradioreflejos.com.ar\/2021\/arranca-la-semana-con-un-lunes-muy-caluroso\/\" \/>\n<meta property=\"og:site_name\" content=\"Noticias Radio Reflejos\" \/>\n<meta property=\"article:published_time\" content=\"2022-12-05T11:43:00+00:00\" \/>\n<meta property=\"article:modified_time\" content=\"2022-12-05T16:56:26+00:00\" \/>\n<meta property=\"og:image\" content=\"https:\/\/www.noticiasradioreflejos.com.ar\/2021\/wp-content\/uploads\/2022\/11\/calor-700x465-1.jpg\" \/>\n\t<meta property=\"og:image:width\" content=\"700\" \/>\n\t<meta property=\"og:image:height\" content=\"465\" \/>\n\t<meta property=\"og:image:type\" content=\"image\/jpeg\" \/>\n<meta name=\"author\" content=\"Arnaldo Botto\" \/>\n<meta name=\"twitter:card\" content=\"summary_large_image\" \/>\n<script type=\"application\/ld+json\" class=\"yoast-schema-graph\">{\"@context\":\"https:\/\/schema.org\",\"@graph\":[{\"@type\":\"WebPage\",\"@id\":\"https:\/\/www.noticiasradioreflejos.com.ar\/2021\/arranca-la-semana-con-un-lunes-muy-caluroso\/\",\"url\":\"https:\/\/www.noticiasradioreflejos.com.ar\/2021\/arranca-la-semana-con-un-lunes-muy-caluroso\/\",\"name\":\"Arranca la semana con un lunes muy caluroso. - Noticias Radio Reflejos\",\"isPartOf\":{\"@id\":\"https:\/\/www.noticiasradioreflejos.com.ar\/2021\/#website\"},\"primaryImageOfPage\":{\"@id\":\"https:\/\/www.noticiasradioreflejos.com.ar\/2021\/arranca-la-semana-con-un-lunes-muy-caluroso\/#primaryimage\"},\"image\":{\"@id\":\"https:\/\/www.noticiasradioreflejos.com.ar\/2021\/arranca-la-semana-con-un-lunes-muy-caluroso\/#primaryimage\"},\"thumbnailUrl\":\"https:\/\/www.noticiasradioreflejos.com.ar\/2021\/wp-content\/uploads\/2022\/11\/calor-700x465-1.jpg\",\"datePublished\":\"2022-12-05T11:43:00+00:00\",\"dateModified\":\"2022-12-05T16:56:26+00:00\",\"author\":{\"@id\":\"https:\/\/www.noticiasradioreflejos.com.ar\/2021\/#\/schema\/person\/ad82545263dcc5ec0996818884fd5fb1\"},\"breadcrumb\":{\"@id\":\"https:\/\/www.noticiasradioreflejos.com.ar\/2021\/arranca-la-semana-con-un-lunes-muy-caluroso\/#breadcrumb\"},\"inLanguage\":\"es\",\"potentialAction\":[{\"@type\":\"ReadAction\",\"target\":[\"https:\/\/www.noticiasradioreflejos.com.ar\/2021\/arranca-la-semana-con-un-lunes-muy-caluroso\/\"]}]},{\"@type\":\"ImageObject\",\"inLanguage\":\"es\",\"@id\":\"https:\/\/www.noticiasradioreflejos.com.ar\/2021\/arranca-la-semana-con-un-lunes-muy-caluroso\/#primaryimage\",\"url\":\"https:\/\/www.noticiasradioreflejos.com.ar\/2021\/wp-content\/uploads\/2022\/11\/calor-700x465-1.jpg\",\"contentUrl\":\"https:\/\/www.noticiasradioreflejos.com.ar\/2021\/wp-content\/uploads\/2022\/11\/calor-700x465-1.jpg\",\"width\":700,\"height\":465},{\"@type\":\"BreadcrumbList\",\"@id\":\"https:\/\/www.noticiasradioreflejos.com.ar\/2021\/arranca-la-semana-con-un-lunes-muy-caluroso\/#breadcrumb\",\"itemListElement\":[{\"@type\":\"ListItem\",\"position\":1,\"name\":\"Portada\",\"item\":\"https:\/\/www.noticiasradioreflejos.com.ar\/2021\/\"},{\"@type\":\"ListItem\",\"position\":2,\"name\":\"Arranca la semana con un lunes muy caluroso.\"}]},{\"@type\":\"WebSite\",\"@id\":\"https:\/\/www.noticiasradioreflejos.com.ar\/2021\/#website\",\"url\":\"https:\/\/www.noticiasradioreflejos.com.ar\/2021\/\",\"name\":\"Noticias Radio Reflejos\",\"description\":\"Las noticias de mi comarca\",\"potentialAction\":[{\"@type\":\"SearchAction\",\"target\":{\"@type\":\"EntryPoint\",\"urlTemplate\":\"https:\/\/www.noticiasradioreflejos.com.ar\/2021\/?s={search_term_string}\"},\"query-input\":{\"@type\":\"PropertyValueSpecification\",\"valueRequired\":true,\"valueName\":\"search_term_string\"}}],\"inLanguage\":\"es\"},{\"@type\":\"Person\",\"@id\":\"https:\/\/www.noticiasradioreflejos.com.ar\/2021\/#\/schema\/person\/ad82545263dcc5ec0996818884fd5fb1\",\"name\":\"Arnaldo Botto\",\"image\":{\"@type\":\"ImageObject\",\"inLanguage\":\"es\",\"@id\":\"https:\/\/www.noticiasradioreflejos.com.ar\/2021\/#\/schema\/person\/image\/\",\"url\":\"https:\/\/secure.gravatar.com\/avatar\/55cb5e37c1efa326397366e6974cb338056df65cb50e7d64d1cf314e87504837?s=96&d=mm&r=g\",\"contentUrl\":\"https:\/\/secure.gravatar.com\/avatar\/55cb5e37c1efa326397366e6974cb338056df65cb50e7d64d1cf314e87504837?s=96&d=mm&r=g\",\"caption\":\"Arnaldo Botto\"},\"url\":\"https:\/\/www.noticiasradioreflejos.com.ar\/2021\/author\/arnaldo\/\"}]}<\/script>\n<!-- \/ Yoast SEO plugin. -->","yoast_head_json":{"title":"Arranca la semana con un lunes muy caluroso. - Noticias Radio Reflejos","robots":{"index":"index","follow":"follow","max-snippet":"max-snippet:-1","max-image-preview":"max-image-preview:large","max-video-preview":"max-video-preview:-1"},"canonical":"https:\/\/www.noticiasradioreflejos.com.ar\/2021\/arranca-la-semana-con-un-lunes-muy-caluroso\/","og_locale":"es_ES","og_type":"article","og_title":"Arranca la semana con un lunes muy caluroso. - Noticias Radio Reflejos","og_description":"La temperatura para este lunes 5 de diciembre alcanzar\u00eda los 37\u00b0 de term\u00f3metro en Sierra de la Ventana.","og_url":"https:\/\/www.noticiasradioreflejos.com.ar\/2021\/arranca-la-semana-con-un-lunes-muy-caluroso\/","og_site_name":"Noticias Radio Reflejos","article_published_time":"2022-12-05T11:43:00+00:00","article_modified_time":"2022-12-05T16:56:26+00:00","og_image":[{"width":700,"height":465,"url":"https:\/\/www.noticiasradioreflejos.com.ar\/2021\/wp-content\/uploads\/2022\/11\/calor-700x465-1.jpg","type":"image\/jpeg"}],"author":"Arnaldo Botto","twitter_card":"summary_large_image","schema":{"@context":"https:\/\/schema.org","@graph":[{"@type":"WebPage","@id":"https:\/\/www.noticiasradioreflejos.com.ar\/2021\/arranca-la-semana-con-un-lunes-muy-caluroso\/","url":"https:\/\/www.noticiasradioreflejos.com.ar\/2021\/arranca-la-semana-con-un-lunes-muy-caluroso\/","name":"Arranca la semana con un lunes muy caluroso. - Noticias Radio Reflejos","isPartOf":{"@id":"https:\/\/www.noticiasradioreflejos.com.ar\/2021\/#website"},"primaryImageOfPage":{"@id":"https:\/\/www.noticiasradioreflejos.com.ar\/2021\/arranca-la-semana-con-un-lunes-muy-caluroso\/#primaryimage"},"image":{"@id":"https:\/\/www.noticiasradioreflejos.com.ar\/2021\/arranca-la-semana-con-un-lunes-muy-caluroso\/#primaryimage"},"thumbnailUrl":"https:\/\/www.noticiasradioreflejos.com.ar\/2021\/wp-content\/uploads\/2022\/11\/calor-700x465-1.jpg","datePublished":"2022-12-05T11:43:00+00:00","dateModified":"2022-12-05T16:56:26+00:00","author":{"@id":"https:\/\/www.noticiasradioreflejos.com.ar\/2021\/#\/schema\/person\/ad82545263dcc5ec0996818884fd5fb1"},"breadcrumb":{"@id":"https:\/\/www.noticiasradioreflejos.com.ar\/2021\/arranca-la-semana-con-un-lunes-muy-caluroso\/#breadcrumb"},"inLanguage":"es","potentialAction":[{"@type":"ReadAction","target":["https:\/\/www.noticiasradioreflejos.com.ar\/2021\/arranca-la-semana-con-un-lunes-muy-caluroso\/"]}]},{"@type":"ImageObject","inLanguage":"es","@id":"https:\/\/www.noticiasradioreflejos.com.ar\/2021\/arranca-la-semana-con-un-lunes-muy-caluroso\/#primaryimage","url":"https:\/\/www.noticiasradioreflejos.com.ar\/2021\/wp-content\/uploads\/2022\/11\/calor-700x465-1.jpg","contentUrl":"https:\/\/www.noticiasradioreflejos.com.ar\/2021\/wp-content\/uploads\/2022\/11\/calor-700x465-1.jpg","width":700,"height":465},{"@type":"BreadcrumbList","@id":"https:\/\/www.noticiasradioreflejos.com.ar\/2021\/arranca-la-semana-con-un-lunes-muy-caluroso\/#breadcrumb","itemListElement":[{"@type":"ListItem","position":1,"name":"Portada","item":"https:\/\/www.noticiasradioreflejos.com.ar\/2021\/"},{"@type":"ListItem","position":2,"name":"Arranca la semana con un lunes muy caluroso."}]},{"@type":"WebSite","@id":"https:\/\/www.noticiasradioreflejos.com.ar\/2021\/#website","url":"https:\/\/www.noticiasradioreflejos.com.ar\/2021\/","name":"Noticias Radio Reflejos","description":"Las noticias de mi comarca","potentialAction":[{"@type":"SearchAction","target":{"@type":"EntryPoint","urlTemplate":"https:\/\/www.noticiasradioreflejos.com.ar\/2021\/?s={search_term_string}"},"query-input":{"@type":"PropertyValueSpecification","valueRequired":true,"valueName":"search_term_string"}}],"inLanguage":"es"},{"@type":"Person","@id":"https:\/\/www.noticiasradioreflejos.com.ar\/2021\/#\/schema\/person\/ad82545263dcc5ec0996818884fd5fb1","name":"Arnaldo Botto","image":{"@type":"ImageObject","inLanguage":"es","@id":"https:\/\/www.noticiasradioreflejos.com.ar\/2021\/#\/schema\/person\/image\/","url":"https:\/\/secure.gravatar.com\/avatar\/55cb5e37c1efa326397366e6974cb338056df65cb50e7d64d1cf314e87504837?s=96&d=mm&r=g","contentUrl":"https:\/\/secure.gravatar.com\/avatar\/55cb5e37c1efa326397366e6974cb338056df65cb50e7d64d1cf314e87504837?s=96&d=mm&r=g","caption":"Arnaldo Botto"},"url":"https:\/\/www.noticiasradioreflejos.com.ar\/2021\/author\/arnaldo\/"}]}},"_links":{"self":[{"href":"https:\/\/www.noticiasradioreflejos.com.ar\/2021\/wp-json\/wp\/v2\/posts\/80964","targetHints":{"allow":["GET"]}}],"collection":[{"href":"https:\/\/www.noticiasradioreflejos.com.ar\/2021\/wp-json\/wp\/v2\/posts"}],"about":[{"href":"https:\/\/www.noticiasradioreflejos.com.ar\/2021\/wp-json\/wp\/v2\/types\/post"}],"author":[{"embeddable":true,"href":"https:\/\/www.noticiasradioreflejos.com.ar\/2021\/wp-json\/wp\/v2\/users\/3"}],"replies":[{"embeddable":true,"href":"https:\/\/www.noticiasradioreflejos.com.ar\/2021\/wp-json\/wp\/v2\/comments?post=80964"}],"version-history":[{"count":1,"href":"https:\/\/www.noticiasradioreflejos.com.ar\/2021\/wp-json\/wp\/v2\/posts\/80964\/revisions"}],"predecessor-version":[{"id":80965,"href":"https:\/\/www.noticiasradioreflejos.com.ar\/2021\/wp-json\/wp\/v2\/posts\/80964\/revisions\/80965"}],"wp:featuredmedia":[{"embeddable":true,"href":"https:\/\/www.noticiasradioreflejos.com.ar\/2021\/wp-json\/wp\/v2\/media\/80536"}],"wp:attachment":[{"href":"https:\/\/www.noticiasradioreflejos.com.ar\/2021\/wp-json\/wp\/v2\/media?parent=80964"}],"wp:term":[{"taxonomy":"category","embeddable":true,"href":"https:\/\/www.noticiasradioreflejos.com.ar\/2021\/wp-json\/wp\/v2\/categories?post=80964"},{"taxonomy":"post_tag","embeddable":true,"href":"https:\/\/www.noticiasradioreflejos.com.ar\/2021\/wp-json\/wp\/v2\/tags?post=80964"}],"curies":[{"name":"wp","href":"https:\/\/api.w.org\/{rel}","templated":true}]}}