{"id":80961,"date":"2022-12-05T11:23:21","date_gmt":"2022-12-05T11:23:21","guid":{"rendered":"http:\/\/www.noticiasradioreflejos.com.ar\/2021\/?p=80961"},"modified":"2022-12-05T11:23:21","modified_gmt":"2022-12-05T11:23:21","slug":"la-vicepresidenta-dijo-que-su-condena-sera-una-suerte-de-regalo-para-magnetto","status":"publish","type":"post","link":"https:\/\/www.noticiasradioreflejos.com.ar\/2021\/la-vicepresidenta-dijo-que-su-condena-sera-una-suerte-de-regalo-para-magnetto\/","title":{"rendered":"La Vicepresidenta dijo que su condena ser\u00e1 \u00abuna suerte de regalo para Magnetto\u00bb"},"content":{"rendered":"<p>Cristina Fern\u00e1ndez se manifest\u00f3 segura de que los jueces que la juzgan en el marco de la causa Vialidad este martes la van a condenar y eso ser\u00e1 \u00abuna suerte de regalo para (H\u00e9ctor) Magnetto\u00bb, el CEO del Grupo Clar\u00edn. \u00abLa tapa de &#8216;Cristina condenada&#8217; y el 7D van a coincidir, en aluci\u00f3n a la misma fecha en que su gobierno dictaba la ley de medios.<!--more--><\/p>\n<figure class=\"mb-3\"><img decoding=\"async\" src=\"https:\/\/www.telam.com.ar\/thumbs\/bluesteel\/advf\/imagenes\/2022\/12\/638dccb4cbee9_1200.jpg\" alt=\"Foto Twitter Folha de So Paulo\" width=\"100%\" height=\"100%\" \/><\/p>\n<div class=\"media-icons\"><\/div><figcaption>Foto: Twitter Folha de So Paulo<\/figcaption><\/figure>\n<p>La vicepresidenta Cristina Fern\u00e1ndez de Kirchner\u00a0<strong>se manifest\u00f3 segura de que los jueces que la juzgan en el marco de la causa Vialidad este martes la van a condenar\u00a0<\/strong>y eso ser\u00e1 \u00abuna suerte de regalo para (H\u00e9ctor) Magnetto\u00bb, el CEO del Grupo Clar\u00edn.<\/p>\n<p>\u00abEl 6 van a dictar la sentencia. El 7 de diciembre va a ser publicada en los diarios. Ese d\u00eda,\u00a0<strong>el 7D, fue un emblema de nuestro gobierno con la ley de medios<\/strong>, que establec\u00eda que los due\u00f1os de medios que ten\u00edan demasiada concentraci\u00f3n medi\u00e1tica deb\u00edan desinvertir\u00bb, dijo la expresidenta en una entrevista concedida al diario brasile\u00f1o Folha de Sao Paulo, que comparti\u00f3 este lunes en sus redes sociales.<\/p>\n<p>En ese marco, a\u00f1adi\u00f3:<strong>\u00a0\u00abLa tapa de &#8216;Cristina condenada&#8217; y el 7D van a coincidir. Es una suerte de regalo para Magnetto\u00bb.<\/strong><\/p>\n<blockquote class=\"twitter-tweet\" data-width=\"500\" data-dnt=\"true\">\n<p lang=\"es\" dir=\"ltr\">Comparto la entrevista con el diario Folha de San Pablo.<a href=\"https:\/\/twitter.com\/hashtag\/CristinaEnFolha?src=hash&amp;ref_src=twsrc%5Etfw\">#CristinaEnFolha<\/a> <a href=\"https:\/\/t.co\/nWiPkJWOng\">https:\/\/t.co\/nWiPkJWOng<\/a><\/p>\n<p>&mdash; Cristina Kirchner (@CFKArgentina) <a href=\"https:\/\/twitter.com\/CFKArgentina\/status\/1599691389742518272?ref_src=twsrc%5Etfw\">December 5, 2022<\/a><\/p><\/blockquote>\n<p><script async src=\"https:\/\/platform.twitter.com\/widgets.js\" charset=\"utf-8\"><\/script><\/p>\n<p>Asimismo, la Vicepresidenta advirti\u00f3 que \u00ablos jueces puestos por (el expresidente Mauricio) Macri lo protegen a \u00e9l y protegen a quienes quisieron matarme, y no investigan nada de lo que pas\u00f3 durante su gobierno\u00bb.<\/p>\n<p>\u00abEl neoliberalismo encontr\u00f3 tres nuevos instrumentos: controlar la voluntad popular, proteger judicial y medi\u00e1ticamente a los dirigentes de derecha y disciplinar a los dirigentes pol\u00edticos para que los que quieran defender a los excluidos lo piensen dos veces\u00bb, sostuvo Fern\u00e1ndez de Kirchner.<\/p>\n<div class=\"video_repositive\">\n<div id=\"qne1voqzfhc\" class=\"video_telam\">\n<div class=\"feature_article_inner\">\n<div class=\"feature_article_title\">\n<h2 class=\"text-center\">Entrevista del diario Folha de Sao Paulo a Cristina Fern\u00e1ndez<\/h2>\n<p><iframe loading=\"lazy\" title=\"Justi\u00e7a persegue l\u00edderes como Lula e eu, diz Cristina Kirchner em entrevista exclusiva\" src=\"https:\/\/www.youtube.com\/embed\/qne1voqzfhc\" width=\"843\" height=\"474\" frameborder=\"0\" allowfullscreen=\"allowfullscreen\"><\/iframe><br \/>\nRespecto al intento de asesinato en su contra, tambi\u00e9n sostuvo que \u00ablos que est\u00e1n presos fueron los autores materiales del atentado, pero\u00a0<strong>yo creo que hay autores intelectuales\u00bb.<\/strong><\/p>\n<p>\u00abRecibieron financiamiento de 17 millones de pesos de una carpinter\u00eda que no existe. Si esto fuera al rev\u00e9s, estar\u00edamos todos presos\u00bb, asever\u00f3.<\/p>\n<figure class=\"mb-3\"><img decoding=\"async\" src=\"https:\/\/www.telam.com.ar\/thumbs\/bluesteel\/advf\/imagenes\/2022\/12\/638dd024e7cd8_1200.jpg\" alt=\"Foto Twitter Folha de So Paulo\" width=\"100%\" height=\"100%\" \/><\/p>\n<div class=\"media-icons\"><\/div><figcaption>Foto: Twitter Folha de So Paulo<\/figcaption><\/figure>\n<p>Por otra parte, la Vicepresidenta asever\u00f3 que\u00a0<strong>\u00abac\u00e1 el lawfare estuvo encarado desde la c\u00faspide del poder\u00bb.<\/strong><\/p>\n<p>En ese marco, apunt\u00f3: \u00abRicardo Lorenzetti, cuando era presidente de la Corte, se tom\u00f3 una foto con Sergio Moro de un lado y Claudio Bonadio, que era un juez que persegu\u00eda a m\u00ed y a mi familia, del otro\u00bb.<\/p>\n<p>\u00abSer dirigente es poder mirar m\u00e1s all\u00e1 y decir &#8216;la historia va por all\u00e1, hay que hacer esto\u00bb . Eso no lo voy a perder nunca.\u00a0<strong>Podr\u00e9 ser presidenta o legisladora, pero nunca voy a renunciar a decir lo que me parece que hay que hacer para construir un pa\u00eds mejor\u00a0<\/strong>para nuestra gente\u00bb, dijo Cristina en otro tramo de la entrevista con el diario brasile\u00f1o.<\/p>\n<\/div>\n<\/div>\n<\/div>\n<\/div>\n","protected":false},"excerpt":{"rendered":"<p>Cristina Fern\u00e1ndez se manifest\u00f3 segura de que los jueces que la juzgan en el marco de la causa Vialidad este martes la van a condenar y eso ser\u00e1 \u00abuna suerte de regalo para (H\u00e9ctor) Magnetto\u00bb, el CEO del Grupo Clar\u00edn. \u00abLa tapa de &#8216;Cristina condenada&#8217; y el 7D van a coincidir, en aluci\u00f3n a la [&hellip;]<\/p>\n","protected":false},"author":3,"featured_media":0,"comment_status":"closed","ping_status":"closed","sticky":false,"template":"","format":"standard","meta":{"footnotes":""},"categories":[1],"tags":[],"class_list":["post-80961","post","type-post","status-publish","format-standard","hentry","category-sin-categoria"],"yoast_head":"<!-- This site is optimized with the Yoast SEO plugin v25.9 - https:\/\/yoast.com\/wordpress\/plugins\/seo\/ -->\n<title>La Vicepresidenta dijo que su condena ser\u00e1 &quot;una suerte de regalo para Magnetto&quot; - Noticias Radio Reflejos<\/title>\n<meta name=\"robots\" content=\"index, follow, max-snippet:-1, max-image-preview:large, max-video-preview:-1\" \/>\n<link rel=\"canonical\" href=\"https:\/\/www.noticiasradioreflejos.com.ar\/2021\/la-vicepresidenta-dijo-que-su-condena-sera-una-suerte-de-regalo-para-magnetto\/\" \/>\n<meta property=\"og:locale\" content=\"es_ES\" \/>\n<meta property=\"og:type\" content=\"article\" \/>\n<meta property=\"og:title\" content=\"La Vicepresidenta dijo que su condena ser\u00e1 &quot;una suerte de regalo para Magnetto&quot; - Noticias Radio Reflejos\" \/>\n<meta property=\"og:description\" content=\"Cristina Fern\u00e1ndez se manifest\u00f3 segura de que los jueces que la juzgan en el marco de la causa Vialidad este martes la van a condenar y eso ser\u00e1 \u00abuna suerte de regalo para (H\u00e9ctor) Magnetto\u00bb, el CEO del Grupo Clar\u00edn. \u00abLa tapa de &#8216;Cristina condenada&#8217; y el 7D van a coincidir, en aluci\u00f3n a la [&hellip;]\" \/>\n<meta property=\"og:url\" content=\"https:\/\/www.noticiasradioreflejos.com.ar\/2021\/la-vicepresidenta-dijo-que-su-condena-sera-una-suerte-de-regalo-para-magnetto\/\" \/>\n<meta property=\"og:site_name\" content=\"Noticias Radio Reflejos\" \/>\n<meta property=\"article:published_time\" content=\"2022-12-05T11:23:21+00:00\" \/>\n<meta property=\"og:image\" content=\"https:\/\/www.telam.com.ar\/thumbs\/bluesteel\/advf\/imagenes\/2022\/12\/638dccb4cbee9_1200.jpg\" \/>\n<meta name=\"author\" content=\"Arnaldo Botto\" \/>\n<meta name=\"twitter:card\" content=\"summary_large_image\" \/>\n<script type=\"application\/ld+json\" class=\"yoast-schema-graph\">{\"@context\":\"https:\/\/schema.org\",\"@graph\":[{\"@type\":\"WebPage\",\"@id\":\"https:\/\/www.noticiasradioreflejos.com.ar\/2021\/la-vicepresidenta-dijo-que-su-condena-sera-una-suerte-de-regalo-para-magnetto\/\",\"url\":\"https:\/\/www.noticiasradioreflejos.com.ar\/2021\/la-vicepresidenta-dijo-que-su-condena-sera-una-suerte-de-regalo-para-magnetto\/\",\"name\":\"La Vicepresidenta dijo que su condena ser\u00e1 \\\"una suerte de regalo para Magnetto\\\" - Noticias Radio Reflejos\",\"isPartOf\":{\"@id\":\"https:\/\/www.noticiasradioreflejos.com.ar\/2021\/#website\"},\"primaryImageOfPage\":{\"@id\":\"https:\/\/www.noticiasradioreflejos.com.ar\/2021\/la-vicepresidenta-dijo-que-su-condena-sera-una-suerte-de-regalo-para-magnetto\/#primaryimage\"},\"image\":{\"@id\":\"https:\/\/www.noticiasradioreflejos.com.ar\/2021\/la-vicepresidenta-dijo-que-su-condena-sera-una-suerte-de-regalo-para-magnetto\/#primaryimage\"},\"thumbnailUrl\":\"https:\/\/www.telam.com.ar\/thumbs\/bluesteel\/advf\/imagenes\/2022\/12\/638dccb4cbee9_1200.jpg\",\"datePublished\":\"2022-12-05T11:23:21+00:00\",\"author\":{\"@id\":\"https:\/\/www.noticiasradioreflejos.com.ar\/2021\/#\/schema\/person\/ad82545263dcc5ec0996818884fd5fb1\"},\"breadcrumb\":{\"@id\":\"https:\/\/www.noticiasradioreflejos.com.ar\/2021\/la-vicepresidenta-dijo-que-su-condena-sera-una-suerte-de-regalo-para-magnetto\/#breadcrumb\"},\"inLanguage\":\"es\",\"potentialAction\":[{\"@type\":\"ReadAction\",\"target\":[\"https:\/\/www.noticiasradioreflejos.com.ar\/2021\/la-vicepresidenta-dijo-que-su-condena-sera-una-suerte-de-regalo-para-magnetto\/\"]}]},{\"@type\":\"ImageObject\",\"inLanguage\":\"es\",\"@id\":\"https:\/\/www.noticiasradioreflejos.com.ar\/2021\/la-vicepresidenta-dijo-que-su-condena-sera-una-suerte-de-regalo-para-magnetto\/#primaryimage\",\"url\":\"https:\/\/www.telam.com.ar\/thumbs\/bluesteel\/advf\/imagenes\/2022\/12\/638dccb4cbee9_1200.jpg\",\"contentUrl\":\"https:\/\/www.telam.com.ar\/thumbs\/bluesteel\/advf\/imagenes\/2022\/12\/638dccb4cbee9_1200.jpg\"},{\"@type\":\"BreadcrumbList\",\"@id\":\"https:\/\/www.noticiasradioreflejos.com.ar\/2021\/la-vicepresidenta-dijo-que-su-condena-sera-una-suerte-de-regalo-para-magnetto\/#breadcrumb\",\"itemListElement\":[{\"@type\":\"ListItem\",\"position\":1,\"name\":\"Portada\",\"item\":\"https:\/\/www.noticiasradioreflejos.com.ar\/2021\/\"},{\"@type\":\"ListItem\",\"position\":2,\"name\":\"La Vicepresidenta dijo que su condena ser\u00e1 \u00abuna suerte de regalo para Magnetto\u00bb\"}]},{\"@type\":\"WebSite\",\"@id\":\"https:\/\/www.noticiasradioreflejos.com.ar\/2021\/#website\",\"url\":\"https:\/\/www.noticiasradioreflejos.com.ar\/2021\/\",\"name\":\"Noticias Radio Reflejos\",\"description\":\"Las noticias de mi comarca\",\"potentialAction\":[{\"@type\":\"SearchAction\",\"target\":{\"@type\":\"EntryPoint\",\"urlTemplate\":\"https:\/\/www.noticiasradioreflejos.com.ar\/2021\/?s={search_term_string}\"},\"query-input\":{\"@type\":\"PropertyValueSpecification\",\"valueRequired\":true,\"valueName\":\"search_term_string\"}}],\"inLanguage\":\"es\"},{\"@type\":\"Person\",\"@id\":\"https:\/\/www.noticiasradioreflejos.com.ar\/2021\/#\/schema\/person\/ad82545263dcc5ec0996818884fd5fb1\",\"name\":\"Arnaldo Botto\",\"image\":{\"@type\":\"ImageObject\",\"inLanguage\":\"es\",\"@id\":\"https:\/\/www.noticiasradioreflejos.com.ar\/2021\/#\/schema\/person\/image\/\",\"url\":\"https:\/\/secure.gravatar.com\/avatar\/55cb5e37c1efa326397366e6974cb338056df65cb50e7d64d1cf314e87504837?s=96&d=mm&r=g\",\"contentUrl\":\"https:\/\/secure.gravatar.com\/avatar\/55cb5e37c1efa326397366e6974cb338056df65cb50e7d64d1cf314e87504837?s=96&d=mm&r=g\",\"caption\":\"Arnaldo Botto\"},\"url\":\"https:\/\/www.noticiasradioreflejos.com.ar\/2021\/author\/arnaldo\/\"}]}<\/script>\n<!-- \/ Yoast SEO plugin. -->","yoast_head_json":{"title":"La Vicepresidenta dijo que su condena ser\u00e1 \"una suerte de regalo para Magnetto\" - Noticias Radio Reflejos","robots":{"index":"index","follow":"follow","max-snippet":"max-snippet:-1","max-image-preview":"max-image-preview:large","max-video-preview":"max-video-preview:-1"},"canonical":"https:\/\/www.noticiasradioreflejos.com.ar\/2021\/la-vicepresidenta-dijo-que-su-condena-sera-una-suerte-de-regalo-para-magnetto\/","og_locale":"es_ES","og_type":"article","og_title":"La Vicepresidenta dijo que su condena ser\u00e1 \"una suerte de regalo para Magnetto\" - Noticias Radio Reflejos","og_description":"Cristina Fern\u00e1ndez se manifest\u00f3 segura de que los jueces que la juzgan en el marco de la causa Vialidad este martes la van a condenar y eso ser\u00e1 \u00abuna suerte de regalo para (H\u00e9ctor) Magnetto\u00bb, el CEO del Grupo Clar\u00edn. \u00abLa tapa de &#8216;Cristina condenada&#8217; y el 7D van a coincidir, en aluci\u00f3n a la [&hellip;]","og_url":"https:\/\/www.noticiasradioreflejos.com.ar\/2021\/la-vicepresidenta-dijo-que-su-condena-sera-una-suerte-de-regalo-para-magnetto\/","og_site_name":"Noticias Radio Reflejos","article_published_time":"2022-12-05T11:23:21+00:00","og_image":[{"url":"https:\/\/www.telam.com.ar\/thumbs\/bluesteel\/advf\/imagenes\/2022\/12\/638dccb4cbee9_1200.jpg","type":"","width":"","height":""}],"author":"Arnaldo Botto","twitter_card":"summary_large_image","schema":{"@context":"https:\/\/schema.org","@graph":[{"@type":"WebPage","@id":"https:\/\/www.noticiasradioreflejos.com.ar\/2021\/la-vicepresidenta-dijo-que-su-condena-sera-una-suerte-de-regalo-para-magnetto\/","url":"https:\/\/www.noticiasradioreflejos.com.ar\/2021\/la-vicepresidenta-dijo-que-su-condena-sera-una-suerte-de-regalo-para-magnetto\/","name":"La Vicepresidenta dijo que su condena ser\u00e1 \"una suerte de regalo para Magnetto\" - Noticias Radio Reflejos","isPartOf":{"@id":"https:\/\/www.noticiasradioreflejos.com.ar\/2021\/#website"},"primaryImageOfPage":{"@id":"https:\/\/www.noticiasradioreflejos.com.ar\/2021\/la-vicepresidenta-dijo-que-su-condena-sera-una-suerte-de-regalo-para-magnetto\/#primaryimage"},"image":{"@id":"https:\/\/www.noticiasradioreflejos.com.ar\/2021\/la-vicepresidenta-dijo-que-su-condena-sera-una-suerte-de-regalo-para-magnetto\/#primaryimage"},"thumbnailUrl":"https:\/\/www.telam.com.ar\/thumbs\/bluesteel\/advf\/imagenes\/2022\/12\/638dccb4cbee9_1200.jpg","datePublished":"2022-12-05T11:23:21+00:00","author":{"@id":"https:\/\/www.noticiasradioreflejos.com.ar\/2021\/#\/schema\/person\/ad82545263dcc5ec0996818884fd5fb1"},"breadcrumb":{"@id":"https:\/\/www.noticiasradioreflejos.com.ar\/2021\/la-vicepresidenta-dijo-que-su-condena-sera-una-suerte-de-regalo-para-magnetto\/#breadcrumb"},"inLanguage":"es","potentialAction":[{"@type":"ReadAction","target":["https:\/\/www.noticiasradioreflejos.com.ar\/2021\/la-vicepresidenta-dijo-que-su-condena-sera-una-suerte-de-regalo-para-magnetto\/"]}]},{"@type":"ImageObject","inLanguage":"es","@id":"https:\/\/www.noticiasradioreflejos.com.ar\/2021\/la-vicepresidenta-dijo-que-su-condena-sera-una-suerte-de-regalo-para-magnetto\/#primaryimage","url":"https:\/\/www.telam.com.ar\/thumbs\/bluesteel\/advf\/imagenes\/2022\/12\/638dccb4cbee9_1200.jpg","contentUrl":"https:\/\/www.telam.com.ar\/thumbs\/bluesteel\/advf\/imagenes\/2022\/12\/638dccb4cbee9_1200.jpg"},{"@type":"BreadcrumbList","@id":"https:\/\/www.noticiasradioreflejos.com.ar\/2021\/la-vicepresidenta-dijo-que-su-condena-sera-una-suerte-de-regalo-para-magnetto\/#breadcrumb","itemListElement":[{"@type":"ListItem","position":1,"name":"Portada","item":"https:\/\/www.noticiasradioreflejos.com.ar\/2021\/"},{"@type":"ListItem","position":2,"name":"La Vicepresidenta dijo que su condena ser\u00e1 \u00abuna suerte de regalo para Magnetto\u00bb"}]},{"@type":"WebSite","@id":"https:\/\/www.noticiasradioreflejos.com.ar\/2021\/#website","url":"https:\/\/www.noticiasradioreflejos.com.ar\/2021\/","name":"Noticias Radio Reflejos","description":"Las noticias de mi comarca","potentialAction":[{"@type":"SearchAction","target":{"@type":"EntryPoint","urlTemplate":"https:\/\/www.noticiasradioreflejos.com.ar\/2021\/?s={search_term_string}"},"query-input":{"@type":"PropertyValueSpecification","valueRequired":true,"valueName":"search_term_string"}}],"inLanguage":"es"},{"@type":"Person","@id":"https:\/\/www.noticiasradioreflejos.com.ar\/2021\/#\/schema\/person\/ad82545263dcc5ec0996818884fd5fb1","name":"Arnaldo Botto","image":{"@type":"ImageObject","inLanguage":"es","@id":"https:\/\/www.noticiasradioreflejos.com.ar\/2021\/#\/schema\/person\/image\/","url":"https:\/\/secure.gravatar.com\/avatar\/55cb5e37c1efa326397366e6974cb338056df65cb50e7d64d1cf314e87504837?s=96&d=mm&r=g","contentUrl":"https:\/\/secure.gravatar.com\/avatar\/55cb5e37c1efa326397366e6974cb338056df65cb50e7d64d1cf314e87504837?s=96&d=mm&r=g","caption":"Arnaldo Botto"},"url":"https:\/\/www.noticiasradioreflejos.com.ar\/2021\/author\/arnaldo\/"}]}},"_links":{"self":[{"href":"https:\/\/www.noticiasradioreflejos.com.ar\/2021\/wp-json\/wp\/v2\/posts\/80961","targetHints":{"allow":["GET"]}}],"collection":[{"href":"https:\/\/www.noticiasradioreflejos.com.ar\/2021\/wp-json\/wp\/v2\/posts"}],"about":[{"href":"https:\/\/www.noticiasradioreflejos.com.ar\/2021\/wp-json\/wp\/v2\/types\/post"}],"author":[{"embeddable":true,"href":"https:\/\/www.noticiasradioreflejos.com.ar\/2021\/wp-json\/wp\/v2\/users\/3"}],"replies":[{"embeddable":true,"href":"https:\/\/www.noticiasradioreflejos.com.ar\/2021\/wp-json\/wp\/v2\/comments?post=80961"}],"version-history":[{"count":1,"href":"https:\/\/www.noticiasradioreflejos.com.ar\/2021\/wp-json\/wp\/v2\/posts\/80961\/revisions"}],"predecessor-version":[{"id":80963,"href":"https:\/\/www.noticiasradioreflejos.com.ar\/2021\/wp-json\/wp\/v2\/posts\/80961\/revisions\/80963"}],"wp:attachment":[{"href":"https:\/\/www.noticiasradioreflejos.com.ar\/2021\/wp-json\/wp\/v2\/media?parent=80961"}],"wp:term":[{"taxonomy":"category","embeddable":true,"href":"https:\/\/www.noticiasradioreflejos.com.ar\/2021\/wp-json\/wp\/v2\/categories?post=80961"},{"taxonomy":"post_tag","embeddable":true,"href":"https:\/\/www.noticiasradioreflejos.com.ar\/2021\/wp-json\/wp\/v2\/tags?post=80961"}],"curies":[{"name":"wp","href":"https:\/\/api.w.org\/{rel}","templated":true}]}}