{"id":80959,"date":"2022-12-05T11:15:00","date_gmt":"2022-12-05T11:15:00","guid":{"rendered":"http:\/\/www.noticiasradioreflejos.com.ar\/2021\/?p=80959"},"modified":"2022-12-05T11:15:00","modified_gmt":"2022-12-05T11:15:00","slug":"fin-de-semana-largo-horarios-de-atencion-y-accesos-al-parque-provincial-ernesto-tornquist","status":"publish","type":"post","link":"https:\/\/www.noticiasradioreflejos.com.ar\/2021\/fin-de-semana-largo-horarios-de-atencion-y-accesos-al-parque-provincial-ernesto-tornquist\/","title":{"rendered":"Fin de semana largo: Horarios de atenci\u00f3n y accesos al Parque Provincial Ernesto Tornquist"},"content":{"rendered":"<p>8, 9 10 y 11 de DICIEMBRE en el Parque Provincial <!--more--><br \/>\n\ud83d\udfe2 HORARIO de ATENCI\u00d3N de 8hs a 17hs \ud83d\udfe2<br \/>\n\ud83d\udc49 El acceso a TODOS los senderos ser\u00e1 por orden de llegada hasta completar el cupo diario m\u00e1ximo permitido. <strong>No se toman reservas \ud83d\udc48<\/strong><\/p>\n<p>&nbsp;<\/p>\n<p><a data-flickr-embed=\"true\" href=\"https:\/\/www.flickr.com\/photos\/182279889@N02\/52543575582\/in\/dateposted-public\/\" title=\"Acceso al ppet\"><img loading=\"lazy\" decoding=\"async\" src=\"https:\/\/live.staticflickr.com\/65535\/52543575582_c1b25fae6b_z.jpg\" width=\"640\" height=\"480\" alt=\"Acceso al ppet\"><\/a><script async src=\"\/\/embedr.flickr.com\/assets\/client-code.js\" charset=\"utf-8\"><\/script><\/p>\n<p>\ud83d\udfe0 BASE Cerro de la Ventana (RP 76 km 226) \ud83d\udfe0<br \/>\n\u26a0\ufe0fEste sector no dispone de servicio de kiosco\u26a0\ufe0f<br \/>\n\u2705 El ingreso al Monumento Natural Cerro de la Ventana es \u00daNICAMENTE con gu\u00eda habilitado, el registro para la formaci\u00f3n de los grupos ser\u00e1 a las 8hs, se deber\u00e1 formar fila (indistinto sea el medio de locomoci\u00f3n) detr\u00e1s de la valla para estar dentro de los cupos del d\u00eda. Es una actividad de m\u00e1xima exigencia f\u00edsica, de unas 6hs de duraci\u00f3n total, para mayores de 7 a\u00f1os<br \/>\n\ud83d\udd38 Requisitos \ud83d\udc49 calzado cerrado, deportivo o de trekking, 2 litros de agua por persona (SIN EXCEPCI\u00d3N) y vianda en mochila, se recomienda protecci\u00f3n solar y abrigo adicional<br \/>\n\u2705 La visita guiada a Garganta del Diablo se ofrecer\u00e1 el Viernes 9 y el S\u00e1bado 10 a las 8hs. Los cupos son limitados. Es una actividad de m\u00e1xima exigencia f\u00edsica, de unas 6hs de duraci\u00f3n total, para mayores de 12 a\u00f1os<br \/>\n\ud83d\udd38 Requisitos \ud83d\udc49 calzado cerrado, deportivo o de trekking, 2 litros de agua por persona (SIN EXCEPCI\u00d3N) y vianda en mochila, se recomienda protecci\u00f3n solar y abrigo adicional<br \/>\n\u2705 Los senderos autoguiados Piletones Naturales y Garganta Olvidada abrir\u00e1n a partir de las 9:30hs \ud83e\udd7e\ud83d\udca7\ud83c\udf92\ud83e\udde3<\/p>\n<p>&nbsp;<\/p>\n<p>\ud83d\udfe0 BASE Cerro Bah\u00eda Blanca (RP 76 km 222) \ud83d\udfe0<br \/>\n\u2705 Los senderos autoguiados Cerro Bah\u00eda Blanca y Claro Oscuro abrir\u00e1n a partir de las 8hs \ud83e\udd7e\ud83d\udca7\ud83c\udf92\ud83e\udde3<br \/>\n\u2705 La visita guiada 5 Desaf\u00edos se ofrecer\u00e1 los cuatro d\u00edas a las 11hs. Los cupos son limitados. Es una actividad de m\u00ednimo esfuerzo f\u00edsico, de 1:30hs de duraci\u00f3n total, para mayores de 4 a\u00f1os<br \/>\n\ud83d\udd38Requisitos \ud83d\udc49 calzado cerrado, deportivo o de trekking, 1 litro de agua por persona en mochila, se recomienda protecci\u00f3n solar y abrigo adicional<br \/>\n\u2705 La visita guiada Huella Ancha se ofrecer\u00e1 el Jueves 8 y Viernes 9 a las 10hs. Los cupos son limitados. Es una actividad de moderado esfuerzo f\u00edsico, de 2\/3hs de duraci\u00f3n total, para mayores de 4 a\u00f1os<br \/>\n\ud83d\udd38 Requisitos \ud83d\udc49 calzado cerrado, deportivo o de trekking, 1 litro de agua por persona en mochila, se recomienda protecci\u00f3n solar y abrigo adicional<br \/>\n\u26a0\ufe0f La habilitaci\u00f3n de los senderos depender\u00e1 de las condiciones meteorol\u00f3gicas y del estado de los mismos, mientras no est\u00e9n transitables, permanecer\u00e1n cerrados por razones de seguridad y conservaci\u00f3n \u26a0\ufe0f<\/p>\n<p>&nbsp;<\/p>\n<p>\ud83d\udd35 IMPORTANTE RECORDAR \ud83d\udd35<br \/>\n\ud83d\udd39 TODOS los senderos son agrestes. Requieren buen estado psicof\u00edsico, los senderos autoguiados NO son aptos para menores de 4 a\u00f1os, tienen desniveles, por razones de seguridad no est\u00e1 permitido ingresar con ni\u00f1os en brazos o sobre los hombros, podr\u00e1n acceder \u00fanicamente utilizando una mochila de traslado.<br \/>\n\ud83d\udd39 Utilizar calzado cerrado, deportivo o de trekking, con suela adherente y vestimenta acorde a la \u00e9poca del a\u00f1o.<br \/>\n\ud83d\udd39 Traer agua en mochila, 1 litro por persona para senderos autoguiados, 2 litros por persona para senderos guiados (SIN EXCEPCI\u00d3N).<br \/>\n\ud83d\udd39 No est\u00e1 permitido el uso de drones.<br \/>\n\ud83d\udd39 Por ley, 10.907 de Reservas y Parques Naturales, art\u00edculo 20, incisos e y f, dentro de las \u00c1reas Naturales Protegidas no est\u00e1 permitido ingresar con animales dom\u00e9sticos.<br \/>\n\ud83d\udd39 Uso responsable de fogones en el sector de la Base del Cerro Bah\u00eda Blanca (son sin costo, por orden de llegada), volver con los residuos generados y asegurarse de apagar con abundante agua antes de retirarse.<br \/>\n\u2753CONSULTAS de jueves a lunes de 10hs a 15hs<br \/>\n*\ufe0f\u20e3 Mensaje privado Facebook<\/p>\n","protected":false},"excerpt":{"rendered":"<p>8, 9 10 y 11 de DICIEMBRE en el Parque Provincial<\/p>\n","protected":false},"author":3,"featured_media":56733,"comment_status":"closed","ping_status":"closed","sticky":false,"template":"","format":"standard","meta":{"footnotes":""},"categories":[33],"tags":[48],"class_list":["post-80959","post","type-post","status-publish","format-standard","has-post-thumbnail","hentry","category-turismo","tag-destacada"],"yoast_head":"<!-- This site is optimized with the Yoast SEO plugin v25.9 - https:\/\/yoast.com\/wordpress\/plugins\/seo\/ -->\n<title>Fin de semana largo: Horarios de atenci\u00f3n y accesos al Parque Provincial Ernesto Tornquist - Noticias Radio Reflejos<\/title>\n<meta name=\"robots\" content=\"index, follow, max-snippet:-1, max-image-preview:large, max-video-preview:-1\" \/>\n<link rel=\"canonical\" href=\"https:\/\/www.noticiasradioreflejos.com.ar\/2021\/fin-de-semana-largo-horarios-de-atencion-y-accesos-al-parque-provincial-ernesto-tornquist\/\" \/>\n<meta property=\"og:locale\" content=\"es_ES\" \/>\n<meta property=\"og:type\" content=\"article\" \/>\n<meta property=\"og:title\" content=\"Fin de semana largo: Horarios de atenci\u00f3n y accesos al Parque Provincial Ernesto Tornquist - Noticias Radio Reflejos\" \/>\n<meta property=\"og:description\" content=\"8, 9 10 y 11 de DICIEMBRE en el Parque Provincial\" \/>\n<meta property=\"og:url\" content=\"https:\/\/www.noticiasradioreflejos.com.ar\/2021\/fin-de-semana-largo-horarios-de-atencion-y-accesos-al-parque-provincial-ernesto-tornquist\/\" \/>\n<meta property=\"og:site_name\" content=\"Noticias Radio Reflejos\" \/>\n<meta property=\"article:published_time\" content=\"2022-12-05T11:15:00+00:00\" \/>\n<meta property=\"og:image\" content=\"https:\/\/www.noticiasradioreflejos.com.ar\/2021\/wp-content\/uploads\/2021\/05\/Parque-Provincial-Ernesto-Tornquist.jpeg\" \/>\n\t<meta property=\"og:image:width\" content=\"777\" \/>\n\t<meta property=\"og:image:height\" content=\"415\" \/>\n\t<meta property=\"og:image:type\" content=\"image\/jpeg\" \/>\n<meta name=\"author\" content=\"Arnaldo Botto\" \/>\n<meta name=\"twitter:card\" content=\"summary_large_image\" \/>\n<script type=\"application\/ld+json\" class=\"yoast-schema-graph\">{\"@context\":\"https:\/\/schema.org\",\"@graph\":[{\"@type\":\"WebPage\",\"@id\":\"https:\/\/www.noticiasradioreflejos.com.ar\/2021\/fin-de-semana-largo-horarios-de-atencion-y-accesos-al-parque-provincial-ernesto-tornquist\/\",\"url\":\"https:\/\/www.noticiasradioreflejos.com.ar\/2021\/fin-de-semana-largo-horarios-de-atencion-y-accesos-al-parque-provincial-ernesto-tornquist\/\",\"name\":\"Fin de semana largo: Horarios de atenci\u00f3n y accesos al Parque Provincial Ernesto Tornquist - Noticias Radio Reflejos\",\"isPartOf\":{\"@id\":\"https:\/\/www.noticiasradioreflejos.com.ar\/2021\/#website\"},\"primaryImageOfPage\":{\"@id\":\"https:\/\/www.noticiasradioreflejos.com.ar\/2021\/fin-de-semana-largo-horarios-de-atencion-y-accesos-al-parque-provincial-ernesto-tornquist\/#primaryimage\"},\"image\":{\"@id\":\"https:\/\/www.noticiasradioreflejos.com.ar\/2021\/fin-de-semana-largo-horarios-de-atencion-y-accesos-al-parque-provincial-ernesto-tornquist\/#primaryimage\"},\"thumbnailUrl\":\"https:\/\/www.noticiasradioreflejos.com.ar\/2021\/wp-content\/uploads\/2021\/05\/Parque-Provincial-Ernesto-Tornquist.jpeg\",\"datePublished\":\"2022-12-05T11:15:00+00:00\",\"author\":{\"@id\":\"https:\/\/www.noticiasradioreflejos.com.ar\/2021\/#\/schema\/person\/ad82545263dcc5ec0996818884fd5fb1\"},\"breadcrumb\":{\"@id\":\"https:\/\/www.noticiasradioreflejos.com.ar\/2021\/fin-de-semana-largo-horarios-de-atencion-y-accesos-al-parque-provincial-ernesto-tornquist\/#breadcrumb\"},\"inLanguage\":\"es\",\"potentialAction\":[{\"@type\":\"ReadAction\",\"target\":[\"https:\/\/www.noticiasradioreflejos.com.ar\/2021\/fin-de-semana-largo-horarios-de-atencion-y-accesos-al-parque-provincial-ernesto-tornquist\/\"]}]},{\"@type\":\"ImageObject\",\"inLanguage\":\"es\",\"@id\":\"https:\/\/www.noticiasradioreflejos.com.ar\/2021\/fin-de-semana-largo-horarios-de-atencion-y-accesos-al-parque-provincial-ernesto-tornquist\/#primaryimage\",\"url\":\"https:\/\/www.noticiasradioreflejos.com.ar\/2021\/wp-content\/uploads\/2021\/05\/Parque-Provincial-Ernesto-Tornquist.jpeg\",\"contentUrl\":\"https:\/\/www.noticiasradioreflejos.com.ar\/2021\/wp-content\/uploads\/2021\/05\/Parque-Provincial-Ernesto-Tornquist.jpeg\",\"width\":777,\"height\":415},{\"@type\":\"BreadcrumbList\",\"@id\":\"https:\/\/www.noticiasradioreflejos.com.ar\/2021\/fin-de-semana-largo-horarios-de-atencion-y-accesos-al-parque-provincial-ernesto-tornquist\/#breadcrumb\",\"itemListElement\":[{\"@type\":\"ListItem\",\"position\":1,\"name\":\"Portada\",\"item\":\"https:\/\/www.noticiasradioreflejos.com.ar\/2021\/\"},{\"@type\":\"ListItem\",\"position\":2,\"name\":\"Fin de semana largo: Horarios de atenci\u00f3n y accesos al Parque Provincial Ernesto Tornquist\"}]},{\"@type\":\"WebSite\",\"@id\":\"https:\/\/www.noticiasradioreflejos.com.ar\/2021\/#website\",\"url\":\"https:\/\/www.noticiasradioreflejos.com.ar\/2021\/\",\"name\":\"Noticias Radio Reflejos\",\"description\":\"Las noticias de mi comarca\",\"potentialAction\":[{\"@type\":\"SearchAction\",\"target\":{\"@type\":\"EntryPoint\",\"urlTemplate\":\"https:\/\/www.noticiasradioreflejos.com.ar\/2021\/?s={search_term_string}\"},\"query-input\":{\"@type\":\"PropertyValueSpecification\",\"valueRequired\":true,\"valueName\":\"search_term_string\"}}],\"inLanguage\":\"es\"},{\"@type\":\"Person\",\"@id\":\"https:\/\/www.noticiasradioreflejos.com.ar\/2021\/#\/schema\/person\/ad82545263dcc5ec0996818884fd5fb1\",\"name\":\"Arnaldo Botto\",\"image\":{\"@type\":\"ImageObject\",\"inLanguage\":\"es\",\"@id\":\"https:\/\/www.noticiasradioreflejos.com.ar\/2021\/#\/schema\/person\/image\/\",\"url\":\"https:\/\/secure.gravatar.com\/avatar\/55cb5e37c1efa326397366e6974cb338056df65cb50e7d64d1cf314e87504837?s=96&d=mm&r=g\",\"contentUrl\":\"https:\/\/secure.gravatar.com\/avatar\/55cb5e37c1efa326397366e6974cb338056df65cb50e7d64d1cf314e87504837?s=96&d=mm&r=g\",\"caption\":\"Arnaldo Botto\"},\"url\":\"https:\/\/www.noticiasradioreflejos.com.ar\/2021\/author\/arnaldo\/\"}]}<\/script>\n<!-- \/ Yoast SEO plugin. -->","yoast_head_json":{"title":"Fin de semana largo: Horarios de atenci\u00f3n y accesos al Parque Provincial Ernesto Tornquist - Noticias Radio Reflejos","robots":{"index":"index","follow":"follow","max-snippet":"max-snippet:-1","max-image-preview":"max-image-preview:large","max-video-preview":"max-video-preview:-1"},"canonical":"https:\/\/www.noticiasradioreflejos.com.ar\/2021\/fin-de-semana-largo-horarios-de-atencion-y-accesos-al-parque-provincial-ernesto-tornquist\/","og_locale":"es_ES","og_type":"article","og_title":"Fin de semana largo: Horarios de atenci\u00f3n y accesos al Parque Provincial Ernesto Tornquist - Noticias Radio Reflejos","og_description":"8, 9 10 y 11 de DICIEMBRE en el Parque Provincial","og_url":"https:\/\/www.noticiasradioreflejos.com.ar\/2021\/fin-de-semana-largo-horarios-de-atencion-y-accesos-al-parque-provincial-ernesto-tornquist\/","og_site_name":"Noticias Radio Reflejos","article_published_time":"2022-12-05T11:15:00+00:00","og_image":[{"width":777,"height":415,"url":"https:\/\/www.noticiasradioreflejos.com.ar\/2021\/wp-content\/uploads\/2021\/05\/Parque-Provincial-Ernesto-Tornquist.jpeg","type":"image\/jpeg"}],"author":"Arnaldo Botto","twitter_card":"summary_large_image","schema":{"@context":"https:\/\/schema.org","@graph":[{"@type":"WebPage","@id":"https:\/\/www.noticiasradioreflejos.com.ar\/2021\/fin-de-semana-largo-horarios-de-atencion-y-accesos-al-parque-provincial-ernesto-tornquist\/","url":"https:\/\/www.noticiasradioreflejos.com.ar\/2021\/fin-de-semana-largo-horarios-de-atencion-y-accesos-al-parque-provincial-ernesto-tornquist\/","name":"Fin de semana largo: Horarios de atenci\u00f3n y accesos al Parque Provincial Ernesto Tornquist - Noticias Radio Reflejos","isPartOf":{"@id":"https:\/\/www.noticiasradioreflejos.com.ar\/2021\/#website"},"primaryImageOfPage":{"@id":"https:\/\/www.noticiasradioreflejos.com.ar\/2021\/fin-de-semana-largo-horarios-de-atencion-y-accesos-al-parque-provincial-ernesto-tornquist\/#primaryimage"},"image":{"@id":"https:\/\/www.noticiasradioreflejos.com.ar\/2021\/fin-de-semana-largo-horarios-de-atencion-y-accesos-al-parque-provincial-ernesto-tornquist\/#primaryimage"},"thumbnailUrl":"https:\/\/www.noticiasradioreflejos.com.ar\/2021\/wp-content\/uploads\/2021\/05\/Parque-Provincial-Ernesto-Tornquist.jpeg","datePublished":"2022-12-05T11:15:00+00:00","author":{"@id":"https:\/\/www.noticiasradioreflejos.com.ar\/2021\/#\/schema\/person\/ad82545263dcc5ec0996818884fd5fb1"},"breadcrumb":{"@id":"https:\/\/www.noticiasradioreflejos.com.ar\/2021\/fin-de-semana-largo-horarios-de-atencion-y-accesos-al-parque-provincial-ernesto-tornquist\/#breadcrumb"},"inLanguage":"es","potentialAction":[{"@type":"ReadAction","target":["https:\/\/www.noticiasradioreflejos.com.ar\/2021\/fin-de-semana-largo-horarios-de-atencion-y-accesos-al-parque-provincial-ernesto-tornquist\/"]}]},{"@type":"ImageObject","inLanguage":"es","@id":"https:\/\/www.noticiasradioreflejos.com.ar\/2021\/fin-de-semana-largo-horarios-de-atencion-y-accesos-al-parque-provincial-ernesto-tornquist\/#primaryimage","url":"https:\/\/www.noticiasradioreflejos.com.ar\/2021\/wp-content\/uploads\/2021\/05\/Parque-Provincial-Ernesto-Tornquist.jpeg","contentUrl":"https:\/\/www.noticiasradioreflejos.com.ar\/2021\/wp-content\/uploads\/2021\/05\/Parque-Provincial-Ernesto-Tornquist.jpeg","width":777,"height":415},{"@type":"BreadcrumbList","@id":"https:\/\/www.noticiasradioreflejos.com.ar\/2021\/fin-de-semana-largo-horarios-de-atencion-y-accesos-al-parque-provincial-ernesto-tornquist\/#breadcrumb","itemListElement":[{"@type":"ListItem","position":1,"name":"Portada","item":"https:\/\/www.noticiasradioreflejos.com.ar\/2021\/"},{"@type":"ListItem","position":2,"name":"Fin de semana largo: Horarios de atenci\u00f3n y accesos al Parque Provincial Ernesto Tornquist"}]},{"@type":"WebSite","@id":"https:\/\/www.noticiasradioreflejos.com.ar\/2021\/#website","url":"https:\/\/www.noticiasradioreflejos.com.ar\/2021\/","name":"Noticias Radio Reflejos","description":"Las noticias de mi comarca","potentialAction":[{"@type":"SearchAction","target":{"@type":"EntryPoint","urlTemplate":"https:\/\/www.noticiasradioreflejos.com.ar\/2021\/?s={search_term_string}"},"query-input":{"@type":"PropertyValueSpecification","valueRequired":true,"valueName":"search_term_string"}}],"inLanguage":"es"},{"@type":"Person","@id":"https:\/\/www.noticiasradioreflejos.com.ar\/2021\/#\/schema\/person\/ad82545263dcc5ec0996818884fd5fb1","name":"Arnaldo Botto","image":{"@type":"ImageObject","inLanguage":"es","@id":"https:\/\/www.noticiasradioreflejos.com.ar\/2021\/#\/schema\/person\/image\/","url":"https:\/\/secure.gravatar.com\/avatar\/55cb5e37c1efa326397366e6974cb338056df65cb50e7d64d1cf314e87504837?s=96&d=mm&r=g","contentUrl":"https:\/\/secure.gravatar.com\/avatar\/55cb5e37c1efa326397366e6974cb338056df65cb50e7d64d1cf314e87504837?s=96&d=mm&r=g","caption":"Arnaldo Botto"},"url":"https:\/\/www.noticiasradioreflejos.com.ar\/2021\/author\/arnaldo\/"}]}},"_links":{"self":[{"href":"https:\/\/www.noticiasradioreflejos.com.ar\/2021\/wp-json\/wp\/v2\/posts\/80959","targetHints":{"allow":["GET"]}}],"collection":[{"href":"https:\/\/www.noticiasradioreflejos.com.ar\/2021\/wp-json\/wp\/v2\/posts"}],"about":[{"href":"https:\/\/www.noticiasradioreflejos.com.ar\/2021\/wp-json\/wp\/v2\/types\/post"}],"author":[{"embeddable":true,"href":"https:\/\/www.noticiasradioreflejos.com.ar\/2021\/wp-json\/wp\/v2\/users\/3"}],"replies":[{"embeddable":true,"href":"https:\/\/www.noticiasradioreflejos.com.ar\/2021\/wp-json\/wp\/v2\/comments?post=80959"}],"version-history":[{"count":1,"href":"https:\/\/www.noticiasradioreflejos.com.ar\/2021\/wp-json\/wp\/v2\/posts\/80959\/revisions"}],"predecessor-version":[{"id":80960,"href":"https:\/\/www.noticiasradioreflejos.com.ar\/2021\/wp-json\/wp\/v2\/posts\/80959\/revisions\/80960"}],"wp:featuredmedia":[{"embeddable":true,"href":"https:\/\/www.noticiasradioreflejos.com.ar\/2021\/wp-json\/wp\/v2\/media\/56733"}],"wp:attachment":[{"href":"https:\/\/www.noticiasradioreflejos.com.ar\/2021\/wp-json\/wp\/v2\/media?parent=80959"}],"wp:term":[{"taxonomy":"category","embeddable":true,"href":"https:\/\/www.noticiasradioreflejos.com.ar\/2021\/wp-json\/wp\/v2\/categories?post=80959"},{"taxonomy":"post_tag","embeddable":true,"href":"https:\/\/www.noticiasradioreflejos.com.ar\/2021\/wp-json\/wp\/v2\/tags?post=80959"}],"curies":[{"name":"wp","href":"https:\/\/api.w.org\/{rel}","templated":true}]}}