{"id":80952,"date":"2022-12-05T10:48:59","date_gmt":"2022-12-05T10:48:59","guid":{"rendered":"http:\/\/www.noticiasradioreflejos.com.ar\/2021\/?p=80952"},"modified":"2022-12-05T10:48:59","modified_gmt":"2022-12-05T10:48:59","slug":"sube-el-piso-de-ganancias-sera-de-404-mil-a-partir-del-1-de-enero","status":"publish","type":"post","link":"https:\/\/www.noticiasradioreflejos.com.ar\/2021\/sube-el-piso-de-ganancias-sera-de-404-mil-a-partir-del-1-de-enero\/","title":{"rendered":"Sube el piso de Ganancias: ser\u00e1 de $404 mil a partir del 1\u00b0 de enero"},"content":{"rendered":"<header id=\"mvp-post-head\" class=\"left relative\">Se debe a que la remuneraci\u00f3n promedio imponible de los trabajadores registrados creci\u00f3 en octubre el 78,8% respecto de igual mes del a\u00f1o pasado, por debajo de la inflaci\u00f3n anual.<\/p>\n<div class=\"at-below-post addthis_tool\" data-url=\"https:\/\/www.labrujula24.com\/notas\/2022\/12\/04\/sube-el-piso-de-ganancias-sera-de-404-mil-a-partir-del-1-de-enero-n260352\/\" data-title=\"Sube el piso de Ganancias: ser\u00e1 de $404 mil a partir del 1\u00b0 de enero\" data-description=\"Se debe a que la remuneraci\u00f3n promedio imponible de los trabajadores registrados creci\u00f3 en octubre el 78,8% respecto de igual mes del a\u00f1o pasado, por debajo de la inflaci\u00f3n anual.\">\n<div id=\"atstbx\" class=\"at-resp-share-element at-style-responsive addthis-smartlayers addthis-animated at4-show\" role=\"region\" aria-labelledby=\"at-f3d02a71-545f-4118-b0e5-844c757139bb\"><\/div>\n<\/div>\n<\/header>\n<p><!--more--><\/p>\n<div class=\"mvp-post-main-out left relative\">\n<div class=\"mvp-post-main-in\">\n<div id=\"mvp-post-content\" class=\"left relative\">\n<div id=\"mvp-post-feat-img\" class=\"left relative mvp-post-feat-img-wide2\"><\/div>\n<div id=\"mvp-content-wrap\" class=\"left relative\">\n<div class=\"mvp-post-soc-out right relative\">\n<div class=\"mvp-post-soc-in\">\n<div id=\"mvp-content-body\" class=\"left relative\">\n<div id=\"mvp-content-body-top\" class=\"left relative\">\n<div id=\"mvp-content-main\" class=\"left relative\">\n<div id=\"textbody\">\n<p>A partir del 1\u00b0 de enero las escalas y las deducciones del Impuesto a las Ganancias de la cuarta categor\u00eda subir\u00e1n el 78,8% lo que significa que mayor cantidad de personas quedar\u00e1n alcanzadas por el tributo.<\/p>\n<p>La suba se aplica en funci\u00f3n de la evoluci\u00f3n de la Remuneraci\u00f3n Imponible Promedio de los Trabajadores Registrados (RIPTE) de octubre, el indicador que elabora el Ministerio de Trabajo.<\/p>\n<p>Como la suba de las escalas del impuesto se aplican desde el primer d\u00eda h\u00e1bil de cada a\u00f1o va a quedar muy abajo de la inflaci\u00f3n, que va a acumular en 2022 cerca del 100%, de modo que en las escalas m\u00e1s altas los trabajadores pasar\u00e1n a pagar al\u00edcuotas superiores m\u00e1s r\u00e1pidamente.<\/p>\n<p>T\u00e9cnicamente, los empleados que ganen $173.834 deber\u00edan pagar una al\u00edcuota del 5%; los que perciban entre esa cifra y $347.669, el 9%; y los que llegan hasta $521.503, el 13%. Pero por efecto del aumento de la deducci\u00f3n especial incrementada por ley, aunque est\u00e1n alcanzados, no pagar\u00e1n.<\/p>\n<p>As\u00ed, el piso del Impuesto a las Ganancias para los asalariados pasar\u00e1 de los actuales $330.000 a $404.062 desde el pr\u00f3ximo 1ro de enero. El gobierno todav\u00eda no ha aplicado estos cambios, pero se estima que el Ministerio de Econom\u00eda lo haga en los pr\u00f3ximos d\u00edas.<\/p>\n<p>Fuente: \u00c1mbito<\/p>\n<\/div>\n<\/div>\n<\/div>\n<\/div>\n<\/div>\n<\/div>\n<\/div>\n<\/div>\n<\/div>\n<\/div>\n","protected":false},"excerpt":{"rendered":"<p>Se debe a que la remuneraci\u00f3n promedio imponible de los trabajadores registrados creci\u00f3 en octubre el 78,8% respecto de igual mes del a\u00f1o pasado, por debajo de la inflaci\u00f3n anual.<\/p>\n","protected":false},"author":3,"featured_media":0,"comment_status":"closed","ping_status":"closed","sticky":false,"template":"","format":"standard","meta":{"footnotes":""},"categories":[36],"tags":[],"class_list":["post-80952","post","type-post","status-publish","format-standard","hentry","category-economia"],"yoast_head":"<!-- This site is optimized with the Yoast SEO plugin v25.9 - https:\/\/yoast.com\/wordpress\/plugins\/seo\/ -->\n<title>Sube el piso de Ganancias: ser\u00e1 de $404 mil a partir del 1\u00b0 de enero - Noticias Radio Reflejos<\/title>\n<meta name=\"robots\" content=\"index, follow, max-snippet:-1, max-image-preview:large, max-video-preview:-1\" \/>\n<link rel=\"canonical\" href=\"https:\/\/www.noticiasradioreflejos.com.ar\/2021\/sube-el-piso-de-ganancias-sera-de-404-mil-a-partir-del-1-de-enero\/\" \/>\n<meta property=\"og:locale\" content=\"es_ES\" \/>\n<meta property=\"og:type\" content=\"article\" \/>\n<meta property=\"og:title\" content=\"Sube el piso de Ganancias: ser\u00e1 de $404 mil a partir del 1\u00b0 de enero - Noticias Radio Reflejos\" \/>\n<meta property=\"og:description\" content=\"Se debe a que la remuneraci\u00f3n promedio imponible de los trabajadores registrados creci\u00f3 en octubre el 78,8% respecto de igual mes del a\u00f1o pasado, por debajo de la inflaci\u00f3n anual.\" \/>\n<meta property=\"og:url\" content=\"https:\/\/www.noticiasradioreflejos.com.ar\/2021\/sube-el-piso-de-ganancias-sera-de-404-mil-a-partir-del-1-de-enero\/\" \/>\n<meta property=\"og:site_name\" content=\"Noticias Radio Reflejos\" \/>\n<meta property=\"article:published_time\" content=\"2022-12-05T10:48:59+00:00\" \/>\n<meta property=\"og:image\" content=\"https:\/\/www.noticiasradioreflejos.com.ar\/2021\/wp-content\/uploads\/2021\/07\/logosol300x200.png\" \/>\n\t<meta property=\"og:image:width\" content=\"300\" \/>\n\t<meta property=\"og:image:height\" content=\"200\" \/>\n\t<meta property=\"og:image:type\" content=\"image\/png\" \/>\n<meta name=\"author\" content=\"Arnaldo Botto\" \/>\n<meta name=\"twitter:card\" content=\"summary_large_image\" \/>\n<script type=\"application\/ld+json\" class=\"yoast-schema-graph\">{\"@context\":\"https:\/\/schema.org\",\"@graph\":[{\"@type\":\"WebPage\",\"@id\":\"https:\/\/www.noticiasradioreflejos.com.ar\/2021\/sube-el-piso-de-ganancias-sera-de-404-mil-a-partir-del-1-de-enero\/\",\"url\":\"https:\/\/www.noticiasradioreflejos.com.ar\/2021\/sube-el-piso-de-ganancias-sera-de-404-mil-a-partir-del-1-de-enero\/\",\"name\":\"Sube el piso de Ganancias: ser\u00e1 de $404 mil a partir del 1\u00b0 de enero - Noticias Radio Reflejos\",\"isPartOf\":{\"@id\":\"https:\/\/www.noticiasradioreflejos.com.ar\/2021\/#website\"},\"datePublished\":\"2022-12-05T10:48:59+00:00\",\"author\":{\"@id\":\"https:\/\/www.noticiasradioreflejos.com.ar\/2021\/#\/schema\/person\/ad82545263dcc5ec0996818884fd5fb1\"},\"breadcrumb\":{\"@id\":\"https:\/\/www.noticiasradioreflejos.com.ar\/2021\/sube-el-piso-de-ganancias-sera-de-404-mil-a-partir-del-1-de-enero\/#breadcrumb\"},\"inLanguage\":\"es\",\"potentialAction\":[{\"@type\":\"ReadAction\",\"target\":[\"https:\/\/www.noticiasradioreflejos.com.ar\/2021\/sube-el-piso-de-ganancias-sera-de-404-mil-a-partir-del-1-de-enero\/\"]}]},{\"@type\":\"BreadcrumbList\",\"@id\":\"https:\/\/www.noticiasradioreflejos.com.ar\/2021\/sube-el-piso-de-ganancias-sera-de-404-mil-a-partir-del-1-de-enero\/#breadcrumb\",\"itemListElement\":[{\"@type\":\"ListItem\",\"position\":1,\"name\":\"Portada\",\"item\":\"https:\/\/www.noticiasradioreflejos.com.ar\/2021\/\"},{\"@type\":\"ListItem\",\"position\":2,\"name\":\"Sube el piso de Ganancias: ser\u00e1 de $404 mil a partir del 1\u00b0 de enero\"}]},{\"@type\":\"WebSite\",\"@id\":\"https:\/\/www.noticiasradioreflejos.com.ar\/2021\/#website\",\"url\":\"https:\/\/www.noticiasradioreflejos.com.ar\/2021\/\",\"name\":\"Noticias Radio Reflejos\",\"description\":\"Las noticias de mi comarca\",\"potentialAction\":[{\"@type\":\"SearchAction\",\"target\":{\"@type\":\"EntryPoint\",\"urlTemplate\":\"https:\/\/www.noticiasradioreflejos.com.ar\/2021\/?s={search_term_string}\"},\"query-input\":{\"@type\":\"PropertyValueSpecification\",\"valueRequired\":true,\"valueName\":\"search_term_string\"}}],\"inLanguage\":\"es\"},{\"@type\":\"Person\",\"@id\":\"https:\/\/www.noticiasradioreflejos.com.ar\/2021\/#\/schema\/person\/ad82545263dcc5ec0996818884fd5fb1\",\"name\":\"Arnaldo Botto\",\"image\":{\"@type\":\"ImageObject\",\"inLanguage\":\"es\",\"@id\":\"https:\/\/www.noticiasradioreflejos.com.ar\/2021\/#\/schema\/person\/image\/\",\"url\":\"https:\/\/secure.gravatar.com\/avatar\/55cb5e37c1efa326397366e6974cb338056df65cb50e7d64d1cf314e87504837?s=96&d=mm&r=g\",\"contentUrl\":\"https:\/\/secure.gravatar.com\/avatar\/55cb5e37c1efa326397366e6974cb338056df65cb50e7d64d1cf314e87504837?s=96&d=mm&r=g\",\"caption\":\"Arnaldo Botto\"},\"url\":\"https:\/\/www.noticiasradioreflejos.com.ar\/2021\/author\/arnaldo\/\"}]}<\/script>\n<!-- \/ Yoast SEO plugin. -->","yoast_head_json":{"title":"Sube el piso de Ganancias: ser\u00e1 de $404 mil a partir del 1\u00b0 de enero - Noticias Radio Reflejos","robots":{"index":"index","follow":"follow","max-snippet":"max-snippet:-1","max-image-preview":"max-image-preview:large","max-video-preview":"max-video-preview:-1"},"canonical":"https:\/\/www.noticiasradioreflejos.com.ar\/2021\/sube-el-piso-de-ganancias-sera-de-404-mil-a-partir-del-1-de-enero\/","og_locale":"es_ES","og_type":"article","og_title":"Sube el piso de Ganancias: ser\u00e1 de $404 mil a partir del 1\u00b0 de enero - Noticias Radio Reflejos","og_description":"Se debe a que la remuneraci\u00f3n promedio imponible de los trabajadores registrados creci\u00f3 en octubre el 78,8% respecto de igual mes del a\u00f1o pasado, por debajo de la inflaci\u00f3n anual.","og_url":"https:\/\/www.noticiasradioreflejos.com.ar\/2021\/sube-el-piso-de-ganancias-sera-de-404-mil-a-partir-del-1-de-enero\/","og_site_name":"Noticias Radio Reflejos","article_published_time":"2022-12-05T10:48:59+00:00","og_image":[{"width":300,"height":200,"url":"https:\/\/www.noticiasradioreflejos.com.ar\/2021\/wp-content\/uploads\/2021\/07\/logosol300x200.png","type":"image\/png"}],"author":"Arnaldo Botto","twitter_card":"summary_large_image","schema":{"@context":"https:\/\/schema.org","@graph":[{"@type":"WebPage","@id":"https:\/\/www.noticiasradioreflejos.com.ar\/2021\/sube-el-piso-de-ganancias-sera-de-404-mil-a-partir-del-1-de-enero\/","url":"https:\/\/www.noticiasradioreflejos.com.ar\/2021\/sube-el-piso-de-ganancias-sera-de-404-mil-a-partir-del-1-de-enero\/","name":"Sube el piso de Ganancias: ser\u00e1 de $404 mil a partir del 1\u00b0 de enero - Noticias Radio Reflejos","isPartOf":{"@id":"https:\/\/www.noticiasradioreflejos.com.ar\/2021\/#website"},"datePublished":"2022-12-05T10:48:59+00:00","author":{"@id":"https:\/\/www.noticiasradioreflejos.com.ar\/2021\/#\/schema\/person\/ad82545263dcc5ec0996818884fd5fb1"},"breadcrumb":{"@id":"https:\/\/www.noticiasradioreflejos.com.ar\/2021\/sube-el-piso-de-ganancias-sera-de-404-mil-a-partir-del-1-de-enero\/#breadcrumb"},"inLanguage":"es","potentialAction":[{"@type":"ReadAction","target":["https:\/\/www.noticiasradioreflejos.com.ar\/2021\/sube-el-piso-de-ganancias-sera-de-404-mil-a-partir-del-1-de-enero\/"]}]},{"@type":"BreadcrumbList","@id":"https:\/\/www.noticiasradioreflejos.com.ar\/2021\/sube-el-piso-de-ganancias-sera-de-404-mil-a-partir-del-1-de-enero\/#breadcrumb","itemListElement":[{"@type":"ListItem","position":1,"name":"Portada","item":"https:\/\/www.noticiasradioreflejos.com.ar\/2021\/"},{"@type":"ListItem","position":2,"name":"Sube el piso de Ganancias: ser\u00e1 de $404 mil a partir del 1\u00b0 de enero"}]},{"@type":"WebSite","@id":"https:\/\/www.noticiasradioreflejos.com.ar\/2021\/#website","url":"https:\/\/www.noticiasradioreflejos.com.ar\/2021\/","name":"Noticias Radio Reflejos","description":"Las noticias de mi comarca","potentialAction":[{"@type":"SearchAction","target":{"@type":"EntryPoint","urlTemplate":"https:\/\/www.noticiasradioreflejos.com.ar\/2021\/?s={search_term_string}"},"query-input":{"@type":"PropertyValueSpecification","valueRequired":true,"valueName":"search_term_string"}}],"inLanguage":"es"},{"@type":"Person","@id":"https:\/\/www.noticiasradioreflejos.com.ar\/2021\/#\/schema\/person\/ad82545263dcc5ec0996818884fd5fb1","name":"Arnaldo Botto","image":{"@type":"ImageObject","inLanguage":"es","@id":"https:\/\/www.noticiasradioreflejos.com.ar\/2021\/#\/schema\/person\/image\/","url":"https:\/\/secure.gravatar.com\/avatar\/55cb5e37c1efa326397366e6974cb338056df65cb50e7d64d1cf314e87504837?s=96&d=mm&r=g","contentUrl":"https:\/\/secure.gravatar.com\/avatar\/55cb5e37c1efa326397366e6974cb338056df65cb50e7d64d1cf314e87504837?s=96&d=mm&r=g","caption":"Arnaldo Botto"},"url":"https:\/\/www.noticiasradioreflejos.com.ar\/2021\/author\/arnaldo\/"}]}},"_links":{"self":[{"href":"https:\/\/www.noticiasradioreflejos.com.ar\/2021\/wp-json\/wp\/v2\/posts\/80952","targetHints":{"allow":["GET"]}}],"collection":[{"href":"https:\/\/www.noticiasradioreflejos.com.ar\/2021\/wp-json\/wp\/v2\/posts"}],"about":[{"href":"https:\/\/www.noticiasradioreflejos.com.ar\/2021\/wp-json\/wp\/v2\/types\/post"}],"author":[{"embeddable":true,"href":"https:\/\/www.noticiasradioreflejos.com.ar\/2021\/wp-json\/wp\/v2\/users\/3"}],"replies":[{"embeddable":true,"href":"https:\/\/www.noticiasradioreflejos.com.ar\/2021\/wp-json\/wp\/v2\/comments?post=80952"}],"version-history":[{"count":1,"href":"https:\/\/www.noticiasradioreflejos.com.ar\/2021\/wp-json\/wp\/v2\/posts\/80952\/revisions"}],"predecessor-version":[{"id":80954,"href":"https:\/\/www.noticiasradioreflejos.com.ar\/2021\/wp-json\/wp\/v2\/posts\/80952\/revisions\/80954"}],"wp:attachment":[{"href":"https:\/\/www.noticiasradioreflejos.com.ar\/2021\/wp-json\/wp\/v2\/media?parent=80952"}],"wp:term":[{"taxonomy":"category","embeddable":true,"href":"https:\/\/www.noticiasradioreflejos.com.ar\/2021\/wp-json\/wp\/v2\/categories?post=80952"},{"taxonomy":"post_tag","embeddable":true,"href":"https:\/\/www.noticiasradioreflejos.com.ar\/2021\/wp-json\/wp\/v2\/tags?post=80952"}],"curies":[{"name":"wp","href":"https:\/\/api.w.org\/{rel}","templated":true}]}}