{"id":80950,"date":"2022-12-05T10:46:18","date_gmt":"2022-12-05T10:46:18","guid":{"rendered":"http:\/\/www.noticiasradioreflejos.com.ar\/2021\/?p=80950"},"modified":"2022-12-05T10:46:18","modified_gmt":"2022-12-05T10:46:18","slug":"las-ventas-minoristas-pyme-cayeron-31-anual-en-noviembre","status":"publish","type":"post","link":"https:\/\/www.noticiasradioreflejos.com.ar\/2021\/las-ventas-minoristas-pyme-cayeron-31-anual-en-noviembre\/","title":{"rendered":"Las ventas minoristas pyme cayeron 3,1% anual en noviembre"},"content":{"rendered":"<p align=\"justify\"><span lang=\"ES\">Las ventas minoristas pymes descendieron 3,1% en noviembre frente al mismo mes del a\u00f1o pasado, medidas a precios constantes. Se cumplen cinco meses consecutivos con las ventas en baja, aunque en los once meses del a\u00f1o todav\u00eda acumulan un crecimiento (1,4% frente a igual periodo 2021).<br \/>\n<!--more--><\/span><\/p>\n<p><span lang=\"ES\">S\u00f3lo <b>Farmacia y Perfumer\u00eda<\/b>\u00a0creci\u00f3 en la comparaci\u00f3n anual, el resto se retrajo. En la comparaci\u00f3n mensual, las ventas se mantuvieron sin cambios.<\/span><br \/>\n<span lang=\"ES\">En el balance general, noviembre no fue un mes bueno. Los comercios continuaron sintiendo el menor poder adquisitivo del consumidor\u00a0<\/span><span lang=\"ES-MX\">generando cierta preocupaci\u00f3n. La cercan\u00eda de fin de a\u00f1o trae una moderada expectativa de crecimiento del consumo, aunque divergente entre los distintos rubros. Algunos empresarios consultados comentaron que tienen dudas sobre c\u00f3mo manejar los stocks para las fiestas: comprar para evitar faltantes o ser prudentes para evitar sobrantes.<\/span><br \/>\n<span lang=\"ES\">l<\/span><span lang=\"ES-MX\">A<\/span><span lang=\"ES\">s\u00ed surge del \u00cdndice de Ventas Minoristas Pymes de la Confederaci\u00f3n Argentina de la Mediana Empresa (CAME), elaborado en base a su relevamiento mensual entre 1.157 comercios minoristas de todo el pa\u00eds, realizado entre el 1 y 3 de noviembre.<\/span><\/p>\n<p align=\"center\"><img loading=\"lazy\" decoding=\"async\" class=\"CToWUd a6T\" tabindex=\"0\" src=\"https:\/\/ci3.googleusercontent.com\/proxy\/Ee0VnGfZoM60BoxrkEHTyv3z0iBEO0nEaBrk3p2VTx7CcrxDBaXTYE51-9lku_Wux7Xa79SVFbnPh8EXUsX3QzMQzyf1zjW5U5oged4DRbs4pXxvFUR5zeslJHQmrtx8OErx4CC2C5AikXRNGDQj9FWkexFThBsefGyvPrDc4UTm=s0-d-e1-ft#https:\/\/mailprensa.came.org.ar\/data\/1899c60d3e88c767f20949a98d5003460b14bf85\/media_files\/61\/original\/image.png\" width=\"616\" height=\"345\" data-bit=\"iit\" \/><\/p>\n<p align=\"center\"><span lang=\"ES\">Fuente: Elaboraci\u00f3n propia en base a encuesta de CAME<\/span><\/p>\n<p><b><span lang=\"ES\">An\u00e1lisis sectorial<\/span><\/b><\/p>\n<p><img loading=\"lazy\" decoding=\"async\" class=\"CToWUd a6T\" tabindex=\"0\" src=\"https:\/\/ci6.googleusercontent.com\/proxy\/S94tjgw569tSNkTi8EiARrdlKnw5aUYn9fh_TIVMpSpHb1-XEogViy8CnIpn6cMDepCXKypnLdyQ-Q_nfldhgz0NRrNT_WLN9u2I-lCESR-1IP2BiakTrrTefWlgpeMzZ9wnZ4FovQf2gTzcXShV5iKVpJh3-5NHUIsFFM5bp-RB=s0-d-e1-ft#https:\/\/mailprensa.came.org.ar\/data\/1899c60d3e88c767f20949a98d5003460b14bf85\/media_files\/62\/original\/image.png\" width=\"622\" height=\"300\" data-bit=\"iit\" \/><\/p>\n<p>Fuente: Elaboraci\u00f3n propia en base a datos de CAME.<\/p>\n<p align=\"justify\"><b><span lang=\"ES-MX\">1) Alimentos y Bebidas<\/span><\/b><span lang=\"ES-MX\">.\u00a0<\/span><span lang=\"ES\">Las ventas cayeron 1,3% anual en noviembre, se mantuvieron sin cambios en la comparaci\u00f3n mensual y acumulan un alza de 2,8% en los once meses del a\u00f1o (frente a igual periodo del 2021).<\/span><br \/>\n<span lang=\"ES\">A pesar que los aumentos de precios se desaceleraron en el mes, los comercios continuaron sintiendo el menor poder adquisitivo de la gente. El Mundial de f\u00fatbol contribuy\u00f3, en parte, a mantener las ventas relativamente activas. Desde septiembre 2022, se registran valores interanuales negativos.<\/span><\/p>\n<p><span lang=\"ES-MX\">\u201cLas personas est\u00e1n comprando principalmente productos b\u00e1sicos y relegando otros como fiambres, quesos o bebidas alcoh\u00f3licas que tienen mayor margen de utilidad para el comercio\u201d, expres\u00f3 la due\u00f1a de un maxi kiosco de la ciudad de C\u00f3rdoba.<\/span><br \/>\n<span lang=\"ES-MX\">\u201cSe not\u00f3 muy poca plata en la calle\u201d, fue el comentario del propietario de un almac\u00e9n en Godoy Cruz, Mendoza.<\/span><\/p>\n<p align=\"center\"><img loading=\"lazy\" decoding=\"async\" class=\"CToWUd\" src=\"https:\/\/ci3.googleusercontent.com\/proxy\/5PM1LkwVl9LhPTmXBdF-Obm4fwqJb6h2YgG92rJz1euQy9FjrbJXCdXwugLMuUVWxgCMVvx16ULd2W-KopguDhUAC9sp4_gl0Qxjtj5x5SkltQgjlNUFyI0lBrx7gMqL90uFACsltiQGIAEinv58pL9hCdMsheZXKmhTbcvWgUM6=s0-d-e1-ft#https:\/\/mailprensa.came.org.ar\/data\/1899c60d3e88c767f20949a98d5003460b14bf85\/media_files\/63\/original\/image.png\" width=\"611\" height=\"71\" data-bit=\"iit\" \/><\/p>\n<p align=\"justify\"><b><span lang=\"ES-MX\">2) Bazar, decoraci\u00f3n, textiles para el hogar y muebles.\u00a0<\/span><\/b><span lang=\"ES\">Las ventas en noviembre retrocedieron 2,7% anual y bajaron 1,9% en la comparaci\u00f3n mensual, a precios constantes. Los comerciantes coincidieron que despu\u00e9s del D\u00eda de la Madre en octubre, la venta minorista para el sector en este mes se hizo cuesta arriba.<\/span><br \/>\n<span lang=\"ES\">\u201cNoviembre fue malo en ventas en la comparaci\u00f3n mensual y anual. Tanto que tuvimos que reducir la jornada laboral de algunos empleados\u201d, resumi\u00f3 la due\u00f1a de un local dedicado a la venta de productos decorativos de corcho y mimbre de la Ciudad de Buenos Aires.<\/span><br \/>\n<span lang=\"ES\">\u201cLas ventas no mejoran para nuestro rubro porque las familias priorizan otras necesidades y se cuidan en los gastos\u201d, dijeron desde un local de la ciudad de Pergamino, en Provincia de Buenos Aires.<\/span><\/p>\n<p align=\"center\"><img loading=\"lazy\" decoding=\"async\" class=\"CToWUd\" src=\"https:\/\/ci5.googleusercontent.com\/proxy\/pd3INCIHy4whxpotnljAosipfC03inXQmNPzq_RPw4649jIisGr2Tnn6QaDSbDU_JK0DWo9r1sXa0fxGjtFPwbM4mUqc8G2rdnvs3PkUwLp5D2SA9OR7ga67BhnVlf9HCTW9FBteM79Vj3nFZldOBYM05dzBle9NhzgNjXZd5jJD=s0-d-e1-ft#https:\/\/mailprensa.came.org.ar\/data\/1899c60d3e88c767f20949a98d5003460b14bf85\/media_files\/64\/original\/image.png\" width=\"611\" height=\"71\" data-bit=\"iit\" \/>+1,5%<\/p>\n<p align=\"justify\"><b><span lang=\"ES-MX\">3) Calzado y marroquiner\u00eda.\u00a0<\/span><\/b><span lang=\"ES\">Las ventas en noviembre declinaron 5,3% anual y se incrementaron 1,7% mensual, siempre medidas a precios constantes.\u00a0<\/span><span lang=\"ES-MX\">Los negocios trabajaron en renovar vidrieras y lanzar promociones. Igual se vendi\u00f3 poco, pero hay buenas expectativas para diciembre. Los comerciantes creen que ir\u00e1n mejorando con las fiestas y el cambio de temporada, siempre que no haya problemas de abastecimiento de mercader\u00eda.<\/span><br \/>\n<span lang=\"ES\">\u201cNoviembre fue dif\u00edcil, hubo faltantes de productos, de insumos y los precios estuvieron disparad\u00edsimos, con ajustes semanales\u201d, dijo un empresario de la ciudad de San Luis.<\/span><br \/>\n<span lang=\"ES\">\u201cPusimos nuevas promociones, muy tentadoras que ayudaron a incrementar las ventas\u201d, manifest\u00f3 la encargada de un comercio en la ciudad de Rosario, en Santa Fe.<\/span><\/p>\n<p align=\"center\"><img loading=\"lazy\" decoding=\"async\" class=\"CToWUd\" src=\"https:\/\/ci3.googleusercontent.com\/proxy\/5m8dVbBqQnjTuA0JsuZ03LBWt2t1afSrH5uU4hGE_nnTKv1ruEvjI6N-JrmVKGlkagIPpwI36AgdDf4LS-BiQ6Fk2NkOXC_ppFprRTnfnlotmiBMq6W6fdlOmWvsp0fuZEYEAuTsfOKHraQvcmqf0dyy9hLGEAnkLEwFZ-4lXBFD=s0-d-e1-ft#https:\/\/mailprensa.came.org.ar\/data\/1899c60d3e88c767f20949a98d5003460b14bf85\/media_files\/65\/original\/image.png\" width=\"611\" height=\"71\" data-bit=\"iit\" \/>+1,6%riaci\u00f3n Acumulada<\/p>\n<p align=\"justify\"><b><span lang=\"ES-MX\">4) Farmacia y perfumer\u00eda<\/span><\/b><span lang=\"ES-MX\">.\u00a0<\/span><span lang=\"ES\">Las ventas en noviembre crecieron 8,9% anual y 0,9% mensual, a precios reales. A pesar de los faltantes de medicamentos por las demoras de algunas droguer\u00edas, las farmacias continuaron trabajando bien, aunque con algunos problemas de cobro en aquellas que operan con obras sociales. Tambi\u00e9n fue un mes bastante din\u00e1mico para las perfumer\u00edas, que se movieron en funci\u00f3n de eventos (tanto para uso personal como para regalo), con buena demanda tanto de productos nacionales como importados.<\/span><br \/>\n<span lang=\"ES\">\u201cSe vendi\u00f3 poco, pero vamos a repuntar en diciembre. Tenemos listos sorteos, packs de regalos, y ofertas para Navidad\u201d, se\u00f1al\u00f3 la responsable de una perfumer\u00eda de la capital de Salta.<\/span><br \/>\n<span lang=\"ES\">\u201cDurante noviembre tuvimos un incremento importante en las ventas de antigripales porque se dieron muchos casos de influenza\u201d, comentaron desde una farmacia en la ciudad de Santiago del Estero.<\/span><\/p>\n<p align=\"center\"><img loading=\"lazy\" decoding=\"async\" class=\"CToWUd\" src=\"https:\/\/ci5.googleusercontent.com\/proxy\/dBSNzcUqVgAZm_Kh6LINduCz92cARZ-pbAf2qnSADidA-xiiUpzw7j2DhQWo6wisRCiQz3THaqiZzumAIGxn9DmGa1LWRcNao5PVpiVzslIiRCWcZag3AhHHYFAU5C6gJZ9QAHzhvqTpD5x-BPmM29EMAOh1PX1YwQOIrxMIAV1o=s0-d-e1-ft#https:\/\/mailprensa.came.org.ar\/data\/1899c60d3e88c767f20949a98d5003460b14bf85\/media_files\/66\/original\/image.png\" width=\"611\" height=\"71\" data-bit=\"iit\" \/><\/p>\n<p align=\"justify\"><b><span lang=\"ES-MX\">5) Ferreter\u00eda, materiales el\u00e9ctricos y materiales de la construcci\u00f3n.\u00a0<\/span><\/b><span lang=\"ES\">Las ventas bajaron 0,7% anual en noviembre (a precios constantes) y 1,2% en la comparaci\u00f3n mensual. Comercios consultados remarcaron que este mes faltaron clavos, alambres, y materiales el\u00e9ctricos.<\/span><br \/>\n<span lang=\"ES\">\u201cLa inflaci\u00f3n es desconcertante, no tiene tope y genera mucha incertidumbre\u201d, dijo el due\u00f1o de una ferreter\u00eda de San Salvador de Jujuy.<\/span><br \/>\n<span lang=\"ES\">\u201cEntra gente al negocio, pero se hacen compras m\u00e1s peque\u00f1as, se est\u00e1 cuidando mucho el ingreso\u201d, expres\u00f3 un empresario de la ciudad de Paran\u00e1, en Entre R\u00edos<\/span><\/p>\n<p align=\"center\"><img loading=\"lazy\" decoding=\"async\" class=\"CToWUd\" src=\"https:\/\/ci3.googleusercontent.com\/proxy\/BNtklc9_XHLRMCq0_9-A7vtB5tQW6FIBZNbf-MT4CrZ3urPP6qm8J71ifDIigUVpXN2HtNeG1FV7KzhzCLd_KvQcR__HJOV1IWiNAPcTJjcr2WXMpmPkxb-wjXQ6h_pCP7VdzyuWz0PcUaQxk4NeSOCNc0PBzI8tjP0MvZnau1HM=s0-d-e1-ft#https:\/\/mailprensa.came.org.ar\/data\/1899c60d3e88c767f20949a98d5003460b14bf85\/media_files\/67\/original\/image.png\" width=\"611\" height=\"71\" data-bit=\"iit\" \/><\/p>\n<p align=\"justify\"><b><span lang=\"ES-MX\">6) Textil e indumentaria.\u00a0<\/span><\/b><span lang=\"ES\">Las ventas retrocedieron 18,2% anual en noviembre y subieron 1,2% en la comparaci\u00f3n mensual. El ramo est\u00e1 muy resentido porque los precios vienen aumentado fuerte. Las compras del p\u00fablico se orientaron a ofertas o promociones espec\u00edficas. Las empresas est\u00e1n convencidas que en diciembre se vender\u00e1 bien, y est\u00e1n preparando sus stocks para la fecha. Se trata de un rubro vinculado al desempe\u00f1o del ingreso familiar.<\/span><br \/>\n<span lang=\"ES\">\u201cLa indumentaria es uno de los rubros donde los precios m\u00e1s subieron a lo largo del a\u00f1o. La situaci\u00f3n es dif\u00edcil, noviembre fue muy claro\u201d, dijo la due\u00f1a de una lencer\u00eda de Resistencia, Chaco.<\/span><br \/>\n<span lang=\"ES\">\u201cEl mes fue terrible, no hab\u00eda gente en la calle, no cubrimos los costos\u201d, se lamentaron desde un comercio en la ciudad de Mendoza.<\/span><\/p>\n","protected":false},"excerpt":{"rendered":"<p>Las ventas minoristas pymes descendieron 3,1% en noviembre frente al mismo mes del a\u00f1o pasado, medidas a precios constantes. Se cumplen cinco meses consecutivos con las ventas en baja, aunque en los once meses del a\u00f1o todav\u00eda acumulan un crecimiento (1,4% frente a igual periodo 2021).<\/p>\n","protected":false},"author":3,"featured_media":0,"comment_status":"closed","ping_status":"closed","sticky":false,"template":"","format":"standard","meta":{"footnotes":""},"categories":[36,26],"tags":[],"class_list":["post-80950","post","type-post","status-publish","format-standard","hentry","category-economia","category-sociedad"],"yoast_head":"<!-- This site is optimized with the Yoast SEO plugin v25.9 - https:\/\/yoast.com\/wordpress\/plugins\/seo\/ -->\n<title>Las ventas minoristas pyme cayeron 3,1% anual en noviembre - Noticias Radio Reflejos<\/title>\n<meta name=\"robots\" content=\"index, follow, max-snippet:-1, max-image-preview:large, max-video-preview:-1\" \/>\n<link rel=\"canonical\" href=\"https:\/\/www.noticiasradioreflejos.com.ar\/2021\/las-ventas-minoristas-pyme-cayeron-31-anual-en-noviembre\/\" \/>\n<meta property=\"og:locale\" content=\"es_ES\" \/>\n<meta property=\"og:type\" content=\"article\" \/>\n<meta property=\"og:title\" content=\"Las ventas minoristas pyme cayeron 3,1% anual en noviembre - Noticias Radio Reflejos\" \/>\n<meta property=\"og:description\" content=\"Las ventas minoristas pymes descendieron 3,1% en noviembre frente al mismo mes del a\u00f1o pasado, medidas a precios constantes. Se cumplen cinco meses consecutivos con las ventas en baja, aunque en los once meses del a\u00f1o todav\u00eda acumulan un crecimiento (1,4% frente a igual periodo 2021).\" \/>\n<meta property=\"og:url\" content=\"https:\/\/www.noticiasradioreflejos.com.ar\/2021\/las-ventas-minoristas-pyme-cayeron-31-anual-en-noviembre\/\" \/>\n<meta property=\"og:site_name\" content=\"Noticias Radio Reflejos\" \/>\n<meta property=\"article:published_time\" content=\"2022-12-05T10:46:18+00:00\" \/>\n<meta property=\"og:image\" content=\"https:\/\/ci3.googleusercontent.com\/proxy\/Ee0VnGfZoM60BoxrkEHTyv3z0iBEO0nEaBrk3p2VTx7CcrxDBaXTYE51-9lku_Wux7Xa79SVFbnPh8EXUsX3QzMQzyf1zjW5U5oged4DRbs4pXxvFUR5zeslJHQmrtx8OErx4CC2C5AikXRNGDQj9FWkexFThBsefGyvPrDc4UTm=s0-d-e1-ft#https:\/\/mailprensa.came.org.ar\/data\/1899c60d3e88c767f20949a98d5003460b14bf85\/media_files\/61\/original\/image.png\" \/>\n<meta name=\"author\" content=\"Arnaldo Botto\" \/>\n<meta name=\"twitter:card\" content=\"summary_large_image\" \/>\n<script type=\"application\/ld+json\" class=\"yoast-schema-graph\">{\"@context\":\"https:\/\/schema.org\",\"@graph\":[{\"@type\":\"WebPage\",\"@id\":\"https:\/\/www.noticiasradioreflejos.com.ar\/2021\/las-ventas-minoristas-pyme-cayeron-31-anual-en-noviembre\/\",\"url\":\"https:\/\/www.noticiasradioreflejos.com.ar\/2021\/las-ventas-minoristas-pyme-cayeron-31-anual-en-noviembre\/\",\"name\":\"Las ventas minoristas pyme cayeron 3,1% anual en noviembre - Noticias Radio Reflejos\",\"isPartOf\":{\"@id\":\"https:\/\/www.noticiasradioreflejos.com.ar\/2021\/#website\"},\"primaryImageOfPage\":{\"@id\":\"https:\/\/www.noticiasradioreflejos.com.ar\/2021\/las-ventas-minoristas-pyme-cayeron-31-anual-en-noviembre\/#primaryimage\"},\"image\":{\"@id\":\"https:\/\/www.noticiasradioreflejos.com.ar\/2021\/las-ventas-minoristas-pyme-cayeron-31-anual-en-noviembre\/#primaryimage\"},\"thumbnailUrl\":\"https:\/\/ci3.googleusercontent.com\/proxy\/Ee0VnGfZoM60BoxrkEHTyv3z0iBEO0nEaBrk3p2VTx7CcrxDBaXTYE51-9lku_Wux7Xa79SVFbnPh8EXUsX3QzMQzyf1zjW5U5oged4DRbs4pXxvFUR5zeslJHQmrtx8OErx4CC2C5AikXRNGDQj9FWkexFThBsefGyvPrDc4UTm=s0-d-e1-ft#https:\/\/mailprensa.came.org.ar\/data\/1899c60d3e88c767f20949a98d5003460b14bf85\/media_files\/61\/original\/image.png\",\"datePublished\":\"2022-12-05T10:46:18+00:00\",\"author\":{\"@id\":\"https:\/\/www.noticiasradioreflejos.com.ar\/2021\/#\/schema\/person\/ad82545263dcc5ec0996818884fd5fb1\"},\"breadcrumb\":{\"@id\":\"https:\/\/www.noticiasradioreflejos.com.ar\/2021\/las-ventas-minoristas-pyme-cayeron-31-anual-en-noviembre\/#breadcrumb\"},\"inLanguage\":\"es\",\"potentialAction\":[{\"@type\":\"ReadAction\",\"target\":[\"https:\/\/www.noticiasradioreflejos.com.ar\/2021\/las-ventas-minoristas-pyme-cayeron-31-anual-en-noviembre\/\"]}]},{\"@type\":\"ImageObject\",\"inLanguage\":\"es\",\"@id\":\"https:\/\/www.noticiasradioreflejos.com.ar\/2021\/las-ventas-minoristas-pyme-cayeron-31-anual-en-noviembre\/#primaryimage\",\"url\":\"https:\/\/ci3.googleusercontent.com\/proxy\/Ee0VnGfZoM60BoxrkEHTyv3z0iBEO0nEaBrk3p2VTx7CcrxDBaXTYE51-9lku_Wux7Xa79SVFbnPh8EXUsX3QzMQzyf1zjW5U5oged4DRbs4pXxvFUR5zeslJHQmrtx8OErx4CC2C5AikXRNGDQj9FWkexFThBsefGyvPrDc4UTm=s0-d-e1-ft#https:\/\/mailprensa.came.org.ar\/data\/1899c60d3e88c767f20949a98d5003460b14bf85\/media_files\/61\/original\/image.png\",\"contentUrl\":\"https:\/\/ci3.googleusercontent.com\/proxy\/Ee0VnGfZoM60BoxrkEHTyv3z0iBEO0nEaBrk3p2VTx7CcrxDBaXTYE51-9lku_Wux7Xa79SVFbnPh8EXUsX3QzMQzyf1zjW5U5oged4DRbs4pXxvFUR5zeslJHQmrtx8OErx4CC2C5AikXRNGDQj9FWkexFThBsefGyvPrDc4UTm=s0-d-e1-ft#https:\/\/mailprensa.came.org.ar\/data\/1899c60d3e88c767f20949a98d5003460b14bf85\/media_files\/61\/original\/image.png\"},{\"@type\":\"BreadcrumbList\",\"@id\":\"https:\/\/www.noticiasradioreflejos.com.ar\/2021\/las-ventas-minoristas-pyme-cayeron-31-anual-en-noviembre\/#breadcrumb\",\"itemListElement\":[{\"@type\":\"ListItem\",\"position\":1,\"name\":\"Portada\",\"item\":\"https:\/\/www.noticiasradioreflejos.com.ar\/2021\/\"},{\"@type\":\"ListItem\",\"position\":2,\"name\":\"Las ventas minoristas pyme cayeron 3,1% anual en noviembre\"}]},{\"@type\":\"WebSite\",\"@id\":\"https:\/\/www.noticiasradioreflejos.com.ar\/2021\/#website\",\"url\":\"https:\/\/www.noticiasradioreflejos.com.ar\/2021\/\",\"name\":\"Noticias Radio Reflejos\",\"description\":\"Las noticias de mi comarca\",\"potentialAction\":[{\"@type\":\"SearchAction\",\"target\":{\"@type\":\"EntryPoint\",\"urlTemplate\":\"https:\/\/www.noticiasradioreflejos.com.ar\/2021\/?s={search_term_string}\"},\"query-input\":{\"@type\":\"PropertyValueSpecification\",\"valueRequired\":true,\"valueName\":\"search_term_string\"}}],\"inLanguage\":\"es\"},{\"@type\":\"Person\",\"@id\":\"https:\/\/www.noticiasradioreflejos.com.ar\/2021\/#\/schema\/person\/ad82545263dcc5ec0996818884fd5fb1\",\"name\":\"Arnaldo Botto\",\"image\":{\"@type\":\"ImageObject\",\"inLanguage\":\"es\",\"@id\":\"https:\/\/www.noticiasradioreflejos.com.ar\/2021\/#\/schema\/person\/image\/\",\"url\":\"https:\/\/secure.gravatar.com\/avatar\/55cb5e37c1efa326397366e6974cb338056df65cb50e7d64d1cf314e87504837?s=96&d=mm&r=g\",\"contentUrl\":\"https:\/\/secure.gravatar.com\/avatar\/55cb5e37c1efa326397366e6974cb338056df65cb50e7d64d1cf314e87504837?s=96&d=mm&r=g\",\"caption\":\"Arnaldo Botto\"},\"url\":\"https:\/\/www.noticiasradioreflejos.com.ar\/2021\/author\/arnaldo\/\"}]}<\/script>\n<!-- \/ Yoast SEO plugin. -->","yoast_head_json":{"title":"Las ventas minoristas pyme cayeron 3,1% anual en noviembre - Noticias Radio Reflejos","robots":{"index":"index","follow":"follow","max-snippet":"max-snippet:-1","max-image-preview":"max-image-preview:large","max-video-preview":"max-video-preview:-1"},"canonical":"https:\/\/www.noticiasradioreflejos.com.ar\/2021\/las-ventas-minoristas-pyme-cayeron-31-anual-en-noviembre\/","og_locale":"es_ES","og_type":"article","og_title":"Las ventas minoristas pyme cayeron 3,1% anual en noviembre - Noticias Radio Reflejos","og_description":"Las ventas minoristas pymes descendieron 3,1% en noviembre frente al mismo mes del a\u00f1o pasado, medidas a precios constantes. Se cumplen cinco meses consecutivos con las ventas en baja, aunque en los once meses del a\u00f1o todav\u00eda acumulan un crecimiento (1,4% frente a igual periodo 2021).","og_url":"https:\/\/www.noticiasradioreflejos.com.ar\/2021\/las-ventas-minoristas-pyme-cayeron-31-anual-en-noviembre\/","og_site_name":"Noticias Radio Reflejos","article_published_time":"2022-12-05T10:46:18+00:00","og_image":[{"url":"https:\/\/ci3.googleusercontent.com\/proxy\/Ee0VnGfZoM60BoxrkEHTyv3z0iBEO0nEaBrk3p2VTx7CcrxDBaXTYE51-9lku_Wux7Xa79SVFbnPh8EXUsX3QzMQzyf1zjW5U5oged4DRbs4pXxvFUR5zeslJHQmrtx8OErx4CC2C5AikXRNGDQj9FWkexFThBsefGyvPrDc4UTm=s0-d-e1-ft#https:\/\/mailprensa.came.org.ar\/data\/1899c60d3e88c767f20949a98d5003460b14bf85\/media_files\/61\/original\/image.png","type":"","width":"","height":""}],"author":"Arnaldo Botto","twitter_card":"summary_large_image","schema":{"@context":"https:\/\/schema.org","@graph":[{"@type":"WebPage","@id":"https:\/\/www.noticiasradioreflejos.com.ar\/2021\/las-ventas-minoristas-pyme-cayeron-31-anual-en-noviembre\/","url":"https:\/\/www.noticiasradioreflejos.com.ar\/2021\/las-ventas-minoristas-pyme-cayeron-31-anual-en-noviembre\/","name":"Las ventas minoristas pyme cayeron 3,1% anual en noviembre - Noticias Radio Reflejos","isPartOf":{"@id":"https:\/\/www.noticiasradioreflejos.com.ar\/2021\/#website"},"primaryImageOfPage":{"@id":"https:\/\/www.noticiasradioreflejos.com.ar\/2021\/las-ventas-minoristas-pyme-cayeron-31-anual-en-noviembre\/#primaryimage"},"image":{"@id":"https:\/\/www.noticiasradioreflejos.com.ar\/2021\/las-ventas-minoristas-pyme-cayeron-31-anual-en-noviembre\/#primaryimage"},"thumbnailUrl":"https:\/\/ci3.googleusercontent.com\/proxy\/Ee0VnGfZoM60BoxrkEHTyv3z0iBEO0nEaBrk3p2VTx7CcrxDBaXTYE51-9lku_Wux7Xa79SVFbnPh8EXUsX3QzMQzyf1zjW5U5oged4DRbs4pXxvFUR5zeslJHQmrtx8OErx4CC2C5AikXRNGDQj9FWkexFThBsefGyvPrDc4UTm=s0-d-e1-ft#https:\/\/mailprensa.came.org.ar\/data\/1899c60d3e88c767f20949a98d5003460b14bf85\/media_files\/61\/original\/image.png","datePublished":"2022-12-05T10:46:18+00:00","author":{"@id":"https:\/\/www.noticiasradioreflejos.com.ar\/2021\/#\/schema\/person\/ad82545263dcc5ec0996818884fd5fb1"},"breadcrumb":{"@id":"https:\/\/www.noticiasradioreflejos.com.ar\/2021\/las-ventas-minoristas-pyme-cayeron-31-anual-en-noviembre\/#breadcrumb"},"inLanguage":"es","potentialAction":[{"@type":"ReadAction","target":["https:\/\/www.noticiasradioreflejos.com.ar\/2021\/las-ventas-minoristas-pyme-cayeron-31-anual-en-noviembre\/"]}]},{"@type":"ImageObject","inLanguage":"es","@id":"https:\/\/www.noticiasradioreflejos.com.ar\/2021\/las-ventas-minoristas-pyme-cayeron-31-anual-en-noviembre\/#primaryimage","url":"https:\/\/ci3.googleusercontent.com\/proxy\/Ee0VnGfZoM60BoxrkEHTyv3z0iBEO0nEaBrk3p2VTx7CcrxDBaXTYE51-9lku_Wux7Xa79SVFbnPh8EXUsX3QzMQzyf1zjW5U5oged4DRbs4pXxvFUR5zeslJHQmrtx8OErx4CC2C5AikXRNGDQj9FWkexFThBsefGyvPrDc4UTm=s0-d-e1-ft#https:\/\/mailprensa.came.org.ar\/data\/1899c60d3e88c767f20949a98d5003460b14bf85\/media_files\/61\/original\/image.png","contentUrl":"https:\/\/ci3.googleusercontent.com\/proxy\/Ee0VnGfZoM60BoxrkEHTyv3z0iBEO0nEaBrk3p2VTx7CcrxDBaXTYE51-9lku_Wux7Xa79SVFbnPh8EXUsX3QzMQzyf1zjW5U5oged4DRbs4pXxvFUR5zeslJHQmrtx8OErx4CC2C5AikXRNGDQj9FWkexFThBsefGyvPrDc4UTm=s0-d-e1-ft#https:\/\/mailprensa.came.org.ar\/data\/1899c60d3e88c767f20949a98d5003460b14bf85\/media_files\/61\/original\/image.png"},{"@type":"BreadcrumbList","@id":"https:\/\/www.noticiasradioreflejos.com.ar\/2021\/las-ventas-minoristas-pyme-cayeron-31-anual-en-noviembre\/#breadcrumb","itemListElement":[{"@type":"ListItem","position":1,"name":"Portada","item":"https:\/\/www.noticiasradioreflejos.com.ar\/2021\/"},{"@type":"ListItem","position":2,"name":"Las ventas minoristas pyme cayeron 3,1% anual en noviembre"}]},{"@type":"WebSite","@id":"https:\/\/www.noticiasradioreflejos.com.ar\/2021\/#website","url":"https:\/\/www.noticiasradioreflejos.com.ar\/2021\/","name":"Noticias Radio Reflejos","description":"Las noticias de mi comarca","potentialAction":[{"@type":"SearchAction","target":{"@type":"EntryPoint","urlTemplate":"https:\/\/www.noticiasradioreflejos.com.ar\/2021\/?s={search_term_string}"},"query-input":{"@type":"PropertyValueSpecification","valueRequired":true,"valueName":"search_term_string"}}],"inLanguage":"es"},{"@type":"Person","@id":"https:\/\/www.noticiasradioreflejos.com.ar\/2021\/#\/schema\/person\/ad82545263dcc5ec0996818884fd5fb1","name":"Arnaldo Botto","image":{"@type":"ImageObject","inLanguage":"es","@id":"https:\/\/www.noticiasradioreflejos.com.ar\/2021\/#\/schema\/person\/image\/","url":"https:\/\/secure.gravatar.com\/avatar\/55cb5e37c1efa326397366e6974cb338056df65cb50e7d64d1cf314e87504837?s=96&d=mm&r=g","contentUrl":"https:\/\/secure.gravatar.com\/avatar\/55cb5e37c1efa326397366e6974cb338056df65cb50e7d64d1cf314e87504837?s=96&d=mm&r=g","caption":"Arnaldo Botto"},"url":"https:\/\/www.noticiasradioreflejos.com.ar\/2021\/author\/arnaldo\/"}]}},"_links":{"self":[{"href":"https:\/\/www.noticiasradioreflejos.com.ar\/2021\/wp-json\/wp\/v2\/posts\/80950","targetHints":{"allow":["GET"]}}],"collection":[{"href":"https:\/\/www.noticiasradioreflejos.com.ar\/2021\/wp-json\/wp\/v2\/posts"}],"about":[{"href":"https:\/\/www.noticiasradioreflejos.com.ar\/2021\/wp-json\/wp\/v2\/types\/post"}],"author":[{"embeddable":true,"href":"https:\/\/www.noticiasradioreflejos.com.ar\/2021\/wp-json\/wp\/v2\/users\/3"}],"replies":[{"embeddable":true,"href":"https:\/\/www.noticiasradioreflejos.com.ar\/2021\/wp-json\/wp\/v2\/comments?post=80950"}],"version-history":[{"count":1,"href":"https:\/\/www.noticiasradioreflejos.com.ar\/2021\/wp-json\/wp\/v2\/posts\/80950\/revisions"}],"predecessor-version":[{"id":80951,"href":"https:\/\/www.noticiasradioreflejos.com.ar\/2021\/wp-json\/wp\/v2\/posts\/80950\/revisions\/80951"}],"wp:attachment":[{"href":"https:\/\/www.noticiasradioreflejos.com.ar\/2021\/wp-json\/wp\/v2\/media?parent=80950"}],"wp:term":[{"taxonomy":"category","embeddable":true,"href":"https:\/\/www.noticiasradioreflejos.com.ar\/2021\/wp-json\/wp\/v2\/categories?post=80950"},{"taxonomy":"post_tag","embeddable":true,"href":"https:\/\/www.noticiasradioreflejos.com.ar\/2021\/wp-json\/wp\/v2\/tags?post=80950"}],"curies":[{"name":"wp","href":"https:\/\/api.w.org\/{rel}","templated":true}]}}