{"id":80944,"date":"2022-12-03T12:57:49","date_gmt":"2022-12-03T12:57:49","guid":{"rendered":"http:\/\/www.noticiasradioreflejos.com.ar\/2021\/?p=80944"},"modified":"2022-12-03T12:57:49","modified_gmt":"2022-12-03T12:57:49","slug":"a-55-anos-del-primer-trasplante-de-corazon-especialistas-lo-recuerdan-como-un-hito-historico","status":"publish","type":"post","link":"https:\/\/www.noticiasradioreflejos.com.ar\/2021\/a-55-anos-del-primer-trasplante-de-corazon-especialistas-lo-recuerdan-como-un-hito-historico\/","title":{"rendered":"A 55 a\u00f1os del primer trasplante de coraz\u00f3n, especialistas lo recuerdan como un \u00abhito hist\u00f3rico\u00bb"},"content":{"rendered":"<p>El 3 de diciembre de 1967, el cirujano sudafricano Christiaan Barnard realiz\u00f3 el primer trasplante de coraz\u00f3n a nivel mundial. Especialistas en cardiolog\u00eda destacaron que este procedimiento sigue evolucionando con 3.800 intervenciones por a\u00f1o en el mundo y un promedio de 100 en Argentina.<!--more--><\/p>\n<figure class=\"mb-3\"><img decoding=\"async\" src=\"https:\/\/www.telam.com.ar\/thumbs\/bluesteel\/advf\/imagenes\/2020\/09\/5f735c15ce528_1200.png\" alt=\"En Argentina este ao se realizaron 80 trasplantes cardacos con un promedio anual que se ubica en 100 y hay alrededor de 140 pacientes en lista de espera para recibir un corazn\" width=\"100%\" height=\"100%\" \/><\/p>\n<div class=\"media-icons\"><\/div><figcaption>En Argentina este a\u00f1o se realizaron 80 trasplantes card\u00edacos \u2013con un promedio anual que se ubica en 100- y hay alrededor de 140 pacientes en lista de espera para recibir un coraz\u00f3n.<\/figcaption><\/figure>\n<p>A 55 a\u00f1os del primer trasplante de coraz\u00f3n humano a nivel mundial, especialistas en cardiolog\u00eda consideraron que se trat\u00f3 de un \u201chito hist\u00f3rico\u201d que permiti\u00f3 \u201cprolongar la calidad y cantidad de vida de los pacientes\u201d con insuficiencia card\u00edaca y destacaron que este procedimiento sigue evolucionando con 3.800 intervenciones por a\u00f1o en el mundo y un promedio de 100 en Argentina.<\/p>\n<p>El 3 de diciembre de 1967, el cirujano sudafricano Christiaan Barnard realiz\u00f3 el primer trasplante de coraz\u00f3n a nivel mundial a Louis Washkansky, comerciante de 54 a\u00f1os, que se encontraba postrado en una cama del hospital p\u00fablico universitario Groote Schuur, en Ciudad del Cabo, por una insuficiencia card\u00edaca y una diabetes aguda.<\/p>\n<p><strong>En Argentina, el primer trasplante de coraz\u00f3n fue realizado por el cirujano Miguel Bellizzi el 31 de mayo de 1968, en la Cl\u00ednica Modelo de Lan\u00fas<\/strong>, pero la receptora muri\u00f3 a las 96 horas. Doce a\u00f1os despu\u00e9s, el 24 de mayo de 1980, el cardi\u00f3logo Ren\u00e9 Favoloro logr\u00f3 realzar un trasplante exitoso en el sanatorio G\u00fcemes de la Ciudad de Buenos Aires.<\/p>\n<blockquote class=\"\"><p>\u00abCada vez que una familia decide donar creo que est\u00e1 haciendo un hito en la vida del que est\u00e1 esperando un coraz\u00f3n, un ri\u00f1\u00f3n, un h\u00edgado; por eso lo consideramos un hito diario\u00bb<cite class=\"author\">Vanesa Gregorietti, m\u00e9dica cardi\u00f3loga<\/cite><\/p><\/blockquote>\n<p>\u00abBarnard es una figura reconocida mundialmente porque cambi\u00f3 la historia y el pron\u00f3stico de la insuficiencia card\u00edaca terminal en los pacientes que ya no ten\u00edan opci\u00f3n terap\u00e9utica. El trasplante card\u00edaco naci\u00f3 como una opci\u00f3n no s\u00f3lo para prolongar la cantidad sino la calidad de vida de estos pacientes\u00bb, manifest\u00f3 a T\u00e9lam Daniel Absi, cirujano cardiovascular y subjefe de la Divisi\u00f3n de Insuficiencia Card\u00edaca, Trasplante Card\u00edaco y Asistencia Circulatoria Mec\u00e1nica de la Fundaci\u00f3n Favaloro.<\/p>\n<p>Asimismo, Vanesa Gregorietti, m\u00e9dica cardi\u00f3loga, miembro de la Federaci\u00f3n Argentina de Cardiolog\u00eda (FAC), expres\u00f3 a esta agencia que lo que sucedi\u00f3 en 1967 fue \u00abun hito en la historia\u00bb no solo con lo que tiene que ver con el trasplante card\u00edaco sino con \u00abtodo lo que implica la posibilidad de dar vida mediante un trasplante, pero cada vez que una familia decide donar creo que est\u00e1 haciendo un hito en la vida del que est\u00e1 esperando un coraz\u00f3n, un ri\u00f1\u00f3n, un h\u00edgado; por eso lo consideramos un hito diario sin quitarle m\u00e9rito al pionero que fue Barnard\u00bb.<\/p>\n<figure class=\"mb-3\"><img decoding=\"async\" src=\"https:\/\/www.telam.com.ar\/thumbs\/bluesteel\/advf\/imagenes\/2022\/12\/638a59893d286_1200.jpg\" alt=\"Telam SE\" width=\"100%\" height=\"100%\" \/><\/p>\n<div class=\"media-icons\"><\/div><figcaption><\/figcaption><\/figure>\n<h2 class=\"\">\u201cEl paradigma de si hay latido hay vida ha cambiado\u00bb<\/h2>\n<p>El primer trasplante de coraz\u00f3n a nivel mundial fue realizado por treinta cirujanos, entre ellos el hermano de Barnard, y la operaci\u00f3n dur\u00f3 cinco horas. La donante fue Denise Ann Darvall, una joven oficinista de 25 a\u00f1os, que fue atropellada por un automovilista y sufri\u00f3 aplastamiento del cr\u00e1neo.<\/p>\n<p>Pese a que el trasplante fue un \u00e9xito y el coraz\u00f3n comenz\u00f3 a latir luego de su implante,\u00a0<strong>el receptor falleci\u00f3 por una neumon\u00eda dieciocho d\u00edas despu\u00e9s del procedimiento.<\/strong><\/p>\n<p>\u00abLa muerte de Washkansky fue el resultado de nuestros propios errores e inexperiencia en el manejo de las complicaciones\u00bb, expres\u00f3 Barnard en una entrevista en el programa The Dick Cavett Show, de 1970.<\/p>\n<blockquote class=\"\"><p>\u00abEl trasplante card\u00edaco naci\u00f3 como una opci\u00f3n no s\u00f3lo para prolongar la cantidad sino la calidad de vida de estos pacientes\u00bb<cite class=\"author\">Daniel Absi<\/cite><\/p><\/blockquote>\n<p>El cirujano recibi\u00f3 cr\u00edticas por utilizar el coraz\u00f3n de una v\u00edctima con muerte cerebral cuando no exist\u00edan leyes respecto a ello, pero \u00e9l argument\u00f3 que \u00abun paciente est\u00e1 muerto cuando su cerebro est\u00e1 muerto\u00bb.<\/p>\n<p>Sobre ese punto, el cirujano Daniel Absi de la Fundaci\u00f3n Favaloro remarc\u00f3 que \u201cel paradigma de si hay latido hay vida ha cambiado y ya ni se lo considera, los criterios de muerte han cambiado. Ahora est\u00e1 la definici\u00f3n de muerte encef\u00e1lica independiente de que el coraz\u00f3n lata en el donante\u201d.<\/p>\n<p>La muerte de Washkansky no desanim\u00f3 a Barnard que\u00a0<strong>el 2 de enero de 1968 realiz\u00f3 el segundo trasplante.<\/strong>\u00a0Esta vez el receptor fue el dentista Philip Blaiberg, y el donante, Clive Haupt. En esta oportunidad el trasplantado vivi\u00f3 casi 2 a\u00f1os m\u00e1s, exactamente 563 d\u00edas.<\/p>\n<figure class=\"mb-3\"><img decoding=\"async\" src=\"https:\/\/www.telam.com.ar\/thumbs\/bluesteel\/advf\/imagenes\/2022\/12\/638a598912de1_1200.jpg\" alt=\"Telam SE\" width=\"100%\" height=\"100%\" \/><\/p>\n<div class=\"media-icons\"><\/div><figcaption><\/figcaption><\/figure>\n<h2 class=\"\">Una persona trasplantada puede llegar a vivir 15 a\u00f1os<\/h2>\n<p>Actualmente, seg\u00fan los datos de la Sociedad Internacional para el Trasplante de Coraz\u00f3n y Pulm\u00f3n (ISHLT, por sus siglas en ingl\u00e9s), se realizan 3.800 trasplantes card\u00edacos anuales a nivel mundial.<\/p>\n<p>En Argentina,\u00a0<strong>este a\u00f1o se realizaron 80 trasplantes card\u00edacos<\/strong>\u00a0\u2013con un promedio anual que se ubica en 100- y hay alrededor de 140 pacientes en lista de espera para recibir un coraz\u00f3n.<\/p>\n<p>\u00abLa Ley Justina o Ley 27.447 de trasplante de \u00f3rganos, tejidos y c\u00e9lulas mejor\u00f3 las cifras donde hemos llegado a tener un pico de 120 trasplantes card\u00edacos\u00bb, indic\u00f3 Gregorietti.<\/p>\n<p>Si bien los especialistas reconocen que la t\u00e9cnica del implante no ha cambiado mucho, si destacan que el avance cient\u00edfico en f\u00e1rmacos inmunosupresores aument\u00f3 la sobrevida de los pacientes.<\/p>\n<figure class=\"mb-3\"><img decoding=\"async\" src=\"https:\/\/www.telam.com.ar\/thumbs\/bluesteel\/advf\/imagenes\/2022\/12\/638a5988dba8b_1200.jpg\" alt=\"Telam SE\" width=\"100%\" height=\"100%\" \/><\/p>\n<div class=\"media-icons\"><\/div><figcaption><\/figcaption><\/figure>\n<p>\u00abUn hito fue el uso de la ciclosporina y actualmente disponemos de\u00a0<strong>nuevos inmunosupresores<\/strong>\u00a0que permiten mejorar el manejo de los pacientes desde el punto de vista del rechazo del \u00f3rgano, donde el 90% sobreviven al primer a\u00f1o\u00bb, indic\u00f3 Absi.<\/p>\n<p>En este sentido, Gregorietti reconoci\u00f3 que si bien la Sociedad Internacional detalla que una persona trasplantada puede llegar a vivir alrededor de 15 a\u00f1os, lo cierto es que<strong>\u00a0\u00abcon los cuidados y avances en la medicina se puede mejorar ampliamente este n\u00famero\u201d.<\/strong><\/p>\n<p>\u201cDe hecho, yo tengo pacientes que cumplieron 33 a\u00f1os post trasplante card\u00edaco\u00bb, a\u00f1adi\u00f3.<\/p>\n<p>Barnard falleci\u00f3 el 2 de septiembre de 2001, a los 78 a\u00f1os, tras un ataque severo de asma.<\/p>\n","protected":false},"excerpt":{"rendered":"<p>El 3 de diciembre de 1967, el cirujano sudafricano Christiaan Barnard realiz\u00f3 el primer trasplante de coraz\u00f3n a nivel mundial. Especialistas en cardiolog\u00eda destacaron que este procedimiento sigue evolucionando con 3.800 intervenciones por a\u00f1o en el mundo y un promedio de 100 en Argentina.<\/p>\n","protected":false},"author":3,"featured_media":80945,"comment_status":"closed","ping_status":"closed","sticky":false,"template":"","format":"standard","meta":{"footnotes":""},"categories":[46,30],"tags":[],"class_list":["post-80944","post","type-post","status-publish","format-standard","has-post-thumbnail","hentry","category-ciencia-y-tecnologia","category-salud"],"yoast_head":"<!-- This site is optimized with the Yoast SEO plugin v25.9 - https:\/\/yoast.com\/wordpress\/plugins\/seo\/ -->\n<title>A 55 a\u00f1os del primer trasplante de coraz\u00f3n, especialistas lo recuerdan como un &quot;hito hist\u00f3rico&quot; - Noticias Radio Reflejos<\/title>\n<meta name=\"robots\" content=\"index, follow, max-snippet:-1, max-image-preview:large, max-video-preview:-1\" \/>\n<link rel=\"canonical\" href=\"https:\/\/www.noticiasradioreflejos.com.ar\/2021\/a-55-anos-del-primer-trasplante-de-corazon-especialistas-lo-recuerdan-como-un-hito-historico\/\" \/>\n<meta property=\"og:locale\" content=\"es_ES\" \/>\n<meta property=\"og:type\" content=\"article\" \/>\n<meta property=\"og:title\" content=\"A 55 a\u00f1os del primer trasplante de coraz\u00f3n, especialistas lo recuerdan como un &quot;hito hist\u00f3rico&quot; - Noticias Radio Reflejos\" \/>\n<meta property=\"og:description\" content=\"El 3 de diciembre de 1967, el cirujano sudafricano Christiaan Barnard realiz\u00f3 el primer trasplante de coraz\u00f3n a nivel mundial. Especialistas en cardiolog\u00eda destacaron que este procedimiento sigue evolucionando con 3.800 intervenciones por a\u00f1o en el mundo y un promedio de 100 en Argentina.\" \/>\n<meta property=\"og:url\" content=\"https:\/\/www.noticiasradioreflejos.com.ar\/2021\/a-55-anos-del-primer-trasplante-de-corazon-especialistas-lo-recuerdan-como-un-hito-historico\/\" \/>\n<meta property=\"og:site_name\" content=\"Noticias Radio Reflejos\" \/>\n<meta property=\"article:published_time\" content=\"2022-12-03T12:57:49+00:00\" \/>\n<meta property=\"og:image\" content=\"https:\/\/www.noticiasradioreflejos.com.ar\/2021\/wp-content\/uploads\/2022\/12\/5f735c15ce528_1200.png\" \/>\n\t<meta property=\"og:image:width\" content=\"1200\" \/>\n\t<meta property=\"og:image:height\" content=\"675\" \/>\n\t<meta property=\"og:image:type\" content=\"image\/png\" \/>\n<meta name=\"author\" content=\"Arnaldo Botto\" \/>\n<meta name=\"twitter:card\" content=\"summary_large_image\" \/>\n<script type=\"application\/ld+json\" class=\"yoast-schema-graph\">{\"@context\":\"https:\/\/schema.org\",\"@graph\":[{\"@type\":\"WebPage\",\"@id\":\"https:\/\/www.noticiasradioreflejos.com.ar\/2021\/a-55-anos-del-primer-trasplante-de-corazon-especialistas-lo-recuerdan-como-un-hito-historico\/\",\"url\":\"https:\/\/www.noticiasradioreflejos.com.ar\/2021\/a-55-anos-del-primer-trasplante-de-corazon-especialistas-lo-recuerdan-como-un-hito-historico\/\",\"name\":\"A 55 a\u00f1os del primer trasplante de coraz\u00f3n, especialistas lo recuerdan como un \\\"hito hist\u00f3rico\\\" - Noticias Radio Reflejos\",\"isPartOf\":{\"@id\":\"https:\/\/www.noticiasradioreflejos.com.ar\/2021\/#website\"},\"primaryImageOfPage\":{\"@id\":\"https:\/\/www.noticiasradioreflejos.com.ar\/2021\/a-55-anos-del-primer-trasplante-de-corazon-especialistas-lo-recuerdan-como-un-hito-historico\/#primaryimage\"},\"image\":{\"@id\":\"https:\/\/www.noticiasradioreflejos.com.ar\/2021\/a-55-anos-del-primer-trasplante-de-corazon-especialistas-lo-recuerdan-como-un-hito-historico\/#primaryimage\"},\"thumbnailUrl\":\"https:\/\/www.noticiasradioreflejos.com.ar\/2021\/wp-content\/uploads\/2022\/12\/5f735c15ce528_1200.png\",\"datePublished\":\"2022-12-03T12:57:49+00:00\",\"author\":{\"@id\":\"https:\/\/www.noticiasradioreflejos.com.ar\/2021\/#\/schema\/person\/ad82545263dcc5ec0996818884fd5fb1\"},\"breadcrumb\":{\"@id\":\"https:\/\/www.noticiasradioreflejos.com.ar\/2021\/a-55-anos-del-primer-trasplante-de-corazon-especialistas-lo-recuerdan-como-un-hito-historico\/#breadcrumb\"},\"inLanguage\":\"es\",\"potentialAction\":[{\"@type\":\"ReadAction\",\"target\":[\"https:\/\/www.noticiasradioreflejos.com.ar\/2021\/a-55-anos-del-primer-trasplante-de-corazon-especialistas-lo-recuerdan-como-un-hito-historico\/\"]}]},{\"@type\":\"ImageObject\",\"inLanguage\":\"es\",\"@id\":\"https:\/\/www.noticiasradioreflejos.com.ar\/2021\/a-55-anos-del-primer-trasplante-de-corazon-especialistas-lo-recuerdan-como-un-hito-historico\/#primaryimage\",\"url\":\"https:\/\/www.noticiasradioreflejos.com.ar\/2021\/wp-content\/uploads\/2022\/12\/5f735c15ce528_1200.png\",\"contentUrl\":\"https:\/\/www.noticiasradioreflejos.com.ar\/2021\/wp-content\/uploads\/2022\/12\/5f735c15ce528_1200.png\",\"width\":1200,\"height\":675},{\"@type\":\"BreadcrumbList\",\"@id\":\"https:\/\/www.noticiasradioreflejos.com.ar\/2021\/a-55-anos-del-primer-trasplante-de-corazon-especialistas-lo-recuerdan-como-un-hito-historico\/#breadcrumb\",\"itemListElement\":[{\"@type\":\"ListItem\",\"position\":1,\"name\":\"Portada\",\"item\":\"https:\/\/www.noticiasradioreflejos.com.ar\/2021\/\"},{\"@type\":\"ListItem\",\"position\":2,\"name\":\"A 55 a\u00f1os del primer trasplante de coraz\u00f3n, especialistas lo recuerdan como un \u00abhito hist\u00f3rico\u00bb\"}]},{\"@type\":\"WebSite\",\"@id\":\"https:\/\/www.noticiasradioreflejos.com.ar\/2021\/#website\",\"url\":\"https:\/\/www.noticiasradioreflejos.com.ar\/2021\/\",\"name\":\"Noticias Radio Reflejos\",\"description\":\"Las noticias de mi comarca\",\"potentialAction\":[{\"@type\":\"SearchAction\",\"target\":{\"@type\":\"EntryPoint\",\"urlTemplate\":\"https:\/\/www.noticiasradioreflejos.com.ar\/2021\/?s={search_term_string}\"},\"query-input\":{\"@type\":\"PropertyValueSpecification\",\"valueRequired\":true,\"valueName\":\"search_term_string\"}}],\"inLanguage\":\"es\"},{\"@type\":\"Person\",\"@id\":\"https:\/\/www.noticiasradioreflejos.com.ar\/2021\/#\/schema\/person\/ad82545263dcc5ec0996818884fd5fb1\",\"name\":\"Arnaldo Botto\",\"image\":{\"@type\":\"ImageObject\",\"inLanguage\":\"es\",\"@id\":\"https:\/\/www.noticiasradioreflejos.com.ar\/2021\/#\/schema\/person\/image\/\",\"url\":\"https:\/\/secure.gravatar.com\/avatar\/55cb5e37c1efa326397366e6974cb338056df65cb50e7d64d1cf314e87504837?s=96&d=mm&r=g\",\"contentUrl\":\"https:\/\/secure.gravatar.com\/avatar\/55cb5e37c1efa326397366e6974cb338056df65cb50e7d64d1cf314e87504837?s=96&d=mm&r=g\",\"caption\":\"Arnaldo Botto\"},\"url\":\"https:\/\/www.noticiasradioreflejos.com.ar\/2021\/author\/arnaldo\/\"}]}<\/script>\n<!-- \/ Yoast SEO plugin. -->","yoast_head_json":{"title":"A 55 a\u00f1os del primer trasplante de coraz\u00f3n, especialistas lo recuerdan como un \"hito hist\u00f3rico\" - Noticias Radio Reflejos","robots":{"index":"index","follow":"follow","max-snippet":"max-snippet:-1","max-image-preview":"max-image-preview:large","max-video-preview":"max-video-preview:-1"},"canonical":"https:\/\/www.noticiasradioreflejos.com.ar\/2021\/a-55-anos-del-primer-trasplante-de-corazon-especialistas-lo-recuerdan-como-un-hito-historico\/","og_locale":"es_ES","og_type":"article","og_title":"A 55 a\u00f1os del primer trasplante de coraz\u00f3n, especialistas lo recuerdan como un \"hito hist\u00f3rico\" - Noticias Radio Reflejos","og_description":"El 3 de diciembre de 1967, el cirujano sudafricano Christiaan Barnard realiz\u00f3 el primer trasplante de coraz\u00f3n a nivel mundial. Especialistas en cardiolog\u00eda destacaron que este procedimiento sigue evolucionando con 3.800 intervenciones por a\u00f1o en el mundo y un promedio de 100 en Argentina.","og_url":"https:\/\/www.noticiasradioreflejos.com.ar\/2021\/a-55-anos-del-primer-trasplante-de-corazon-especialistas-lo-recuerdan-como-un-hito-historico\/","og_site_name":"Noticias Radio Reflejos","article_published_time":"2022-12-03T12:57:49+00:00","og_image":[{"width":1200,"height":675,"url":"https:\/\/www.noticiasradioreflejos.com.ar\/2021\/wp-content\/uploads\/2022\/12\/5f735c15ce528_1200.png","type":"image\/png"}],"author":"Arnaldo Botto","twitter_card":"summary_large_image","schema":{"@context":"https:\/\/schema.org","@graph":[{"@type":"WebPage","@id":"https:\/\/www.noticiasradioreflejos.com.ar\/2021\/a-55-anos-del-primer-trasplante-de-corazon-especialistas-lo-recuerdan-como-un-hito-historico\/","url":"https:\/\/www.noticiasradioreflejos.com.ar\/2021\/a-55-anos-del-primer-trasplante-de-corazon-especialistas-lo-recuerdan-como-un-hito-historico\/","name":"A 55 a\u00f1os del primer trasplante de coraz\u00f3n, especialistas lo recuerdan como un \"hito hist\u00f3rico\" - Noticias Radio Reflejos","isPartOf":{"@id":"https:\/\/www.noticiasradioreflejos.com.ar\/2021\/#website"},"primaryImageOfPage":{"@id":"https:\/\/www.noticiasradioreflejos.com.ar\/2021\/a-55-anos-del-primer-trasplante-de-corazon-especialistas-lo-recuerdan-como-un-hito-historico\/#primaryimage"},"image":{"@id":"https:\/\/www.noticiasradioreflejos.com.ar\/2021\/a-55-anos-del-primer-trasplante-de-corazon-especialistas-lo-recuerdan-como-un-hito-historico\/#primaryimage"},"thumbnailUrl":"https:\/\/www.noticiasradioreflejos.com.ar\/2021\/wp-content\/uploads\/2022\/12\/5f735c15ce528_1200.png","datePublished":"2022-12-03T12:57:49+00:00","author":{"@id":"https:\/\/www.noticiasradioreflejos.com.ar\/2021\/#\/schema\/person\/ad82545263dcc5ec0996818884fd5fb1"},"breadcrumb":{"@id":"https:\/\/www.noticiasradioreflejos.com.ar\/2021\/a-55-anos-del-primer-trasplante-de-corazon-especialistas-lo-recuerdan-como-un-hito-historico\/#breadcrumb"},"inLanguage":"es","potentialAction":[{"@type":"ReadAction","target":["https:\/\/www.noticiasradioreflejos.com.ar\/2021\/a-55-anos-del-primer-trasplante-de-corazon-especialistas-lo-recuerdan-como-un-hito-historico\/"]}]},{"@type":"ImageObject","inLanguage":"es","@id":"https:\/\/www.noticiasradioreflejos.com.ar\/2021\/a-55-anos-del-primer-trasplante-de-corazon-especialistas-lo-recuerdan-como-un-hito-historico\/#primaryimage","url":"https:\/\/www.noticiasradioreflejos.com.ar\/2021\/wp-content\/uploads\/2022\/12\/5f735c15ce528_1200.png","contentUrl":"https:\/\/www.noticiasradioreflejos.com.ar\/2021\/wp-content\/uploads\/2022\/12\/5f735c15ce528_1200.png","width":1200,"height":675},{"@type":"BreadcrumbList","@id":"https:\/\/www.noticiasradioreflejos.com.ar\/2021\/a-55-anos-del-primer-trasplante-de-corazon-especialistas-lo-recuerdan-como-un-hito-historico\/#breadcrumb","itemListElement":[{"@type":"ListItem","position":1,"name":"Portada","item":"https:\/\/www.noticiasradioreflejos.com.ar\/2021\/"},{"@type":"ListItem","position":2,"name":"A 55 a\u00f1os del primer trasplante de coraz\u00f3n, especialistas lo recuerdan como un \u00abhito hist\u00f3rico\u00bb"}]},{"@type":"WebSite","@id":"https:\/\/www.noticiasradioreflejos.com.ar\/2021\/#website","url":"https:\/\/www.noticiasradioreflejos.com.ar\/2021\/","name":"Noticias Radio Reflejos","description":"Las noticias de mi comarca","potentialAction":[{"@type":"SearchAction","target":{"@type":"EntryPoint","urlTemplate":"https:\/\/www.noticiasradioreflejos.com.ar\/2021\/?s={search_term_string}"},"query-input":{"@type":"PropertyValueSpecification","valueRequired":true,"valueName":"search_term_string"}}],"inLanguage":"es"},{"@type":"Person","@id":"https:\/\/www.noticiasradioreflejos.com.ar\/2021\/#\/schema\/person\/ad82545263dcc5ec0996818884fd5fb1","name":"Arnaldo Botto","image":{"@type":"ImageObject","inLanguage":"es","@id":"https:\/\/www.noticiasradioreflejos.com.ar\/2021\/#\/schema\/person\/image\/","url":"https:\/\/secure.gravatar.com\/avatar\/55cb5e37c1efa326397366e6974cb338056df65cb50e7d64d1cf314e87504837?s=96&d=mm&r=g","contentUrl":"https:\/\/secure.gravatar.com\/avatar\/55cb5e37c1efa326397366e6974cb338056df65cb50e7d64d1cf314e87504837?s=96&d=mm&r=g","caption":"Arnaldo Botto"},"url":"https:\/\/www.noticiasradioreflejos.com.ar\/2021\/author\/arnaldo\/"}]}},"_links":{"self":[{"href":"https:\/\/www.noticiasradioreflejos.com.ar\/2021\/wp-json\/wp\/v2\/posts\/80944","targetHints":{"allow":["GET"]}}],"collection":[{"href":"https:\/\/www.noticiasradioreflejos.com.ar\/2021\/wp-json\/wp\/v2\/posts"}],"about":[{"href":"https:\/\/www.noticiasradioreflejos.com.ar\/2021\/wp-json\/wp\/v2\/types\/post"}],"author":[{"embeddable":true,"href":"https:\/\/www.noticiasradioreflejos.com.ar\/2021\/wp-json\/wp\/v2\/users\/3"}],"replies":[{"embeddable":true,"href":"https:\/\/www.noticiasradioreflejos.com.ar\/2021\/wp-json\/wp\/v2\/comments?post=80944"}],"version-history":[{"count":1,"href":"https:\/\/www.noticiasradioreflejos.com.ar\/2021\/wp-json\/wp\/v2\/posts\/80944\/revisions"}],"predecessor-version":[{"id":80946,"href":"https:\/\/www.noticiasradioreflejos.com.ar\/2021\/wp-json\/wp\/v2\/posts\/80944\/revisions\/80946"}],"wp:featuredmedia":[{"embeddable":true,"href":"https:\/\/www.noticiasradioreflejos.com.ar\/2021\/wp-json\/wp\/v2\/media\/80945"}],"wp:attachment":[{"href":"https:\/\/www.noticiasradioreflejos.com.ar\/2021\/wp-json\/wp\/v2\/media?parent=80944"}],"wp:term":[{"taxonomy":"category","embeddable":true,"href":"https:\/\/www.noticiasradioreflejos.com.ar\/2021\/wp-json\/wp\/v2\/categories?post=80944"},{"taxonomy":"post_tag","embeddable":true,"href":"https:\/\/www.noticiasradioreflejos.com.ar\/2021\/wp-json\/wp\/v2\/tags?post=80944"}],"curies":[{"name":"wp","href":"https:\/\/api.w.org\/{rel}","templated":true}]}}