{"id":80932,"date":"2022-12-03T10:42:31","date_gmt":"2022-12-03T10:42:31","guid":{"rendered":"http:\/\/www.noticiasradioreflejos.com.ar\/2021\/?p=80932"},"modified":"2022-12-03T10:42:31","modified_gmt":"2022-12-03T10:42:31","slug":"el-gobierno-pagara-este-mes-un-bono-de-10-000-a-mas-de-un-millon-de-jubilados-de-pami","status":"publish","type":"post","link":"https:\/\/www.noticiasradioreflejos.com.ar\/2021\/el-gobierno-pagara-este-mes-un-bono-de-10-000-a-mas-de-un-millon-de-jubilados-de-pami\/","title":{"rendered":"El Gobierno pagar\u00e1 este mes un bono de $10.000 a m\u00e1s de un mill\u00f3n de jubilados de PAMI"},"content":{"rendered":"<p>La directora de la entidad, Luana Volnovich, inform\u00f3 que ser\u00e1 para mayores a 80 a\u00f1os que perciban hasta un haber y medio jubilatorio.<!--more--><\/p>\n<div class=\"video_repositive\">\n<div id=\"w7HDPxQqxQ4\" class=\"video_telam\">\n<div class=\"feature_article_inner\">\n<div class=\"feature_article_title\">\n<h4 class=\"text-center\">Entregan un bono de $ 10.000 a afiliados del PAMI como parte del programa alimentario<\/h4>\n<p><iframe loading=\"lazy\" title=\"Entregan un bono de $ 10.000 a afiliados del PAMI como parte del programa alimentario\" src=\"https:\/\/www.youtube.com\/embed\/w7HDPxQqxQ4\" width=\"843\" height=\"474\" frameborder=\"0\" allowfullscreen=\"allowfullscreen\"><\/iframe><br \/>\nEl ministro de Econom\u00eda, Sergio Massa y la directora ejecutiva del PAMI, Luana Volnovich, anunciaron que\u00a0<strong>en diciembre los afiliados al organismo mayores de 80 a\u00f1os y que perciban hasta un haber y medio recibir\u00e1n $10.000 como parte del Programa Alimentario y bono de navidad<\/strong>.<\/p>\n<p>\u201cEstamos universalizando el hist\u00f3rico programa alimentario de PAMI, llamado com\u00fanmente \u2018bols\u00f3n de comida\u2019 y llevamos el beneficio a un mill\u00f3n de personas\u201d, se\u00f1al\u00f3 Volnovich, durante una anuncio realizado en el Palacio de Hacienda.<\/p>\n<p>De esta manera, dijo la funcionaria, \u201ccubrimos una vieja demanda de los centros de jubilados que ten\u00edan listas de espera hace a\u00f1os\u201d.<\/p>\n<p>\u201cEl programa alimentario hab\u00eda sido completamente desfinanciado por la gesti\u00f3n de (Mauricio) Macri y (Graciela) Oca\u00f1a; sin aumentos y sin nuevas altas se fue destruyendo su poder adquisitivo y poniendo en riesgo as\u00ed la salud de personas con gran vulnerabilidad\u201d, afirm\u00f3 la funcionaria.<\/p>\n<figure class=\"mb-3\"><img decoding=\"async\" src=\"https:\/\/www.telam.com.ar\/thumbs\/bluesteel\/advf\/imagenes\/2022\/11\/638744b96b0f8_1200.jpg\" alt=\"Foto archivo\" width=\"100%\" height=\"100%\" \/><\/p>\n<div class=\"media-icons\"><\/div><figcaption>Foto: archivo.<\/figcaption><\/figure>\n<p>As\u00ed, sostuvo \u00abcontribuimos con un refuerzo que protege a los m\u00e1s vulnerables y pone en valor el esfuerzo de los casi 4.000 centros de jubilados que hace d\u00e9cadas acercan las pol\u00edticas sociopreventivas del Pami a sus comunidades\u00bb.<\/p>\n<p>Por otra parte, Volnovich destac\u00f3 que este programa \u201ces financiado por el impuesto PAIS\u201d que se cobra a quienes compran d\u00f3lares para atesoramiento, aprobado por ley en 2019.<\/p>\n<p>Por su parte, Massa asegur\u00f3 que \u201cla idea es mejorar los ingresos jubilatorios, a medida que vamos recorriendo un camino de descenso de la inflaci\u00f3n\u201d.<\/p>\n<p>Esta medida \u201ces posible b\u00e1sicamente porque se hace con recursos propios del PAMI, a partir de un ahorro y de un proceso de buena administraci\u00f3n, que nos permite llevar adelante este refuerzo\u201d, dijo el ministro.<\/p>\n<p>Massa adelant\u00f3 que<strong>\u00a0\u201cning\u00fan jubilado de m\u00e1s de 80 a\u00f1os va a cobrar menos de $95.000 cuando vaya a cobrar su jubilaci\u00f3n, m\u00e1s el aguinaldo, m\u00e1s esta asignaci\u00f3n de refuerzo\u201d<\/strong>.<\/p>\n<figure class=\"mb-3\"><img decoding=\"async\" src=\"https:\/\/www.telam.com.ar\/thumbs\/bluesteel\/advf\/imagenes\/2022\/12\/638a88e3e9df2_1200.jpg\" alt=\"Foto Prensa Economia\" width=\"100%\" height=\"100%\" \/><\/p>\n<div class=\"media-icons\"><\/div><figcaption>Foto: Prensa Economia<\/figcaption><\/figure>\n<p>\u201cEso se complementa adem\u00e1s con el programa de medicamentos gratuitos, una inversi\u00f3n que se lleva adelante con recursos propios, sin que lo sufra el jubilado de su bolsillo\u201d, agreg\u00f3 el ministro de Econom\u00eda.<\/p>\n<div class=\"tags mt-4\"><\/div>\n<div class=\"col-md-4\">\n<div class=\"row\">\n<div class=\"t-blk html col-md-12 pl-3 pr-3\">\n<div class=\"content\"><\/div>\n<\/div>\n<\/div>\n<\/div>\n<\/div>\n<\/div>\n<\/div>\n<\/div>\n","protected":false},"excerpt":{"rendered":"<p>La directora de la entidad, Luana Volnovich, inform\u00f3 que ser\u00e1 para mayores a 80 a\u00f1os que perciban hasta un haber y medio jubilatorio.<\/p>\n","protected":false},"author":3,"featured_media":0,"comment_status":"closed","ping_status":"closed","sticky":false,"template":"","format":"standard","meta":{"footnotes":""},"categories":[36],"tags":[],"class_list":["post-80932","post","type-post","status-publish","format-standard","hentry","category-economia"],"yoast_head":"<!-- This site is optimized with the Yoast SEO plugin v25.9 - https:\/\/yoast.com\/wordpress\/plugins\/seo\/ -->\n<title>El Gobierno pagar\u00e1 este mes un bono de $10.000 a m\u00e1s de un mill\u00f3n de jubilados de PAMI - Noticias Radio Reflejos<\/title>\n<meta name=\"robots\" content=\"index, follow, max-snippet:-1, max-image-preview:large, max-video-preview:-1\" \/>\n<link rel=\"canonical\" href=\"https:\/\/www.noticiasradioreflejos.com.ar\/2021\/el-gobierno-pagara-este-mes-un-bono-de-10-000-a-mas-de-un-millon-de-jubilados-de-pami\/\" \/>\n<meta property=\"og:locale\" content=\"es_ES\" \/>\n<meta property=\"og:type\" content=\"article\" \/>\n<meta property=\"og:title\" content=\"El Gobierno pagar\u00e1 este mes un bono de $10.000 a m\u00e1s de un mill\u00f3n de jubilados de PAMI - Noticias Radio Reflejos\" \/>\n<meta property=\"og:description\" content=\"La directora de la entidad, Luana Volnovich, inform\u00f3 que ser\u00e1 para mayores a 80 a\u00f1os que perciban hasta un haber y medio jubilatorio.\" \/>\n<meta property=\"og:url\" content=\"https:\/\/www.noticiasradioreflejos.com.ar\/2021\/el-gobierno-pagara-este-mes-un-bono-de-10-000-a-mas-de-un-millon-de-jubilados-de-pami\/\" \/>\n<meta property=\"og:site_name\" content=\"Noticias Radio Reflejos\" \/>\n<meta property=\"article:published_time\" content=\"2022-12-03T10:42:31+00:00\" \/>\n<meta property=\"og:image\" content=\"https:\/\/www.telam.com.ar\/thumbs\/bluesteel\/advf\/imagenes\/2022\/11\/638744b96b0f8_1200.jpg\" \/>\n<meta name=\"author\" content=\"Arnaldo Botto\" \/>\n<meta name=\"twitter:card\" content=\"summary_large_image\" \/>\n<script type=\"application\/ld+json\" class=\"yoast-schema-graph\">{\"@context\":\"https:\/\/schema.org\",\"@graph\":[{\"@type\":\"WebPage\",\"@id\":\"https:\/\/www.noticiasradioreflejos.com.ar\/2021\/el-gobierno-pagara-este-mes-un-bono-de-10-000-a-mas-de-un-millon-de-jubilados-de-pami\/\",\"url\":\"https:\/\/www.noticiasradioreflejos.com.ar\/2021\/el-gobierno-pagara-este-mes-un-bono-de-10-000-a-mas-de-un-millon-de-jubilados-de-pami\/\",\"name\":\"El Gobierno pagar\u00e1 este mes un bono de $10.000 a m\u00e1s de un mill\u00f3n de jubilados de PAMI - Noticias Radio Reflejos\",\"isPartOf\":{\"@id\":\"https:\/\/www.noticiasradioreflejos.com.ar\/2021\/#website\"},\"primaryImageOfPage\":{\"@id\":\"https:\/\/www.noticiasradioreflejos.com.ar\/2021\/el-gobierno-pagara-este-mes-un-bono-de-10-000-a-mas-de-un-millon-de-jubilados-de-pami\/#primaryimage\"},\"image\":{\"@id\":\"https:\/\/www.noticiasradioreflejos.com.ar\/2021\/el-gobierno-pagara-este-mes-un-bono-de-10-000-a-mas-de-un-millon-de-jubilados-de-pami\/#primaryimage\"},\"thumbnailUrl\":\"https:\/\/www.telam.com.ar\/thumbs\/bluesteel\/advf\/imagenes\/2022\/11\/638744b96b0f8_1200.jpg\",\"datePublished\":\"2022-12-03T10:42:31+00:00\",\"author\":{\"@id\":\"https:\/\/www.noticiasradioreflejos.com.ar\/2021\/#\/schema\/person\/ad82545263dcc5ec0996818884fd5fb1\"},\"breadcrumb\":{\"@id\":\"https:\/\/www.noticiasradioreflejos.com.ar\/2021\/el-gobierno-pagara-este-mes-un-bono-de-10-000-a-mas-de-un-millon-de-jubilados-de-pami\/#breadcrumb\"},\"inLanguage\":\"es\",\"potentialAction\":[{\"@type\":\"ReadAction\",\"target\":[\"https:\/\/www.noticiasradioreflejos.com.ar\/2021\/el-gobierno-pagara-este-mes-un-bono-de-10-000-a-mas-de-un-millon-de-jubilados-de-pami\/\"]}]},{\"@type\":\"ImageObject\",\"inLanguage\":\"es\",\"@id\":\"https:\/\/www.noticiasradioreflejos.com.ar\/2021\/el-gobierno-pagara-este-mes-un-bono-de-10-000-a-mas-de-un-millon-de-jubilados-de-pami\/#primaryimage\",\"url\":\"https:\/\/www.telam.com.ar\/thumbs\/bluesteel\/advf\/imagenes\/2022\/11\/638744b96b0f8_1200.jpg\",\"contentUrl\":\"https:\/\/www.telam.com.ar\/thumbs\/bluesteel\/advf\/imagenes\/2022\/11\/638744b96b0f8_1200.jpg\"},{\"@type\":\"BreadcrumbList\",\"@id\":\"https:\/\/www.noticiasradioreflejos.com.ar\/2021\/el-gobierno-pagara-este-mes-un-bono-de-10-000-a-mas-de-un-millon-de-jubilados-de-pami\/#breadcrumb\",\"itemListElement\":[{\"@type\":\"ListItem\",\"position\":1,\"name\":\"Portada\",\"item\":\"https:\/\/www.noticiasradioreflejos.com.ar\/2021\/\"},{\"@type\":\"ListItem\",\"position\":2,\"name\":\"El Gobierno pagar\u00e1 este mes un bono de $10.000 a m\u00e1s de un mill\u00f3n de jubilados de PAMI\"}]},{\"@type\":\"WebSite\",\"@id\":\"https:\/\/www.noticiasradioreflejos.com.ar\/2021\/#website\",\"url\":\"https:\/\/www.noticiasradioreflejos.com.ar\/2021\/\",\"name\":\"Noticias Radio Reflejos\",\"description\":\"Las noticias de mi comarca\",\"potentialAction\":[{\"@type\":\"SearchAction\",\"target\":{\"@type\":\"EntryPoint\",\"urlTemplate\":\"https:\/\/www.noticiasradioreflejos.com.ar\/2021\/?s={search_term_string}\"},\"query-input\":{\"@type\":\"PropertyValueSpecification\",\"valueRequired\":true,\"valueName\":\"search_term_string\"}}],\"inLanguage\":\"es\"},{\"@type\":\"Person\",\"@id\":\"https:\/\/www.noticiasradioreflejos.com.ar\/2021\/#\/schema\/person\/ad82545263dcc5ec0996818884fd5fb1\",\"name\":\"Arnaldo Botto\",\"image\":{\"@type\":\"ImageObject\",\"inLanguage\":\"es\",\"@id\":\"https:\/\/www.noticiasradioreflejos.com.ar\/2021\/#\/schema\/person\/image\/\",\"url\":\"https:\/\/secure.gravatar.com\/avatar\/55cb5e37c1efa326397366e6974cb338056df65cb50e7d64d1cf314e87504837?s=96&d=mm&r=g\",\"contentUrl\":\"https:\/\/secure.gravatar.com\/avatar\/55cb5e37c1efa326397366e6974cb338056df65cb50e7d64d1cf314e87504837?s=96&d=mm&r=g\",\"caption\":\"Arnaldo Botto\"},\"url\":\"https:\/\/www.noticiasradioreflejos.com.ar\/2021\/author\/arnaldo\/\"}]}<\/script>\n<!-- \/ Yoast SEO plugin. -->","yoast_head_json":{"title":"El Gobierno pagar\u00e1 este mes un bono de $10.000 a m\u00e1s de un mill\u00f3n de jubilados de PAMI - Noticias Radio Reflejos","robots":{"index":"index","follow":"follow","max-snippet":"max-snippet:-1","max-image-preview":"max-image-preview:large","max-video-preview":"max-video-preview:-1"},"canonical":"https:\/\/www.noticiasradioreflejos.com.ar\/2021\/el-gobierno-pagara-este-mes-un-bono-de-10-000-a-mas-de-un-millon-de-jubilados-de-pami\/","og_locale":"es_ES","og_type":"article","og_title":"El Gobierno pagar\u00e1 este mes un bono de $10.000 a m\u00e1s de un mill\u00f3n de jubilados de PAMI - Noticias Radio Reflejos","og_description":"La directora de la entidad, Luana Volnovich, inform\u00f3 que ser\u00e1 para mayores a 80 a\u00f1os que perciban hasta un haber y medio jubilatorio.","og_url":"https:\/\/www.noticiasradioreflejos.com.ar\/2021\/el-gobierno-pagara-este-mes-un-bono-de-10-000-a-mas-de-un-millon-de-jubilados-de-pami\/","og_site_name":"Noticias Radio Reflejos","article_published_time":"2022-12-03T10:42:31+00:00","og_image":[{"url":"https:\/\/www.telam.com.ar\/thumbs\/bluesteel\/advf\/imagenes\/2022\/11\/638744b96b0f8_1200.jpg","type":"","width":"","height":""}],"author":"Arnaldo Botto","twitter_card":"summary_large_image","schema":{"@context":"https:\/\/schema.org","@graph":[{"@type":"WebPage","@id":"https:\/\/www.noticiasradioreflejos.com.ar\/2021\/el-gobierno-pagara-este-mes-un-bono-de-10-000-a-mas-de-un-millon-de-jubilados-de-pami\/","url":"https:\/\/www.noticiasradioreflejos.com.ar\/2021\/el-gobierno-pagara-este-mes-un-bono-de-10-000-a-mas-de-un-millon-de-jubilados-de-pami\/","name":"El Gobierno pagar\u00e1 este mes un bono de $10.000 a m\u00e1s de un mill\u00f3n de jubilados de PAMI - Noticias Radio Reflejos","isPartOf":{"@id":"https:\/\/www.noticiasradioreflejos.com.ar\/2021\/#website"},"primaryImageOfPage":{"@id":"https:\/\/www.noticiasradioreflejos.com.ar\/2021\/el-gobierno-pagara-este-mes-un-bono-de-10-000-a-mas-de-un-millon-de-jubilados-de-pami\/#primaryimage"},"image":{"@id":"https:\/\/www.noticiasradioreflejos.com.ar\/2021\/el-gobierno-pagara-este-mes-un-bono-de-10-000-a-mas-de-un-millon-de-jubilados-de-pami\/#primaryimage"},"thumbnailUrl":"https:\/\/www.telam.com.ar\/thumbs\/bluesteel\/advf\/imagenes\/2022\/11\/638744b96b0f8_1200.jpg","datePublished":"2022-12-03T10:42:31+00:00","author":{"@id":"https:\/\/www.noticiasradioreflejos.com.ar\/2021\/#\/schema\/person\/ad82545263dcc5ec0996818884fd5fb1"},"breadcrumb":{"@id":"https:\/\/www.noticiasradioreflejos.com.ar\/2021\/el-gobierno-pagara-este-mes-un-bono-de-10-000-a-mas-de-un-millon-de-jubilados-de-pami\/#breadcrumb"},"inLanguage":"es","potentialAction":[{"@type":"ReadAction","target":["https:\/\/www.noticiasradioreflejos.com.ar\/2021\/el-gobierno-pagara-este-mes-un-bono-de-10-000-a-mas-de-un-millon-de-jubilados-de-pami\/"]}]},{"@type":"ImageObject","inLanguage":"es","@id":"https:\/\/www.noticiasradioreflejos.com.ar\/2021\/el-gobierno-pagara-este-mes-un-bono-de-10-000-a-mas-de-un-millon-de-jubilados-de-pami\/#primaryimage","url":"https:\/\/www.telam.com.ar\/thumbs\/bluesteel\/advf\/imagenes\/2022\/11\/638744b96b0f8_1200.jpg","contentUrl":"https:\/\/www.telam.com.ar\/thumbs\/bluesteel\/advf\/imagenes\/2022\/11\/638744b96b0f8_1200.jpg"},{"@type":"BreadcrumbList","@id":"https:\/\/www.noticiasradioreflejos.com.ar\/2021\/el-gobierno-pagara-este-mes-un-bono-de-10-000-a-mas-de-un-millon-de-jubilados-de-pami\/#breadcrumb","itemListElement":[{"@type":"ListItem","position":1,"name":"Portada","item":"https:\/\/www.noticiasradioreflejos.com.ar\/2021\/"},{"@type":"ListItem","position":2,"name":"El Gobierno pagar\u00e1 este mes un bono de $10.000 a m\u00e1s de un mill\u00f3n de jubilados de PAMI"}]},{"@type":"WebSite","@id":"https:\/\/www.noticiasradioreflejos.com.ar\/2021\/#website","url":"https:\/\/www.noticiasradioreflejos.com.ar\/2021\/","name":"Noticias Radio Reflejos","description":"Las noticias de mi comarca","potentialAction":[{"@type":"SearchAction","target":{"@type":"EntryPoint","urlTemplate":"https:\/\/www.noticiasradioreflejos.com.ar\/2021\/?s={search_term_string}"},"query-input":{"@type":"PropertyValueSpecification","valueRequired":true,"valueName":"search_term_string"}}],"inLanguage":"es"},{"@type":"Person","@id":"https:\/\/www.noticiasradioreflejos.com.ar\/2021\/#\/schema\/person\/ad82545263dcc5ec0996818884fd5fb1","name":"Arnaldo Botto","image":{"@type":"ImageObject","inLanguage":"es","@id":"https:\/\/www.noticiasradioreflejos.com.ar\/2021\/#\/schema\/person\/image\/","url":"https:\/\/secure.gravatar.com\/avatar\/55cb5e37c1efa326397366e6974cb338056df65cb50e7d64d1cf314e87504837?s=96&d=mm&r=g","contentUrl":"https:\/\/secure.gravatar.com\/avatar\/55cb5e37c1efa326397366e6974cb338056df65cb50e7d64d1cf314e87504837?s=96&d=mm&r=g","caption":"Arnaldo Botto"},"url":"https:\/\/www.noticiasradioreflejos.com.ar\/2021\/author\/arnaldo\/"}]}},"_links":{"self":[{"href":"https:\/\/www.noticiasradioreflejos.com.ar\/2021\/wp-json\/wp\/v2\/posts\/80932","targetHints":{"allow":["GET"]}}],"collection":[{"href":"https:\/\/www.noticiasradioreflejos.com.ar\/2021\/wp-json\/wp\/v2\/posts"}],"about":[{"href":"https:\/\/www.noticiasradioreflejos.com.ar\/2021\/wp-json\/wp\/v2\/types\/post"}],"author":[{"embeddable":true,"href":"https:\/\/www.noticiasradioreflejos.com.ar\/2021\/wp-json\/wp\/v2\/users\/3"}],"replies":[{"embeddable":true,"href":"https:\/\/www.noticiasradioreflejos.com.ar\/2021\/wp-json\/wp\/v2\/comments?post=80932"}],"version-history":[{"count":1,"href":"https:\/\/www.noticiasradioreflejos.com.ar\/2021\/wp-json\/wp\/v2\/posts\/80932\/revisions"}],"predecessor-version":[{"id":80934,"href":"https:\/\/www.noticiasradioreflejos.com.ar\/2021\/wp-json\/wp\/v2\/posts\/80932\/revisions\/80934"}],"wp:attachment":[{"href":"https:\/\/www.noticiasradioreflejos.com.ar\/2021\/wp-json\/wp\/v2\/media?parent=80932"}],"wp:term":[{"taxonomy":"category","embeddable":true,"href":"https:\/\/www.noticiasradioreflejos.com.ar\/2021\/wp-json\/wp\/v2\/categories?post=80932"},{"taxonomy":"post_tag","embeddable":true,"href":"https:\/\/www.noticiasradioreflejos.com.ar\/2021\/wp-json\/wp\/v2\/tags?post=80932"}],"curies":[{"name":"wp","href":"https:\/\/api.w.org\/{rel}","templated":true}]}}