{"id":80927,"date":"2022-12-02T20:56:51","date_gmt":"2022-12-02T20:56:51","guid":{"rendered":"http:\/\/www.noticiasradioreflejos.com.ar\/2021\/?p=80927"},"modified":"2022-12-02T20:56:51","modified_gmt":"2022-12-02T20:56:51","slug":"encontraron-en-museos-europeos-400-objetos-de-comunidades-fueguinas-de-mas-de-un-siglo-de-antiguedad","status":"publish","type":"post","link":"https:\/\/www.noticiasradioreflejos.com.ar\/2021\/encontraron-en-museos-europeos-400-objetos-de-comunidades-fueguinas-de-mas-de-un-siglo-de-antiguedad\/","title":{"rendered":"Encontraron en museos europeos 400 objetos de comunidades fueguinas de m\u00e1s de un siglo de antig\u00fcedad"},"content":{"rendered":"<p>Arque\u00f3logas del Conicet\u00a0eval\u00faan la posibilidad de repatriar los materiales in\u00e9ditos de objetos de las sociedades Selk&#8217;nam, Yagan y Kaw\u00e9sqar, que constituyen el repositorio m\u00e1s completo que se haya descubierto.<!--more--><\/p>\n<figure class=\"mb-3\"><img decoding=\"async\" src=\"https:\/\/www.telam.com.ar\/thumbs\/bluesteel\/advf\/imagenes\/2022\/12\/638a38a07da66_1200.jpg\" alt=\"Danae Fiore y Ana Butto doctoras en arqueologa realizaron una bsqueda de dcadas que describen como una odisea Foto Prensa\" width=\"100%\" height=\"100%\" \/><\/p>\n<div class=\"media-icons\"><\/div><figcaption>Danae Fiore y Ana Butto, doctoras en arqueolog\u00eda, realizaron una b\u00fasqueda de d\u00e9cadas que describen como una \u00abodisea\u00bb \/ Foto: Prensa.<\/figcaption><\/figure>\n<p>Investigadoras del Conicet encontraron en museos de Austria dos colecciones in\u00e9ditas de casi 400 objetos de las sociedades Selk&#8217;nam, Yagan y Kaw\u00e9sqar de Tierra del Fuego que datan de m\u00e1s de 100 a\u00f1os atr\u00e1s y constituyen el repositorio m\u00e1s completo que se haya descubierto, por lo que eval\u00faan la posibilidad de repatriar los materiales para reconocer la soberan\u00eda de las comunidades actuales sobre los objetos de sus ancestros.<\/p>\n<p>Danae Fiore y Ana Butto, doctoras en arqueolog\u00eda, realizaron una b\u00fasqueda de d\u00e9cadas que describen como una \u00abodisea\u00bb para localizar el paradero de las\u00a0<strong>colecciones que Martin Gusinde, sacerdote y etn\u00f3grafo alem\u00e1n, llev\u00f3 al continente europeo<\/strong>\u00a0hace m\u00e1s de un siglo.<\/p>\n<p>\u00abEsta colecci\u00f3n es much\u00edsimo m\u00e1s completa de lo que tenemos. La variedad de objetos y su estado de conservaci\u00f3n es mucho mayor a lo que nosotros conocemos hoy en Argentina, tanto en la colecci\u00f3n que est\u00e1 en el Museo del Fin del Mundo como en el Museo de La Plata\u00bb, explic\u00f3 a T\u00e9lam Fiore, integrante de la Asociaci\u00f3n de Investigaciones Antropol\u00f3gicas (AIA) con sede en la ciudad de Buenos Aires.<\/p>\n<blockquote class=\"\"><p>\u00abEstas colecciones, identificadas en Europa, son de alt\u00edsima importancia para las actuales Comunidades de Pueblos Originarios por tratarse de objetos de cultura material producidos por sus ancestros\u00bb<cite class=\"author\">Ana Butto<\/cite><\/p><\/blockquote>\n<p>Gusinde, misionero de la Sociedad del Verbo Divino, realiz\u00f3 los trabajos de campo m\u00e1s significativos sobre las sociedades Selk&#8217;nam, Yagan (Yamana) y Kaw\u00e9sqar (Alakaluf) entre 1918 y 1924 y se llev\u00f3 una vasta colecci\u00f3n de materiales y artefactos cuyo paradero permaneci\u00f3 desconocido hasta hoy.<\/p>\n<p>Tras un riguroso trabajo, las arque\u00f3logas del Conicet lograron determinar que esas colecciones estaban en dos instituciones de Austria, en Viena: el Weltmuseum y el Monasterio de Sankt Gabriel, donde estudi\u00f3 y vivi\u00f3 Gusinde.<\/p>\n<p>La cuidadosa selecci\u00f3n de los objetos realizada por el religioso es culturalmente representativa de los pueblos originarios fueguinos e incluye\u00a0<strong>un total de 391 objetos: 292 resguardados en el monasterio de Sankt Gabriel y 99 en el Weltmuseum.<\/strong><\/p>\n<figure class=\"mb-3\"><img decoding=\"async\" src=\"https:\/\/www.telam.com.ar\/thumbs\/bluesteel\/advf\/imagenes\/2022\/12\/638a38a09d956_1200.jpg\" alt=\"Entre los primeros resultados del anlisis destacaron a las canastas que tienen etiquetado el nombre de la persona que las hizo Foto Prensa\" width=\"100%\" height=\"100%\" \/><\/p>\n<div class=\"media-icons\"><\/div><figcaption>Entre los primeros resultados del an\u00e1lisis, destacaron a las canastas que tienen etiquetado el nombre de la persona que las hizo \/ Foto: Prensa.<\/figcaption><\/figure>\n<p>En di\u00e1logo con T\u00e9lam, Fiore precis\u00f3 que para localizar las colecciones primero procesaron la informaci\u00f3n de las fotograf\u00edas tomadas por Gusinde y con el an\u00e1lisis de escritos descubrieron que el sacerdote hab\u00eda llevado una parte de los objetos al Museo de Historia Natural de Santiago de Chile, pero desconoc\u00edan qu\u00e9 hab\u00eda ocurrido con el resto.<\/p>\n<p>A trav\u00e9s de convenios con el Instituto Anthropos en Sankt Agustin, Alemania, las investigadoras pudieron ubicar las colecciones: \u00abFue todo una pesquisa larga y despu\u00e9s tuvimos que pedir el permiso para que nos abrieran el dep\u00f3sito y hacer un inventario\u00bb, relat\u00f3 Fiore.<\/p>\n<p>Y describi\u00f3: \u00abEra como bajar a la caja fuerte. Vas con una persona de seguridad, que te acompa\u00f1a y te abre con llave\u00bb.<\/p>\n<p>Con guantes y\u00a0<strong>bajo estrictas normas de protecci\u00f3n<\/strong>, las investigadoras pudieron tener en sus manos una amplia variedad de objetos como cestas, recipientes de corteza, arcos, puntas de flecha, arpones, modelos de canoas, vinchas, collares de caracoles e incluso artefactos ceremoniales como m\u00e1scaras y diademas.<\/p>\n<p>\u00abEl hallazgo de estas colecciones resulta muy relevante a nivel acad\u00e9mico ya que permite observar y analizar objetos producidos sobre materiales perecederos tales como madera, junco y cuero, lo cual facilita la investigaci\u00f3n de piezas que nunca se encuentran completas en las excavaciones arqueol\u00f3gicas\u00bb, enfatiz\u00f3 Fiore.<\/p>\n<p>Entre los primeros resultados del an\u00e1lisis, la arque\u00f3loga destac\u00f3 a las canastas que tienen etiquetado el nombre de la persona que las hizo: \u00abEncontramos el nombre de\u00a0<strong>Nelly Lawrence<\/strong>, una referente fundamental en la comunidad Yagan que ayud\u00f3 much\u00edsimo a Gusinde a entender la sociedad\u00bb.<\/p>\n<p>\u00abPara nosotras ver una canasta hecha por ella es como tocar el cielo con las manos, se nos pon\u00eda la piel de gallina porque nosotras la conocemos por fotograf\u00edas\u00bb, record\u00f3 Fiore.<\/p>\n<p>Otro descubrimiento in\u00e9dito es la\u00a0<strong>carta manuscrita de venta de parte de la colecci\u00f3n fueguina por el religioso al Weltmuseum<\/strong>\u00a0en 1927: \u00abGusinde toma como propios estos objetos y cobra un dinero, que era algo com\u00fan en esa \u00e9poca\u00bb, indicaron.<\/p>\n<figure class=\"mb-3\"><img decoding=\"async\" src=\"https:\/\/www.telam.com.ar\/thumbs\/bluesteel\/advf\/imagenes\/2022\/12\/638a38a05ab75_1200.jpg\" alt=\"Foto Prensa\" width=\"100%\" height=\"100%\" \/><\/p>\n<div class=\"media-icons\"><\/div><figcaption>Foto: Prensa.<\/figcaption><\/figure>\n<p>Sobre la relevancia del hallazgo, Butto, quien trabaja en el Centro Austral de Investigaciones Cient\u00edficas (Cadic) con sede en Ushuaia, se\u00f1al\u00f3 que no es solo a nivel acad\u00e9mico, sino tambi\u00e9n a nivel social dado que \u00abestas colecciones, identificadas en Europa, son de alt\u00edsima importancia para las actuales Comunidades de Pueblos Originarios por tratarse de objetos de cultura material producidos por sus ancestros\u00bb.<\/p>\n<p>Actualmente, se encuentra la comunidad Selk&#8217;nam Rafaela Ishton en el centro y norte de Tierra del Fuego; la comunidad ind\u00edgena Yagan Paiakoala en la zona de Ushuaia; y varias comunidades Kawesqar que habitan el oeste del archipi\u00e9lago fueguino en territorio chileno.<\/p>\n<p>Por su parte, Fiore agreg\u00f3 que \u00abno se puede soslayar el reconocimiento de la soberan\u00eda de estos pueblos respecto de los objetos y la consulta nuestra sobre los pr\u00f3ximos pasos a seguir\u00bb.<\/p>\n<blockquote class=\"\"><p>\u00abEstamos conectando de manera sincera y desinteresada a las colecciones con los que realmente son los propietarios originarios, que son las comunidades actuales\u00bb<cite class=\"author\">Danae Fiore<\/cite><\/p><\/blockquote>\n<p>Asimismo, adelant\u00f3 que\u00a0<strong>se est\u00e1 evaluando la \u00abposibilidad de una repatriaci\u00f3n, pero hay un conjunto de pasos a seguir\u00bb<\/strong>.<\/p>\n<p>\u00abEs un proceso complejo y muy largo que en primer lugar requiere tener una noci\u00f3n total de cu\u00e1ntos objetos son, en qu\u00e9 estado de conservaci\u00f3n est\u00e1n y qu\u00e9 da\u00f1o les har\u00eda el traslado\u00bb, detall\u00f3.<\/p>\n<p>Para que la restituci\u00f3n sea posible tambi\u00e9n se necesita de un acuerdo entre las actuales comunidades, los Estados argentino y chileno, y la embajada de Austria que debe otorgar el permiso legal para el traslado de patrimonio cultural.<\/p>\n<p>Adem\u00e1s, se debe involucrar a los museos que hoy resguardan los materiales: \u00aben t\u00e9rminos informales hemos comentado la potencialidad de alguna restituci\u00f3n y ambas instituciones se ver\u00edan favorables\u00bb, dijo Fiore.<\/p>\n<blockquote class=\"\"><p>\u00abEstas colecciones, identificadas en Europa, son de alt\u00edsima importancia para las actuales Comunidades de Pueblos Originarios por tratarse de objetos de cultura material producidos por sus ancestros\u00bb<cite class=\"author\">Ana Butto<\/cite><\/p><\/blockquote>\n<p>Las investigadoras tambi\u00e9n remarcaron que\u00a0<strong>las comunidades est\u00e1n \u00abmuy interesadas en seguir adelante\u00bb<\/strong>\u00a0y que estas colecciones significan para ellas \u00abconstantes se\u00f1ales de validaci\u00f3n acerca de las pr\u00e1cticas de sus ancestros, de los saberes que ten\u00edan y de las tremendas habilidades tecnol\u00f3gicas que una persona del siglo XXI no sabr\u00eda resolver\u00bb.<\/p>\n<p>\u00abEstamos conectando de manera sincera y desinteresada a las colecciones con los que realmente son los propietarios originarios, que son las comunidades actuales\u00bb, concluy\u00f3 Fiore.<\/p>\n<div class=\"jumbotron pt-4 mt-3\">\n<h3 class=\"module-title\">LOS PUEBLOS FUEGUINOS COMPARTEN 10 MIL A\u00d1OS DE HISTORIA<\/h3>\n<p>Los pueblos originarios fueguinos a quienes pertenecen los casi 400 objetos encontrados en museos de Austria por investigadoras del Conicet poseen una \u00ablarga historia\u00bb de \u00abentre 8 mil y 10 mil a\u00f1os\u00bb de antig\u00fcedad en la isla de Tierra del Fuego, seg\u00fan demuestran los registros arqueol\u00f3gicos hallados sobre estas comunidades.<\/p>\n<p><strong>SELK&#8217;NAM<\/strong><br \/>\nLos selk&#8217;nam, tambi\u00e9n conocidos como onas, ten\u00edan su territorio en el centro y norte de la isla y \u00abtradicionalmente tuvieron un modo de vida cazador recolector, con movilidad pedestre (es decir que se mov\u00edan caminando de un lugar a otro) y alimentaci\u00f3n derivada de la caza del guanaco, otros animales m\u00e1s peque\u00f1os y vegetales en menor medida\u00bb, explic\u00f3 a T\u00e9lam Danae Fiore, doctora en arqueolog\u00eda y una de las responsables del descubrimiento de las piezas en Europa.<\/p>\n<p>Los selk&#8217;nam ten\u00edan un uso de la tecnolog\u00eda \u00abmuy desarrollada en artefactos l\u00edticos (o de piedra) que usaban para cortar, raspar y cazar, actividad para la que se val\u00edan de arcos y flechas\u00bb, agreg\u00f3 la especialista.<\/p>\n<p>En la actualidad, los onas integran la comunidad \u00abRafaela Ishton\u00bb que los representa como pueblo vivo en territorio argentino.<\/p>\n<p><strong>YAGANES<\/strong><br \/>\nPor su parte los yaganes, o y\u00e1manas, ten\u00edan como territorio ancestral el sur de la Isla de Tierra del Fuego, sobre la costa del canal Beagle y hasta el Cabo de Hornos (al sur) y la Isla de los Estados (al este).<\/p>\n<p>Su modo de vida tambi\u00e9n era el de cazadores recolectores, aunque le agregaban la pesca.<\/p>\n<p>\u00abLas evidencias arqueol\u00f3gicas y etnogr\u00e1ficas demuestran que se val\u00edan de recursos marinos. Cazaban lobos marinos desde canoas o desde la costa, utilizando arpones. Consum\u00edan gran cantidad de peces, moluscos y aves, es decir que ten\u00edan numerosos recursos a disposici\u00f3n\u00bb, detall\u00f3 Fiore.<\/p>\n<p>En cuanto a su tecnolog\u00eda tambi\u00e9n estaba basada en la piedra, con la que fabricaban puntas de lanzas y flechas, aunque tambi\u00e9n \u00abusaban los huesos de los animales cazados como materia prima para construir o fabricar un conjunto grande de instrumentos, como puntas de arp\u00f3n, punzones para hacer cestas y cu\u00f1as para separar la corteza de los arboles y construir canoas. Porque se mov\u00edan a pie y en canoas, con las que se desplazaban entre las islas\u00bb, precis\u00f3 la experta del Conicet.<\/p>\n<p>A su vez, utilizaban una gran cantidad de pigmentos para la realizaci\u00f3n de pinturas corporales (usadas en rituales y ceremonias) y para realizar dise\u00f1os sobre maderas.<\/p>\n<p>Las comunidades yaganes tienen presencia activa tanto en Argentina como en Chile.<\/p>\n<p><strong>KAW\u00c9SQAR<\/strong><br \/>\nLos kaw\u00e9sqar, tambi\u00e9n conocidos como alacalufes, eran tambi\u00e9n canoeros y vecinos de los yaganes, ya que habitaban el centro oeste y sur de la isla fueguina, por lo que actualmente solo existen comunidades activas en Chile.<\/p>\n<p>Se caracterizaban por la caza de lobos marinos, aves y peces, y tambi\u00e9n usaban arpones, aunque ten\u00edan diferencias notables con los y\u00e1manas, especialmente el lenguaje que era completamente distinto y la \u00abornamentaci\u00f3n corporal\u00bb.<\/p>\n<p>\u00abSon sociedades fueguinas que interactuaban pero cada una con su propia idiosincrasia\u00bb, concluy\u00f3 la integrante de la Asociaci\u00f3n de Investigaciones Antropol\u00f3gicas (AIA) con sede en la ciudad de Buenos Aires.<\/p>\n<\/div>\n","protected":false},"excerpt":{"rendered":"<p>Arque\u00f3logas del Conicet\u00a0eval\u00faan la posibilidad de repatriar los materiales in\u00e9ditos de objetos de las sociedades Selk&#8217;nam, Yagan y Kaw\u00e9sqar, que constituyen el repositorio m\u00e1s completo que se haya descubierto.<\/p>\n","protected":false},"author":3,"featured_media":0,"comment_status":"closed","ping_status":"closed","sticky":false,"template":"","format":"standard","meta":{"footnotes":""},"categories":[46],"tags":[],"class_list":["post-80927","post","type-post","status-publish","format-standard","hentry","category-ciencia-y-tecnologia"],"yoast_head":"<!-- This site is optimized with the Yoast SEO plugin v25.9 - https:\/\/yoast.com\/wordpress\/plugins\/seo\/ -->\n<title>Encontraron en museos europeos 400 objetos de comunidades fueguinas de m\u00e1s de un siglo de antig\u00fcedad - Noticias Radio Reflejos<\/title>\n<meta name=\"robots\" content=\"index, follow, max-snippet:-1, max-image-preview:large, max-video-preview:-1\" \/>\n<link rel=\"canonical\" href=\"https:\/\/www.noticiasradioreflejos.com.ar\/2021\/encontraron-en-museos-europeos-400-objetos-de-comunidades-fueguinas-de-mas-de-un-siglo-de-antiguedad\/\" \/>\n<meta property=\"og:locale\" content=\"es_ES\" \/>\n<meta property=\"og:type\" content=\"article\" \/>\n<meta property=\"og:title\" content=\"Encontraron en museos europeos 400 objetos de comunidades fueguinas de m\u00e1s de un siglo de antig\u00fcedad - Noticias Radio Reflejos\" \/>\n<meta property=\"og:description\" content=\"Arque\u00f3logas del Conicet\u00a0eval\u00faan la posibilidad de repatriar los materiales in\u00e9ditos de objetos de las sociedades Selk&#8217;nam, Yagan y Kaw\u00e9sqar, que constituyen el repositorio m\u00e1s completo que se haya descubierto.\" \/>\n<meta property=\"og:url\" content=\"https:\/\/www.noticiasradioreflejos.com.ar\/2021\/encontraron-en-museos-europeos-400-objetos-de-comunidades-fueguinas-de-mas-de-un-siglo-de-antiguedad\/\" \/>\n<meta property=\"og:site_name\" content=\"Noticias Radio Reflejos\" \/>\n<meta property=\"article:published_time\" content=\"2022-12-02T20:56:51+00:00\" \/>\n<meta property=\"og:image\" content=\"https:\/\/www.telam.com.ar\/thumbs\/bluesteel\/advf\/imagenes\/2022\/12\/638a38a07da66_1200.jpg\" \/>\n<meta name=\"author\" content=\"Arnaldo Botto\" \/>\n<meta name=\"twitter:card\" content=\"summary_large_image\" \/>\n<script type=\"application\/ld+json\" class=\"yoast-schema-graph\">{\"@context\":\"https:\/\/schema.org\",\"@graph\":[{\"@type\":\"WebPage\",\"@id\":\"https:\/\/www.noticiasradioreflejos.com.ar\/2021\/encontraron-en-museos-europeos-400-objetos-de-comunidades-fueguinas-de-mas-de-un-siglo-de-antiguedad\/\",\"url\":\"https:\/\/www.noticiasradioreflejos.com.ar\/2021\/encontraron-en-museos-europeos-400-objetos-de-comunidades-fueguinas-de-mas-de-un-siglo-de-antiguedad\/\",\"name\":\"Encontraron en museos europeos 400 objetos de comunidades fueguinas de m\u00e1s de un siglo de antig\u00fcedad - Noticias Radio Reflejos\",\"isPartOf\":{\"@id\":\"https:\/\/www.noticiasradioreflejos.com.ar\/2021\/#website\"},\"primaryImageOfPage\":{\"@id\":\"https:\/\/www.noticiasradioreflejos.com.ar\/2021\/encontraron-en-museos-europeos-400-objetos-de-comunidades-fueguinas-de-mas-de-un-siglo-de-antiguedad\/#primaryimage\"},\"image\":{\"@id\":\"https:\/\/www.noticiasradioreflejos.com.ar\/2021\/encontraron-en-museos-europeos-400-objetos-de-comunidades-fueguinas-de-mas-de-un-siglo-de-antiguedad\/#primaryimage\"},\"thumbnailUrl\":\"https:\/\/www.telam.com.ar\/thumbs\/bluesteel\/advf\/imagenes\/2022\/12\/638a38a07da66_1200.jpg\",\"datePublished\":\"2022-12-02T20:56:51+00:00\",\"author\":{\"@id\":\"https:\/\/www.noticiasradioreflejos.com.ar\/2021\/#\/schema\/person\/ad82545263dcc5ec0996818884fd5fb1\"},\"breadcrumb\":{\"@id\":\"https:\/\/www.noticiasradioreflejos.com.ar\/2021\/encontraron-en-museos-europeos-400-objetos-de-comunidades-fueguinas-de-mas-de-un-siglo-de-antiguedad\/#breadcrumb\"},\"inLanguage\":\"es\",\"potentialAction\":[{\"@type\":\"ReadAction\",\"target\":[\"https:\/\/www.noticiasradioreflejos.com.ar\/2021\/encontraron-en-museos-europeos-400-objetos-de-comunidades-fueguinas-de-mas-de-un-siglo-de-antiguedad\/\"]}]},{\"@type\":\"ImageObject\",\"inLanguage\":\"es\",\"@id\":\"https:\/\/www.noticiasradioreflejos.com.ar\/2021\/encontraron-en-museos-europeos-400-objetos-de-comunidades-fueguinas-de-mas-de-un-siglo-de-antiguedad\/#primaryimage\",\"url\":\"https:\/\/www.telam.com.ar\/thumbs\/bluesteel\/advf\/imagenes\/2022\/12\/638a38a07da66_1200.jpg\",\"contentUrl\":\"https:\/\/www.telam.com.ar\/thumbs\/bluesteel\/advf\/imagenes\/2022\/12\/638a38a07da66_1200.jpg\"},{\"@type\":\"BreadcrumbList\",\"@id\":\"https:\/\/www.noticiasradioreflejos.com.ar\/2021\/encontraron-en-museos-europeos-400-objetos-de-comunidades-fueguinas-de-mas-de-un-siglo-de-antiguedad\/#breadcrumb\",\"itemListElement\":[{\"@type\":\"ListItem\",\"position\":1,\"name\":\"Portada\",\"item\":\"https:\/\/www.noticiasradioreflejos.com.ar\/2021\/\"},{\"@type\":\"ListItem\",\"position\":2,\"name\":\"Encontraron en museos europeos 400 objetos de comunidades fueguinas de m\u00e1s de un siglo de antig\u00fcedad\"}]},{\"@type\":\"WebSite\",\"@id\":\"https:\/\/www.noticiasradioreflejos.com.ar\/2021\/#website\",\"url\":\"https:\/\/www.noticiasradioreflejos.com.ar\/2021\/\",\"name\":\"Noticias Radio Reflejos\",\"description\":\"Las noticias de mi comarca\",\"potentialAction\":[{\"@type\":\"SearchAction\",\"target\":{\"@type\":\"EntryPoint\",\"urlTemplate\":\"https:\/\/www.noticiasradioreflejos.com.ar\/2021\/?s={search_term_string}\"},\"query-input\":{\"@type\":\"PropertyValueSpecification\",\"valueRequired\":true,\"valueName\":\"search_term_string\"}}],\"inLanguage\":\"es\"},{\"@type\":\"Person\",\"@id\":\"https:\/\/www.noticiasradioreflejos.com.ar\/2021\/#\/schema\/person\/ad82545263dcc5ec0996818884fd5fb1\",\"name\":\"Arnaldo Botto\",\"image\":{\"@type\":\"ImageObject\",\"inLanguage\":\"es\",\"@id\":\"https:\/\/www.noticiasradioreflejos.com.ar\/2021\/#\/schema\/person\/image\/\",\"url\":\"https:\/\/secure.gravatar.com\/avatar\/55cb5e37c1efa326397366e6974cb338056df65cb50e7d64d1cf314e87504837?s=96&d=mm&r=g\",\"contentUrl\":\"https:\/\/secure.gravatar.com\/avatar\/55cb5e37c1efa326397366e6974cb338056df65cb50e7d64d1cf314e87504837?s=96&d=mm&r=g\",\"caption\":\"Arnaldo Botto\"},\"url\":\"https:\/\/www.noticiasradioreflejos.com.ar\/2021\/author\/arnaldo\/\"}]}<\/script>\n<!-- \/ Yoast SEO plugin. -->","yoast_head_json":{"title":"Encontraron en museos europeos 400 objetos de comunidades fueguinas de m\u00e1s de un siglo de antig\u00fcedad - Noticias Radio Reflejos","robots":{"index":"index","follow":"follow","max-snippet":"max-snippet:-1","max-image-preview":"max-image-preview:large","max-video-preview":"max-video-preview:-1"},"canonical":"https:\/\/www.noticiasradioreflejos.com.ar\/2021\/encontraron-en-museos-europeos-400-objetos-de-comunidades-fueguinas-de-mas-de-un-siglo-de-antiguedad\/","og_locale":"es_ES","og_type":"article","og_title":"Encontraron en museos europeos 400 objetos de comunidades fueguinas de m\u00e1s de un siglo de antig\u00fcedad - Noticias Radio Reflejos","og_description":"Arque\u00f3logas del Conicet\u00a0eval\u00faan la posibilidad de repatriar los materiales in\u00e9ditos de objetos de las sociedades Selk&#8217;nam, Yagan y Kaw\u00e9sqar, que constituyen el repositorio m\u00e1s completo que se haya descubierto.","og_url":"https:\/\/www.noticiasradioreflejos.com.ar\/2021\/encontraron-en-museos-europeos-400-objetos-de-comunidades-fueguinas-de-mas-de-un-siglo-de-antiguedad\/","og_site_name":"Noticias Radio Reflejos","article_published_time":"2022-12-02T20:56:51+00:00","og_image":[{"url":"https:\/\/www.telam.com.ar\/thumbs\/bluesteel\/advf\/imagenes\/2022\/12\/638a38a07da66_1200.jpg","type":"","width":"","height":""}],"author":"Arnaldo Botto","twitter_card":"summary_large_image","schema":{"@context":"https:\/\/schema.org","@graph":[{"@type":"WebPage","@id":"https:\/\/www.noticiasradioreflejos.com.ar\/2021\/encontraron-en-museos-europeos-400-objetos-de-comunidades-fueguinas-de-mas-de-un-siglo-de-antiguedad\/","url":"https:\/\/www.noticiasradioreflejos.com.ar\/2021\/encontraron-en-museos-europeos-400-objetos-de-comunidades-fueguinas-de-mas-de-un-siglo-de-antiguedad\/","name":"Encontraron en museos europeos 400 objetos de comunidades fueguinas de m\u00e1s de un siglo de antig\u00fcedad - Noticias Radio Reflejos","isPartOf":{"@id":"https:\/\/www.noticiasradioreflejos.com.ar\/2021\/#website"},"primaryImageOfPage":{"@id":"https:\/\/www.noticiasradioreflejos.com.ar\/2021\/encontraron-en-museos-europeos-400-objetos-de-comunidades-fueguinas-de-mas-de-un-siglo-de-antiguedad\/#primaryimage"},"image":{"@id":"https:\/\/www.noticiasradioreflejos.com.ar\/2021\/encontraron-en-museos-europeos-400-objetos-de-comunidades-fueguinas-de-mas-de-un-siglo-de-antiguedad\/#primaryimage"},"thumbnailUrl":"https:\/\/www.telam.com.ar\/thumbs\/bluesteel\/advf\/imagenes\/2022\/12\/638a38a07da66_1200.jpg","datePublished":"2022-12-02T20:56:51+00:00","author":{"@id":"https:\/\/www.noticiasradioreflejos.com.ar\/2021\/#\/schema\/person\/ad82545263dcc5ec0996818884fd5fb1"},"breadcrumb":{"@id":"https:\/\/www.noticiasradioreflejos.com.ar\/2021\/encontraron-en-museos-europeos-400-objetos-de-comunidades-fueguinas-de-mas-de-un-siglo-de-antiguedad\/#breadcrumb"},"inLanguage":"es","potentialAction":[{"@type":"ReadAction","target":["https:\/\/www.noticiasradioreflejos.com.ar\/2021\/encontraron-en-museos-europeos-400-objetos-de-comunidades-fueguinas-de-mas-de-un-siglo-de-antiguedad\/"]}]},{"@type":"ImageObject","inLanguage":"es","@id":"https:\/\/www.noticiasradioreflejos.com.ar\/2021\/encontraron-en-museos-europeos-400-objetos-de-comunidades-fueguinas-de-mas-de-un-siglo-de-antiguedad\/#primaryimage","url":"https:\/\/www.telam.com.ar\/thumbs\/bluesteel\/advf\/imagenes\/2022\/12\/638a38a07da66_1200.jpg","contentUrl":"https:\/\/www.telam.com.ar\/thumbs\/bluesteel\/advf\/imagenes\/2022\/12\/638a38a07da66_1200.jpg"},{"@type":"BreadcrumbList","@id":"https:\/\/www.noticiasradioreflejos.com.ar\/2021\/encontraron-en-museos-europeos-400-objetos-de-comunidades-fueguinas-de-mas-de-un-siglo-de-antiguedad\/#breadcrumb","itemListElement":[{"@type":"ListItem","position":1,"name":"Portada","item":"https:\/\/www.noticiasradioreflejos.com.ar\/2021\/"},{"@type":"ListItem","position":2,"name":"Encontraron en museos europeos 400 objetos de comunidades fueguinas de m\u00e1s de un siglo de antig\u00fcedad"}]},{"@type":"WebSite","@id":"https:\/\/www.noticiasradioreflejos.com.ar\/2021\/#website","url":"https:\/\/www.noticiasradioreflejos.com.ar\/2021\/","name":"Noticias Radio Reflejos","description":"Las noticias de mi comarca","potentialAction":[{"@type":"SearchAction","target":{"@type":"EntryPoint","urlTemplate":"https:\/\/www.noticiasradioreflejos.com.ar\/2021\/?s={search_term_string}"},"query-input":{"@type":"PropertyValueSpecification","valueRequired":true,"valueName":"search_term_string"}}],"inLanguage":"es"},{"@type":"Person","@id":"https:\/\/www.noticiasradioreflejos.com.ar\/2021\/#\/schema\/person\/ad82545263dcc5ec0996818884fd5fb1","name":"Arnaldo Botto","image":{"@type":"ImageObject","inLanguage":"es","@id":"https:\/\/www.noticiasradioreflejos.com.ar\/2021\/#\/schema\/person\/image\/","url":"https:\/\/secure.gravatar.com\/avatar\/55cb5e37c1efa326397366e6974cb338056df65cb50e7d64d1cf314e87504837?s=96&d=mm&r=g","contentUrl":"https:\/\/secure.gravatar.com\/avatar\/55cb5e37c1efa326397366e6974cb338056df65cb50e7d64d1cf314e87504837?s=96&d=mm&r=g","caption":"Arnaldo Botto"},"url":"https:\/\/www.noticiasradioreflejos.com.ar\/2021\/author\/arnaldo\/"}]}},"_links":{"self":[{"href":"https:\/\/www.noticiasradioreflejos.com.ar\/2021\/wp-json\/wp\/v2\/posts\/80927","targetHints":{"allow":["GET"]}}],"collection":[{"href":"https:\/\/www.noticiasradioreflejos.com.ar\/2021\/wp-json\/wp\/v2\/posts"}],"about":[{"href":"https:\/\/www.noticiasradioreflejos.com.ar\/2021\/wp-json\/wp\/v2\/types\/post"}],"author":[{"embeddable":true,"href":"https:\/\/www.noticiasradioreflejos.com.ar\/2021\/wp-json\/wp\/v2\/users\/3"}],"replies":[{"embeddable":true,"href":"https:\/\/www.noticiasradioreflejos.com.ar\/2021\/wp-json\/wp\/v2\/comments?post=80927"}],"version-history":[{"count":1,"href":"https:\/\/www.noticiasradioreflejos.com.ar\/2021\/wp-json\/wp\/v2\/posts\/80927\/revisions"}],"predecessor-version":[{"id":80929,"href":"https:\/\/www.noticiasradioreflejos.com.ar\/2021\/wp-json\/wp\/v2\/posts\/80927\/revisions\/80929"}],"wp:attachment":[{"href":"https:\/\/www.noticiasradioreflejos.com.ar\/2021\/wp-json\/wp\/v2\/media?parent=80927"}],"wp:term":[{"taxonomy":"category","embeddable":true,"href":"https:\/\/www.noticiasradioreflejos.com.ar\/2021\/wp-json\/wp\/v2\/categories?post=80927"},{"taxonomy":"post_tag","embeddable":true,"href":"https:\/\/www.noticiasradioreflejos.com.ar\/2021\/wp-json\/wp\/v2\/tags?post=80927"}],"curies":[{"name":"wp","href":"https:\/\/api.w.org\/{rel}","templated":true}]}}