{"id":80910,"date":"2022-12-02T19:43:51","date_gmt":"2022-12-02T19:43:51","guid":{"rendered":"http:\/\/www.noticiasradioreflejos.com.ar\/2021\/?p=80910"},"modified":"2022-12-02T19:43:51","modified_gmt":"2022-12-02T19:43:51","slug":"telefono-para-comunicarse-con-la-sala-medica-de-villa-serrana-la-gruta","status":"publish","type":"post","link":"https:\/\/www.noticiasradioreflejos.com.ar\/2021\/telefono-para-comunicarse-con-la-sala-medica-de-villa-serrana-la-gruta\/","title":{"rendered":"Tel\u00e9fono para comunicarse con la Sala Medica de Villa Serrana La Gruta"},"content":{"rendered":"<p>La Secretaria de Salud Municipal pone en conocimiento de los vecinos el tel\u00e9fono del CAPS (Centro de Atenci\u00f3n Primaria de la Salud) de Villa Serrana La Gruta. Quienes deseen comunicarse, deber\u00e1n hacerlo al 291.534-2598, \u00fanicamente por WhatsApp. <!--more--><\/p>\n<p>La l\u00ednea telef\u00f3nica est\u00e1 a disposici\u00f3n para consultas por atenciones y solicitud de turnos de mi\u00e9rcoles a domingo 10 a 16hs. <\/p>\n","protected":false},"excerpt":{"rendered":"<p>La Secretaria de Salud Municipal pone en conocimiento de los vecinos el tel\u00e9fono del CAPS (Centro de Atenci\u00f3n Primaria de la Salud) de Villa Serrana La Gruta. Quienes deseen comunicarse, deber\u00e1n hacerlo al 291.534-2598, \u00fanicamente por WhatsApp.<\/p>\n","protected":false},"author":3,"featured_media":80911,"comment_status":"closed","ping_status":"closed","sticky":false,"template":"","format":"standard","meta":{"footnotes":""},"categories":[30],"tags":[],"class_list":["post-80910","post","type-post","status-publish","format-standard","has-post-thumbnail","hentry","category-salud"],"yoast_head":"<!-- This site is optimized with the Yoast SEO plugin v25.9 - https:\/\/yoast.com\/wordpress\/plugins\/seo\/ -->\n<title>Tel\u00e9fono para comunicarse con la Sala Medica de Villa Serrana La Gruta - Noticias Radio Reflejos<\/title>\n<meta name=\"robots\" content=\"index, follow, max-snippet:-1, max-image-preview:large, max-video-preview:-1\" \/>\n<link rel=\"canonical\" href=\"https:\/\/www.noticiasradioreflejos.com.ar\/2021\/telefono-para-comunicarse-con-la-sala-medica-de-villa-serrana-la-gruta\/\" \/>\n<meta property=\"og:locale\" content=\"es_ES\" \/>\n<meta property=\"og:type\" content=\"article\" \/>\n<meta property=\"og:title\" content=\"Tel\u00e9fono para comunicarse con la Sala Medica de Villa Serrana La Gruta - Noticias Radio Reflejos\" \/>\n<meta property=\"og:description\" content=\"La Secretaria de Salud Municipal pone en conocimiento de los vecinos el tel\u00e9fono del CAPS (Centro de Atenci\u00f3n Primaria de la Salud) de Villa Serrana La Gruta. Quienes deseen comunicarse, deber\u00e1n hacerlo al 291.534-2598, \u00fanicamente por WhatsApp.\" \/>\n<meta property=\"og:url\" content=\"https:\/\/www.noticiasradioreflejos.com.ar\/2021\/telefono-para-comunicarse-con-la-sala-medica-de-villa-serrana-la-gruta\/\" \/>\n<meta property=\"og:site_name\" content=\"Noticias Radio Reflejos\" \/>\n<meta property=\"article:published_time\" content=\"2022-12-02T19:43:51+00:00\" \/>\n<meta property=\"og:image\" content=\"https:\/\/www.noticiasradioreflejos.com.ar\/2021\/wp-content\/uploads\/2022\/12\/unidad-sanitaria-la-gruta.jpg\" \/>\n\t<meta property=\"og:image:width\" content=\"960\" \/>\n\t<meta property=\"og:image:height\" content=\"480\" \/>\n\t<meta property=\"og:image:type\" content=\"image\/jpeg\" \/>\n<meta name=\"author\" content=\"Arnaldo Botto\" \/>\n<meta name=\"twitter:card\" content=\"summary_large_image\" \/>\n<script type=\"application\/ld+json\" class=\"yoast-schema-graph\">{\"@context\":\"https:\/\/schema.org\",\"@graph\":[{\"@type\":\"WebPage\",\"@id\":\"https:\/\/www.noticiasradioreflejos.com.ar\/2021\/telefono-para-comunicarse-con-la-sala-medica-de-villa-serrana-la-gruta\/\",\"url\":\"https:\/\/www.noticiasradioreflejos.com.ar\/2021\/telefono-para-comunicarse-con-la-sala-medica-de-villa-serrana-la-gruta\/\",\"name\":\"Tel\u00e9fono para comunicarse con la Sala Medica de Villa Serrana La Gruta - Noticias Radio Reflejos\",\"isPartOf\":{\"@id\":\"https:\/\/www.noticiasradioreflejos.com.ar\/2021\/#website\"},\"primaryImageOfPage\":{\"@id\":\"https:\/\/www.noticiasradioreflejos.com.ar\/2021\/telefono-para-comunicarse-con-la-sala-medica-de-villa-serrana-la-gruta\/#primaryimage\"},\"image\":{\"@id\":\"https:\/\/www.noticiasradioreflejos.com.ar\/2021\/telefono-para-comunicarse-con-la-sala-medica-de-villa-serrana-la-gruta\/#primaryimage\"},\"thumbnailUrl\":\"https:\/\/www.noticiasradioreflejos.com.ar\/2021\/wp-content\/uploads\/2022\/12\/unidad-sanitaria-la-gruta.jpg\",\"datePublished\":\"2022-12-02T19:43:51+00:00\",\"author\":{\"@id\":\"https:\/\/www.noticiasradioreflejos.com.ar\/2021\/#\/schema\/person\/ad82545263dcc5ec0996818884fd5fb1\"},\"breadcrumb\":{\"@id\":\"https:\/\/www.noticiasradioreflejos.com.ar\/2021\/telefono-para-comunicarse-con-la-sala-medica-de-villa-serrana-la-gruta\/#breadcrumb\"},\"inLanguage\":\"es\",\"potentialAction\":[{\"@type\":\"ReadAction\",\"target\":[\"https:\/\/www.noticiasradioreflejos.com.ar\/2021\/telefono-para-comunicarse-con-la-sala-medica-de-villa-serrana-la-gruta\/\"]}]},{\"@type\":\"ImageObject\",\"inLanguage\":\"es\",\"@id\":\"https:\/\/www.noticiasradioreflejos.com.ar\/2021\/telefono-para-comunicarse-con-la-sala-medica-de-villa-serrana-la-gruta\/#primaryimage\",\"url\":\"https:\/\/www.noticiasradioreflejos.com.ar\/2021\/wp-content\/uploads\/2022\/12\/unidad-sanitaria-la-gruta.jpg\",\"contentUrl\":\"https:\/\/www.noticiasradioreflejos.com.ar\/2021\/wp-content\/uploads\/2022\/12\/unidad-sanitaria-la-gruta.jpg\",\"width\":960,\"height\":480},{\"@type\":\"BreadcrumbList\",\"@id\":\"https:\/\/www.noticiasradioreflejos.com.ar\/2021\/telefono-para-comunicarse-con-la-sala-medica-de-villa-serrana-la-gruta\/#breadcrumb\",\"itemListElement\":[{\"@type\":\"ListItem\",\"position\":1,\"name\":\"Portada\",\"item\":\"https:\/\/www.noticiasradioreflejos.com.ar\/2021\/\"},{\"@type\":\"ListItem\",\"position\":2,\"name\":\"Tel\u00e9fono para comunicarse con la Sala Medica de Villa Serrana La Gruta\"}]},{\"@type\":\"WebSite\",\"@id\":\"https:\/\/www.noticiasradioreflejos.com.ar\/2021\/#website\",\"url\":\"https:\/\/www.noticiasradioreflejos.com.ar\/2021\/\",\"name\":\"Noticias Radio Reflejos\",\"description\":\"Las noticias de mi comarca\",\"potentialAction\":[{\"@type\":\"SearchAction\",\"target\":{\"@type\":\"EntryPoint\",\"urlTemplate\":\"https:\/\/www.noticiasradioreflejos.com.ar\/2021\/?s={search_term_string}\"},\"query-input\":{\"@type\":\"PropertyValueSpecification\",\"valueRequired\":true,\"valueName\":\"search_term_string\"}}],\"inLanguage\":\"es\"},{\"@type\":\"Person\",\"@id\":\"https:\/\/www.noticiasradioreflejos.com.ar\/2021\/#\/schema\/person\/ad82545263dcc5ec0996818884fd5fb1\",\"name\":\"Arnaldo Botto\",\"image\":{\"@type\":\"ImageObject\",\"inLanguage\":\"es\",\"@id\":\"https:\/\/www.noticiasradioreflejos.com.ar\/2021\/#\/schema\/person\/image\/\",\"url\":\"https:\/\/secure.gravatar.com\/avatar\/55cb5e37c1efa326397366e6974cb338056df65cb50e7d64d1cf314e87504837?s=96&d=mm&r=g\",\"contentUrl\":\"https:\/\/secure.gravatar.com\/avatar\/55cb5e37c1efa326397366e6974cb338056df65cb50e7d64d1cf314e87504837?s=96&d=mm&r=g\",\"caption\":\"Arnaldo Botto\"},\"url\":\"https:\/\/www.noticiasradioreflejos.com.ar\/2021\/author\/arnaldo\/\"}]}<\/script>\n<!-- \/ Yoast SEO plugin. -->","yoast_head_json":{"title":"Tel\u00e9fono para comunicarse con la Sala Medica de Villa Serrana La Gruta - Noticias Radio Reflejos","robots":{"index":"index","follow":"follow","max-snippet":"max-snippet:-1","max-image-preview":"max-image-preview:large","max-video-preview":"max-video-preview:-1"},"canonical":"https:\/\/www.noticiasradioreflejos.com.ar\/2021\/telefono-para-comunicarse-con-la-sala-medica-de-villa-serrana-la-gruta\/","og_locale":"es_ES","og_type":"article","og_title":"Tel\u00e9fono para comunicarse con la Sala Medica de Villa Serrana La Gruta - Noticias Radio Reflejos","og_description":"La Secretaria de Salud Municipal pone en conocimiento de los vecinos el tel\u00e9fono del CAPS (Centro de Atenci\u00f3n Primaria de la Salud) de Villa Serrana La Gruta. Quienes deseen comunicarse, deber\u00e1n hacerlo al 291.534-2598, \u00fanicamente por WhatsApp.","og_url":"https:\/\/www.noticiasradioreflejos.com.ar\/2021\/telefono-para-comunicarse-con-la-sala-medica-de-villa-serrana-la-gruta\/","og_site_name":"Noticias Radio Reflejos","article_published_time":"2022-12-02T19:43:51+00:00","og_image":[{"width":960,"height":480,"url":"https:\/\/www.noticiasradioreflejos.com.ar\/2021\/wp-content\/uploads\/2022\/12\/unidad-sanitaria-la-gruta.jpg","type":"image\/jpeg"}],"author":"Arnaldo Botto","twitter_card":"summary_large_image","schema":{"@context":"https:\/\/schema.org","@graph":[{"@type":"WebPage","@id":"https:\/\/www.noticiasradioreflejos.com.ar\/2021\/telefono-para-comunicarse-con-la-sala-medica-de-villa-serrana-la-gruta\/","url":"https:\/\/www.noticiasradioreflejos.com.ar\/2021\/telefono-para-comunicarse-con-la-sala-medica-de-villa-serrana-la-gruta\/","name":"Tel\u00e9fono para comunicarse con la Sala Medica de Villa Serrana La Gruta - Noticias Radio Reflejos","isPartOf":{"@id":"https:\/\/www.noticiasradioreflejos.com.ar\/2021\/#website"},"primaryImageOfPage":{"@id":"https:\/\/www.noticiasradioreflejos.com.ar\/2021\/telefono-para-comunicarse-con-la-sala-medica-de-villa-serrana-la-gruta\/#primaryimage"},"image":{"@id":"https:\/\/www.noticiasradioreflejos.com.ar\/2021\/telefono-para-comunicarse-con-la-sala-medica-de-villa-serrana-la-gruta\/#primaryimage"},"thumbnailUrl":"https:\/\/www.noticiasradioreflejos.com.ar\/2021\/wp-content\/uploads\/2022\/12\/unidad-sanitaria-la-gruta.jpg","datePublished":"2022-12-02T19:43:51+00:00","author":{"@id":"https:\/\/www.noticiasradioreflejos.com.ar\/2021\/#\/schema\/person\/ad82545263dcc5ec0996818884fd5fb1"},"breadcrumb":{"@id":"https:\/\/www.noticiasradioreflejos.com.ar\/2021\/telefono-para-comunicarse-con-la-sala-medica-de-villa-serrana-la-gruta\/#breadcrumb"},"inLanguage":"es","potentialAction":[{"@type":"ReadAction","target":["https:\/\/www.noticiasradioreflejos.com.ar\/2021\/telefono-para-comunicarse-con-la-sala-medica-de-villa-serrana-la-gruta\/"]}]},{"@type":"ImageObject","inLanguage":"es","@id":"https:\/\/www.noticiasradioreflejos.com.ar\/2021\/telefono-para-comunicarse-con-la-sala-medica-de-villa-serrana-la-gruta\/#primaryimage","url":"https:\/\/www.noticiasradioreflejos.com.ar\/2021\/wp-content\/uploads\/2022\/12\/unidad-sanitaria-la-gruta.jpg","contentUrl":"https:\/\/www.noticiasradioreflejos.com.ar\/2021\/wp-content\/uploads\/2022\/12\/unidad-sanitaria-la-gruta.jpg","width":960,"height":480},{"@type":"BreadcrumbList","@id":"https:\/\/www.noticiasradioreflejos.com.ar\/2021\/telefono-para-comunicarse-con-la-sala-medica-de-villa-serrana-la-gruta\/#breadcrumb","itemListElement":[{"@type":"ListItem","position":1,"name":"Portada","item":"https:\/\/www.noticiasradioreflejos.com.ar\/2021\/"},{"@type":"ListItem","position":2,"name":"Tel\u00e9fono para comunicarse con la Sala Medica de Villa Serrana La Gruta"}]},{"@type":"WebSite","@id":"https:\/\/www.noticiasradioreflejos.com.ar\/2021\/#website","url":"https:\/\/www.noticiasradioreflejos.com.ar\/2021\/","name":"Noticias Radio Reflejos","description":"Las noticias de mi comarca","potentialAction":[{"@type":"SearchAction","target":{"@type":"EntryPoint","urlTemplate":"https:\/\/www.noticiasradioreflejos.com.ar\/2021\/?s={search_term_string}"},"query-input":{"@type":"PropertyValueSpecification","valueRequired":true,"valueName":"search_term_string"}}],"inLanguage":"es"},{"@type":"Person","@id":"https:\/\/www.noticiasradioreflejos.com.ar\/2021\/#\/schema\/person\/ad82545263dcc5ec0996818884fd5fb1","name":"Arnaldo Botto","image":{"@type":"ImageObject","inLanguage":"es","@id":"https:\/\/www.noticiasradioreflejos.com.ar\/2021\/#\/schema\/person\/image\/","url":"https:\/\/secure.gravatar.com\/avatar\/55cb5e37c1efa326397366e6974cb338056df65cb50e7d64d1cf314e87504837?s=96&d=mm&r=g","contentUrl":"https:\/\/secure.gravatar.com\/avatar\/55cb5e37c1efa326397366e6974cb338056df65cb50e7d64d1cf314e87504837?s=96&d=mm&r=g","caption":"Arnaldo Botto"},"url":"https:\/\/www.noticiasradioreflejos.com.ar\/2021\/author\/arnaldo\/"}]}},"_links":{"self":[{"href":"https:\/\/www.noticiasradioreflejos.com.ar\/2021\/wp-json\/wp\/v2\/posts\/80910","targetHints":{"allow":["GET"]}}],"collection":[{"href":"https:\/\/www.noticiasradioreflejos.com.ar\/2021\/wp-json\/wp\/v2\/posts"}],"about":[{"href":"https:\/\/www.noticiasradioreflejos.com.ar\/2021\/wp-json\/wp\/v2\/types\/post"}],"author":[{"embeddable":true,"href":"https:\/\/www.noticiasradioreflejos.com.ar\/2021\/wp-json\/wp\/v2\/users\/3"}],"replies":[{"embeddable":true,"href":"https:\/\/www.noticiasradioreflejos.com.ar\/2021\/wp-json\/wp\/v2\/comments?post=80910"}],"version-history":[{"count":2,"href":"https:\/\/www.noticiasradioreflejos.com.ar\/2021\/wp-json\/wp\/v2\/posts\/80910\/revisions"}],"predecessor-version":[{"id":80913,"href":"https:\/\/www.noticiasradioreflejos.com.ar\/2021\/wp-json\/wp\/v2\/posts\/80910\/revisions\/80913"}],"wp:featuredmedia":[{"embeddable":true,"href":"https:\/\/www.noticiasradioreflejos.com.ar\/2021\/wp-json\/wp\/v2\/media\/80911"}],"wp:attachment":[{"href":"https:\/\/www.noticiasradioreflejos.com.ar\/2021\/wp-json\/wp\/v2\/media?parent=80910"}],"wp:term":[{"taxonomy":"category","embeddable":true,"href":"https:\/\/www.noticiasradioreflejos.com.ar\/2021\/wp-json\/wp\/v2\/categories?post=80910"},{"taxonomy":"post_tag","embeddable":true,"href":"https:\/\/www.noticiasradioreflejos.com.ar\/2021\/wp-json\/wp\/v2\/tags?post=80910"}],"curies":[{"name":"wp","href":"https:\/\/api.w.org\/{rel}","templated":true}]}}